{"id":169838,"date":"2026-04-26T21:06:08","date_gmt":"2026-04-27T03:06:08","guid":{"rendered":"https:\/\/lospoliticosveracruz.com\/?p=169838"},"modified":"2026-04-26T21:06:25","modified_gmt":"2026-04-27T03:06:25","slug":"huachicol-fiscal","status":"publish","type":"post","link":"https:\/\/lospoliticosveracruz.com\/?p=169838","title":{"rendered":"HUACHICOL FISCAL"},"content":{"rendered":"\n<p><\/p>\n\n\n\n<p><strong>Carlos Miguel Acosta Bravo<br><\/strong><em>Impronta<\/em><\/p>\n\n\n\n<p>La detenci\u00f3n y procesamiento de los hermanos Far\u00edas \u2014Manuel Roberto y Fernando\u2014 por su presunta participaci\u00f3n en una red de huachicol fiscal dentro de la Secretar\u00eda de Marina no es un episodio m\u00e1s en la larga lista de casos de corrupci\u00f3n en M\u00e9xico. Es, m\u00e1s bien, una se\u00f1al de alarma que exhibe hasta qu\u00e9 punto las estructuras del Estado pueden ser penetradas por intereses criminales cuando confluyen poder, dinero e impunidad.<br>Lo primero que debe quedar claro es la dimensi\u00f3n del caso, no se trata de irregularidades administrativas ni de actos aislados. Las acusaciones por delincuencia organizada, lavado de dinero y delitos en materia de hidrocarburos dibujan una estructura criminal compleja, con operaciones sostenidas durante a\u00f1os desde puntos estrat\u00e9gicos como puertos y aduanas. El hecho de que uno de los implicados haya sido detenido en Argentina con apoyo de Interpol y que M\u00e9xico busque su extradici\u00f3n confirma que estamos ante un esquema que rebasa fronteras. El monto del da\u00f1o al erario p\u00fablico a decir de la propia procuradora fiscal es revelador: 600 mil millones de pesos.<br>Pero el verdadero problema no est\u00e1 s\u00f3lo en los individuos, sino en lo que el caso sugiere, una posible captura institucional parcial. La investigaci\u00f3n apunta a la participaci\u00f3n de marinos, funcionarios aduanales y empresarios, lo que revela un entramado donde lo p\u00fablico y lo privado se entrelazan para operar un negocio il\u00edcito altamente rentable. Cuando las instituciones encargadas de vigilar y proteger son utilizadas para facilitar delitos, el da\u00f1o no es \u00fanicamente econ\u00f3mico, sino estructural.<br>Y el impacto econ\u00f3mico es, por s\u00ed mismo, devastador. El huachicol fiscal no consiste en perforar ductos, sino en evadir impuestos mediante importaciones ilegales disfrazadas, afectando directamente la recaudaci\u00f3n del Estado. Las p\u00e9rdidas de miles de millones de d\u00f3lares anuales no s\u00f3lo debilitan las finanzas p\u00fablicas, sino que distorsionan la competencia y fortalecen econom\u00edas paralelas. Es, en esencia, un saqueo sofisticado, m\u00e1s cercano a los grandes fraudes sist\u00e9micos que a la delincuencia com\u00fan.<br>En el plano pol\u00edtico, el caso inevitablemente alcanza al pasado reciente. La relaci\u00f3n familiar de los implicados con un alto exfuncionario del gobierno de Andr\u00e9s Manuel L\u00f3pez Obrador coloca el tema en el centro del debate p\u00fablico. Aunque no existan acusaciones directas contra dicho exfuncionario, la cercan\u00eda plantea preguntas inc\u00f3modas sobre los mecanismos de control, supervisi\u00f3n y responsabilidad dentro del aparato estatal. En pol\u00edtica, la percepci\u00f3n pesa tanto como la prueba, y el costo reputacional es inevitable.<br>A\u00fan m\u00e1s delicado es el golpe a la credibilidad de la Marina. Durante a\u00f1os, las Fuerzas Armadas han sido percibidas como uno de los pilares de confianza institucional en M\u00e9xico. Sin embargo, casos como este erosionan esa imagen, sobre todo cuando involucran altos mandos y el control de \u00e1reas estrat\u00e9gicas como aduanas y puertos. La creciente participaci\u00f3n militar en tareas civiles hace que este tipo de esc\u00e1ndalos no s\u00f3lo afecten a una instituci\u00f3n, sino al modelo mismo de seguridad y gobernanza adoptado en los \u00faltimos a\u00f1os.<br>La dimensi\u00f3n internacional a\u00f1ade otra capa de complejidad. La participaci\u00f3n de autoridades extranjeras y la cooperaci\u00f3n con pa\u00edses como Estados Unidos reflejan que el fen\u00f3meno del huachicol fiscal est\u00e1 inserto en redes globales. Esto puede impactar la percepci\u00f3n de riesgo pa\u00eds, influir en decisiones de inversi\u00f3n y tensionar relaciones en materia de seguridad.<br>Frente a este panorama, el futuro del caso ser\u00e1 determinante. Puede convertirse en un parteaguas si deriva en m\u00e1s detenciones, reformas profundas y una verdadera depuraci\u00f3n institucional. O, por el contrario, puede diluirse en el tiempo, confirmando una vez m\u00e1s la persistencia de la impunidad en M\u00e9xico.<br>Porque, en el fondo, el caso Far\u00edas no trata s\u00f3lo de corrupci\u00f3n. Trata de algo m\u00e1s inquietante, la capacidad de las redes criminales para adaptarse, evolucionar y operar desde dentro del propio Estado. Y eso plantea una pregunta inevitable: \u00bfestamos ante una excepci\u00f3n\u2026 o ante la evidencia de un problema mucho m\u00e1s profundo?<br>Comente u opine a:<br>cacostabravo@yahoo.com.mx<br>Maestro en Comunicaci\u00f3n por la Universidad Iberoamericana. Form\u00f3 parte del cuerpo acad\u00e9mico en comunicaci\u00f3n en la Ibero y en la Universidad An\u00e1huac, campus norte CDMX.<\/p>\n","protected":false},"excerpt":{"rendered":"<p>Carlos Miguel Acosta BravoImpronta La detenci\u00f3n y procesamiento de los hermanos Far\u00edas \u2014Manuel Roberto y Fernando\u2014 por su presunta participaci\u00f3n en una red de huachicol fiscal dentro de la Secretar\u00eda de Marina no es un episodio m\u00e1s en la larga lista de casos de corrupci\u00f3n en M\u00e9xico. Es, m\u00e1s bien, una se\u00f1al de alarma que [&hellip;]<\/p>\n","protected":false},"author":2,"featured_media":141377,"comment_status":"closed","ping_status":"closed","sticky":false,"template":"","format":"standard","meta":{"tdm_status":"","tdm_grid_status":"","footnotes":""},"categories":[70],"tags":[49024,62303,62305,62307,62304,62306],"class_list":{"0":"post-169838","1":"post","2":"type-post","3":"status-publish","4":"format-standard","5":"has-post-thumbnail","7":"category-de-opinion","8":"tag-carlos-miguel-acosta-bravo-impronta","9":"tag-corrupcion-aduanas-y-puertos-marina","10":"tag-dano-erario-600-mil-millones-huachicol","11":"tag-extradicion-hermanos-farias-mexico","12":"tag-huachicol-fiscal-hermanos-farias-2026","13":"tag-manuel-roberto-farias-detencion-argentina"},"yoast_head":"<!-- This site is optimized with the Yoast SEO plugin v27.4 - https:\/\/yoast.com\/product\/yoast-seo-wordpress\/ -->\n<title>HUACHICOL FISCAL - Los pol\u00edticos Veracruz<\/title>\n<meta name=\"robots\" content=\"index, follow, max-snippet:-1, max-image-preview:large, max-video-preview:-1\" \/>\n<link rel=\"canonical\" href=\"https:\/\/lospoliticosveracruz.com\/?p=169838\" \/>\n<meta property=\"og:locale\" content=\"es_ES\" \/>\n<meta property=\"og:type\" content=\"article\" \/>\n<meta property=\"og:title\" content=\"HUACHICOL FISCAL - Los pol\u00edticos Veracruz\" \/>\n<meta property=\"og:description\" content=\"Carlos Miguel Acosta BravoImpronta La detenci\u00f3n y procesamiento de los hermanos Far\u00edas \u2014Manuel Roberto y Fernando\u2014 por su presunta participaci\u00f3n en una red de huachicol fiscal dentro de la Secretar\u00eda de Marina no es un episodio m\u00e1s en la larga lista de casos de corrupci\u00f3n en M\u00e9xico. Es, m\u00e1s bien, una se\u00f1al de alarma que [&hellip;]\" \/>\n<meta property=\"og:url\" content=\"https:\/\/lospoliticosveracruz.com\/?p=169838\" \/>\n<meta property=\"og:site_name\" content=\"Los pol\u00edticos Veracruz\" \/>\n<meta property=\"article:publisher\" content=\"https:\/\/www.facebook.com\/people\/Notimemes-de-los-Polticos\/61565672886568\/\" \/>\n<meta property=\"article:published_time\" content=\"2026-04-27T03:06:08+00:00\" \/>\n<meta property=\"article:modified_time\" content=\"2026-04-27T03:06:25+00:00\" \/>\n<meta property=\"og:image\" content=\"https:\/\/lospoliticosveracruz.com\/wp-content\/uploads\/2025\/04\/Carlos-Miguel-Acosta-Bravo.jpg\" \/>\n\t<meta property=\"og:image:width\" content=\"1250\" \/>\n\t<meta property=\"og:image:height\" content=\"667\" \/>\n\t<meta property=\"og:image:type\" content=\"image\/jpeg\" \/>\n<meta name=\"author\" content=\"Lo viste en Los Pol\u00edticos\" \/>\n<meta name=\"twitter:card\" content=\"summary_large_image\" \/>\n<meta name=\"twitter:creator\" content=\"@LosPoliticosVer\" \/>\n<meta name=\"twitter:site\" content=\"@LosPoliticosVer\" \/>\n<meta name=\"twitter:label1\" content=\"Escrito por\" \/>\n\t<meta name=\"twitter:data1\" content=\"Lo viste en Los Pol\u00edticos\" \/>\n\t<meta name=\"twitter:label2\" content=\"Tiempo de lectura\" \/>\n\t<meta name=\"twitter:data2\" content=\"4 minutos\" \/>\n<script type=\"application\/ld+json\" class=\"yoast-schema-graph\">{\"@context\":\"https:\\\/\\\/schema.org\",\"@graph\":[{\"@type\":\"Article\",\"@id\":\"https:\\\/\\\/lospoliticosveracruz.com\\\/?p=169838#article\",\"isPartOf\":{\"@id\":\"https:\\\/\\\/lospoliticosveracruz.com\\\/?p=169838\"},\"author\":{\"name\":\"Lo viste en Los Pol\u00edticos\",\"@id\":\"https:\\\/\\\/lospoliticosveracruz.com\\\/#\\\/schema\\\/person\\\/b8702bb0e538456e6efd07080bf2a4a2\"},\"headline\":\"HUACHICOL FISCAL\",\"datePublished\":\"2026-04-27T03:06:08+00:00\",\"dateModified\":\"2026-04-27T03:06:25+00:00\",\"mainEntityOfPage\":{\"@id\":\"https:\\\/\\\/lospoliticosveracruz.com\\\/?p=169838\"},\"wordCount\":754,\"publisher\":{\"@id\":\"https:\\\/\\\/lospoliticosveracruz.com\\\/#organization\"},\"image\":{\"@id\":\"https:\\\/\\\/lospoliticosveracruz.com\\\/?p=169838#primaryimage\"},\"thumbnailUrl\":\"https:\\\/\\\/lospoliticosveracruz.com\\\/wp-content\\\/uploads\\\/2025\\\/04\\\/Carlos-Miguel-Acosta-Bravo.jpg\",\"keywords\":[\"Carlos Miguel Acosta Bravo Impronta\",\"Corrupci\u00f3n aduanas y puertos Marina\",\"Da\u00f1o erario 600 mil millones huachicol\",\"Extradici\u00f3n hermanos Far\u00edas M\u00e9xico\",\"Huachicol fiscal hermanos Far\u00edas 2026\",\"Manuel Roberto Far\u00edas detenci\u00f3n Argentina\"],\"articleSection\":[\"De Opini\u00f3n\"],\"inLanguage\":\"es\"},{\"@type\":\"WebPage\",\"@id\":\"https:\\\/\\\/lospoliticosveracruz.com\\\/?p=169838\",\"url\":\"https:\\\/\\\/lospoliticosveracruz.com\\\/?p=169838\",\"name\":\"HUACHICOL FISCAL - Los pol\u00edticos Veracruz\",\"isPartOf\":{\"@id\":\"https:\\\/\\\/lospoliticosveracruz.com\\\/#website\"},\"primaryImageOfPage\":{\"@id\":\"https:\\\/\\\/lospoliticosveracruz.com\\\/?p=169838#primaryimage\"},\"image\":{\"@id\":\"https:\\\/\\\/lospoliticosveracruz.com\\\/?p=169838#primaryimage\"},\"thumbnailUrl\":\"https:\\\/\\\/lospoliticosveracruz.com\\\/wp-content\\\/uploads\\\/2025\\\/04\\\/Carlos-Miguel-Acosta-Bravo.jpg\",\"datePublished\":\"2026-04-27T03:06:08+00:00\",\"dateModified\":\"2026-04-27T03:06:25+00:00\",\"breadcrumb\":{\"@id\":\"https:\\\/\\\/lospoliticosveracruz.com\\\/?p=169838#breadcrumb\"},\"inLanguage\":\"es\",\"potentialAction\":[{\"@type\":\"ReadAction\",\"target\":[\"https:\\\/\\\/lospoliticosveracruz.com\\\/?p=169838\"]}]},{\"@type\":\"ImageObject\",\"inLanguage\":\"es\",\"@id\":\"https:\\\/\\\/lospoliticosveracruz.com\\\/?p=169838#primaryimage\",\"url\":\"https:\\\/\\\/lospoliticosveracruz.com\\\/wp-content\\\/uploads\\\/2025\\\/04\\\/Carlos-Miguel-Acosta-Bravo.jpg\",\"contentUrl\":\"https:\\\/\\\/lospoliticosveracruz.com\\\/wp-content\\\/uploads\\\/2025\\\/04\\\/Carlos-Miguel-Acosta-Bravo.jpg\",\"width\":1250,\"height\":667},{\"@type\":\"BreadcrumbList\",\"@id\":\"https:\\\/\\\/lospoliticosveracruz.com\\\/?p=169838#breadcrumb\",\"itemListElement\":[{\"@type\":\"ListItem\",\"position\":1,\"name\":\"Portada\",\"item\":\"https:\\\/\\\/lospoliticosveracruz.com\\\/\"},{\"@type\":\"ListItem\",\"position\":2,\"name\":\"HUACHICOL FISCAL\"}]},{\"@type\":\"WebSite\",\"@id\":\"https:\\\/\\\/lospoliticosveracruz.com\\\/#website\",\"url\":\"https:\\\/\\\/lospoliticosveracruz.com\\\/\",\"name\":\"Los pol\u00edticos Veracruz\",\"description\":\"\",\"publisher\":{\"@id\":\"https:\\\/\\\/lospoliticosveracruz.com\\\/#organization\"},\"potentialAction\":[{\"@type\":\"SearchAction\",\"target\":{\"@type\":\"EntryPoint\",\"urlTemplate\":\"https:\\\/\\\/lospoliticosveracruz.com\\\/?s={search_term_string}\"},\"query-input\":{\"@type\":\"PropertyValueSpecification\",\"valueRequired\":true,\"valueName\":\"search_term_string\"}}],\"inLanguage\":\"es\"},{\"@type\":\"Organization\",\"@id\":\"https:\\\/\\\/lospoliticosveracruz.com\\\/#organization\",\"name\":\"Los pol\u00edticos Veracruz\",\"url\":\"https:\\\/\\\/lospoliticosveracruz.com\\\/\",\"logo\":{\"@type\":\"ImageObject\",\"inLanguage\":\"es\",\"@id\":\"https:\\\/\\\/lospoliticosveracruz.com\\\/#\\\/schema\\\/logo\\\/image\\\/\",\"url\":\"https:\\\/\\\/lospoliticosveracruz.com\\\/wp-content\\\/uploads\\\/2025\\\/12\\\/Logo-Nuevo-LOS-POLITICOS-1.jpg\",\"contentUrl\":\"https:\\\/\\\/lospoliticosveracruz.com\\\/wp-content\\\/uploads\\\/2025\\\/12\\\/Logo-Nuevo-LOS-POLITICOS-1.jpg\",\"width\":260,\"height\":70,\"caption\":\"Los pol\u00edticos Veracruz\"},\"image\":{\"@id\":\"https:\\\/\\\/lospoliticosveracruz.com\\\/#\\\/schema\\\/logo\\\/image\\\/\"},\"sameAs\":[\"https:\\\/\\\/www.facebook.com\\\/people\\\/Notimemes-de-los-Polticos\\\/61565672886568\\\/\",\"https:\\\/\\\/x.com\\\/LosPoliticosVer\"]},{\"@type\":\"Person\",\"@id\":\"https:\\\/\\\/lospoliticosveracruz.com\\\/#\\\/schema\\\/person\\\/b8702bb0e538456e6efd07080bf2a4a2\",\"name\":\"Lo viste en Los Pol\u00edticos\",\"image\":{\"@type\":\"ImageObject\",\"inLanguage\":\"es\",\"@id\":\"https:\\\/\\\/secure.gravatar.com\\\/avatar\\\/3a8de04a2656d44082be478bd6c086daa447c4651605818287b9532d3d0bd435?s=96&d=mm&r=g\",\"url\":\"https:\\\/\\\/secure.gravatar.com\\\/avatar\\\/3a8de04a2656d44082be478bd6c086daa447c4651605818287b9532d3d0bd435?s=96&d=mm&r=g\",\"contentUrl\":\"https:\\\/\\\/secure.gravatar.com\\\/avatar\\\/3a8de04a2656d44082be478bd6c086daa447c4651605818287b9532d3d0bd435?s=96&d=mm&r=g\",\"caption\":\"Lo viste en Los Pol\u00edticos\"},\"url\":\"https:\\\/\\\/lospoliticosveracruz.com\\\/?author=2\"}]}<\/script>\n<!-- \/ Yoast SEO plugin. -->","yoast_head_json":{"title":"HUACHICOL FISCAL - Los pol\u00edticos Veracruz","robots":{"index":"index","follow":"follow","max-snippet":"max-snippet:-1","max-image-preview":"max-image-preview:large","max-video-preview":"max-video-preview:-1"},"canonical":"https:\/\/lospoliticosveracruz.com\/?p=169838","og_locale":"es_ES","og_type":"article","og_title":"HUACHICOL FISCAL - Los pol\u00edticos Veracruz","og_description":"Carlos Miguel Acosta BravoImpronta La detenci\u00f3n y procesamiento de los hermanos Far\u00edas \u2014Manuel Roberto y Fernando\u2014 por su presunta participaci\u00f3n en una red de huachicol fiscal dentro de la Secretar\u00eda de Marina no es un episodio m\u00e1s en la larga lista de casos de corrupci\u00f3n en M\u00e9xico. Es, m\u00e1s bien, una se\u00f1al de alarma que [&hellip;]","og_url":"https:\/\/lospoliticosveracruz.com\/?p=169838","og_site_name":"Los pol\u00edticos Veracruz","article_publisher":"https:\/\/www.facebook.com\/people\/Notimemes-de-los-Polticos\/61565672886568\/","article_published_time":"2026-04-27T03:06:08+00:00","article_modified_time":"2026-04-27T03:06:25+00:00","og_image":[{"width":1250,"height":667,"url":"https:\/\/lospoliticosveracruz.com\/wp-content\/uploads\/2025\/04\/Carlos-Miguel-Acosta-Bravo.jpg","type":"image\/jpeg"}],"author":"Lo viste en Los Pol\u00edticos","twitter_card":"summary_large_image","twitter_creator":"@LosPoliticosVer","twitter_site":"@LosPoliticosVer","twitter_misc":{"Escrito por":"Lo viste en Los Pol\u00edticos","Tiempo de lectura":"4 minutos"},"schema":{"@context":"https:\/\/schema.org","@graph":[{"@type":"Article","@id":"https:\/\/lospoliticosveracruz.com\/?p=169838#article","isPartOf":{"@id":"https:\/\/lospoliticosveracruz.com\/?p=169838"},"author":{"name":"Lo viste en Los Pol\u00edticos","@id":"https:\/\/lospoliticosveracruz.com\/#\/schema\/person\/b8702bb0e538456e6efd07080bf2a4a2"},"headline":"HUACHICOL FISCAL","datePublished":"2026-04-27T03:06:08+00:00","dateModified":"2026-04-27T03:06:25+00:00","mainEntityOfPage":{"@id":"https:\/\/lospoliticosveracruz.com\/?p=169838"},"wordCount":754,"publisher":{"@id":"https:\/\/lospoliticosveracruz.com\/#organization"},"image":{"@id":"https:\/\/lospoliticosveracruz.com\/?p=169838#primaryimage"},"thumbnailUrl":"https:\/\/lospoliticosveracruz.com\/wp-content\/uploads\/2025\/04\/Carlos-Miguel-Acosta-Bravo.jpg","keywords":["Carlos Miguel Acosta Bravo Impronta","Corrupci\u00f3n aduanas y puertos Marina","Da\u00f1o erario 600 mil millones huachicol","Extradici\u00f3n hermanos Far\u00edas M\u00e9xico","Huachicol fiscal hermanos Far\u00edas 2026","Manuel Roberto Far\u00edas detenci\u00f3n Argentina"],"articleSection":["De Opini\u00f3n"],"inLanguage":"es"},{"@type":"WebPage","@id":"https:\/\/lospoliticosveracruz.com\/?p=169838","url":"https:\/\/lospoliticosveracruz.com\/?p=169838","name":"HUACHICOL FISCAL - Los pol\u00edticos Veracruz","isPartOf":{"@id":"https:\/\/lospoliticosveracruz.com\/#website"},"primaryImageOfPage":{"@id":"https:\/\/lospoliticosveracruz.com\/?p=169838#primaryimage"},"image":{"@id":"https:\/\/lospoliticosveracruz.com\/?p=169838#primaryimage"},"thumbnailUrl":"https:\/\/lospoliticosveracruz.com\/wp-content\/uploads\/2025\/04\/Carlos-Miguel-Acosta-Bravo.jpg","datePublished":"2026-04-27T03:06:08+00:00","dateModified":"2026-04-27T03:06:25+00:00","breadcrumb":{"@id":"https:\/\/lospoliticosveracruz.com\/?p=169838#breadcrumb"},"inLanguage":"es","potentialAction":[{"@type":"ReadAction","target":["https:\/\/lospoliticosveracruz.com\/?p=169838"]}]},{"@type":"ImageObject","inLanguage":"es","@id":"https:\/\/lospoliticosveracruz.com\/?p=169838#primaryimage","url":"https:\/\/lospoliticosveracruz.com\/wp-content\/uploads\/2025\/04\/Carlos-Miguel-Acosta-Bravo.jpg","contentUrl":"https:\/\/lospoliticosveracruz.com\/wp-content\/uploads\/2025\/04\/Carlos-Miguel-Acosta-Bravo.jpg","width":1250,"height":667},{"@type":"BreadcrumbList","@id":"https:\/\/lospoliticosveracruz.com\/?p=169838#breadcrumb","itemListElement":[{"@type":"ListItem","position":1,"name":"Portada","item":"https:\/\/lospoliticosveracruz.com\/"},{"@type":"ListItem","position":2,"name":"HUACHICOL FISCAL"}]},{"@type":"WebSite","@id":"https:\/\/lospoliticosveracruz.com\/#website","url":"https:\/\/lospoliticosveracruz.com\/","name":"Los pol\u00edticos Veracruz","description":"","publisher":{"@id":"https:\/\/lospoliticosveracruz.com\/#organization"},"potentialAction":[{"@type":"SearchAction","target":{"@type":"EntryPoint","urlTemplate":"https:\/\/lospoliticosveracruz.com\/?s={search_term_string}"},"query-input":{"@type":"PropertyValueSpecification","valueRequired":true,"valueName":"search_term_string"}}],"inLanguage":"es"},{"@type":"Organization","@id":"https:\/\/lospoliticosveracruz.com\/#organization","name":"Los pol\u00edticos Veracruz","url":"https:\/\/lospoliticosveracruz.com\/","logo":{"@type":"ImageObject","inLanguage":"es","@id":"https:\/\/lospoliticosveracruz.com\/#\/schema\/logo\/image\/","url":"https:\/\/lospoliticosveracruz.com\/wp-content\/uploads\/2025\/12\/Logo-Nuevo-LOS-POLITICOS-1.jpg","contentUrl":"https:\/\/lospoliticosveracruz.com\/wp-content\/uploads\/2025\/12\/Logo-Nuevo-LOS-POLITICOS-1.jpg","width":260,"height":70,"caption":"Los pol\u00edticos Veracruz"},"image":{"@id":"https:\/\/lospoliticosveracruz.com\/#\/schema\/logo\/image\/"},"sameAs":["https:\/\/www.facebook.com\/people\/Notimemes-de-los-Polticos\/61565672886568\/","https:\/\/x.com\/LosPoliticosVer"]},{"@type":"Person","@id":"https:\/\/lospoliticosveracruz.com\/#\/schema\/person\/b8702bb0e538456e6efd07080bf2a4a2","name":"Lo viste en Los Pol\u00edticos","image":{"@type":"ImageObject","inLanguage":"es","@id":"https:\/\/secure.gravatar.com\/avatar\/3a8de04a2656d44082be478bd6c086daa447c4651605818287b9532d3d0bd435?s=96&d=mm&r=g","url":"https:\/\/secure.gravatar.com\/avatar\/3a8de04a2656d44082be478bd6c086daa447c4651605818287b9532d3d0bd435?s=96&d=mm&r=g","contentUrl":"https:\/\/secure.gravatar.com\/avatar\/3a8de04a2656d44082be478bd6c086daa447c4651605818287b9532d3d0bd435?s=96&d=mm&r=g","caption":"Lo viste en Los Pol\u00edticos"},"url":"https:\/\/lospoliticosveracruz.com\/?author=2"}]}},"_links":{"self":[{"href":"https:\/\/lospoliticosveracruz.com\/index.php?rest_route=\/wp\/v2\/posts\/169838","targetHints":{"allow":["GET"]}}],"collection":[{"href":"https:\/\/lospoliticosveracruz.com\/index.php?rest_route=\/wp\/v2\/posts"}],"about":[{"href":"https:\/\/lospoliticosveracruz.com\/index.php?rest_route=\/wp\/v2\/types\/post"}],"author":[{"embeddable":true,"href":"https:\/\/lospoliticosveracruz.com\/index.php?rest_route=\/wp\/v2\/users\/2"}],"replies":[{"embeddable":true,"href":"https:\/\/lospoliticosveracruz.com\/index.php?rest_route=%2Fwp%2Fv2%2Fcomments&post=169838"}],"version-history":[{"count":1,"href":"https:\/\/lospoliticosveracruz.com\/index.php?rest_route=\/wp\/v2\/posts\/169838\/revisions"}],"predecessor-version":[{"id":169839,"href":"https:\/\/lospoliticosveracruz.com\/index.php?rest_route=\/wp\/v2\/posts\/169838\/revisions\/169839"}],"wp:featuredmedia":[{"embeddable":true,"href":"https:\/\/lospoliticosveracruz.com\/index.php?rest_route=\/wp\/v2\/media\/141377"}],"wp:attachment":[{"href":"https:\/\/lospoliticosveracruz.com\/index.php?rest_route=%2Fwp%2Fv2%2Fmedia&parent=169838"}],"wp:term":[{"taxonomy":"category","embeddable":true,"href":"https:\/\/lospoliticosveracruz.com\/index.php?rest_route=%2Fwp%2Fv2%2Fcategories&post=169838"},{"taxonomy":"post_tag","embeddable":true,"href":"https:\/\/lospoliticosveracruz.com\/index.php?rest_route=%2Fwp%2Fv2%2Ftags&post=169838"}],"curies":[{"name":"wp","href":"https:\/\/api.w.org\/{rel}","templated":true}]}}