{"id":169840,"date":"2026-04-26T21:10:23","date_gmt":"2026-04-27T03:10:23","guid":{"rendered":"https:\/\/lospoliticosveracruz.com\/?p=169840"},"modified":"2026-04-26T21:10:25","modified_gmt":"2026-04-27T03:10:25","slug":"pachangon-infantil","status":"publish","type":"post","link":"https:\/\/lospoliticosveracruz.com\/?p=169840","title":{"rendered":"PACHANG\u00d3N INFANTIL!"},"content":{"rendered":"<div class=\"wp-block-image\">\n<figure class=\"alignleft size-large is-resized\"><a href=\"https:\/\/lospoliticosveracruz.com\/wp-content\/uploads\/2026\/04\/LOSPOLITICOS_336X280PX_-01-e1776274861670.jpg\"><img loading=\"lazy\" decoding=\"async\" width=\"1024\" height=\"854\" src=\"https:\/\/lospoliticosveracruz.com\/wp-content\/uploads\/2026\/04\/LOSPOLITICOS_336X280PX_-01-1024x854.jpg\" alt=\"\" class=\"wp-image-168800\" style=\"aspect-ratio:1.1990751813760663;width:390px;height:auto\"\/><\/a><\/figure>\n<\/div>\n\n\n<p>En un ambiente de fiesta y convivencia familiar, en el Paseo de Los Lagos, el Ayuntamiento de Xalapa celebr\u00f3 este domingo a la ni\u00f1ez con un emotivo festival en el marco del D\u00eda de la Ni\u00f1a y del Ni\u00f1o, que se conmemora el pr\u00f3ximo 30 de abril, reafirmando que la infancia es una prioridad en la agenda p\u00fablica y el coraz\u00f3n de la vida comunitaria.<\/p>\n\n\n\n<p>El evento, encabezado por la Alcaldesa, Lic. Daniela Griego Ceballos, quien estuvo acompa\u00f1ada del S\u00edndico \u00danico, Dr. Marco Aurelio Mart\u00ednez S\u00e1nchez; el Secretario del Ayuntamiento, Mtro. V\u00edctor Hugo Meza Cruz; el Regidor Segundo Lic. Axel Fern\u00e1ndez Cambambia; la Regidora Tercera, Mtra. Susan Liliana Morales Segura; el Regidor Cuarto, Lic. Alfonso Osegueda Cruz; as\u00ed como del Director General del Consejo Municipal para la Asistencia Social (CONMAS), Lic. Leonardo Ruiz Moreno, coordinador del evento, y Titulares de las distintas \u00e1reas municipales, reuni\u00f3 a familias de distintas colonias, para disfrutar de una jornada pensada especialmente en las infancias, donde abund\u00f3 la alegr\u00eda, el juego y la participaci\u00f3n en equipo.<\/p>\n\n\n\n<p>En su mensaje, ante la Presidenta de la Comisi\u00f3n Estatal de Derechos Humanos (CEDH), Mtra. Minerva Regina P\u00e9rez L\u00f3pez, y el Juez de Distrito Penal y Amparo en Materia Penal del S\u00e9ptimo Circuito del Poder Judicial Federal, Mtro. Alejandro Rodr\u00edguez Mej\u00eda, como invitados especiales, la Presidenta Municipal reiter\u00f3 que en Xalapa la atenci\u00f3n a las ni\u00f1as y los ni\u00f1os es prioridad.<\/p>\n\n\n\n<p>Record\u00f3 que el Ayuntamiento cuenta con \u00e1reas especializadas como el Sistema de Protecci\u00f3n Integral a las Ni\u00f1as, Ni\u00f1os y Adolescentes (SIPINNA) y el Sistema DIF Municipal, donde se brinda atenci\u00f3n, asesor\u00eda jur\u00eddica, acompa\u00f1amiento psicol\u00f3gico y apoyo a quienes enfrentan situaciones de violencia o vulnerabilidad.<\/p>\n\n\n\n<p>Destac\u00f3 que estos espacios est\u00e1n abiertos para canalizar oportunamente situaciones que afecten a la ni\u00f1ez, fortaleciendo una red institucional de protecci\u00f3n.<\/p>\n\n\n\n<p>Adem\u00e1s, festivales de esta caracter\u00edstica, dijo, son parte de una amplia estrategia que incluye actividades permanentes. En este contexto, anunci\u00f3 tambi\u00e9n la pr\u00f3xima rehabilitaci\u00f3n del \u00e1rea de Los Lagos, uno de los espacios p\u00fablicos m\u00e1s emblem\u00e1ticos de la capital, con el objetivo de mejorar las condiciones para impulsar actividades de recreo familiar y, adem\u00e1s, realizar pr\u00f3ximamente la Feria de las Flores.<\/p>\n\n\n\n<p>\u201cPara el gobierno municipal, ustedes son prioridad, tienen una aliada. Queremos que crezcan felices, seguros, con oportunidades y con la certeza de que no est\u00e1n solos\u201d, afirm\u00f3 la Presidenta Municipal.<\/p>\n\n\n\n<p>En su intervenci\u00f3n, el Director del CONMAS destac\u00f3 que la infancia no solo representa una etapa de la vida, sino el cimiento sobre el cual se construye una sociedad m\u00e1s justa, humana y solidaria.<\/p>\n\n\n\n<p>Enfatiz\u00f3 que cada sonrisa, cada sue\u00f1o y cada juego reflejan la posibilidad de un mejor futuro para la capital veracruzana.<\/p>\n\n\n\n<p>Asimismo, reconoci\u00f3 la visi\u00f3n de la actual administraci\u00f3n municipal por colocar a las ni\u00f1as y los ni\u00f1os en el centro de las pol\u00edticas p\u00fablicas, generando acciones que fortalecen su bienestar y el respeto pleno a sus derechos.<\/p>\n\n\n\n<p>Coment\u00f3 que celebrar esta fecha va m\u00e1s all\u00e1 de generar momentos de alegr\u00eda, ya que refrenda el compromiso institucional de garantizar espacios seguros, educaci\u00f3n de calidad y oportunidades para que todas y todos crezcan en condiciones dignas.<\/p>\n\n\n\n<p>Uno de los momentos m\u00e1s significativos del evento fue la participaci\u00f3n directa de ni\u00f1as y ni\u00f1os, quienes, con sensibilidad y claridad, compartieron mensajes que reflejan sus inquietudes, aspiraciones y la forma en que viven su entorno.<\/p>\n\n\n\n<p>Marijose Cruz Ochoa, a trav\u00e9s de Lengua de Se\u00f1as Mexicana, sostuvo que las ni\u00f1as y los ni\u00f1os son el coraz\u00f3n de Xalapa, destacando la importancia de contar con espacios seguros y accesibles como parques, bibliotecas y museos.<\/p>\n\n\n\n<p>Exhort\u00f3 a expresar emociones y a no guardar silencio cuando algo cause inseguridad o malestar, recordando que la voz de las infancias es valiosa y debe ser escuchada.<\/p>\n\n\n\n<p>Por su parte, Horacio Garc\u00eda Mac\u00edn dirigi\u00f3 un mensaje profundo sobre la importancia de la empat\u00eda y el respeto, al abordar el tema del bullying.<\/p>\n\n\n\n<p>Explic\u00f3 que este tipo de conductas pueden generar tristeza, miedo y soledad, por lo que llam\u00f3 a construir entornos donde prevalezca la amistad, la inclusi\u00f3n y el buen trato. Invit\u00f3 a sus compa\u00f1eras y compa\u00f1eros a alzar la voz, a apoyar a quienes lo necesiten y a acercarse a personas de confianza.<\/p>\n\n\n\n<p>El festival se desarroll\u00f3 con amplia variedad de actividades organizadas por todas las \u00e1reas de atenci\u00f3n a la infancia del Ayuntamiento, que sumaron esfuerzos para brindar un gran momento lleno de alegr\u00eda.<\/p>\n\n\n\n<p>Las y los ni\u00f1os participaron en juegos, din\u00e1micas, concursos, m\u00f3dulos interactivos y actividades recreativas dise\u00f1adas para fomentar la creatividad y el aprendizaje.<\/p>\n\n\n\n<p>Adem\u00e1s, se entregaron regalos y se realizaron concursos que mantuvieron el entusiasmo de chicos y grandes.<\/p>\n\n\n\n<p>El fest\u00edn amenizado por los Cumbiosos y un grupo de payasitos, cerr\u00f3 con una carrera de botargas y la rifa de bicicletas, que entreg\u00f3 la Alcaldesa, mostrando que su gobierno construir\u00e1 una ciudad donde la ni\u00f1ez crezca protegida, escuchada y con oportunidades, reconociendo que invertir en la infancia es apostar por un mejor presente y un futuro m\u00e1s justo para todas y todos.<\/p>\n","protected":false},"excerpt":{"rendered":"<p>En un ambiente de fiesta y convivencia familiar, en el Paseo de Los Lagos, el Ayuntamiento de Xalapa celebr\u00f3 este domingo a la ni\u00f1ez con un emotivo festival en el marco del D\u00eda de la Ni\u00f1a y del Ni\u00f1o, que se conmemora el pr\u00f3ximo 30 de abril, reafirmando que la infancia es una prioridad en [&hellip;]<\/p>\n","protected":false},"author":2,"featured_media":169841,"comment_status":"closed","ping_status":"closed","sticky":false,"template":"","format":"standard","meta":{"tdm_status":"","tdm_grid_status":"","footnotes":""},"categories":[52572],"tags":[62310,62313,62311,62308,62309,62312],"class_list":{"0":"post-169840","1":"post","2":"type-post","3":"status-publish","4":"format-standard","5":"has-post-thumbnail","7":"category-desdelaatenas","8":"tag-daniela-griego-ceballos-paseo-los-lagos","9":"tag-eventos-infantiles-xalapa-abril-2026","10":"tag-feria-de-las-flores-xalapa-anuncio","11":"tag-festival-dia-del-nino-xalapa-2026","12":"tag-rehabilitacion-los-lagos-xalapa-hoy","13":"tag-sipinna-xalapa-proteccion-infantil"},"yoast_head":"<!-- This site is optimized with the Yoast SEO plugin v27.4 - https:\/\/yoast.com\/product\/yoast-seo-wordpress\/ -->\n<title>PACHANG\u00d3N INFANTIL! - Los pol\u00edticos Veracruz<\/title>\n<meta name=\"robots\" content=\"index, follow, max-snippet:-1, max-image-preview:large, max-video-preview:-1\" \/>\n<link rel=\"canonical\" href=\"https:\/\/lospoliticosveracruz.com\/?p=169840\" \/>\n<meta property=\"og:locale\" content=\"es_ES\" \/>\n<meta property=\"og:type\" content=\"article\" \/>\n<meta property=\"og:title\" content=\"PACHANG\u00d3N INFANTIL! - Los pol\u00edticos Veracruz\" \/>\n<meta property=\"og:description\" content=\"En un ambiente de fiesta y convivencia familiar, en el Paseo de Los Lagos, el Ayuntamiento de Xalapa celebr\u00f3 este domingo a la ni\u00f1ez con un emotivo festival en el marco del D\u00eda de la Ni\u00f1a y del Ni\u00f1o, que se conmemora el pr\u00f3ximo 30 de abril, reafirmando que la infancia es una prioridad en [&hellip;]\" \/>\n<meta property=\"og:url\" content=\"https:\/\/lospoliticosveracruz.com\/?p=169840\" \/>\n<meta property=\"og:site_name\" content=\"Los pol\u00edticos Veracruz\" \/>\n<meta property=\"article:publisher\" content=\"https:\/\/www.facebook.com\/people\/Notimemes-de-los-Polticos\/61565672886568\/\" \/>\n<meta property=\"article:published_time\" content=\"2026-04-27T03:10:23+00:00\" \/>\n<meta property=\"article:modified_time\" content=\"2026-04-27T03:10:25+00:00\" \/>\n<meta property=\"og:image\" content=\"https:\/\/lospoliticosveracruz.com\/wp-content\/uploads\/2026\/04\/Dani.jpg\" \/>\n\t<meta property=\"og:image:width\" content=\"600\" \/>\n\t<meta property=\"og:image:height\" content=\"320\" \/>\n\t<meta property=\"og:image:type\" content=\"image\/jpeg\" \/>\n<meta name=\"author\" content=\"Lo viste en Los Pol\u00edticos\" \/>\n<meta name=\"twitter:card\" content=\"summary_large_image\" \/>\n<meta name=\"twitter:creator\" content=\"@LosPoliticosVer\" \/>\n<meta name=\"twitter:site\" content=\"@LosPoliticosVer\" \/>\n<meta name=\"twitter:label1\" content=\"Escrito por\" \/>\n\t<meta name=\"twitter:data1\" content=\"Lo viste en Los Pol\u00edticos\" \/>\n\t<meta name=\"twitter:label2\" content=\"Tiempo de lectura\" \/>\n\t<meta name=\"twitter:data2\" content=\"5 minutos\" \/>\n<script type=\"application\/ld+json\" class=\"yoast-schema-graph\">{\"@context\":\"https:\\\/\\\/schema.org\",\"@graph\":[{\"@type\":\"Article\",\"@id\":\"https:\\\/\\\/lospoliticosveracruz.com\\\/?p=169840#article\",\"isPartOf\":{\"@id\":\"https:\\\/\\\/lospoliticosveracruz.com\\\/?p=169840\"},\"author\":{\"name\":\"Lo viste en Los Pol\u00edticos\",\"@id\":\"https:\\\/\\\/lospoliticosveracruz.com\\\/#\\\/schema\\\/person\\\/b8702bb0e538456e6efd07080bf2a4a2\"},\"headline\":\"PACHANG\u00d3N INFANTIL!\",\"datePublished\":\"2026-04-27T03:10:23+00:00\",\"dateModified\":\"2026-04-27T03:10:25+00:00\",\"mainEntityOfPage\":{\"@id\":\"https:\\\/\\\/lospoliticosveracruz.com\\\/?p=169840\"},\"wordCount\":912,\"publisher\":{\"@id\":\"https:\\\/\\\/lospoliticosveracruz.com\\\/#organization\"},\"image\":{\"@id\":\"https:\\\/\\\/lospoliticosveracruz.com\\\/?p=169840#primaryimage\"},\"thumbnailUrl\":\"https:\\\/\\\/lospoliticosveracruz.com\\\/wp-content\\\/uploads\\\/2026\\\/04\\\/Dani.jpg\",\"keywords\":[\"Daniela Griego Ceballos Paseo Los Lagos\",\"Eventos infantiles Xalapa abril 2026\",\"Feria de las Flores Xalapa anuncio\",\"Festival D\u00eda del Ni\u00f1o Xalapa 2026\",\"Rehabilitaci\u00f3n Los Lagos Xalapa hoy\",\"SIPINNA Xalapa protecci\u00f3n infantil\"],\"articleSection\":[\"Desde La Atenas\"],\"inLanguage\":\"es\"},{\"@type\":\"WebPage\",\"@id\":\"https:\\\/\\\/lospoliticosveracruz.com\\\/?p=169840\",\"url\":\"https:\\\/\\\/lospoliticosveracruz.com\\\/?p=169840\",\"name\":\"PACHANG\u00d3N INFANTIL! - Los pol\u00edticos Veracruz\",\"isPartOf\":{\"@id\":\"https:\\\/\\\/lospoliticosveracruz.com\\\/#website\"},\"primaryImageOfPage\":{\"@id\":\"https:\\\/\\\/lospoliticosveracruz.com\\\/?p=169840#primaryimage\"},\"image\":{\"@id\":\"https:\\\/\\\/lospoliticosveracruz.com\\\/?p=169840#primaryimage\"},\"thumbnailUrl\":\"https:\\\/\\\/lospoliticosveracruz.com\\\/wp-content\\\/uploads\\\/2026\\\/04\\\/Dani.jpg\",\"datePublished\":\"2026-04-27T03:10:23+00:00\",\"dateModified\":\"2026-04-27T03:10:25+00:00\",\"breadcrumb\":{\"@id\":\"https:\\\/\\\/lospoliticosveracruz.com\\\/?p=169840#breadcrumb\"},\"inLanguage\":\"es\",\"potentialAction\":[{\"@type\":\"ReadAction\",\"target\":[\"https:\\\/\\\/lospoliticosveracruz.com\\\/?p=169840\"]}]},{\"@type\":\"ImageObject\",\"inLanguage\":\"es\",\"@id\":\"https:\\\/\\\/lospoliticosveracruz.com\\\/?p=169840#primaryimage\",\"url\":\"https:\\\/\\\/lospoliticosveracruz.com\\\/wp-content\\\/uploads\\\/2026\\\/04\\\/Dani.jpg\",\"contentUrl\":\"https:\\\/\\\/lospoliticosveracruz.com\\\/wp-content\\\/uploads\\\/2026\\\/04\\\/Dani.jpg\",\"width\":600,\"height\":320},{\"@type\":\"BreadcrumbList\",\"@id\":\"https:\\\/\\\/lospoliticosveracruz.com\\\/?p=169840#breadcrumb\",\"itemListElement\":[{\"@type\":\"ListItem\",\"position\":1,\"name\":\"Portada\",\"item\":\"https:\\\/\\\/lospoliticosveracruz.com\\\/\"},{\"@type\":\"ListItem\",\"position\":2,\"name\":\"PACHANG\u00d3N INFANTIL!\"}]},{\"@type\":\"WebSite\",\"@id\":\"https:\\\/\\\/lospoliticosveracruz.com\\\/#website\",\"url\":\"https:\\\/\\\/lospoliticosveracruz.com\\\/\",\"name\":\"Los pol\u00edticos Veracruz\",\"description\":\"\",\"publisher\":{\"@id\":\"https:\\\/\\\/lospoliticosveracruz.com\\\/#organization\"},\"potentialAction\":[{\"@type\":\"SearchAction\",\"target\":{\"@type\":\"EntryPoint\",\"urlTemplate\":\"https:\\\/\\\/lospoliticosveracruz.com\\\/?s={search_term_string}\"},\"query-input\":{\"@type\":\"PropertyValueSpecification\",\"valueRequired\":true,\"valueName\":\"search_term_string\"}}],\"inLanguage\":\"es\"},{\"@type\":\"Organization\",\"@id\":\"https:\\\/\\\/lospoliticosveracruz.com\\\/#organization\",\"name\":\"Los pol\u00edticos Veracruz\",\"url\":\"https:\\\/\\\/lospoliticosveracruz.com\\\/\",\"logo\":{\"@type\":\"ImageObject\",\"inLanguage\":\"es\",\"@id\":\"https:\\\/\\\/lospoliticosveracruz.com\\\/#\\\/schema\\\/logo\\\/image\\\/\",\"url\":\"https:\\\/\\\/lospoliticosveracruz.com\\\/wp-content\\\/uploads\\\/2025\\\/12\\\/Logo-Nuevo-LOS-POLITICOS-1.jpg\",\"contentUrl\":\"https:\\\/\\\/lospoliticosveracruz.com\\\/wp-content\\\/uploads\\\/2025\\\/12\\\/Logo-Nuevo-LOS-POLITICOS-1.jpg\",\"width\":260,\"height\":70,\"caption\":\"Los pol\u00edticos Veracruz\"},\"image\":{\"@id\":\"https:\\\/\\\/lospoliticosveracruz.com\\\/#\\\/schema\\\/logo\\\/image\\\/\"},\"sameAs\":[\"https:\\\/\\\/www.facebook.com\\\/people\\\/Notimemes-de-los-Polticos\\\/61565672886568\\\/\",\"https:\\\/\\\/x.com\\\/LosPoliticosVer\"]},{\"@type\":\"Person\",\"@id\":\"https:\\\/\\\/lospoliticosveracruz.com\\\/#\\\/schema\\\/person\\\/b8702bb0e538456e6efd07080bf2a4a2\",\"name\":\"Lo viste en Los Pol\u00edticos\",\"image\":{\"@type\":\"ImageObject\",\"inLanguage\":\"es\",\"@id\":\"https:\\\/\\\/secure.gravatar.com\\\/avatar\\\/3a8de04a2656d44082be478bd6c086daa447c4651605818287b9532d3d0bd435?s=96&d=mm&r=g\",\"url\":\"https:\\\/\\\/secure.gravatar.com\\\/avatar\\\/3a8de04a2656d44082be478bd6c086daa447c4651605818287b9532d3d0bd435?s=96&d=mm&r=g\",\"contentUrl\":\"https:\\\/\\\/secure.gravatar.com\\\/avatar\\\/3a8de04a2656d44082be478bd6c086daa447c4651605818287b9532d3d0bd435?s=96&d=mm&r=g\",\"caption\":\"Lo viste en Los Pol\u00edticos\"},\"url\":\"https:\\\/\\\/lospoliticosveracruz.com\\\/?author=2\"}]}<\/script>\n<!-- \/ Yoast SEO plugin. -->","yoast_head_json":{"title":"PACHANG\u00d3N INFANTIL! - Los pol\u00edticos Veracruz","robots":{"index":"index","follow":"follow","max-snippet":"max-snippet:-1","max-image-preview":"max-image-preview:large","max-video-preview":"max-video-preview:-1"},"canonical":"https:\/\/lospoliticosveracruz.com\/?p=169840","og_locale":"es_ES","og_type":"article","og_title":"PACHANG\u00d3N INFANTIL! - Los pol\u00edticos Veracruz","og_description":"En un ambiente de fiesta y convivencia familiar, en el Paseo de Los Lagos, el Ayuntamiento de Xalapa celebr\u00f3 este domingo a la ni\u00f1ez con un emotivo festival en el marco del D\u00eda de la Ni\u00f1a y del Ni\u00f1o, que se conmemora el pr\u00f3ximo 30 de abril, reafirmando que la infancia es una prioridad en [&hellip;]","og_url":"https:\/\/lospoliticosveracruz.com\/?p=169840","og_site_name":"Los pol\u00edticos Veracruz","article_publisher":"https:\/\/www.facebook.com\/people\/Notimemes-de-los-Polticos\/61565672886568\/","article_published_time":"2026-04-27T03:10:23+00:00","article_modified_time":"2026-04-27T03:10:25+00:00","og_image":[{"width":600,"height":320,"url":"https:\/\/lospoliticosveracruz.com\/wp-content\/uploads\/2026\/04\/Dani.jpg","type":"image\/jpeg"}],"author":"Lo viste en Los Pol\u00edticos","twitter_card":"summary_large_image","twitter_creator":"@LosPoliticosVer","twitter_site":"@LosPoliticosVer","twitter_misc":{"Escrito por":"Lo viste en Los Pol\u00edticos","Tiempo de lectura":"5 minutos"},"schema":{"@context":"https:\/\/schema.org","@graph":[{"@type":"Article","@id":"https:\/\/lospoliticosveracruz.com\/?p=169840#article","isPartOf":{"@id":"https:\/\/lospoliticosveracruz.com\/?p=169840"},"author":{"name":"Lo viste en Los Pol\u00edticos","@id":"https:\/\/lospoliticosveracruz.com\/#\/schema\/person\/b8702bb0e538456e6efd07080bf2a4a2"},"headline":"PACHANG\u00d3N INFANTIL!","datePublished":"2026-04-27T03:10:23+00:00","dateModified":"2026-04-27T03:10:25+00:00","mainEntityOfPage":{"@id":"https:\/\/lospoliticosveracruz.com\/?p=169840"},"wordCount":912,"publisher":{"@id":"https:\/\/lospoliticosveracruz.com\/#organization"},"image":{"@id":"https:\/\/lospoliticosveracruz.com\/?p=169840#primaryimage"},"thumbnailUrl":"https:\/\/lospoliticosveracruz.com\/wp-content\/uploads\/2026\/04\/Dani.jpg","keywords":["Daniela Griego Ceballos Paseo Los Lagos","Eventos infantiles Xalapa abril 2026","Feria de las Flores Xalapa anuncio","Festival D\u00eda del Ni\u00f1o Xalapa 2026","Rehabilitaci\u00f3n Los Lagos Xalapa hoy","SIPINNA Xalapa protecci\u00f3n infantil"],"articleSection":["Desde La Atenas"],"inLanguage":"es"},{"@type":"WebPage","@id":"https:\/\/lospoliticosveracruz.com\/?p=169840","url":"https:\/\/lospoliticosveracruz.com\/?p=169840","name":"PACHANG\u00d3N INFANTIL! - Los pol\u00edticos Veracruz","isPartOf":{"@id":"https:\/\/lospoliticosveracruz.com\/#website"},"primaryImageOfPage":{"@id":"https:\/\/lospoliticosveracruz.com\/?p=169840#primaryimage"},"image":{"@id":"https:\/\/lospoliticosveracruz.com\/?p=169840#primaryimage"},"thumbnailUrl":"https:\/\/lospoliticosveracruz.com\/wp-content\/uploads\/2026\/04\/Dani.jpg","datePublished":"2026-04-27T03:10:23+00:00","dateModified":"2026-04-27T03:10:25+00:00","breadcrumb":{"@id":"https:\/\/lospoliticosveracruz.com\/?p=169840#breadcrumb"},"inLanguage":"es","potentialAction":[{"@type":"ReadAction","target":["https:\/\/lospoliticosveracruz.com\/?p=169840"]}]},{"@type":"ImageObject","inLanguage":"es","@id":"https:\/\/lospoliticosveracruz.com\/?p=169840#primaryimage","url":"https:\/\/lospoliticosveracruz.com\/wp-content\/uploads\/2026\/04\/Dani.jpg","contentUrl":"https:\/\/lospoliticosveracruz.com\/wp-content\/uploads\/2026\/04\/Dani.jpg","width":600,"height":320},{"@type":"BreadcrumbList","@id":"https:\/\/lospoliticosveracruz.com\/?p=169840#breadcrumb","itemListElement":[{"@type":"ListItem","position":1,"name":"Portada","item":"https:\/\/lospoliticosveracruz.com\/"},{"@type":"ListItem","position":2,"name":"PACHANG\u00d3N INFANTIL!"}]},{"@type":"WebSite","@id":"https:\/\/lospoliticosveracruz.com\/#website","url":"https:\/\/lospoliticosveracruz.com\/","name":"Los pol\u00edticos Veracruz","description":"","publisher":{"@id":"https:\/\/lospoliticosveracruz.com\/#organization"},"potentialAction":[{"@type":"SearchAction","target":{"@type":"EntryPoint","urlTemplate":"https:\/\/lospoliticosveracruz.com\/?s={search_term_string}"},"query-input":{"@type":"PropertyValueSpecification","valueRequired":true,"valueName":"search_term_string"}}],"inLanguage":"es"},{"@type":"Organization","@id":"https:\/\/lospoliticosveracruz.com\/#organization","name":"Los pol\u00edticos Veracruz","url":"https:\/\/lospoliticosveracruz.com\/","logo":{"@type":"ImageObject","inLanguage":"es","@id":"https:\/\/lospoliticosveracruz.com\/#\/schema\/logo\/image\/","url":"https:\/\/lospoliticosveracruz.com\/wp-content\/uploads\/2025\/12\/Logo-Nuevo-LOS-POLITICOS-1.jpg","contentUrl":"https:\/\/lospoliticosveracruz.com\/wp-content\/uploads\/2025\/12\/Logo-Nuevo-LOS-POLITICOS-1.jpg","width":260,"height":70,"caption":"Los pol\u00edticos Veracruz"},"image":{"@id":"https:\/\/lospoliticosveracruz.com\/#\/schema\/logo\/image\/"},"sameAs":["https:\/\/www.facebook.com\/people\/Notimemes-de-los-Polticos\/61565672886568\/","https:\/\/x.com\/LosPoliticosVer"]},{"@type":"Person","@id":"https:\/\/lospoliticosveracruz.com\/#\/schema\/person\/b8702bb0e538456e6efd07080bf2a4a2","name":"Lo viste en Los Pol\u00edticos","image":{"@type":"ImageObject","inLanguage":"es","@id":"https:\/\/secure.gravatar.com\/avatar\/3a8de04a2656d44082be478bd6c086daa447c4651605818287b9532d3d0bd435?s=96&d=mm&r=g","url":"https:\/\/secure.gravatar.com\/avatar\/3a8de04a2656d44082be478bd6c086daa447c4651605818287b9532d3d0bd435?s=96&d=mm&r=g","contentUrl":"https:\/\/secure.gravatar.com\/avatar\/3a8de04a2656d44082be478bd6c086daa447c4651605818287b9532d3d0bd435?s=96&d=mm&r=g","caption":"Lo viste en Los Pol\u00edticos"},"url":"https:\/\/lospoliticosveracruz.com\/?author=2"}]}},"_links":{"self":[{"href":"https:\/\/lospoliticosveracruz.com\/index.php?rest_route=\/wp\/v2\/posts\/169840","targetHints":{"allow":["GET"]}}],"collection":[{"href":"https:\/\/lospoliticosveracruz.com\/index.php?rest_route=\/wp\/v2\/posts"}],"about":[{"href":"https:\/\/lospoliticosveracruz.com\/index.php?rest_route=\/wp\/v2\/types\/post"}],"author":[{"embeddable":true,"href":"https:\/\/lospoliticosveracruz.com\/index.php?rest_route=\/wp\/v2\/users\/2"}],"replies":[{"embeddable":true,"href":"https:\/\/lospoliticosveracruz.com\/index.php?rest_route=%2Fwp%2Fv2%2Fcomments&post=169840"}],"version-history":[{"count":1,"href":"https:\/\/lospoliticosveracruz.com\/index.php?rest_route=\/wp\/v2\/posts\/169840\/revisions"}],"predecessor-version":[{"id":169842,"href":"https:\/\/lospoliticosveracruz.com\/index.php?rest_route=\/wp\/v2\/posts\/169840\/revisions\/169842"}],"wp:featuredmedia":[{"embeddable":true,"href":"https:\/\/lospoliticosveracruz.com\/index.php?rest_route=\/wp\/v2\/media\/169841"}],"wp:attachment":[{"href":"https:\/\/lospoliticosveracruz.com\/index.php?rest_route=%2Fwp%2Fv2%2Fmedia&parent=169840"}],"wp:term":[{"taxonomy":"category","embeddable":true,"href":"https:\/\/lospoliticosveracruz.com\/index.php?rest_route=%2Fwp%2Fv2%2Fcategories&post=169840"},{"taxonomy":"post_tag","embeddable":true,"href":"https:\/\/lospoliticosveracruz.com\/index.php?rest_route=%2Fwp%2Fv2%2Ftags&post=169840"}],"curies":[{"name":"wp","href":"https:\/\/api.w.org\/{rel}","templated":true}]}}