{"id":169843,"date":"2026-04-26T21:39:59","date_gmt":"2026-04-27T03:39:59","guid":{"rendered":"https:\/\/lospoliticosveracruz.com\/?p=169843"},"modified":"2026-04-26T21:40:00","modified_gmt":"2026-04-27T03:40:00","slug":"del-rio-virgen-el-gatopardismo-politico","status":"publish","type":"post","link":"https:\/\/lospoliticosveracruz.com\/?p=169843","title":{"rendered":"DEL R\u00cdO VIRGEN, EL GATOPARDISMO POL\u00cdTICO"},"content":{"rendered":"\n<p><\/p>\n\n\n\n<p><strong>Miguel Valera<br><\/strong><em>Contrase\u00f1as<\/em><\/p>\n\n\n\n<p>Tal y como lo describi\u00f3 el gran escritor siciliano Giuseppe Tomasi, en su novela El Gatopardo, de donde devino la popularizaci\u00f3n del t\u00e9rmino \u201cgatopardismo\u201d, para referir esa pr\u00e1ctica que promueve el cambio para que todo siga igual, el doctor Jos\u00e9 Manuel del R\u00edo Virgen ha sabido moverse, camuflajearse, entre el grupo morenista de Ricardo Monreal \u00c1vila y el de su jefe y amigo Dante Delgado Rannauro, para seguir lanzando dardos contra Veracruz.<\/p>\n\n\n\n<p>Es normal. Est\u00e1 dolido. Estuvo 117 d\u00edas en la c\u00e1rcel, en el penal de Pacho Viejo y fue liberado luego de que lo acusaron de haber participado en el asesinado del candidato de Movimiento Ciudadano a la alcald\u00eda de Cazones de Herrera, Remigio Ren\u00e9 Tovar Tovar. Protegido e impulsado por el actual presidente de la Junta de Coordinaci\u00f3n Pol\u00edtica y Coordinador del Grupo Parlamentario de Morena, Del R\u00edo Virgen fue impulsado para ser titular de la Direcci\u00f3n de Control Interno y Evaluaci\u00f3n T\u00e9cnica de la Auditor\u00eda Superior de la Federaci\u00f3n (ASF).<\/p>\n\n\n\n<p>Su designaci\u00f3n no caus\u00f3 sorpresa. No hay que olvidar que, siendo Senador, el mismo Ricardo Monreal \u00c1vila lo tuvo como secretario t\u00e9cnico del Senado de la Rep\u00fablica. Por eso cuando lleg\u00f3 a San L\u00e1zaro \u00fanicamente se confirm\u00f3 el estrecho v\u00ednculo entre el morenista y el emecista, algo que no sucede con subordinaci\u00f3n oficial de por medio en otra parte del pa\u00eds.<\/p>\n\n\n\n<p>Por ello tampoco extra\u00f1a que el principal operador de los ataques a Veracruz se llame Jos\u00e9 Manuel del R\u00edo Virgen, quien tuvo el descaro de buscar la candidatura al Gobierno del Estado por el partido naranja.<\/p>\n\n\n\n<p>As\u00ed, mientras ataca a Veracruz, el funcionario se embolsa cada mes 114 mil pesos del erario, sin dejar de defender los colores de Movimiento Ciudadano, antes Convergencia, donde empez\u00f3 como miembro activo en 1989, abusando de la confianza de Dante Delgado Rannauro y explotando a la militancia para jugar, como lo hace hoy, tambi\u00e9n del lado de Morena.<\/p>\n\n\n\n<p>Junto a las acusaciones que lo llevaron a ser detenido el 22 de diciembre de 2021 y la pol\u00e9mica que todo eso gener\u00f3, en la regi\u00f3n de Papantla se escuchan fuertes versiones de un presunto v\u00ednculo del hombre nacido en C\u00f3rdoba en 1954, con grupos delincuenciales.<\/p>\n\n\n\n<p>En otros municipios, el hilo llega al mismo personaje, lo que ha quedado de manifiesto en las candidaturas de municipios como Nanchital, donde el empresario Elvis Ventura Ju\u00e1rez tuvo que bajarse luego de ser evidenciado en un video con presuntas ligas con el hampa.<\/p>\n\n\n\n<p>Otros casos similares son los de Tihuatl\u00e1n, Poza Rica, Tuxpan y J\u00e1ltipan, donde es evidente la reacci\u00f3n de la delincuencia a las detenciones de generadores de violencia que realiza el Estado.<\/p>\n\n\n\n<p>El licenciado egresado de la Escuela Superior de Econom\u00eda del Instituto Polit\u00e9cnico Nacional, Maestro en Ciencias Administrativas y Doctor en Ciencias de la Administraci\u00f3n y de la Educaci\u00f3n, tendr\u00e1 que aclarar si est\u00e1 operando desde el privilegiado cargo que posee en la Auditor\u00eda Superior de la Federaci\u00f3n (ASF) a favor de grupos pol\u00edticos, cooptando y presionando en diversas dependencias o ayuntamientos.<\/p>\n\n\n\n<p>De esa manera, el c\u00edrculo se cierra entre informaci\u00f3n de primer nivel, criminales y poder p\u00fablico, sin contar que se mueve entre MC y Morena a la vez.<\/p>\n\n\n\n<p>Uno se preguntar\u00eda c\u00f3mo es que Dante Delgado Rannauro o el propio Jorge \u00c1lvarez Maynez han permitido que esta situaci\u00f3n los rebase. Por un lado, a Dante lo ha aquejado de manera grave una enfermedad, mientras que Maynez seguramente ha decidido abrirse totalmente de figuras como la de Jos\u00e9 Manuel del R\u00edo.<\/p>\n\n\n\n<p>Y mientras Ricardo Monreal sigue cobijando a Jos\u00e9 Manuel del R\u00edo, a la gobernadora Roc\u00edo Nahle Garc\u00eda le ha tocado hacer frente a los ataques de MC. A la ejecutiva estatal no le tiembla la mano, ya conocemos su temple y su car\u00e1cter para no dejarse intimidar y defender a Veracruz, pero sobre todo responder con trabajo diario y resultados tangibles.<\/p>\n\n\n\n<p>Ah\u00ed est\u00e1n las detenciones de numerosas y extensas c\u00e9lulas delictivas en muchas partes de Veracruz, lo cual coincide con la respuesta, la venganza inmediata del hampa, que s\u00f3lo busca da\u00f1ar a los veracruzanos.<\/p>\n\n\n\n<p>La pregunta es, con todos esos antecedentes, \u00bfen manos de qui\u00e9n est\u00e1 los entes fiscalizadores y la responsabilidad legislativa en M\u00e9xico?<\/p>\n\n\n\n<p>@MValeraH<\/p>\n","protected":false},"excerpt":{"rendered":"<p>Miguel ValeraContrase\u00f1as Tal y como lo describi\u00f3 el gran escritor siciliano Giuseppe Tomasi, en su novela El Gatopardo, de donde devino la popularizaci\u00f3n del t\u00e9rmino \u201cgatopardismo\u201d, para referir esa pr\u00e1ctica que promueve el cambio para que todo siga igual, el doctor Jos\u00e9 Manuel del R\u00edo Virgen ha sabido moverse, camuflajearse, entre el grupo morenista de [&hellip;]<\/p>\n","protected":false},"author":2,"featured_media":141429,"comment_status":"closed","ping_status":"closed","sticky":false,"template":"","format":"standard","meta":{"tdm_status":"","tdm_grid_status":"","footnotes":""},"categories":[70],"tags":[62318,62317,62315,50225,62316,62314],"class_list":{"0":"post-169843","1":"post","2":"type-post","3":"status-publish","4":"format-standard","5":"has-post-thumbnail","7":"category-de-opinion","8":"tag-auditoria-superior-de-la-federacion-control-interno","9":"tag-gatopardismo-politico-veracruz-movimiento-ciudadano","10":"tag-jose-manuel-del-rio-virgen-asf-2026","11":"tag-miguel-valera-contrasenas-columna-politica","12":"tag-ricardo-monreal-y-del-rio-virgen-alianza","13":"tag-rocio-nahle-vs-movimiento-ciudadano-veracruz"},"yoast_head":"<!-- This site is optimized with the Yoast SEO plugin v27.4 - https:\/\/yoast.com\/product\/yoast-seo-wordpress\/ -->\n<title>DEL R\u00cdO VIRGEN, EL GATOPARDISMO POL\u00cdTICO - Los pol\u00edticos Veracruz<\/title>\n<meta name=\"robots\" content=\"index, follow, max-snippet:-1, max-image-preview:large, max-video-preview:-1\" \/>\n<link rel=\"canonical\" href=\"https:\/\/lospoliticosveracruz.com\/?p=169843\" \/>\n<meta property=\"og:locale\" content=\"es_ES\" \/>\n<meta property=\"og:type\" content=\"article\" \/>\n<meta property=\"og:title\" content=\"DEL R\u00cdO VIRGEN, EL GATOPARDISMO POL\u00cdTICO - Los pol\u00edticos Veracruz\" \/>\n<meta property=\"og:description\" content=\"Miguel ValeraContrase\u00f1as Tal y como lo describi\u00f3 el gran escritor siciliano Giuseppe Tomasi, en su novela El Gatopardo, de donde devino la popularizaci\u00f3n del t\u00e9rmino \u201cgatopardismo\u201d, para referir esa pr\u00e1ctica que promueve el cambio para que todo siga igual, el doctor Jos\u00e9 Manuel del R\u00edo Virgen ha sabido moverse, camuflajearse, entre el grupo morenista de [&hellip;]\" \/>\n<meta property=\"og:url\" content=\"https:\/\/lospoliticosveracruz.com\/?p=169843\" \/>\n<meta property=\"og:site_name\" content=\"Los pol\u00edticos Veracruz\" \/>\n<meta property=\"article:publisher\" content=\"https:\/\/www.facebook.com\/people\/Notimemes-de-los-Polticos\/61565672886568\/\" \/>\n<meta property=\"article:published_time\" content=\"2026-04-27T03:39:59+00:00\" \/>\n<meta property=\"article:modified_time\" content=\"2026-04-27T03:40:00+00:00\" \/>\n<meta property=\"og:image\" content=\"https:\/\/lospoliticosveracruz.com\/wp-content\/uploads\/2025\/04\/Miguel-Valera.jpg\" \/>\n\t<meta property=\"og:image:width\" content=\"1250\" \/>\n\t<meta property=\"og:image:height\" content=\"667\" \/>\n\t<meta property=\"og:image:type\" content=\"image\/jpeg\" \/>\n<meta name=\"author\" content=\"Lo viste en Los Pol\u00edticos\" \/>\n<meta name=\"twitter:card\" content=\"summary_large_image\" \/>\n<meta name=\"twitter:creator\" content=\"@LosPoliticosVer\" \/>\n<meta name=\"twitter:site\" content=\"@LosPoliticosVer\" \/>\n<meta name=\"twitter:label1\" content=\"Escrito por\" \/>\n\t<meta name=\"twitter:data1\" content=\"Lo viste en Los Pol\u00edticos\" \/>\n\t<meta name=\"twitter:label2\" content=\"Tiempo de lectura\" \/>\n\t<meta name=\"twitter:data2\" content=\"4 minutos\" \/>\n<script type=\"application\/ld+json\" class=\"yoast-schema-graph\">{\"@context\":\"https:\\\/\\\/schema.org\",\"@graph\":[{\"@type\":\"Article\",\"@id\":\"https:\\\/\\\/lospoliticosveracruz.com\\\/?p=169843#article\",\"isPartOf\":{\"@id\":\"https:\\\/\\\/lospoliticosveracruz.com\\\/?p=169843\"},\"author\":{\"name\":\"Lo viste en Los Pol\u00edticos\",\"@id\":\"https:\\\/\\\/lospoliticosveracruz.com\\\/#\\\/schema\\\/person\\\/b8702bb0e538456e6efd07080bf2a4a2\"},\"headline\":\"DEL R\u00cdO VIRGEN, EL GATOPARDISMO POL\u00cdTICO\",\"datePublished\":\"2026-04-27T03:39:59+00:00\",\"dateModified\":\"2026-04-27T03:40:00+00:00\",\"mainEntityOfPage\":{\"@id\":\"https:\\\/\\\/lospoliticosveracruz.com\\\/?p=169843\"},\"wordCount\":759,\"publisher\":{\"@id\":\"https:\\\/\\\/lospoliticosveracruz.com\\\/#organization\"},\"image\":{\"@id\":\"https:\\\/\\\/lospoliticosveracruz.com\\\/?p=169843#primaryimage\"},\"thumbnailUrl\":\"https:\\\/\\\/lospoliticosveracruz.com\\\/wp-content\\\/uploads\\\/2025\\\/04\\\/Miguel-Valera.jpg\",\"keywords\":[\"Auditor\u00eda Superior de la Federaci\u00f3n control interno\",\"Gatopardismo pol\u00edtico Veracruz Movimiento Ciudadano\",\"Jos\u00e9 Manuel del R\u00edo Virgen ASF 2026\",\"Miguel Valera Contrase\u00f1as columna pol\u00edtica\",\"Ricardo Monreal y Del R\u00edo Virgen alianza\",\"Roc\u00edo Nahle vs Movimiento Ciudadano Veracruz\"],\"articleSection\":[\"De Opini\u00f3n\"],\"inLanguage\":\"es\"},{\"@type\":\"WebPage\",\"@id\":\"https:\\\/\\\/lospoliticosveracruz.com\\\/?p=169843\",\"url\":\"https:\\\/\\\/lospoliticosveracruz.com\\\/?p=169843\",\"name\":\"DEL R\u00cdO VIRGEN, EL GATOPARDISMO POL\u00cdTICO - Los pol\u00edticos Veracruz\",\"isPartOf\":{\"@id\":\"https:\\\/\\\/lospoliticosveracruz.com\\\/#website\"},\"primaryImageOfPage\":{\"@id\":\"https:\\\/\\\/lospoliticosveracruz.com\\\/?p=169843#primaryimage\"},\"image\":{\"@id\":\"https:\\\/\\\/lospoliticosveracruz.com\\\/?p=169843#primaryimage\"},\"thumbnailUrl\":\"https:\\\/\\\/lospoliticosveracruz.com\\\/wp-content\\\/uploads\\\/2025\\\/04\\\/Miguel-Valera.jpg\",\"datePublished\":\"2026-04-27T03:39:59+00:00\",\"dateModified\":\"2026-04-27T03:40:00+00:00\",\"breadcrumb\":{\"@id\":\"https:\\\/\\\/lospoliticosveracruz.com\\\/?p=169843#breadcrumb\"},\"inLanguage\":\"es\",\"potentialAction\":[{\"@type\":\"ReadAction\",\"target\":[\"https:\\\/\\\/lospoliticosveracruz.com\\\/?p=169843\"]}]},{\"@type\":\"ImageObject\",\"inLanguage\":\"es\",\"@id\":\"https:\\\/\\\/lospoliticosveracruz.com\\\/?p=169843#primaryimage\",\"url\":\"https:\\\/\\\/lospoliticosveracruz.com\\\/wp-content\\\/uploads\\\/2025\\\/04\\\/Miguel-Valera.jpg\",\"contentUrl\":\"https:\\\/\\\/lospoliticosveracruz.com\\\/wp-content\\\/uploads\\\/2025\\\/04\\\/Miguel-Valera.jpg\",\"width\":1250,\"height\":667},{\"@type\":\"BreadcrumbList\",\"@id\":\"https:\\\/\\\/lospoliticosveracruz.com\\\/?p=169843#breadcrumb\",\"itemListElement\":[{\"@type\":\"ListItem\",\"position\":1,\"name\":\"Portada\",\"item\":\"https:\\\/\\\/lospoliticosveracruz.com\\\/\"},{\"@type\":\"ListItem\",\"position\":2,\"name\":\"DEL R\u00cdO VIRGEN, EL GATOPARDISMO POL\u00cdTICO\"}]},{\"@type\":\"WebSite\",\"@id\":\"https:\\\/\\\/lospoliticosveracruz.com\\\/#website\",\"url\":\"https:\\\/\\\/lospoliticosveracruz.com\\\/\",\"name\":\"Los pol\u00edticos Veracruz\",\"description\":\"\",\"publisher\":{\"@id\":\"https:\\\/\\\/lospoliticosveracruz.com\\\/#organization\"},\"potentialAction\":[{\"@type\":\"SearchAction\",\"target\":{\"@type\":\"EntryPoint\",\"urlTemplate\":\"https:\\\/\\\/lospoliticosveracruz.com\\\/?s={search_term_string}\"},\"query-input\":{\"@type\":\"PropertyValueSpecification\",\"valueRequired\":true,\"valueName\":\"search_term_string\"}}],\"inLanguage\":\"es\"},{\"@type\":\"Organization\",\"@id\":\"https:\\\/\\\/lospoliticosveracruz.com\\\/#organization\",\"name\":\"Los pol\u00edticos Veracruz\",\"url\":\"https:\\\/\\\/lospoliticosveracruz.com\\\/\",\"logo\":{\"@type\":\"ImageObject\",\"inLanguage\":\"es\",\"@id\":\"https:\\\/\\\/lospoliticosveracruz.com\\\/#\\\/schema\\\/logo\\\/image\\\/\",\"url\":\"https:\\\/\\\/lospoliticosveracruz.com\\\/wp-content\\\/uploads\\\/2025\\\/12\\\/Logo-Nuevo-LOS-POLITICOS-1.jpg\",\"contentUrl\":\"https:\\\/\\\/lospoliticosveracruz.com\\\/wp-content\\\/uploads\\\/2025\\\/12\\\/Logo-Nuevo-LOS-POLITICOS-1.jpg\",\"width\":260,\"height\":70,\"caption\":\"Los pol\u00edticos Veracruz\"},\"image\":{\"@id\":\"https:\\\/\\\/lospoliticosveracruz.com\\\/#\\\/schema\\\/logo\\\/image\\\/\"},\"sameAs\":[\"https:\\\/\\\/www.facebook.com\\\/people\\\/Notimemes-de-los-Polticos\\\/61565672886568\\\/\",\"https:\\\/\\\/x.com\\\/LosPoliticosVer\"]},{\"@type\":\"Person\",\"@id\":\"https:\\\/\\\/lospoliticosveracruz.com\\\/#\\\/schema\\\/person\\\/b8702bb0e538456e6efd07080bf2a4a2\",\"name\":\"Lo viste en Los Pol\u00edticos\",\"image\":{\"@type\":\"ImageObject\",\"inLanguage\":\"es\",\"@id\":\"https:\\\/\\\/secure.gravatar.com\\\/avatar\\\/3a8de04a2656d44082be478bd6c086daa447c4651605818287b9532d3d0bd435?s=96&d=mm&r=g\",\"url\":\"https:\\\/\\\/secure.gravatar.com\\\/avatar\\\/3a8de04a2656d44082be478bd6c086daa447c4651605818287b9532d3d0bd435?s=96&d=mm&r=g\",\"contentUrl\":\"https:\\\/\\\/secure.gravatar.com\\\/avatar\\\/3a8de04a2656d44082be478bd6c086daa447c4651605818287b9532d3d0bd435?s=96&d=mm&r=g\",\"caption\":\"Lo viste en Los Pol\u00edticos\"},\"url\":\"https:\\\/\\\/lospoliticosveracruz.com\\\/?author=2\"}]}<\/script>\n<!-- \/ Yoast SEO plugin. -->","yoast_head_json":{"title":"DEL R\u00cdO VIRGEN, EL GATOPARDISMO POL\u00cdTICO - Los pol\u00edticos Veracruz","robots":{"index":"index","follow":"follow","max-snippet":"max-snippet:-1","max-image-preview":"max-image-preview:large","max-video-preview":"max-video-preview:-1"},"canonical":"https:\/\/lospoliticosveracruz.com\/?p=169843","og_locale":"es_ES","og_type":"article","og_title":"DEL R\u00cdO VIRGEN, EL GATOPARDISMO POL\u00cdTICO - Los pol\u00edticos Veracruz","og_description":"Miguel ValeraContrase\u00f1as Tal y como lo describi\u00f3 el gran escritor siciliano Giuseppe Tomasi, en su novela El Gatopardo, de donde devino la popularizaci\u00f3n del t\u00e9rmino \u201cgatopardismo\u201d, para referir esa pr\u00e1ctica que promueve el cambio para que todo siga igual, el doctor Jos\u00e9 Manuel del R\u00edo Virgen ha sabido moverse, camuflajearse, entre el grupo morenista de [&hellip;]","og_url":"https:\/\/lospoliticosveracruz.com\/?p=169843","og_site_name":"Los pol\u00edticos Veracruz","article_publisher":"https:\/\/www.facebook.com\/people\/Notimemes-de-los-Polticos\/61565672886568\/","article_published_time":"2026-04-27T03:39:59+00:00","article_modified_time":"2026-04-27T03:40:00+00:00","og_image":[{"width":1250,"height":667,"url":"https:\/\/lospoliticosveracruz.com\/wp-content\/uploads\/2025\/04\/Miguel-Valera.jpg","type":"image\/jpeg"}],"author":"Lo viste en Los Pol\u00edticos","twitter_card":"summary_large_image","twitter_creator":"@LosPoliticosVer","twitter_site":"@LosPoliticosVer","twitter_misc":{"Escrito por":"Lo viste en Los Pol\u00edticos","Tiempo de lectura":"4 minutos"},"schema":{"@context":"https:\/\/schema.org","@graph":[{"@type":"Article","@id":"https:\/\/lospoliticosveracruz.com\/?p=169843#article","isPartOf":{"@id":"https:\/\/lospoliticosveracruz.com\/?p=169843"},"author":{"name":"Lo viste en Los Pol\u00edticos","@id":"https:\/\/lospoliticosveracruz.com\/#\/schema\/person\/b8702bb0e538456e6efd07080bf2a4a2"},"headline":"DEL R\u00cdO VIRGEN, EL GATOPARDISMO POL\u00cdTICO","datePublished":"2026-04-27T03:39:59+00:00","dateModified":"2026-04-27T03:40:00+00:00","mainEntityOfPage":{"@id":"https:\/\/lospoliticosveracruz.com\/?p=169843"},"wordCount":759,"publisher":{"@id":"https:\/\/lospoliticosveracruz.com\/#organization"},"image":{"@id":"https:\/\/lospoliticosveracruz.com\/?p=169843#primaryimage"},"thumbnailUrl":"https:\/\/lospoliticosveracruz.com\/wp-content\/uploads\/2025\/04\/Miguel-Valera.jpg","keywords":["Auditor\u00eda Superior de la Federaci\u00f3n control interno","Gatopardismo pol\u00edtico Veracruz Movimiento Ciudadano","Jos\u00e9 Manuel del R\u00edo Virgen ASF 2026","Miguel Valera Contrase\u00f1as columna pol\u00edtica","Ricardo Monreal y Del R\u00edo Virgen alianza","Roc\u00edo Nahle vs Movimiento Ciudadano Veracruz"],"articleSection":["De Opini\u00f3n"],"inLanguage":"es"},{"@type":"WebPage","@id":"https:\/\/lospoliticosveracruz.com\/?p=169843","url":"https:\/\/lospoliticosveracruz.com\/?p=169843","name":"DEL R\u00cdO VIRGEN, EL GATOPARDISMO POL\u00cdTICO - Los pol\u00edticos Veracruz","isPartOf":{"@id":"https:\/\/lospoliticosveracruz.com\/#website"},"primaryImageOfPage":{"@id":"https:\/\/lospoliticosveracruz.com\/?p=169843#primaryimage"},"image":{"@id":"https:\/\/lospoliticosveracruz.com\/?p=169843#primaryimage"},"thumbnailUrl":"https:\/\/lospoliticosveracruz.com\/wp-content\/uploads\/2025\/04\/Miguel-Valera.jpg","datePublished":"2026-04-27T03:39:59+00:00","dateModified":"2026-04-27T03:40:00+00:00","breadcrumb":{"@id":"https:\/\/lospoliticosveracruz.com\/?p=169843#breadcrumb"},"inLanguage":"es","potentialAction":[{"@type":"ReadAction","target":["https:\/\/lospoliticosveracruz.com\/?p=169843"]}]},{"@type":"ImageObject","inLanguage":"es","@id":"https:\/\/lospoliticosveracruz.com\/?p=169843#primaryimage","url":"https:\/\/lospoliticosveracruz.com\/wp-content\/uploads\/2025\/04\/Miguel-Valera.jpg","contentUrl":"https:\/\/lospoliticosveracruz.com\/wp-content\/uploads\/2025\/04\/Miguel-Valera.jpg","width":1250,"height":667},{"@type":"BreadcrumbList","@id":"https:\/\/lospoliticosveracruz.com\/?p=169843#breadcrumb","itemListElement":[{"@type":"ListItem","position":1,"name":"Portada","item":"https:\/\/lospoliticosveracruz.com\/"},{"@type":"ListItem","position":2,"name":"DEL R\u00cdO VIRGEN, EL GATOPARDISMO POL\u00cdTICO"}]},{"@type":"WebSite","@id":"https:\/\/lospoliticosveracruz.com\/#website","url":"https:\/\/lospoliticosveracruz.com\/","name":"Los pol\u00edticos Veracruz","description":"","publisher":{"@id":"https:\/\/lospoliticosveracruz.com\/#organization"},"potentialAction":[{"@type":"SearchAction","target":{"@type":"EntryPoint","urlTemplate":"https:\/\/lospoliticosveracruz.com\/?s={search_term_string}"},"query-input":{"@type":"PropertyValueSpecification","valueRequired":true,"valueName":"search_term_string"}}],"inLanguage":"es"},{"@type":"Organization","@id":"https:\/\/lospoliticosveracruz.com\/#organization","name":"Los pol\u00edticos Veracruz","url":"https:\/\/lospoliticosveracruz.com\/","logo":{"@type":"ImageObject","inLanguage":"es","@id":"https:\/\/lospoliticosveracruz.com\/#\/schema\/logo\/image\/","url":"https:\/\/lospoliticosveracruz.com\/wp-content\/uploads\/2025\/12\/Logo-Nuevo-LOS-POLITICOS-1.jpg","contentUrl":"https:\/\/lospoliticosveracruz.com\/wp-content\/uploads\/2025\/12\/Logo-Nuevo-LOS-POLITICOS-1.jpg","width":260,"height":70,"caption":"Los pol\u00edticos Veracruz"},"image":{"@id":"https:\/\/lospoliticosveracruz.com\/#\/schema\/logo\/image\/"},"sameAs":["https:\/\/www.facebook.com\/people\/Notimemes-de-los-Polticos\/61565672886568\/","https:\/\/x.com\/LosPoliticosVer"]},{"@type":"Person","@id":"https:\/\/lospoliticosveracruz.com\/#\/schema\/person\/b8702bb0e538456e6efd07080bf2a4a2","name":"Lo viste en Los Pol\u00edticos","image":{"@type":"ImageObject","inLanguage":"es","@id":"https:\/\/secure.gravatar.com\/avatar\/3a8de04a2656d44082be478bd6c086daa447c4651605818287b9532d3d0bd435?s=96&d=mm&r=g","url":"https:\/\/secure.gravatar.com\/avatar\/3a8de04a2656d44082be478bd6c086daa447c4651605818287b9532d3d0bd435?s=96&d=mm&r=g","contentUrl":"https:\/\/secure.gravatar.com\/avatar\/3a8de04a2656d44082be478bd6c086daa447c4651605818287b9532d3d0bd435?s=96&d=mm&r=g","caption":"Lo viste en Los Pol\u00edticos"},"url":"https:\/\/lospoliticosveracruz.com\/?author=2"}]}},"_links":{"self":[{"href":"https:\/\/lospoliticosveracruz.com\/index.php?rest_route=\/wp\/v2\/posts\/169843","targetHints":{"allow":["GET"]}}],"collection":[{"href":"https:\/\/lospoliticosveracruz.com\/index.php?rest_route=\/wp\/v2\/posts"}],"about":[{"href":"https:\/\/lospoliticosveracruz.com\/index.php?rest_route=\/wp\/v2\/types\/post"}],"author":[{"embeddable":true,"href":"https:\/\/lospoliticosveracruz.com\/index.php?rest_route=\/wp\/v2\/users\/2"}],"replies":[{"embeddable":true,"href":"https:\/\/lospoliticosveracruz.com\/index.php?rest_route=%2Fwp%2Fv2%2Fcomments&post=169843"}],"version-history":[{"count":1,"href":"https:\/\/lospoliticosveracruz.com\/index.php?rest_route=\/wp\/v2\/posts\/169843\/revisions"}],"predecessor-version":[{"id":169844,"href":"https:\/\/lospoliticosveracruz.com\/index.php?rest_route=\/wp\/v2\/posts\/169843\/revisions\/169844"}],"wp:featuredmedia":[{"embeddable":true,"href":"https:\/\/lospoliticosveracruz.com\/index.php?rest_route=\/wp\/v2\/media\/141429"}],"wp:attachment":[{"href":"https:\/\/lospoliticosveracruz.com\/index.php?rest_route=%2Fwp%2Fv2%2Fmedia&parent=169843"}],"wp:term":[{"taxonomy":"category","embeddable":true,"href":"https:\/\/lospoliticosveracruz.com\/index.php?rest_route=%2Fwp%2Fv2%2Fcategories&post=169843"},{"taxonomy":"post_tag","embeddable":true,"href":"https:\/\/lospoliticosveracruz.com\/index.php?rest_route=%2Fwp%2Fv2%2Ftags&post=169843"}],"curies":[{"name":"wp","href":"https:\/\/api.w.org\/{rel}","templated":true}]}}