{"id":169845,"date":"2026-04-27T05:40:57","date_gmt":"2026-04-27T11:40:57","guid":{"rendered":"https:\/\/lospoliticosveracruz.com\/?p=169845"},"modified":"2026-04-27T05:40:58","modified_gmt":"2026-04-27T11:40:58","slug":"el-poder-de-harfuch-y-morena","status":"publish","type":"post","link":"https:\/\/lospoliticosveracruz.com\/?p=169845","title":{"rendered":"EL PODER DE HARFUCH Y MORENA"},"content":{"rendered":"\n<p><strong>Ricardo Chua<\/strong><br><em>Sale y Vale<\/em><\/p>\n\n\n\n<p>Desde hace meses, en este espacio, hemos mencionado que era evidente de que el \u00abDelf\u00edn\u00bb de la Presidenta Claudia Shienbaum Pardo.. Rumbo a la elecci\u00f3n Presidencial del 2030, era, sin lugar a dudas, su secretario de Seguridad P\u00fablica y Ciudadana Federal, Omar Garc\u00eda Harfuch.. El personaje que viene dando los \u00abgolpes\u00bb directos a los \u00abvarones\u00bb del crimen organizado.. Y est\u00e1 una lucha contra todo lo que \u00abhuela\u00bb delincuencia.. Pero ahora en lo pol\u00edtico, los cambios en el gabinete federal de la semana pasada.. Han beneficiado su figura y afianzado su carrera a la Presidencia.. Y eso ha quedado demostrado..<\/p>\n\n\n\n<p>Muy pocos recuerdan.. Que hasta hace una semana, Esthela Dami\u00e1n Peralta, que era Consejera Jur\u00eddica de la Presidencia de la Rep\u00fablica, cuya oficina es contigua a la de la Presidenta Shienbaum en Palacio Nacional.. Era la segunda de \u00ababordo\u00bb en la Secretar\u00eda de Seguridad P\u00fablica con Garc\u00eda Harfuch, es decir, era la subsecretaria de SSP federal.. Y fue la persona que sustituy\u00f3 a Ernestina Godoy en la Consejer\u00eda Jur\u00eddica, tambi\u00e9n del c\u00edrculo cercano a Harfuch, cuando se fue a la Fiscal\u00eda General de la Rep\u00fablica (FGR).. Es decir, el control de la justicia y seguridad es de los aliados de Shienbaum.. Todos cercanos a Omar..<\/p>\n\n\n\n<p>De esa manera, era evidente que los v\u00ednculos pol\u00edticos y de equipo de trabajo, entre Harfuch-Godoy y Dami\u00e1n eran muy fuertes e inquebrantables.. Ahora tambi\u00e9n queda claro que Esthela Dami\u00e1n, s\u00f3lo estuvo unos meses en la Consejer\u00eda Jur\u00eddica de la Presidencia de la Rep\u00fablica.. Ya que pr\u00e1cticamente se va a Guerrero a ser la candidata de MORENA a la gubernatura de ese Estado en la elecci\u00f3n local del 2027.. Una pieza de Harfuch en un estado muy representativo por ese partido.. Ya que para nadie es secreto, que un pol\u00edtico no deja la Consejer\u00eda Jur\u00eddica Presidencial, al menos, que no sea por una gubernatura.. Al buen entendedor..<\/p>\n\n\n\n<p>As\u00ed que la llegada de Esthela Dami\u00e1n como aspirante a gobernador de Guerrero.. Manda dos mensajes claros, que la Presidenta Shienbaum se ha quedado con el control del partido MORENA, al mandar a Ariadna Montiel a la Presidencia de ese organismo.. Y el otro es que con la llegada de su ex consejera Jur\u00eddica como la virtual candidata a gobernador.. Hace a un lado a un grupo del \u00abobradorismo\u00bb que manipulaba esa entidad, como era la familia Salgado.. Y su grupo tomar\u00eda el control de ese Estado..Como seguramente pasar\u00e1 con otras entidades m\u00e1s.. VIVA LA REINA..<\/p>\n\n\n\n<p>En el tema del futuro pol\u00edtico de Harfuch.. La llegada de Esthela Dami\u00e1n a Guerrero para \u00e9l ser\u00eda un \u00abgolpe\u00bb pol\u00edtico afortunado porque se fortalecer\u00eda en una entidad, donde no ten\u00eda ese control.. Y para sus aspiraciones presidenciales, lo importante era dar un \u00abgolpe en la mesa\u00bb y con el arribo de Ariadna Montiel, pues, agarra fuerza a\u00fan m\u00e1s el titular de la SSP federal.. Ya que hay que recordar, que \u00e9l junto con Montiel, eran los dos personajes m\u00e1s cercanos a la Presidenta, de su equipo, no sus aliados del obradorato, sino que ambos son gente de todas las confianzas de ella.. Y eso los hace estar en una primera l\u00ednea..<\/p>\n\n\n\n<p>En pocas palabras, Harfuch va caminando paso a paso al 2030.. Primero va dando resultados poco a poco en el cargo que tiene.. Trae el aval de la Casa Blanca en Estados Unidos.. La Presidenta le tiene absoluta confianza.. Cada d\u00eda se fortalece en el gabinete.. Va dialogando con la oposici\u00f3n.. Se le ve \u00abcentrado\u00bb en su trabajo.. Sus allegados est\u00e1n llegando a cargos pol\u00edticos-partidistas que le conviene para un posicionamiento real dentro de MORENA y si algunos de ellos, logran alcanzar gubernaturas, pues, el poder pol\u00edtico crece a\u00fan m\u00e1s.. Ah\u00ed va avanzando el \u00abDelf\u00edn\u00bb.. LO QUE SE VE.. NO SE JUZGA.. AMEN..<\/p>\n\n\n\n<p>LA CABALGATA EN EL PUERTO DE VERACRUZ..<\/p>\n\n\n\n<p>Ayer domingo, las calles del puerto de Veracruz fueron testigo por primera vez.. De una magna cabalgata que recorri\u00f3 sus avenidas principales, marcando el cierre del Primer Congreso Nacional del Caballo en Veracruz 2026.. Este evento no fue solo un espect\u00e1culo visual, sino tambi\u00e9n fue un homenaje a los 507 a\u00f1os de la llegada del caballo a M\u00e9xico.. Uno de los mejores eventos que ha organizado una asociaci\u00f3n y el gobierno estatal, durante este a\u00f1o, que promocion\u00f3 y catapult\u00f3 al Estado, como no se hac\u00eda hace 7 a\u00f1os.. Ah\u00ed Roc\u00edo Nahle se anot\u00f3 un muy buen punto como gobernadora..<\/p>\n\n\n\n<p>Pero lo que m\u00e1s se destaca de este \u00faltimo d\u00eda de la jornada, no fue solo la afluencia de m\u00e1s de 3 mil jinetes que tomaron el Centro Hist\u00f3rico del puerto de Veracruz y su bulevar, sino la eficiente log\u00edstica que permiti\u00f3 que un evento de tal magnitud transcurriera con orden y por ello es imperativo reconocer el papel fundamental que desempe\u00f1\u00f3 el Ayuntamiento de Veracruz a cargo de Rosa Mar\u00eda Hern\u00e1ndez Espejo, porque sin ser el organizador, ni convocante directo \u2014eso recay\u00f3 en asociaciones especialistas del sector\u2014, la administraci\u00f3n local mostr\u00f3 una apertura institucional destacable, al brindar todas las facilidades necesarias..<\/p>\n\n\n\n<p>Ya que desde los operativos de seguridad vial para proteger a participantes y espectadores, hasta las cuadrillas de limpieza inmediata que intervinieron tras el paso de los equinos y la colocaci\u00f3n de bebederos para que estos animales se hidrataran.. Este apoyo no parece ser un hecho aislado.. Se percibe una l\u00ednea de trabajo clara en la administraci\u00f3n, que desde su inicio ha mantenido una pol\u00edtica de puertas abiertas para incentivar eventos de diversa \u00edndole en lo deportivo, art\u00edstico o, en este caso, lo agropecuario, la disposici\u00f3n de las autoridades municipales para salvaguardar el orden y fomentar el turismo ha sido una constante..<\/p>\n\n\n\n<p>Lo que es un hecho, es que esta cabalgata de ayer domingo, si les deja un mensaje claro: Que cuando existe voluntad pol\u00edtica para facilitar la iniciativa ciudadana.. La ciudad y puerto de Veracruz, se convierte en el escenario perfecto para este tipo de eventos de talla nacional.. Hoy, el caballo volvi\u00f3 a caminar por el puerto, como lo hizo por primera vez hace 507 a\u00f1os y con ello, tambi\u00e9n qued\u00f3 claro una organizaci\u00f3n que prioriz\u00f3 la seguridad de todas las familias veracruzanas y el bienestar de los equinos para este desfile.. BIEN POR TODOS..<\/p>\n","protected":false},"excerpt":{"rendered":"<p>Ricardo ChuaSale y Vale Desde hace meses, en este espacio, hemos mencionado que era evidente de que el \u00abDelf\u00edn\u00bb de la Presidenta Claudia Shienbaum Pardo.. Rumbo a la elecci\u00f3n Presidencial del 2030, era, sin lugar a dudas, su secretario de Seguridad P\u00fablica y Ciudadana Federal, Omar Garc\u00eda Harfuch.. El personaje que viene dando los \u00abgolpes\u00bb [&hellip;]<\/p>\n","protected":false},"author":2,"featured_media":162484,"comment_status":"closed","ping_status":"closed","sticky":false,"template":"","format":"standard","meta":{"tdm_status":"","tdm_grid_status":"","footnotes":""},"categories":[70],"tags":[9627,62319,1026,14775,19576],"class_list":{"0":"post-169845","1":"post","2":"type-post","3":"status-publish","4":"format-standard","5":"has-post-thumbnail","7":"category-de-opinion","8":"tag-claudia-sheinbaum","9":"tag-esthela-damian-peralta","10":"tag-morena","11":"tag-omar-garcia-harfuch","12":"tag-rosa-icela-rodriguez"},"yoast_head":"<!-- This site is optimized with the Yoast SEO plugin v27.4 - https:\/\/yoast.com\/product\/yoast-seo-wordpress\/ -->\n<title>EL PODER DE HARFUCH Y MORENA - Los pol\u00edticos Veracruz<\/title>\n<meta name=\"robots\" content=\"index, follow, max-snippet:-1, max-image-preview:large, max-video-preview:-1\" \/>\n<link rel=\"canonical\" href=\"https:\/\/lospoliticosveracruz.com\/?p=169845\" \/>\n<meta property=\"og:locale\" content=\"es_ES\" \/>\n<meta property=\"og:type\" content=\"article\" \/>\n<meta property=\"og:title\" content=\"EL PODER DE HARFUCH Y MORENA - Los pol\u00edticos Veracruz\" \/>\n<meta property=\"og:description\" content=\"Ricardo ChuaSale y Vale Desde hace meses, en este espacio, hemos mencionado que era evidente de que el \u00abDelf\u00edn\u00bb de la Presidenta Claudia Shienbaum Pardo.. Rumbo a la elecci\u00f3n Presidencial del 2030, era, sin lugar a dudas, su secretario de Seguridad P\u00fablica y Ciudadana Federal, Omar Garc\u00eda Harfuch.. El personaje que viene dando los \u00abgolpes\u00bb [&hellip;]\" \/>\n<meta property=\"og:url\" content=\"https:\/\/lospoliticosveracruz.com\/?p=169845\" \/>\n<meta property=\"og:site_name\" content=\"Los pol\u00edticos Veracruz\" \/>\n<meta property=\"article:publisher\" content=\"https:\/\/www.facebook.com\/people\/Notimemes-de-los-Polticos\/61565672886568\/\" \/>\n<meta property=\"article:published_time\" content=\"2026-04-27T11:40:57+00:00\" \/>\n<meta property=\"article:modified_time\" content=\"2026-04-27T11:40:58+00:00\" \/>\n<meta property=\"og:image\" content=\"https:\/\/lospoliticosveracruz.com\/wp-content\/uploads\/2026\/02\/Chua-e1775852093240.jpg\" \/>\n\t<meta property=\"og:image:width\" content=\"600\" \/>\n\t<meta property=\"og:image:height\" content=\"320\" \/>\n\t<meta property=\"og:image:type\" content=\"image\/jpeg\" \/>\n<meta name=\"author\" content=\"Lo viste en Los Pol\u00edticos\" \/>\n<meta name=\"twitter:card\" content=\"summary_large_image\" \/>\n<meta name=\"twitter:creator\" content=\"@LosPoliticosVer\" \/>\n<meta name=\"twitter:site\" content=\"@LosPoliticosVer\" \/>\n<meta name=\"twitter:label1\" content=\"Escrito por\" \/>\n\t<meta name=\"twitter:data1\" content=\"Lo viste en Los Pol\u00edticos\" \/>\n\t<meta name=\"twitter:label2\" content=\"Tiempo de lectura\" \/>\n\t<meta name=\"twitter:data2\" content=\"5 minutos\" \/>\n<script type=\"application\/ld+json\" class=\"yoast-schema-graph\">{\"@context\":\"https:\\\/\\\/schema.org\",\"@graph\":[{\"@type\":\"Article\",\"@id\":\"https:\\\/\\\/lospoliticosveracruz.com\\\/?p=169845#article\",\"isPartOf\":{\"@id\":\"https:\\\/\\\/lospoliticosveracruz.com\\\/?p=169845\"},\"author\":{\"name\":\"Lo viste en Los Pol\u00edticos\",\"@id\":\"https:\\\/\\\/lospoliticosveracruz.com\\\/#\\\/schema\\\/person\\\/b8702bb0e538456e6efd07080bf2a4a2\"},\"headline\":\"EL PODER DE HARFUCH Y MORENA\",\"datePublished\":\"2026-04-27T11:40:57+00:00\",\"dateModified\":\"2026-04-27T11:40:58+00:00\",\"mainEntityOfPage\":{\"@id\":\"https:\\\/\\\/lospoliticosveracruz.com\\\/?p=169845\"},\"wordCount\":1111,\"publisher\":{\"@id\":\"https:\\\/\\\/lospoliticosveracruz.com\\\/#organization\"},\"image\":{\"@id\":\"https:\\\/\\\/lospoliticosveracruz.com\\\/?p=169845#primaryimage\"},\"thumbnailUrl\":\"https:\\\/\\\/lospoliticosveracruz.com\\\/wp-content\\\/uploads\\\/2026\\\/02\\\/Chua-e1775852093240.jpg\",\"keywords\":[\"Claudia Sheinbaum\",\"Esthela Dami\u00e1n Peralta\",\"Morena\",\"Omar Garc\u00eda Harfuch\",\"Rosa Icela Rodr\u00edguez\"],\"articleSection\":[\"De Opini\u00f3n\"],\"inLanguage\":\"es\"},{\"@type\":\"WebPage\",\"@id\":\"https:\\\/\\\/lospoliticosveracruz.com\\\/?p=169845\",\"url\":\"https:\\\/\\\/lospoliticosveracruz.com\\\/?p=169845\",\"name\":\"EL PODER DE HARFUCH Y MORENA - Los pol\u00edticos Veracruz\",\"isPartOf\":{\"@id\":\"https:\\\/\\\/lospoliticosveracruz.com\\\/#website\"},\"primaryImageOfPage\":{\"@id\":\"https:\\\/\\\/lospoliticosveracruz.com\\\/?p=169845#primaryimage\"},\"image\":{\"@id\":\"https:\\\/\\\/lospoliticosveracruz.com\\\/?p=169845#primaryimage\"},\"thumbnailUrl\":\"https:\\\/\\\/lospoliticosveracruz.com\\\/wp-content\\\/uploads\\\/2026\\\/02\\\/Chua-e1775852093240.jpg\",\"datePublished\":\"2026-04-27T11:40:57+00:00\",\"dateModified\":\"2026-04-27T11:40:58+00:00\",\"breadcrumb\":{\"@id\":\"https:\\\/\\\/lospoliticosveracruz.com\\\/?p=169845#breadcrumb\"},\"inLanguage\":\"es\",\"potentialAction\":[{\"@type\":\"ReadAction\",\"target\":[\"https:\\\/\\\/lospoliticosveracruz.com\\\/?p=169845\"]}]},{\"@type\":\"ImageObject\",\"inLanguage\":\"es\",\"@id\":\"https:\\\/\\\/lospoliticosveracruz.com\\\/?p=169845#primaryimage\",\"url\":\"https:\\\/\\\/lospoliticosveracruz.com\\\/wp-content\\\/uploads\\\/2026\\\/02\\\/Chua-e1775852093240.jpg\",\"contentUrl\":\"https:\\\/\\\/lospoliticosveracruz.com\\\/wp-content\\\/uploads\\\/2026\\\/02\\\/Chua-e1775852093240.jpg\",\"width\":600,\"height\":320},{\"@type\":\"BreadcrumbList\",\"@id\":\"https:\\\/\\\/lospoliticosveracruz.com\\\/?p=169845#breadcrumb\",\"itemListElement\":[{\"@type\":\"ListItem\",\"position\":1,\"name\":\"Portada\",\"item\":\"https:\\\/\\\/lospoliticosveracruz.com\\\/\"},{\"@type\":\"ListItem\",\"position\":2,\"name\":\"EL PODER DE HARFUCH Y MORENA\"}]},{\"@type\":\"WebSite\",\"@id\":\"https:\\\/\\\/lospoliticosveracruz.com\\\/#website\",\"url\":\"https:\\\/\\\/lospoliticosveracruz.com\\\/\",\"name\":\"Los pol\u00edticos Veracruz\",\"description\":\"\",\"publisher\":{\"@id\":\"https:\\\/\\\/lospoliticosveracruz.com\\\/#organization\"},\"potentialAction\":[{\"@type\":\"SearchAction\",\"target\":{\"@type\":\"EntryPoint\",\"urlTemplate\":\"https:\\\/\\\/lospoliticosveracruz.com\\\/?s={search_term_string}\"},\"query-input\":{\"@type\":\"PropertyValueSpecification\",\"valueRequired\":true,\"valueName\":\"search_term_string\"}}],\"inLanguage\":\"es\"},{\"@type\":\"Organization\",\"@id\":\"https:\\\/\\\/lospoliticosveracruz.com\\\/#organization\",\"name\":\"Los pol\u00edticos Veracruz\",\"url\":\"https:\\\/\\\/lospoliticosveracruz.com\\\/\",\"logo\":{\"@type\":\"ImageObject\",\"inLanguage\":\"es\",\"@id\":\"https:\\\/\\\/lospoliticosveracruz.com\\\/#\\\/schema\\\/logo\\\/image\\\/\",\"url\":\"https:\\\/\\\/lospoliticosveracruz.com\\\/wp-content\\\/uploads\\\/2025\\\/12\\\/Logo-Nuevo-LOS-POLITICOS-1.jpg\",\"contentUrl\":\"https:\\\/\\\/lospoliticosveracruz.com\\\/wp-content\\\/uploads\\\/2025\\\/12\\\/Logo-Nuevo-LOS-POLITICOS-1.jpg\",\"width\":260,\"height\":70,\"caption\":\"Los pol\u00edticos Veracruz\"},\"image\":{\"@id\":\"https:\\\/\\\/lospoliticosveracruz.com\\\/#\\\/schema\\\/logo\\\/image\\\/\"},\"sameAs\":[\"https:\\\/\\\/www.facebook.com\\\/people\\\/Notimemes-de-los-Polticos\\\/61565672886568\\\/\",\"https:\\\/\\\/x.com\\\/LosPoliticosVer\"]},{\"@type\":\"Person\",\"@id\":\"https:\\\/\\\/lospoliticosveracruz.com\\\/#\\\/schema\\\/person\\\/b8702bb0e538456e6efd07080bf2a4a2\",\"name\":\"Lo viste en Los Pol\u00edticos\",\"image\":{\"@type\":\"ImageObject\",\"inLanguage\":\"es\",\"@id\":\"https:\\\/\\\/secure.gravatar.com\\\/avatar\\\/3a8de04a2656d44082be478bd6c086daa447c4651605818287b9532d3d0bd435?s=96&d=mm&r=g\",\"url\":\"https:\\\/\\\/secure.gravatar.com\\\/avatar\\\/3a8de04a2656d44082be478bd6c086daa447c4651605818287b9532d3d0bd435?s=96&d=mm&r=g\",\"contentUrl\":\"https:\\\/\\\/secure.gravatar.com\\\/avatar\\\/3a8de04a2656d44082be478bd6c086daa447c4651605818287b9532d3d0bd435?s=96&d=mm&r=g\",\"caption\":\"Lo viste en Los Pol\u00edticos\"},\"url\":\"https:\\\/\\\/lospoliticosveracruz.com\\\/?author=2\"}]}<\/script>\n<!-- \/ Yoast SEO plugin. -->","yoast_head_json":{"title":"EL PODER DE HARFUCH Y MORENA - Los pol\u00edticos Veracruz","robots":{"index":"index","follow":"follow","max-snippet":"max-snippet:-1","max-image-preview":"max-image-preview:large","max-video-preview":"max-video-preview:-1"},"canonical":"https:\/\/lospoliticosveracruz.com\/?p=169845","og_locale":"es_ES","og_type":"article","og_title":"EL PODER DE HARFUCH Y MORENA - Los pol\u00edticos Veracruz","og_description":"Ricardo ChuaSale y Vale Desde hace meses, en este espacio, hemos mencionado que era evidente de que el \u00abDelf\u00edn\u00bb de la Presidenta Claudia Shienbaum Pardo.. Rumbo a la elecci\u00f3n Presidencial del 2030, era, sin lugar a dudas, su secretario de Seguridad P\u00fablica y Ciudadana Federal, Omar Garc\u00eda Harfuch.. El personaje que viene dando los \u00abgolpes\u00bb [&hellip;]","og_url":"https:\/\/lospoliticosveracruz.com\/?p=169845","og_site_name":"Los pol\u00edticos Veracruz","article_publisher":"https:\/\/www.facebook.com\/people\/Notimemes-de-los-Polticos\/61565672886568\/","article_published_time":"2026-04-27T11:40:57+00:00","article_modified_time":"2026-04-27T11:40:58+00:00","og_image":[{"width":600,"height":320,"url":"https:\/\/lospoliticosveracruz.com\/wp-content\/uploads\/2026\/02\/Chua-e1775852093240.jpg","type":"image\/jpeg"}],"author":"Lo viste en Los Pol\u00edticos","twitter_card":"summary_large_image","twitter_creator":"@LosPoliticosVer","twitter_site":"@LosPoliticosVer","twitter_misc":{"Escrito por":"Lo viste en Los Pol\u00edticos","Tiempo de lectura":"5 minutos"},"schema":{"@context":"https:\/\/schema.org","@graph":[{"@type":"Article","@id":"https:\/\/lospoliticosveracruz.com\/?p=169845#article","isPartOf":{"@id":"https:\/\/lospoliticosveracruz.com\/?p=169845"},"author":{"name":"Lo viste en Los Pol\u00edticos","@id":"https:\/\/lospoliticosveracruz.com\/#\/schema\/person\/b8702bb0e538456e6efd07080bf2a4a2"},"headline":"EL PODER DE HARFUCH Y MORENA","datePublished":"2026-04-27T11:40:57+00:00","dateModified":"2026-04-27T11:40:58+00:00","mainEntityOfPage":{"@id":"https:\/\/lospoliticosveracruz.com\/?p=169845"},"wordCount":1111,"publisher":{"@id":"https:\/\/lospoliticosveracruz.com\/#organization"},"image":{"@id":"https:\/\/lospoliticosveracruz.com\/?p=169845#primaryimage"},"thumbnailUrl":"https:\/\/lospoliticosveracruz.com\/wp-content\/uploads\/2026\/02\/Chua-e1775852093240.jpg","keywords":["Claudia Sheinbaum","Esthela Dami\u00e1n Peralta","Morena","Omar Garc\u00eda Harfuch","Rosa Icela Rodr\u00edguez"],"articleSection":["De Opini\u00f3n"],"inLanguage":"es"},{"@type":"WebPage","@id":"https:\/\/lospoliticosveracruz.com\/?p=169845","url":"https:\/\/lospoliticosveracruz.com\/?p=169845","name":"EL PODER DE HARFUCH Y MORENA - Los pol\u00edticos Veracruz","isPartOf":{"@id":"https:\/\/lospoliticosveracruz.com\/#website"},"primaryImageOfPage":{"@id":"https:\/\/lospoliticosveracruz.com\/?p=169845#primaryimage"},"image":{"@id":"https:\/\/lospoliticosveracruz.com\/?p=169845#primaryimage"},"thumbnailUrl":"https:\/\/lospoliticosveracruz.com\/wp-content\/uploads\/2026\/02\/Chua-e1775852093240.jpg","datePublished":"2026-04-27T11:40:57+00:00","dateModified":"2026-04-27T11:40:58+00:00","breadcrumb":{"@id":"https:\/\/lospoliticosveracruz.com\/?p=169845#breadcrumb"},"inLanguage":"es","potentialAction":[{"@type":"ReadAction","target":["https:\/\/lospoliticosveracruz.com\/?p=169845"]}]},{"@type":"ImageObject","inLanguage":"es","@id":"https:\/\/lospoliticosveracruz.com\/?p=169845#primaryimage","url":"https:\/\/lospoliticosveracruz.com\/wp-content\/uploads\/2026\/02\/Chua-e1775852093240.jpg","contentUrl":"https:\/\/lospoliticosveracruz.com\/wp-content\/uploads\/2026\/02\/Chua-e1775852093240.jpg","width":600,"height":320},{"@type":"BreadcrumbList","@id":"https:\/\/lospoliticosveracruz.com\/?p=169845#breadcrumb","itemListElement":[{"@type":"ListItem","position":1,"name":"Portada","item":"https:\/\/lospoliticosveracruz.com\/"},{"@type":"ListItem","position":2,"name":"EL PODER DE HARFUCH Y MORENA"}]},{"@type":"WebSite","@id":"https:\/\/lospoliticosveracruz.com\/#website","url":"https:\/\/lospoliticosveracruz.com\/","name":"Los pol\u00edticos Veracruz","description":"","publisher":{"@id":"https:\/\/lospoliticosveracruz.com\/#organization"},"potentialAction":[{"@type":"SearchAction","target":{"@type":"EntryPoint","urlTemplate":"https:\/\/lospoliticosveracruz.com\/?s={search_term_string}"},"query-input":{"@type":"PropertyValueSpecification","valueRequired":true,"valueName":"search_term_string"}}],"inLanguage":"es"},{"@type":"Organization","@id":"https:\/\/lospoliticosveracruz.com\/#organization","name":"Los pol\u00edticos Veracruz","url":"https:\/\/lospoliticosveracruz.com\/","logo":{"@type":"ImageObject","inLanguage":"es","@id":"https:\/\/lospoliticosveracruz.com\/#\/schema\/logo\/image\/","url":"https:\/\/lospoliticosveracruz.com\/wp-content\/uploads\/2025\/12\/Logo-Nuevo-LOS-POLITICOS-1.jpg","contentUrl":"https:\/\/lospoliticosveracruz.com\/wp-content\/uploads\/2025\/12\/Logo-Nuevo-LOS-POLITICOS-1.jpg","width":260,"height":70,"caption":"Los pol\u00edticos Veracruz"},"image":{"@id":"https:\/\/lospoliticosveracruz.com\/#\/schema\/logo\/image\/"},"sameAs":["https:\/\/www.facebook.com\/people\/Notimemes-de-los-Polticos\/61565672886568\/","https:\/\/x.com\/LosPoliticosVer"]},{"@type":"Person","@id":"https:\/\/lospoliticosveracruz.com\/#\/schema\/person\/b8702bb0e538456e6efd07080bf2a4a2","name":"Lo viste en Los Pol\u00edticos","image":{"@type":"ImageObject","inLanguage":"es","@id":"https:\/\/secure.gravatar.com\/avatar\/3a8de04a2656d44082be478bd6c086daa447c4651605818287b9532d3d0bd435?s=96&d=mm&r=g","url":"https:\/\/secure.gravatar.com\/avatar\/3a8de04a2656d44082be478bd6c086daa447c4651605818287b9532d3d0bd435?s=96&d=mm&r=g","contentUrl":"https:\/\/secure.gravatar.com\/avatar\/3a8de04a2656d44082be478bd6c086daa447c4651605818287b9532d3d0bd435?s=96&d=mm&r=g","caption":"Lo viste en Los Pol\u00edticos"},"url":"https:\/\/lospoliticosveracruz.com\/?author=2"}]}},"_links":{"self":[{"href":"https:\/\/lospoliticosveracruz.com\/index.php?rest_route=\/wp\/v2\/posts\/169845","targetHints":{"allow":["GET"]}}],"collection":[{"href":"https:\/\/lospoliticosveracruz.com\/index.php?rest_route=\/wp\/v2\/posts"}],"about":[{"href":"https:\/\/lospoliticosveracruz.com\/index.php?rest_route=\/wp\/v2\/types\/post"}],"author":[{"embeddable":true,"href":"https:\/\/lospoliticosveracruz.com\/index.php?rest_route=\/wp\/v2\/users\/2"}],"replies":[{"embeddable":true,"href":"https:\/\/lospoliticosveracruz.com\/index.php?rest_route=%2Fwp%2Fv2%2Fcomments&post=169845"}],"version-history":[{"count":1,"href":"https:\/\/lospoliticosveracruz.com\/index.php?rest_route=\/wp\/v2\/posts\/169845\/revisions"}],"predecessor-version":[{"id":169846,"href":"https:\/\/lospoliticosveracruz.com\/index.php?rest_route=\/wp\/v2\/posts\/169845\/revisions\/169846"}],"wp:featuredmedia":[{"embeddable":true,"href":"https:\/\/lospoliticosveracruz.com\/index.php?rest_route=\/wp\/v2\/media\/162484"}],"wp:attachment":[{"href":"https:\/\/lospoliticosveracruz.com\/index.php?rest_route=%2Fwp%2Fv2%2Fmedia&parent=169845"}],"wp:term":[{"taxonomy":"category","embeddable":true,"href":"https:\/\/lospoliticosveracruz.com\/index.php?rest_route=%2Fwp%2Fv2%2Fcategories&post=169845"},{"taxonomy":"post_tag","embeddable":true,"href":"https:\/\/lospoliticosveracruz.com\/index.php?rest_route=%2Fwp%2Fv2%2Ftags&post=169845"}],"curies":[{"name":"wp","href":"https:\/\/api.w.org\/{rel}","templated":true}]}}