{"id":169847,"date":"2026-04-27T05:45:07","date_gmt":"2026-04-27T11:45:07","guid":{"rendered":"https:\/\/lospoliticosveracruz.com\/?p=169847"},"modified":"2026-04-27T05:45:08","modified_gmt":"2026-04-27T11:45:08","slug":"los-golpes-no-son-para-veracruz-son-para-ella","status":"publish","type":"post","link":"https:\/\/lospoliticosveracruz.com\/?p=169847","title":{"rendered":"LOS GOLPES NO SON PARA VERACRUZ, SON PARA ELLA"},"content":{"rendered":"\n<p><strong>Bernardo Guti\u00e9rrez Parra<\/strong><br><em>Desde el Caf\u00e9<\/em><br><br>El lunes anterior, polic\u00edas estatales que persegu\u00edan a unos maleantes dispararon por equivocaci\u00f3n sobre el auto de la doctora Bertha Burciaga, que muri\u00f3 casi manera instant\u00e1nea, mientras su acompa\u00f1ante result\u00f3 herida. Los hechos ocurrieron frente a la caseta de peaje de La Loma (carretera M\u00e9xico-Tuxpan) cuando al parecer, los polic\u00edas confundieron el auto de la doctora con uno que hab\u00edan robado los maleantes minutos antes.<\/p>\n\n\n\n<p>El hecho constern\u00f3, pero sobre todo irrit\u00f3 a la sociedad del norte de la entidad harta de la violencia que incluso ha alcanzado a menores de edad.<\/p>\n\n\n\n<p>Y la respuesta no se hizo esperar, pero de una manera muy desafortunada.<\/p>\n\n\n\n<p>Circula profusamente en las redes un video donde la gobernadora Roc\u00edo Nahle, manifiesta su atribulaci\u00f3n por la tragedia, dice que hay dos polic\u00edas detenidos y que las autoridades correspondientes se est\u00e1n haciendo cargo de la investigaci\u00f3n: \u201cQue se encargue la Fiscal\u00eda, yo no quiero\u2026\u201d dijo, en el preciso momento en que la interrumpi\u00f3 un reportero con otra pregunta y ya no termin\u00f3 la frase.<\/p>\n\n\n\n<p>Quiz\u00e1 su intenci\u00f3n fue decir: \u201cQue se encargue la Fiscal\u00eda, yo no quiero cometer una imprudencia con una declaraci\u00f3n fuera de lugar\u201d. Pero eso no se sabr\u00e1 porque en las redes y en los noticieros la mostraron como una mujer sin sentimientos a la que irritan las malas noticias.<\/p>\n\n\n\n<p>Nacho Lozano, comentarista del noticiero nocturno de Imagen TV, dijo: \u201cOtra de Roc\u00edo Nahle, otra de Roc\u00edo Nahle\u201d, antes de subir el video con las ocho palabras (dejando fuera el resto de la declaraci\u00f3n), y con un \u00e1cido comentario como remate: \u201cQue se encargue la fiscal\u00eda, yo no quiero\u201d, as\u00ed reaccion\u00f3 la gobernadora de Veracruz, Roc\u00edo Nahle, sobre la muerte de Bertha Burciaga, asesinada por polic\u00edas estatales tras equivocarse mientras persegu\u00edan a delincuentes por robo de un auto.<\/p>\n\n\n\n<p>El comentario dio en el blanco y las redes estallaron en improperios contra la gobernadora que para su fatalidad, sali\u00f3 muy mal parada en la \u00faltima encuesta de Mitofsky que la ubic\u00f3 en el lugar 31 de 32 gobernadores, como una de las peor evaluadas del pa\u00eds.<\/p>\n\n\n\n<p>Y as\u00ed nom\u00e1s no se puede.<\/p>\n\n\n\n<p>A la se\u00f1ora Nahle le urgen expertos en manejo de crisis que le eviten m\u00e1s dolores de cabeza medi\u00e1ticos. Los jilgueros que env\u00edan sus asesores para contrarrestar los ataques, no s\u00f3lo han resultado in\u00fatiles, sino que le est\u00e1n haciendo mucho da\u00f1o.<\/p>\n\n\n\n<p>Tambi\u00e9n el lunes cuando un reportero le pregunt\u00f3 sobre el sueldazo que percibe la alcaldesa de Poza Rica, Adanely Rodr\u00edguez y su comuna que tambi\u00e9n se despach\u00f3 op\u00edparamente, contest\u00f3 al botepronto: \u201cEso est\u00e1 mal\u201d, porque es incorrecto que un mun\u00edcipe gane m\u00e1s que el gobernador. \u201cYo los exhorto, pues, a todo el cabildo a que revisen y a que se ajusten\u201d.<\/p>\n\n\n\n<p>En tiempos pret\u00e9ritos, bastaba un telefonazo del Secretario de Gobierno al alcalde que se quisiera saltar las trancas, para que este se alineara. Pero como en Veracruz nadie le hace caso al titular de esa dependencia, lo que proced\u00eda era una llamada de la gobernadora a Adanely m\u00e1s o menos en estos t\u00e9rminos: \u201cQu\u00e9, mija \u00bfya te mandas sola?\u201d<\/p>\n\n\n\n<p>Hasta la hora de escribir esta columneja (noche del domingo), Adanely no hab\u00eda hecho caso al exhorto de Roc\u00edo Nahle, lo que es una grosera falta de respeto para quien (le guste o no), es su jefa inmediata.<\/p>\n\n\n\n<p>Nada de esto estar\u00eda sucediendo si la gobernadora contara con un equipo que en verdad la ayude. Los jilgueros que le aplauden y la aromatizan de incienso no sirven, le hacen da\u00f1o y ser\u00e1n los primeros en traicionarla cuando deje el poder. Y los funcionarios que no le hacen caso la hacen ver d\u00e9bil.<\/p>\n\n\n\n<p>Salvo tu mejor opini\u00f3n lector, pienso que un grupo de profesionales le brindar\u00eda la ayuda que necesita ya que por principio cuentas, le har\u00edan ver que no son los medios carro\u00f1eros, ni la pasmada derecha, ni los enemigos de la 4T sino los de casa, los que est\u00e1n detr\u00e1s de los ataques medi\u00e1ticos y las majader\u00edas. Ataques y majader\u00edas que no se los hacen a Veracruz; se los hacen a ella.<\/p>\n\n\n\n<p>bernagup28@gmail.com<\/p>\n\n\n\n<p><\/p>\n","protected":false},"excerpt":{"rendered":"<p>Bernardo Guti\u00e9rrez ParraDesde el Caf\u00e9 El lunes anterior, polic\u00edas estatales que persegu\u00edan a unos maleantes dispararon por equivocaci\u00f3n sobre el auto de la doctora Bertha Burciaga, que muri\u00f3 casi manera instant\u00e1nea, mientras su acompa\u00f1ante result\u00f3 herida. Los hechos ocurrieron frente a la caseta de peaje de La Loma (carretera M\u00e9xico-Tuxpan) cuando al parecer, los polic\u00edas [&hellip;]<\/p>\n","protected":false},"author":2,"featured_media":141479,"comment_status":"closed","ping_status":"closed","sticky":false,"template":"","format":"standard","meta":{"tdm_status":"","tdm_grid_status":"","footnotes":""},"categories":[70],"tags":[47880,62320,1026,1267,3578,195],"class_list":{"0":"post-169847","1":"post","2":"type-post","3":"status-publish","4":"format-standard","5":"has-post-thumbnail","7":"category-de-opinion","8":"tag-adanely-rodriguez","9":"tag-bertha-burciaga","10":"tag-morena","11":"tag-poza-rica","12":"tag-rocio-nahle","13":"tag-veracruz"},"yoast_head":"<!-- This site is optimized with the Yoast SEO plugin v27.4 - https:\/\/yoast.com\/product\/yoast-seo-wordpress\/ -->\n<title>LOS GOLPES NO SON PARA VERACRUZ, SON PARA ELLA - Los pol\u00edticos Veracruz<\/title>\n<meta name=\"robots\" content=\"index, follow, max-snippet:-1, max-image-preview:large, max-video-preview:-1\" \/>\n<link rel=\"canonical\" href=\"https:\/\/lospoliticosveracruz.com\/?p=169847\" \/>\n<meta property=\"og:locale\" content=\"es_ES\" \/>\n<meta property=\"og:type\" content=\"article\" \/>\n<meta property=\"og:title\" content=\"LOS GOLPES NO SON PARA VERACRUZ, SON PARA ELLA - Los pol\u00edticos Veracruz\" \/>\n<meta property=\"og:description\" content=\"Bernardo Guti\u00e9rrez ParraDesde el Caf\u00e9 El lunes anterior, polic\u00edas estatales que persegu\u00edan a unos maleantes dispararon por equivocaci\u00f3n sobre el auto de la doctora Bertha Burciaga, que muri\u00f3 casi manera instant\u00e1nea, mientras su acompa\u00f1ante result\u00f3 herida. Los hechos ocurrieron frente a la caseta de peaje de La Loma (carretera M\u00e9xico-Tuxpan) cuando al parecer, los polic\u00edas [&hellip;]\" \/>\n<meta property=\"og:url\" content=\"https:\/\/lospoliticosveracruz.com\/?p=169847\" \/>\n<meta property=\"og:site_name\" content=\"Los pol\u00edticos Veracruz\" \/>\n<meta property=\"article:publisher\" content=\"https:\/\/www.facebook.com\/people\/Notimemes-de-los-Polticos\/61565672886568\/\" \/>\n<meta property=\"article:published_time\" content=\"2026-04-27T11:45:07+00:00\" \/>\n<meta property=\"article:modified_time\" content=\"2026-04-27T11:45:08+00:00\" \/>\n<meta property=\"og:image\" content=\"https:\/\/lospoliticosveracruz.com\/wp-content\/uploads\/2025\/04\/Bernardo-Gutierrez-Parra.jpg\" \/>\n\t<meta property=\"og:image:width\" content=\"1250\" \/>\n\t<meta property=\"og:image:height\" content=\"667\" \/>\n\t<meta property=\"og:image:type\" content=\"image\/jpeg\" \/>\n<meta name=\"author\" content=\"Lo viste en Los Pol\u00edticos\" \/>\n<meta name=\"twitter:card\" content=\"summary_large_image\" \/>\n<meta name=\"twitter:creator\" content=\"@LosPoliticosVer\" \/>\n<meta name=\"twitter:site\" content=\"@LosPoliticosVer\" \/>\n<meta name=\"twitter:label1\" content=\"Escrito por\" \/>\n\t<meta name=\"twitter:data1\" content=\"Lo viste en Los Pol\u00edticos\" \/>\n\t<meta name=\"twitter:label2\" content=\"Tiempo de lectura\" \/>\n\t<meta name=\"twitter:data2\" content=\"4 minutos\" \/>\n<script type=\"application\/ld+json\" class=\"yoast-schema-graph\">{\"@context\":\"https:\\\/\\\/schema.org\",\"@graph\":[{\"@type\":\"Article\",\"@id\":\"https:\\\/\\\/lospoliticosveracruz.com\\\/?p=169847#article\",\"isPartOf\":{\"@id\":\"https:\\\/\\\/lospoliticosveracruz.com\\\/?p=169847\"},\"author\":{\"name\":\"Lo viste en Los Pol\u00edticos\",\"@id\":\"https:\\\/\\\/lospoliticosveracruz.com\\\/#\\\/schema\\\/person\\\/b8702bb0e538456e6efd07080bf2a4a2\"},\"headline\":\"LOS GOLPES NO SON PARA VERACRUZ, SON PARA ELLA\",\"datePublished\":\"2026-04-27T11:45:07+00:00\",\"dateModified\":\"2026-04-27T11:45:08+00:00\",\"mainEntityOfPage\":{\"@id\":\"https:\\\/\\\/lospoliticosveracruz.com\\\/?p=169847\"},\"wordCount\":749,\"publisher\":{\"@id\":\"https:\\\/\\\/lospoliticosveracruz.com\\\/#organization\"},\"image\":{\"@id\":\"https:\\\/\\\/lospoliticosveracruz.com\\\/?p=169847#primaryimage\"},\"thumbnailUrl\":\"https:\\\/\\\/lospoliticosveracruz.com\\\/wp-content\\\/uploads\\\/2025\\\/04\\\/Bernardo-Gutierrez-Parra.jpg\",\"keywords\":[\"Adanely Rodr\u00edguez\",\"Bertha Burciaga\",\"Morena\",\"Poza Rica\",\"Roc\u00edo Nahle\",\"Veracruz\"],\"articleSection\":[\"De Opini\u00f3n\"],\"inLanguage\":\"es\"},{\"@type\":\"WebPage\",\"@id\":\"https:\\\/\\\/lospoliticosveracruz.com\\\/?p=169847\",\"url\":\"https:\\\/\\\/lospoliticosveracruz.com\\\/?p=169847\",\"name\":\"LOS GOLPES NO SON PARA VERACRUZ, SON PARA ELLA - Los pol\u00edticos Veracruz\",\"isPartOf\":{\"@id\":\"https:\\\/\\\/lospoliticosveracruz.com\\\/#website\"},\"primaryImageOfPage\":{\"@id\":\"https:\\\/\\\/lospoliticosveracruz.com\\\/?p=169847#primaryimage\"},\"image\":{\"@id\":\"https:\\\/\\\/lospoliticosveracruz.com\\\/?p=169847#primaryimage\"},\"thumbnailUrl\":\"https:\\\/\\\/lospoliticosveracruz.com\\\/wp-content\\\/uploads\\\/2025\\\/04\\\/Bernardo-Gutierrez-Parra.jpg\",\"datePublished\":\"2026-04-27T11:45:07+00:00\",\"dateModified\":\"2026-04-27T11:45:08+00:00\",\"breadcrumb\":{\"@id\":\"https:\\\/\\\/lospoliticosveracruz.com\\\/?p=169847#breadcrumb\"},\"inLanguage\":\"es\",\"potentialAction\":[{\"@type\":\"ReadAction\",\"target\":[\"https:\\\/\\\/lospoliticosveracruz.com\\\/?p=169847\"]}]},{\"@type\":\"ImageObject\",\"inLanguage\":\"es\",\"@id\":\"https:\\\/\\\/lospoliticosveracruz.com\\\/?p=169847#primaryimage\",\"url\":\"https:\\\/\\\/lospoliticosveracruz.com\\\/wp-content\\\/uploads\\\/2025\\\/04\\\/Bernardo-Gutierrez-Parra.jpg\",\"contentUrl\":\"https:\\\/\\\/lospoliticosveracruz.com\\\/wp-content\\\/uploads\\\/2025\\\/04\\\/Bernardo-Gutierrez-Parra.jpg\",\"width\":1250,\"height\":667},{\"@type\":\"BreadcrumbList\",\"@id\":\"https:\\\/\\\/lospoliticosveracruz.com\\\/?p=169847#breadcrumb\",\"itemListElement\":[{\"@type\":\"ListItem\",\"position\":1,\"name\":\"Portada\",\"item\":\"https:\\\/\\\/lospoliticosveracruz.com\\\/\"},{\"@type\":\"ListItem\",\"position\":2,\"name\":\"LOS GOLPES NO SON PARA VERACRUZ, SON PARA ELLA\"}]},{\"@type\":\"WebSite\",\"@id\":\"https:\\\/\\\/lospoliticosveracruz.com\\\/#website\",\"url\":\"https:\\\/\\\/lospoliticosveracruz.com\\\/\",\"name\":\"Los pol\u00edticos Veracruz\",\"description\":\"\",\"publisher\":{\"@id\":\"https:\\\/\\\/lospoliticosveracruz.com\\\/#organization\"},\"potentialAction\":[{\"@type\":\"SearchAction\",\"target\":{\"@type\":\"EntryPoint\",\"urlTemplate\":\"https:\\\/\\\/lospoliticosveracruz.com\\\/?s={search_term_string}\"},\"query-input\":{\"@type\":\"PropertyValueSpecification\",\"valueRequired\":true,\"valueName\":\"search_term_string\"}}],\"inLanguage\":\"es\"},{\"@type\":\"Organization\",\"@id\":\"https:\\\/\\\/lospoliticosveracruz.com\\\/#organization\",\"name\":\"Los pol\u00edticos Veracruz\",\"url\":\"https:\\\/\\\/lospoliticosveracruz.com\\\/\",\"logo\":{\"@type\":\"ImageObject\",\"inLanguage\":\"es\",\"@id\":\"https:\\\/\\\/lospoliticosveracruz.com\\\/#\\\/schema\\\/logo\\\/image\\\/\",\"url\":\"https:\\\/\\\/lospoliticosveracruz.com\\\/wp-content\\\/uploads\\\/2025\\\/12\\\/Logo-Nuevo-LOS-POLITICOS-1.jpg\",\"contentUrl\":\"https:\\\/\\\/lospoliticosveracruz.com\\\/wp-content\\\/uploads\\\/2025\\\/12\\\/Logo-Nuevo-LOS-POLITICOS-1.jpg\",\"width\":260,\"height\":70,\"caption\":\"Los pol\u00edticos Veracruz\"},\"image\":{\"@id\":\"https:\\\/\\\/lospoliticosveracruz.com\\\/#\\\/schema\\\/logo\\\/image\\\/\"},\"sameAs\":[\"https:\\\/\\\/www.facebook.com\\\/people\\\/Notimemes-de-los-Polticos\\\/61565672886568\\\/\",\"https:\\\/\\\/x.com\\\/LosPoliticosVer\"]},{\"@type\":\"Person\",\"@id\":\"https:\\\/\\\/lospoliticosveracruz.com\\\/#\\\/schema\\\/person\\\/b8702bb0e538456e6efd07080bf2a4a2\",\"name\":\"Lo viste en Los Pol\u00edticos\",\"image\":{\"@type\":\"ImageObject\",\"inLanguage\":\"es\",\"@id\":\"https:\\\/\\\/secure.gravatar.com\\\/avatar\\\/3a8de04a2656d44082be478bd6c086daa447c4651605818287b9532d3d0bd435?s=96&d=mm&r=g\",\"url\":\"https:\\\/\\\/secure.gravatar.com\\\/avatar\\\/3a8de04a2656d44082be478bd6c086daa447c4651605818287b9532d3d0bd435?s=96&d=mm&r=g\",\"contentUrl\":\"https:\\\/\\\/secure.gravatar.com\\\/avatar\\\/3a8de04a2656d44082be478bd6c086daa447c4651605818287b9532d3d0bd435?s=96&d=mm&r=g\",\"caption\":\"Lo viste en Los Pol\u00edticos\"},\"url\":\"https:\\\/\\\/lospoliticosveracruz.com\\\/?author=2\"}]}<\/script>\n<!-- \/ Yoast SEO plugin. -->","yoast_head_json":{"title":"LOS GOLPES NO SON PARA VERACRUZ, SON PARA ELLA - Los pol\u00edticos Veracruz","robots":{"index":"index","follow":"follow","max-snippet":"max-snippet:-1","max-image-preview":"max-image-preview:large","max-video-preview":"max-video-preview:-1"},"canonical":"https:\/\/lospoliticosveracruz.com\/?p=169847","og_locale":"es_ES","og_type":"article","og_title":"LOS GOLPES NO SON PARA VERACRUZ, SON PARA ELLA - Los pol\u00edticos Veracruz","og_description":"Bernardo Guti\u00e9rrez ParraDesde el Caf\u00e9 El lunes anterior, polic\u00edas estatales que persegu\u00edan a unos maleantes dispararon por equivocaci\u00f3n sobre el auto de la doctora Bertha Burciaga, que muri\u00f3 casi manera instant\u00e1nea, mientras su acompa\u00f1ante result\u00f3 herida. Los hechos ocurrieron frente a la caseta de peaje de La Loma (carretera M\u00e9xico-Tuxpan) cuando al parecer, los polic\u00edas [&hellip;]","og_url":"https:\/\/lospoliticosveracruz.com\/?p=169847","og_site_name":"Los pol\u00edticos Veracruz","article_publisher":"https:\/\/www.facebook.com\/people\/Notimemes-de-los-Polticos\/61565672886568\/","article_published_time":"2026-04-27T11:45:07+00:00","article_modified_time":"2026-04-27T11:45:08+00:00","og_image":[{"width":1250,"height":667,"url":"https:\/\/lospoliticosveracruz.com\/wp-content\/uploads\/2025\/04\/Bernardo-Gutierrez-Parra.jpg","type":"image\/jpeg"}],"author":"Lo viste en Los Pol\u00edticos","twitter_card":"summary_large_image","twitter_creator":"@LosPoliticosVer","twitter_site":"@LosPoliticosVer","twitter_misc":{"Escrito por":"Lo viste en Los Pol\u00edticos","Tiempo de lectura":"4 minutos"},"schema":{"@context":"https:\/\/schema.org","@graph":[{"@type":"Article","@id":"https:\/\/lospoliticosveracruz.com\/?p=169847#article","isPartOf":{"@id":"https:\/\/lospoliticosveracruz.com\/?p=169847"},"author":{"name":"Lo viste en Los Pol\u00edticos","@id":"https:\/\/lospoliticosveracruz.com\/#\/schema\/person\/b8702bb0e538456e6efd07080bf2a4a2"},"headline":"LOS GOLPES NO SON PARA VERACRUZ, SON PARA ELLA","datePublished":"2026-04-27T11:45:07+00:00","dateModified":"2026-04-27T11:45:08+00:00","mainEntityOfPage":{"@id":"https:\/\/lospoliticosveracruz.com\/?p=169847"},"wordCount":749,"publisher":{"@id":"https:\/\/lospoliticosveracruz.com\/#organization"},"image":{"@id":"https:\/\/lospoliticosveracruz.com\/?p=169847#primaryimage"},"thumbnailUrl":"https:\/\/lospoliticosveracruz.com\/wp-content\/uploads\/2025\/04\/Bernardo-Gutierrez-Parra.jpg","keywords":["Adanely Rodr\u00edguez","Bertha Burciaga","Morena","Poza Rica","Roc\u00edo Nahle","Veracruz"],"articleSection":["De Opini\u00f3n"],"inLanguage":"es"},{"@type":"WebPage","@id":"https:\/\/lospoliticosveracruz.com\/?p=169847","url":"https:\/\/lospoliticosveracruz.com\/?p=169847","name":"LOS GOLPES NO SON PARA VERACRUZ, SON PARA ELLA - Los pol\u00edticos Veracruz","isPartOf":{"@id":"https:\/\/lospoliticosveracruz.com\/#website"},"primaryImageOfPage":{"@id":"https:\/\/lospoliticosveracruz.com\/?p=169847#primaryimage"},"image":{"@id":"https:\/\/lospoliticosveracruz.com\/?p=169847#primaryimage"},"thumbnailUrl":"https:\/\/lospoliticosveracruz.com\/wp-content\/uploads\/2025\/04\/Bernardo-Gutierrez-Parra.jpg","datePublished":"2026-04-27T11:45:07+00:00","dateModified":"2026-04-27T11:45:08+00:00","breadcrumb":{"@id":"https:\/\/lospoliticosveracruz.com\/?p=169847#breadcrumb"},"inLanguage":"es","potentialAction":[{"@type":"ReadAction","target":["https:\/\/lospoliticosveracruz.com\/?p=169847"]}]},{"@type":"ImageObject","inLanguage":"es","@id":"https:\/\/lospoliticosveracruz.com\/?p=169847#primaryimage","url":"https:\/\/lospoliticosveracruz.com\/wp-content\/uploads\/2025\/04\/Bernardo-Gutierrez-Parra.jpg","contentUrl":"https:\/\/lospoliticosveracruz.com\/wp-content\/uploads\/2025\/04\/Bernardo-Gutierrez-Parra.jpg","width":1250,"height":667},{"@type":"BreadcrumbList","@id":"https:\/\/lospoliticosveracruz.com\/?p=169847#breadcrumb","itemListElement":[{"@type":"ListItem","position":1,"name":"Portada","item":"https:\/\/lospoliticosveracruz.com\/"},{"@type":"ListItem","position":2,"name":"LOS GOLPES NO SON PARA VERACRUZ, SON PARA ELLA"}]},{"@type":"WebSite","@id":"https:\/\/lospoliticosveracruz.com\/#website","url":"https:\/\/lospoliticosveracruz.com\/","name":"Los pol\u00edticos Veracruz","description":"","publisher":{"@id":"https:\/\/lospoliticosveracruz.com\/#organization"},"potentialAction":[{"@type":"SearchAction","target":{"@type":"EntryPoint","urlTemplate":"https:\/\/lospoliticosveracruz.com\/?s={search_term_string}"},"query-input":{"@type":"PropertyValueSpecification","valueRequired":true,"valueName":"search_term_string"}}],"inLanguage":"es"},{"@type":"Organization","@id":"https:\/\/lospoliticosveracruz.com\/#organization","name":"Los pol\u00edticos Veracruz","url":"https:\/\/lospoliticosveracruz.com\/","logo":{"@type":"ImageObject","inLanguage":"es","@id":"https:\/\/lospoliticosveracruz.com\/#\/schema\/logo\/image\/","url":"https:\/\/lospoliticosveracruz.com\/wp-content\/uploads\/2025\/12\/Logo-Nuevo-LOS-POLITICOS-1.jpg","contentUrl":"https:\/\/lospoliticosveracruz.com\/wp-content\/uploads\/2025\/12\/Logo-Nuevo-LOS-POLITICOS-1.jpg","width":260,"height":70,"caption":"Los pol\u00edticos Veracruz"},"image":{"@id":"https:\/\/lospoliticosveracruz.com\/#\/schema\/logo\/image\/"},"sameAs":["https:\/\/www.facebook.com\/people\/Notimemes-de-los-Polticos\/61565672886568\/","https:\/\/x.com\/LosPoliticosVer"]},{"@type":"Person","@id":"https:\/\/lospoliticosveracruz.com\/#\/schema\/person\/b8702bb0e538456e6efd07080bf2a4a2","name":"Lo viste en Los Pol\u00edticos","image":{"@type":"ImageObject","inLanguage":"es","@id":"https:\/\/secure.gravatar.com\/avatar\/3a8de04a2656d44082be478bd6c086daa447c4651605818287b9532d3d0bd435?s=96&d=mm&r=g","url":"https:\/\/secure.gravatar.com\/avatar\/3a8de04a2656d44082be478bd6c086daa447c4651605818287b9532d3d0bd435?s=96&d=mm&r=g","contentUrl":"https:\/\/secure.gravatar.com\/avatar\/3a8de04a2656d44082be478bd6c086daa447c4651605818287b9532d3d0bd435?s=96&d=mm&r=g","caption":"Lo viste en Los Pol\u00edticos"},"url":"https:\/\/lospoliticosveracruz.com\/?author=2"}]}},"_links":{"self":[{"href":"https:\/\/lospoliticosveracruz.com\/index.php?rest_route=\/wp\/v2\/posts\/169847","targetHints":{"allow":["GET"]}}],"collection":[{"href":"https:\/\/lospoliticosveracruz.com\/index.php?rest_route=\/wp\/v2\/posts"}],"about":[{"href":"https:\/\/lospoliticosveracruz.com\/index.php?rest_route=\/wp\/v2\/types\/post"}],"author":[{"embeddable":true,"href":"https:\/\/lospoliticosveracruz.com\/index.php?rest_route=\/wp\/v2\/users\/2"}],"replies":[{"embeddable":true,"href":"https:\/\/lospoliticosveracruz.com\/index.php?rest_route=%2Fwp%2Fv2%2Fcomments&post=169847"}],"version-history":[{"count":1,"href":"https:\/\/lospoliticosveracruz.com\/index.php?rest_route=\/wp\/v2\/posts\/169847\/revisions"}],"predecessor-version":[{"id":169848,"href":"https:\/\/lospoliticosveracruz.com\/index.php?rest_route=\/wp\/v2\/posts\/169847\/revisions\/169848"}],"wp:featuredmedia":[{"embeddable":true,"href":"https:\/\/lospoliticosveracruz.com\/index.php?rest_route=\/wp\/v2\/media\/141479"}],"wp:attachment":[{"href":"https:\/\/lospoliticosveracruz.com\/index.php?rest_route=%2Fwp%2Fv2%2Fmedia&parent=169847"}],"wp:term":[{"taxonomy":"category","embeddable":true,"href":"https:\/\/lospoliticosveracruz.com\/index.php?rest_route=%2Fwp%2Fv2%2Fcategories&post=169847"},{"taxonomy":"post_tag","embeddable":true,"href":"https:\/\/lospoliticosveracruz.com\/index.php?rest_route=%2Fwp%2Fv2%2Ftags&post=169847"}],"curies":[{"name":"wp","href":"https:\/\/api.w.org\/{rel}","templated":true}]}}