{"id":169849,"date":"2026-04-27T05:51:58","date_gmt":"2026-04-27T11:51:58","guid":{"rendered":"https:\/\/lospoliticosveracruz.com\/?p=169849"},"modified":"2026-04-27T05:51:59","modified_gmt":"2026-04-27T11:51:59","slug":"despues-del-huracan","status":"publish","type":"post","link":"https:\/\/lospoliticosveracruz.com\/?p=169849","title":{"rendered":"DESPU\u00c9S DEL HURAC\u00c1N"},"content":{"rendered":"\n<p><strong>Tito Barqu\u00edn<\/strong><br><em>Turism\u00f3logo<\/em><br><\/p>\n\n\n\n<p><em>COMIENZA:<\/em><br>Acapulco, Gro.- Estar\u00e1n reunidos, quienes tienen alto poder de decisiones siendo los profesionales de la actividad tur\u00edstica, empresarios lideres de la \u00abIndustria Sin Chimeneas\u00bb, los destinos tur\u00edsticos de talla internacional y apasionados visitantes, queriendo conocer las \u00faltimas tendencia del turismo. La 50\u00aa edici\u00f3n del\u00a0Tianguis Tur\u00edstico M\u00e9xico 2026 empezar\u00e1 el Lunes 27 y finalizando el Jueves 30 de este mes, en el paradisiaco puerto de Acapulco., antiguamente se realizaba en el Centro de Convenciones, ahora ser\u00e1 en \u00abExpo Mundo Imperial\u00bb.<\/p>\n\n\n\n<p><em>RECUPERACI\u00d3N:<\/em><br>De gran impacto econ\u00f3mico para lAcapulco y zona conurbada para poder recuperar lo perdido, por el Hurac\u00e1n \u00abOtis\u00bb aquella madrugada del 25 de Octubre del 2023 y que caus\u00f3 tantas p\u00e9rdidas en los que se dedican a la prestaci\u00f3n de servicios tur\u00edsticos como: Hoteles, Restaurants, Bares, Comercios Diversos, Centros Nocturnos, Casinos, Transportes, Gu\u00edas de Turistas, Agencias de Viajes y Autos, Parques Tem\u00e1ticos y Deportivos, Playas, Aeropuertos, Muelles Tur\u00edsticos, Clubs de Pesca y Yates as\u00ed como en Viviendas.<\/p>\n\n\n\n<p><em>HURAC\u00c1N \u00abOTIS:<\/em><br>Esta Edici\u00f3n tiene significado muy especial, al ser nuevamente en esta ciudad Acapulque\u00f1a, la cual ha demostrado su capacidad para recuperarse y continuar siendo referente de turistas nacionales y extranjeros, despu\u00e9s del inesperado Hurac\u00e1n \u00abOtis\u00bb que destruy\u00f3 la infraestructura tur\u00edstica y viviendas en la Costera, Zona Diamante y lugares aleda\u00f1os, l ha recuperado el 86% de infraestructura hotelera perdida, durante el paso de aquel Fen\u00f3meno Tropical de gran poder destructivo de Categor\u00eda \u00ab5\u00bb en el a\u00f1o 2023, con vientos huracanados de m\u00e1s de 260 (dos cientos sesenta) kms. por hora.<\/p>\n\n\n\n<p><em>PRESENTES:<\/em><br>Confirmados acudan Pa\u00edses como: Estados Unidos, Canad\u00e1, Espa\u00f1a, Brasil, Chile, Jap\u00f3n, China, Irlanda, India, Panam\u00e1, Reino Unido, c\u00f3mo tambi\u00e9n Belice, Costa Rica, Cuba, El Salvador, Honduras, Nicaragua y Colombia entre otros. Estar\u00e1n presentes los 32 Estados de la Rep\u00fablica y los municipios con vocaci\u00f3n tur\u00edstica de M\u00e9xico (se trata que todos los que asistan, vayan a trabajar promocionando los atractivos tur\u00edsticos de cada regi\u00f3n que tanta falta hace, y no de paseo o diversi\u00f3n) Se han inscrito Tour Operadores, Mayoristas, Operadores de viajes Ch\u00e1rter, Asociaciones y C\u00e1maras, Agencias de Viajes, Organizadores de Eventos Especiales siendo de Congresos, Exposiciones,<\/p>\n\n\n\n<p><em>BENEFICIOS:<\/em><br>El puerto de Acapulco, promover\u00e1 la nueva gran inversi\u00f3n extranjera, para construir Terminal de Cruceros Tur\u00edsticos, que contribuir\u00e1 a fortalecer la conectividad y ampliar la llegada de m\u00e1s turistas extranjeros. Un \u00abTianguis Tur\u00edstico\u00bb Siendo su significado: \u00abMercado publico para comercializar productos diversos\u00bb. Es plataforma para conectar la oferta tur\u00edstica de un destino, con los principales compradores nacionales e internacionales, genera encuentros de negocios, oportunidades y alianzas estrat\u00e9gicas con el mercado mundial.<\/p>\n\n\n\n<p><\/p>\n","protected":false},"excerpt":{"rendered":"<p>Tito Barqu\u00ednTurism\u00f3logo COMIENZA:Acapulco, Gro.- Estar\u00e1n reunidos, quienes tienen alto poder de decisiones siendo los profesionales de la actividad tur\u00edstica, empresarios lideres de la \u00abIndustria Sin Chimeneas\u00bb, los destinos tur\u00edsticos de talla internacional y apasionados visitantes, queriendo conocer las \u00faltimas tendencia del turismo. La 50\u00aa edici\u00f3n del\u00a0Tianguis Tur\u00edstico M\u00e9xico 2026 empezar\u00e1 el Lunes 27 y finalizando [&hellip;]<\/p>\n","protected":false},"author":2,"featured_media":141385,"comment_status":"closed","ping_status":"closed","sticky":false,"template":"","format":"standard","meta":{"tdm_status":"","tdm_grid_status":"","footnotes":""},"categories":[70],"tags":[62322,62323,39630,62321],"class_list":{"0":"post-169849","1":"post","2":"type-post","3":"status-publish","4":"format-standard","5":"has-post-thumbnail","7":"category-de-opinion","8":"tag-acapulco","9":"tag-expo-mundo-convenciones","10":"tag-huracan-otis","11":"tag-tianguis-turistico-mexico-2026"},"yoast_head":"<!-- This site is optimized with the Yoast SEO plugin v27.4 - https:\/\/yoast.com\/product\/yoast-seo-wordpress\/ -->\n<title>DESPU\u00c9S DEL HURAC\u00c1N - Los pol\u00edticos Veracruz<\/title>\n<meta name=\"robots\" content=\"index, follow, max-snippet:-1, max-image-preview:large, max-video-preview:-1\" \/>\n<link rel=\"canonical\" href=\"https:\/\/lospoliticosveracruz.com\/?p=169849\" \/>\n<meta property=\"og:locale\" content=\"es_ES\" \/>\n<meta property=\"og:type\" content=\"article\" \/>\n<meta property=\"og:title\" content=\"DESPU\u00c9S DEL HURAC\u00c1N - Los pol\u00edticos Veracruz\" \/>\n<meta property=\"og:description\" content=\"Tito Barqu\u00ednTurism\u00f3logo COMIENZA:Acapulco, Gro.- Estar\u00e1n reunidos, quienes tienen alto poder de decisiones siendo los profesionales de la actividad tur\u00edstica, empresarios lideres de la \u00abIndustria Sin Chimeneas\u00bb, los destinos tur\u00edsticos de talla internacional y apasionados visitantes, queriendo conocer las \u00faltimas tendencia del turismo. La 50\u00aa edici\u00f3n del\u00a0Tianguis Tur\u00edstico M\u00e9xico 2026 empezar\u00e1 el Lunes 27 y finalizando [&hellip;]\" \/>\n<meta property=\"og:url\" content=\"https:\/\/lospoliticosveracruz.com\/?p=169849\" \/>\n<meta property=\"og:site_name\" content=\"Los pol\u00edticos Veracruz\" \/>\n<meta property=\"article:publisher\" content=\"https:\/\/www.facebook.com\/people\/Notimemes-de-los-Polticos\/61565672886568\/\" \/>\n<meta property=\"article:published_time\" content=\"2026-04-27T11:51:58+00:00\" \/>\n<meta property=\"article:modified_time\" content=\"2026-04-27T11:51:59+00:00\" \/>\n<meta property=\"og:image\" content=\"https:\/\/lospoliticosveracruz.com\/wp-content\/uploads\/2025\/04\/Francisco-Tito-Barquin-e1770983005528.jpg\" \/>\n\t<meta property=\"og:image:width\" content=\"600\" \/>\n\t<meta property=\"og:image:height\" content=\"320\" \/>\n\t<meta property=\"og:image:type\" content=\"image\/jpeg\" \/>\n<meta name=\"author\" content=\"Lo viste en Los Pol\u00edticos\" \/>\n<meta name=\"twitter:card\" content=\"summary_large_image\" \/>\n<meta name=\"twitter:creator\" content=\"@LosPoliticosVer\" \/>\n<meta name=\"twitter:site\" content=\"@LosPoliticosVer\" \/>\n<meta name=\"twitter:label1\" content=\"Escrito por\" \/>\n\t<meta name=\"twitter:data1\" content=\"Lo viste en Los Pol\u00edticos\" \/>\n\t<meta name=\"twitter:label2\" content=\"Tiempo de lectura\" \/>\n\t<meta name=\"twitter:data2\" content=\"3 minutos\" \/>\n<script type=\"application\/ld+json\" class=\"yoast-schema-graph\">{\"@context\":\"https:\\\/\\\/schema.org\",\"@graph\":[{\"@type\":\"Article\",\"@id\":\"https:\\\/\\\/lospoliticosveracruz.com\\\/?p=169849#article\",\"isPartOf\":{\"@id\":\"https:\\\/\\\/lospoliticosveracruz.com\\\/?p=169849\"},\"author\":{\"name\":\"Lo viste en Los Pol\u00edticos\",\"@id\":\"https:\\\/\\\/lospoliticosveracruz.com\\\/#\\\/schema\\\/person\\\/b8702bb0e538456e6efd07080bf2a4a2\"},\"headline\":\"DESPU\u00c9S DEL HURAC\u00c1N\",\"datePublished\":\"2026-04-27T11:51:58+00:00\",\"dateModified\":\"2026-04-27T11:51:59+00:00\",\"mainEntityOfPage\":{\"@id\":\"https:\\\/\\\/lospoliticosveracruz.com\\\/?p=169849\"},\"wordCount\":469,\"publisher\":{\"@id\":\"https:\\\/\\\/lospoliticosveracruz.com\\\/#organization\"},\"image\":{\"@id\":\"https:\\\/\\\/lospoliticosveracruz.com\\\/?p=169849#primaryimage\"},\"thumbnailUrl\":\"https:\\\/\\\/lospoliticosveracruz.com\\\/wp-content\\\/uploads\\\/2025\\\/04\\\/Francisco-Tito-Barquin-e1770983005528.jpg\",\"keywords\":[\"Acapulco\",\"Expo Mundo Convenciones\",\"hurac\u00e1n Otis\",\"Tianguis Tur\u00edstico M\u00e9xico 2026\"],\"articleSection\":[\"De Opini\u00f3n\"],\"inLanguage\":\"es\"},{\"@type\":\"WebPage\",\"@id\":\"https:\\\/\\\/lospoliticosveracruz.com\\\/?p=169849\",\"url\":\"https:\\\/\\\/lospoliticosveracruz.com\\\/?p=169849\",\"name\":\"DESPU\u00c9S DEL HURAC\u00c1N - Los pol\u00edticos Veracruz\",\"isPartOf\":{\"@id\":\"https:\\\/\\\/lospoliticosveracruz.com\\\/#website\"},\"primaryImageOfPage\":{\"@id\":\"https:\\\/\\\/lospoliticosveracruz.com\\\/?p=169849#primaryimage\"},\"image\":{\"@id\":\"https:\\\/\\\/lospoliticosveracruz.com\\\/?p=169849#primaryimage\"},\"thumbnailUrl\":\"https:\\\/\\\/lospoliticosveracruz.com\\\/wp-content\\\/uploads\\\/2025\\\/04\\\/Francisco-Tito-Barquin-e1770983005528.jpg\",\"datePublished\":\"2026-04-27T11:51:58+00:00\",\"dateModified\":\"2026-04-27T11:51:59+00:00\",\"breadcrumb\":{\"@id\":\"https:\\\/\\\/lospoliticosveracruz.com\\\/?p=169849#breadcrumb\"},\"inLanguage\":\"es\",\"potentialAction\":[{\"@type\":\"ReadAction\",\"target\":[\"https:\\\/\\\/lospoliticosveracruz.com\\\/?p=169849\"]}]},{\"@type\":\"ImageObject\",\"inLanguage\":\"es\",\"@id\":\"https:\\\/\\\/lospoliticosveracruz.com\\\/?p=169849#primaryimage\",\"url\":\"https:\\\/\\\/lospoliticosveracruz.com\\\/wp-content\\\/uploads\\\/2025\\\/04\\\/Francisco-Tito-Barquin-e1770983005528.jpg\",\"contentUrl\":\"https:\\\/\\\/lospoliticosveracruz.com\\\/wp-content\\\/uploads\\\/2025\\\/04\\\/Francisco-Tito-Barquin-e1770983005528.jpg\",\"width\":600,\"height\":320},{\"@type\":\"BreadcrumbList\",\"@id\":\"https:\\\/\\\/lospoliticosveracruz.com\\\/?p=169849#breadcrumb\",\"itemListElement\":[{\"@type\":\"ListItem\",\"position\":1,\"name\":\"Portada\",\"item\":\"https:\\\/\\\/lospoliticosveracruz.com\\\/\"},{\"@type\":\"ListItem\",\"position\":2,\"name\":\"DESPU\u00c9S DEL HURAC\u00c1N\"}]},{\"@type\":\"WebSite\",\"@id\":\"https:\\\/\\\/lospoliticosveracruz.com\\\/#website\",\"url\":\"https:\\\/\\\/lospoliticosveracruz.com\\\/\",\"name\":\"Los pol\u00edticos Veracruz\",\"description\":\"\",\"publisher\":{\"@id\":\"https:\\\/\\\/lospoliticosveracruz.com\\\/#organization\"},\"potentialAction\":[{\"@type\":\"SearchAction\",\"target\":{\"@type\":\"EntryPoint\",\"urlTemplate\":\"https:\\\/\\\/lospoliticosveracruz.com\\\/?s={search_term_string}\"},\"query-input\":{\"@type\":\"PropertyValueSpecification\",\"valueRequired\":true,\"valueName\":\"search_term_string\"}}],\"inLanguage\":\"es\"},{\"@type\":\"Organization\",\"@id\":\"https:\\\/\\\/lospoliticosveracruz.com\\\/#organization\",\"name\":\"Los pol\u00edticos Veracruz\",\"url\":\"https:\\\/\\\/lospoliticosveracruz.com\\\/\",\"logo\":{\"@type\":\"ImageObject\",\"inLanguage\":\"es\",\"@id\":\"https:\\\/\\\/lospoliticosveracruz.com\\\/#\\\/schema\\\/logo\\\/image\\\/\",\"url\":\"https:\\\/\\\/lospoliticosveracruz.com\\\/wp-content\\\/uploads\\\/2025\\\/12\\\/Logo-Nuevo-LOS-POLITICOS-1.jpg\",\"contentUrl\":\"https:\\\/\\\/lospoliticosveracruz.com\\\/wp-content\\\/uploads\\\/2025\\\/12\\\/Logo-Nuevo-LOS-POLITICOS-1.jpg\",\"width\":260,\"height\":70,\"caption\":\"Los pol\u00edticos Veracruz\"},\"image\":{\"@id\":\"https:\\\/\\\/lospoliticosveracruz.com\\\/#\\\/schema\\\/logo\\\/image\\\/\"},\"sameAs\":[\"https:\\\/\\\/www.facebook.com\\\/people\\\/Notimemes-de-los-Polticos\\\/61565672886568\\\/\",\"https:\\\/\\\/x.com\\\/LosPoliticosVer\"]},{\"@type\":\"Person\",\"@id\":\"https:\\\/\\\/lospoliticosveracruz.com\\\/#\\\/schema\\\/person\\\/b8702bb0e538456e6efd07080bf2a4a2\",\"name\":\"Lo viste en Los Pol\u00edticos\",\"image\":{\"@type\":\"ImageObject\",\"inLanguage\":\"es\",\"@id\":\"https:\\\/\\\/secure.gravatar.com\\\/avatar\\\/3a8de04a2656d44082be478bd6c086daa447c4651605818287b9532d3d0bd435?s=96&d=mm&r=g\",\"url\":\"https:\\\/\\\/secure.gravatar.com\\\/avatar\\\/3a8de04a2656d44082be478bd6c086daa447c4651605818287b9532d3d0bd435?s=96&d=mm&r=g\",\"contentUrl\":\"https:\\\/\\\/secure.gravatar.com\\\/avatar\\\/3a8de04a2656d44082be478bd6c086daa447c4651605818287b9532d3d0bd435?s=96&d=mm&r=g\",\"caption\":\"Lo viste en Los Pol\u00edticos\"},\"url\":\"https:\\\/\\\/lospoliticosveracruz.com\\\/?author=2\"}]}<\/script>\n<!-- \/ Yoast SEO plugin. -->","yoast_head_json":{"title":"DESPU\u00c9S DEL HURAC\u00c1N - Los pol\u00edticos Veracruz","robots":{"index":"index","follow":"follow","max-snippet":"max-snippet:-1","max-image-preview":"max-image-preview:large","max-video-preview":"max-video-preview:-1"},"canonical":"https:\/\/lospoliticosveracruz.com\/?p=169849","og_locale":"es_ES","og_type":"article","og_title":"DESPU\u00c9S DEL HURAC\u00c1N - Los pol\u00edticos Veracruz","og_description":"Tito Barqu\u00ednTurism\u00f3logo COMIENZA:Acapulco, Gro.- Estar\u00e1n reunidos, quienes tienen alto poder de decisiones siendo los profesionales de la actividad tur\u00edstica, empresarios lideres de la \u00abIndustria Sin Chimeneas\u00bb, los destinos tur\u00edsticos de talla internacional y apasionados visitantes, queriendo conocer las \u00faltimas tendencia del turismo. La 50\u00aa edici\u00f3n del\u00a0Tianguis Tur\u00edstico M\u00e9xico 2026 empezar\u00e1 el Lunes 27 y finalizando [&hellip;]","og_url":"https:\/\/lospoliticosveracruz.com\/?p=169849","og_site_name":"Los pol\u00edticos Veracruz","article_publisher":"https:\/\/www.facebook.com\/people\/Notimemes-de-los-Polticos\/61565672886568\/","article_published_time":"2026-04-27T11:51:58+00:00","article_modified_time":"2026-04-27T11:51:59+00:00","og_image":[{"width":600,"height":320,"url":"https:\/\/lospoliticosveracruz.com\/wp-content\/uploads\/2025\/04\/Francisco-Tito-Barquin-e1770983005528.jpg","type":"image\/jpeg"}],"author":"Lo viste en Los Pol\u00edticos","twitter_card":"summary_large_image","twitter_creator":"@LosPoliticosVer","twitter_site":"@LosPoliticosVer","twitter_misc":{"Escrito por":"Lo viste en Los Pol\u00edticos","Tiempo de lectura":"3 minutos"},"schema":{"@context":"https:\/\/schema.org","@graph":[{"@type":"Article","@id":"https:\/\/lospoliticosveracruz.com\/?p=169849#article","isPartOf":{"@id":"https:\/\/lospoliticosveracruz.com\/?p=169849"},"author":{"name":"Lo viste en Los Pol\u00edticos","@id":"https:\/\/lospoliticosveracruz.com\/#\/schema\/person\/b8702bb0e538456e6efd07080bf2a4a2"},"headline":"DESPU\u00c9S DEL HURAC\u00c1N","datePublished":"2026-04-27T11:51:58+00:00","dateModified":"2026-04-27T11:51:59+00:00","mainEntityOfPage":{"@id":"https:\/\/lospoliticosveracruz.com\/?p=169849"},"wordCount":469,"publisher":{"@id":"https:\/\/lospoliticosveracruz.com\/#organization"},"image":{"@id":"https:\/\/lospoliticosveracruz.com\/?p=169849#primaryimage"},"thumbnailUrl":"https:\/\/lospoliticosveracruz.com\/wp-content\/uploads\/2025\/04\/Francisco-Tito-Barquin-e1770983005528.jpg","keywords":["Acapulco","Expo Mundo Convenciones","hurac\u00e1n Otis","Tianguis Tur\u00edstico M\u00e9xico 2026"],"articleSection":["De Opini\u00f3n"],"inLanguage":"es"},{"@type":"WebPage","@id":"https:\/\/lospoliticosveracruz.com\/?p=169849","url":"https:\/\/lospoliticosveracruz.com\/?p=169849","name":"DESPU\u00c9S DEL HURAC\u00c1N - Los pol\u00edticos Veracruz","isPartOf":{"@id":"https:\/\/lospoliticosveracruz.com\/#website"},"primaryImageOfPage":{"@id":"https:\/\/lospoliticosveracruz.com\/?p=169849#primaryimage"},"image":{"@id":"https:\/\/lospoliticosveracruz.com\/?p=169849#primaryimage"},"thumbnailUrl":"https:\/\/lospoliticosveracruz.com\/wp-content\/uploads\/2025\/04\/Francisco-Tito-Barquin-e1770983005528.jpg","datePublished":"2026-04-27T11:51:58+00:00","dateModified":"2026-04-27T11:51:59+00:00","breadcrumb":{"@id":"https:\/\/lospoliticosveracruz.com\/?p=169849#breadcrumb"},"inLanguage":"es","potentialAction":[{"@type":"ReadAction","target":["https:\/\/lospoliticosveracruz.com\/?p=169849"]}]},{"@type":"ImageObject","inLanguage":"es","@id":"https:\/\/lospoliticosveracruz.com\/?p=169849#primaryimage","url":"https:\/\/lospoliticosveracruz.com\/wp-content\/uploads\/2025\/04\/Francisco-Tito-Barquin-e1770983005528.jpg","contentUrl":"https:\/\/lospoliticosveracruz.com\/wp-content\/uploads\/2025\/04\/Francisco-Tito-Barquin-e1770983005528.jpg","width":600,"height":320},{"@type":"BreadcrumbList","@id":"https:\/\/lospoliticosveracruz.com\/?p=169849#breadcrumb","itemListElement":[{"@type":"ListItem","position":1,"name":"Portada","item":"https:\/\/lospoliticosveracruz.com\/"},{"@type":"ListItem","position":2,"name":"DESPU\u00c9S DEL HURAC\u00c1N"}]},{"@type":"WebSite","@id":"https:\/\/lospoliticosveracruz.com\/#website","url":"https:\/\/lospoliticosveracruz.com\/","name":"Los pol\u00edticos Veracruz","description":"","publisher":{"@id":"https:\/\/lospoliticosveracruz.com\/#organization"},"potentialAction":[{"@type":"SearchAction","target":{"@type":"EntryPoint","urlTemplate":"https:\/\/lospoliticosveracruz.com\/?s={search_term_string}"},"query-input":{"@type":"PropertyValueSpecification","valueRequired":true,"valueName":"search_term_string"}}],"inLanguage":"es"},{"@type":"Organization","@id":"https:\/\/lospoliticosveracruz.com\/#organization","name":"Los pol\u00edticos Veracruz","url":"https:\/\/lospoliticosveracruz.com\/","logo":{"@type":"ImageObject","inLanguage":"es","@id":"https:\/\/lospoliticosveracruz.com\/#\/schema\/logo\/image\/","url":"https:\/\/lospoliticosveracruz.com\/wp-content\/uploads\/2025\/12\/Logo-Nuevo-LOS-POLITICOS-1.jpg","contentUrl":"https:\/\/lospoliticosveracruz.com\/wp-content\/uploads\/2025\/12\/Logo-Nuevo-LOS-POLITICOS-1.jpg","width":260,"height":70,"caption":"Los pol\u00edticos Veracruz"},"image":{"@id":"https:\/\/lospoliticosveracruz.com\/#\/schema\/logo\/image\/"},"sameAs":["https:\/\/www.facebook.com\/people\/Notimemes-de-los-Polticos\/61565672886568\/","https:\/\/x.com\/LosPoliticosVer"]},{"@type":"Person","@id":"https:\/\/lospoliticosveracruz.com\/#\/schema\/person\/b8702bb0e538456e6efd07080bf2a4a2","name":"Lo viste en Los Pol\u00edticos","image":{"@type":"ImageObject","inLanguage":"es","@id":"https:\/\/secure.gravatar.com\/avatar\/3a8de04a2656d44082be478bd6c086daa447c4651605818287b9532d3d0bd435?s=96&d=mm&r=g","url":"https:\/\/secure.gravatar.com\/avatar\/3a8de04a2656d44082be478bd6c086daa447c4651605818287b9532d3d0bd435?s=96&d=mm&r=g","contentUrl":"https:\/\/secure.gravatar.com\/avatar\/3a8de04a2656d44082be478bd6c086daa447c4651605818287b9532d3d0bd435?s=96&d=mm&r=g","caption":"Lo viste en Los Pol\u00edticos"},"url":"https:\/\/lospoliticosveracruz.com\/?author=2"}]}},"_links":{"self":[{"href":"https:\/\/lospoliticosveracruz.com\/index.php?rest_route=\/wp\/v2\/posts\/169849","targetHints":{"allow":["GET"]}}],"collection":[{"href":"https:\/\/lospoliticosveracruz.com\/index.php?rest_route=\/wp\/v2\/posts"}],"about":[{"href":"https:\/\/lospoliticosveracruz.com\/index.php?rest_route=\/wp\/v2\/types\/post"}],"author":[{"embeddable":true,"href":"https:\/\/lospoliticosveracruz.com\/index.php?rest_route=\/wp\/v2\/users\/2"}],"replies":[{"embeddable":true,"href":"https:\/\/lospoliticosveracruz.com\/index.php?rest_route=%2Fwp%2Fv2%2Fcomments&post=169849"}],"version-history":[{"count":1,"href":"https:\/\/lospoliticosveracruz.com\/index.php?rest_route=\/wp\/v2\/posts\/169849\/revisions"}],"predecessor-version":[{"id":169850,"href":"https:\/\/lospoliticosveracruz.com\/index.php?rest_route=\/wp\/v2\/posts\/169849\/revisions\/169850"}],"wp:featuredmedia":[{"embeddable":true,"href":"https:\/\/lospoliticosveracruz.com\/index.php?rest_route=\/wp\/v2\/media\/141385"}],"wp:attachment":[{"href":"https:\/\/lospoliticosveracruz.com\/index.php?rest_route=%2Fwp%2Fv2%2Fmedia&parent=169849"}],"wp:term":[{"taxonomy":"category","embeddable":true,"href":"https:\/\/lospoliticosveracruz.com\/index.php?rest_route=%2Fwp%2Fv2%2Fcategories&post=169849"},{"taxonomy":"post_tag","embeddable":true,"href":"https:\/\/lospoliticosveracruz.com\/index.php?rest_route=%2Fwp%2Fv2%2Ftags&post=169849"}],"curies":[{"name":"wp","href":"https:\/\/api.w.org\/{rel}","templated":true}]}}