{"id":169853,"date":"2026-04-27T06:06:13","date_gmt":"2026-04-27T12:06:13","guid":{"rendered":"https:\/\/lospoliticosveracruz.com\/?p=169853"},"modified":"2026-04-27T06:06:14","modified_gmt":"2026-04-27T12:06:14","slug":"el-bolsillo-vapuleado","status":"publish","type":"post","link":"https:\/\/lospoliticosveracruz.com\/?p=169853","title":{"rendered":"EL BOLSILLO, VAPULEADO"},"content":{"rendered":"\n<p><strong>Fanny Y\u00e9pez<\/strong><br><em>La Columna<\/em><\/p>\n\n\n\n<p>Hasta este mes de abril, los trabajadores en Veracruz enfrentan una situaci\u00f3n compleja donde, a pesar de los incrementos nominales al salario m\u00ednimo, han experimentado una p\u00e9rdida real en sus beneficios econ\u00f3micos, principalmente debido a la inflaci\u00f3n.<br>El duro golpe a la econom\u00eda de las familias asalariadas no es menor. En los \u00faltimos ocho a\u00f1os, el costo de la canasta alimentaria se dispar\u00f3 67 por ciento, muy por encima de la inflaci\u00f3n en M\u00e9xico. Lo que antes comprabas con mil 500 pesos, actualmente cuesta casi el doble. Comer \u201cbien\u201d, o al menos sin caer en pobreza extrema, se volvi\u00f3 m\u00e1s caro\u2026 y m\u00e1s complicado.<br>El 1 de mayo de 2026 en M\u00e9xico, los trabajadores marchar\u00e1n principalmente por la reducci\u00f3n de la jornada laboral a 40 horas, el aumento de pensiones, mejores salarios, el pago de utilidades y la defensa de derechos sindicales. Es un d\u00eda de descanso obligatorio, con pago triple si se labora, protegido por el Gobierno de M\u00e9xico.<br>Aunque el salario m\u00ednimo aument\u00f3 a $315.04 diarios en el a\u00f1o actual, la alta inflaci\u00f3n ha provocado que los trabajadores pierdan m\u00e1s del 17% del poder adquisitivo en su capacidad de compra, por ello, El aumento salarial del 13% ha sido insuficiente para cubrir el aumento en el costo de la canasta b\u00e1sica.<br>Aproximadamente el 30% de los trabajadores en M\u00e9xico (incluyendo Veracruz) experimentan una disminuci\u00f3n en su ingreso neto debido a una actualizaci\u00f3n en las tablas del Impuesto Sobre la Renta (ISR) por parte del SAT en 2026. Esto afecta principalmente a quienes ganan ligeramente m\u00e1s de un salario m\u00ednimo (entre $9,587.50 y $11,492 pesos mensuales), resultando en mayores retenciones a pesar de tener un sueldo bruto m\u00e1s alto.<br>Representantes sindicales como la CROC han se\u00f1alado que la inflaci\u00f3n (que ya supera 4.5% anual en los primeros meses de 2026) esto \u00abpulveriza\u00bb los aumentos salariales, haciendo que el dinero alcance para menos bienes b\u00e1sicos.<br>Otros factores que afectan el empleo en Veracruz en 2026, son: la informalidad, el aumento al salario m\u00ednimo no beneficia a la gran cantidad de trabajadores en el sector informal, lo que acent\u00faa la brecha de desigualdad.<br>En tanto, la inseguridad y el desempleo siguen siendo preocupaciones importantes para la fuerza laboral en la entidad, seg\u00fan estad\u00edsticas del INEGI.<br>Se ha dado entrada a una iniciativa para crear un Seguro de Desempleo en el estado para proteger a quienes pierden su empleo formal, pero esta propuesta no ha prosperado.<br>Los trabajadores en M\u00e9xico enfrentan un entorno laboral en este a\u00f1o, marcado por altos niveles de estr\u00e9s, inestabilidad contractual y una significativa carga de trabajo. Seg\u00fan datos, casi ocho de cada diez trabajadores experimentar\u00e1n alg\u00fan nivel de estr\u00e9s laboral, con un 43% vivi\u00e9ndolo de forma cotidiana y 30% con consecuencias visibles.<br>El empleo formal en Veracruz enfrenta un panorama complejo en 2026, con una contracci\u00f3n del -1.2% en el primer trimestre, situ\u00e1ndose por debajo del promedio nacional y posicionando al estado en el lugar 20 a nivel nacional. Esta ca\u00edda refleja un debilitamiento estructural que contrasta con la estabilidad reportada en sectores con contratos colectivos.<br>Todo esto y aunado a que el costo de la canasta b\u00e1sica en M\u00e9xico aument\u00f3 a $2,106.45 pesos promedio, un alza mensual del 1.01%.<br>Productos como jitomate, chile poblano, chile jalape\u00f1o, papa y caf\u00e9 registraron fuertes incrementos. A pesar del pacto PACIC, la inflaci\u00f3n afecta principalmente a hogares de ingresos bajos.<br>La canasta b\u00e1sica de 44 productos subi\u00f3 de $2,085.32 en marzo; a $2,106.45 en abril. Los productos con mayor alza son el jitomate (con incrementos superiores al 100% en marzo), chile poblano, chile jalape\u00f1o, papa y zanahoria impulsaron el aumento.<br>Un claro ejemplo del incremento de precios de los productos de primera necesidad es el jitomate. El precio del jitomate en M\u00e9xico ha superado los $60 pesos por kilo en abril 2026 debido a una fuerte reducci\u00f3n en la oferta, impulsada por condiciones clim\u00e1ticas adversas (heladas\/lluvias) que afectaron la producci\u00f3n en Sinaloa. A esto se suman mayores costos de transporte, bloqueos carreteros y un aumento en los costos de producci\u00f3n.<br>Detr\u00e1s de ese cambio hay una tormenta perfecta: alimentos que suben m\u00e1s r\u00e1pido que el resto de los precios, gasolina que encarece el transporte, y salarios que no siempre siguen el ritmo. El resultado es una presi\u00f3n constante sobre los bolsillos, sobre todo en los hogares de menores ingresos.<br>Por todo ello, los trabajadores este 1 de mayo demandar\u00e1n pensiones dignas y que las pensiones se calculen en salarios m\u00ednimos y no en UMA (Unidad de Medida y Actualizaci\u00f3n).<br>Mejores condiciones econ\u00f3micas: Incrementos salariales reales, revisi\u00f3n de contratos colectivos y la eliminaci\u00f3n de impuestos a prestaciones como el aguinaldo.<br>Es posible que este a\u00f1o el desfile del 1 de mayo donde van a trabajar al menos 50 mil obreros, tenga otras connotaciones, porque la situaci\u00f3n se ha resentido en todos los sectores y si es verdad que a los empleados y obreros no les alcanza el sueldo, tambi\u00e9n es cierto que a los comerciantes tradicionales las ventas les han bajado considerablemente.<br>No hay que ser muy estudioso de las finanzas para observar que, al meter la mano al bolsillo, no hay el dinero que realmente necesitamos y que ese estado es generalizado en muchas partes del pa\u00eds.<br>No se expande la econom\u00eda por las amenazas constantes de extorsi\u00f3n, lo que, adem\u00e1s, inhibe que m\u00e1s empresarios inviertan sus capitales en distintos estados del pa\u00eds y, por el contrario, lamentablemente, en las plazas comerciales se siguen cerrando negocios porque ya no son redituables.<\/p>\n\n\n\n<p><\/p>\n","protected":false},"excerpt":{"rendered":"<p>Fanny Y\u00e9pezLa Columna Hasta este mes de abril, los trabajadores en Veracruz enfrentan una situaci\u00f3n compleja donde, a pesar de los incrementos nominales al salario m\u00ednimo, han experimentado una p\u00e9rdida real en sus beneficios econ\u00f3micos, principalmente debido a la inflaci\u00f3n.El duro golpe a la econom\u00eda de las familias asalariadas no es menor. En los \u00faltimos [&hellip;]<\/p>\n","protected":false},"author":2,"featured_media":141383,"comment_status":"closed","ping_status":"closed","sticky":false,"template":"","format":"standard","meta":{"tdm_status":"","tdm_grid_status":"","footnotes":""},"categories":[70],"tags":[18760,62324,39960,12573,195],"class_list":{"0":"post-169853","1":"post","2":"type-post","3":"status-publish","4":"format-standard","5":"has-post-thumbnail","7":"category-de-opinion","8":"tag-canasta-basica","9":"tag-derechos-sindicales","10":"tag-inflacion-2","11":"tag-pobreza-extrema","12":"tag-veracruz"},"yoast_head":"<!-- This site is optimized with the Yoast SEO plugin v27.4 - https:\/\/yoast.com\/product\/yoast-seo-wordpress\/ -->\n<title>EL BOLSILLO, VAPULEADO - Los pol\u00edticos Veracruz<\/title>\n<meta name=\"robots\" content=\"index, follow, max-snippet:-1, max-image-preview:large, max-video-preview:-1\" \/>\n<link rel=\"canonical\" href=\"https:\/\/lospoliticosveracruz.com\/?p=169853\" \/>\n<meta property=\"og:locale\" content=\"es_ES\" \/>\n<meta property=\"og:type\" content=\"article\" \/>\n<meta property=\"og:title\" content=\"EL BOLSILLO, VAPULEADO - Los pol\u00edticos Veracruz\" \/>\n<meta property=\"og:description\" content=\"Fanny Y\u00e9pezLa Columna Hasta este mes de abril, los trabajadores en Veracruz enfrentan una situaci\u00f3n compleja donde, a pesar de los incrementos nominales al salario m\u00ednimo, han experimentado una p\u00e9rdida real en sus beneficios econ\u00f3micos, principalmente debido a la inflaci\u00f3n.El duro golpe a la econom\u00eda de las familias asalariadas no es menor. En los \u00faltimos [&hellip;]\" \/>\n<meta property=\"og:url\" content=\"https:\/\/lospoliticosveracruz.com\/?p=169853\" \/>\n<meta property=\"og:site_name\" content=\"Los pol\u00edticos Veracruz\" \/>\n<meta property=\"article:publisher\" content=\"https:\/\/www.facebook.com\/people\/Notimemes-de-los-Polticos\/61565672886568\/\" \/>\n<meta property=\"article:published_time\" content=\"2026-04-27T12:06:13+00:00\" \/>\n<meta property=\"article:modified_time\" content=\"2026-04-27T12:06:14+00:00\" \/>\n<meta property=\"og:image\" content=\"https:\/\/lospoliticosveracruz.com\/wp-content\/uploads\/2025\/04\/Fanny-Yepez-Luna-e1768657334923.jpg\" \/>\n\t<meta property=\"og:image:width\" content=\"600\" \/>\n\t<meta property=\"og:image:height\" content=\"320\" \/>\n\t<meta property=\"og:image:type\" content=\"image\/jpeg\" \/>\n<meta name=\"author\" content=\"Lo viste en Los Pol\u00edticos\" \/>\n<meta name=\"twitter:card\" content=\"summary_large_image\" \/>\n<meta name=\"twitter:creator\" content=\"@LosPoliticosVer\" \/>\n<meta name=\"twitter:site\" content=\"@LosPoliticosVer\" \/>\n<meta name=\"twitter:label1\" content=\"Escrito por\" \/>\n\t<meta name=\"twitter:data1\" content=\"Lo viste en Los Pol\u00edticos\" \/>\n\t<meta name=\"twitter:label2\" content=\"Tiempo de lectura\" \/>\n\t<meta name=\"twitter:data2\" content=\"5 minutos\" \/>\n<script type=\"application\/ld+json\" class=\"yoast-schema-graph\">{\"@context\":\"https:\\\/\\\/schema.org\",\"@graph\":[{\"@type\":\"Article\",\"@id\":\"https:\\\/\\\/lospoliticosveracruz.com\\\/?p=169853#article\",\"isPartOf\":{\"@id\":\"https:\\\/\\\/lospoliticosveracruz.com\\\/?p=169853\"},\"author\":{\"name\":\"Lo viste en Los Pol\u00edticos\",\"@id\":\"https:\\\/\\\/lospoliticosveracruz.com\\\/#\\\/schema\\\/person\\\/b8702bb0e538456e6efd07080bf2a4a2\"},\"headline\":\"EL BOLSILLO, VAPULEADO\",\"datePublished\":\"2026-04-27T12:06:13+00:00\",\"dateModified\":\"2026-04-27T12:06:14+00:00\",\"mainEntityOfPage\":{\"@id\":\"https:\\\/\\\/lospoliticosveracruz.com\\\/?p=169853\"},\"wordCount\":965,\"publisher\":{\"@id\":\"https:\\\/\\\/lospoliticosveracruz.com\\\/#organization\"},\"image\":{\"@id\":\"https:\\\/\\\/lospoliticosveracruz.com\\\/?p=169853#primaryimage\"},\"thumbnailUrl\":\"https:\\\/\\\/lospoliticosveracruz.com\\\/wp-content\\\/uploads\\\/2025\\\/04\\\/Fanny-Yepez-Luna-e1768657334923.jpg\",\"keywords\":[\"canasta b\u00e1sica\",\"derechos sindicales\",\"INFLACI\u00d3N\",\"pobreza extrema\",\"Veracruz\"],\"articleSection\":[\"De Opini\u00f3n\"],\"inLanguage\":\"es\"},{\"@type\":\"WebPage\",\"@id\":\"https:\\\/\\\/lospoliticosveracruz.com\\\/?p=169853\",\"url\":\"https:\\\/\\\/lospoliticosveracruz.com\\\/?p=169853\",\"name\":\"EL BOLSILLO, VAPULEADO - Los pol\u00edticos Veracruz\",\"isPartOf\":{\"@id\":\"https:\\\/\\\/lospoliticosveracruz.com\\\/#website\"},\"primaryImageOfPage\":{\"@id\":\"https:\\\/\\\/lospoliticosveracruz.com\\\/?p=169853#primaryimage\"},\"image\":{\"@id\":\"https:\\\/\\\/lospoliticosveracruz.com\\\/?p=169853#primaryimage\"},\"thumbnailUrl\":\"https:\\\/\\\/lospoliticosveracruz.com\\\/wp-content\\\/uploads\\\/2025\\\/04\\\/Fanny-Yepez-Luna-e1768657334923.jpg\",\"datePublished\":\"2026-04-27T12:06:13+00:00\",\"dateModified\":\"2026-04-27T12:06:14+00:00\",\"breadcrumb\":{\"@id\":\"https:\\\/\\\/lospoliticosveracruz.com\\\/?p=169853#breadcrumb\"},\"inLanguage\":\"es\",\"potentialAction\":[{\"@type\":\"ReadAction\",\"target\":[\"https:\\\/\\\/lospoliticosveracruz.com\\\/?p=169853\"]}]},{\"@type\":\"ImageObject\",\"inLanguage\":\"es\",\"@id\":\"https:\\\/\\\/lospoliticosveracruz.com\\\/?p=169853#primaryimage\",\"url\":\"https:\\\/\\\/lospoliticosveracruz.com\\\/wp-content\\\/uploads\\\/2025\\\/04\\\/Fanny-Yepez-Luna-e1768657334923.jpg\",\"contentUrl\":\"https:\\\/\\\/lospoliticosveracruz.com\\\/wp-content\\\/uploads\\\/2025\\\/04\\\/Fanny-Yepez-Luna-e1768657334923.jpg\",\"width\":600,\"height\":320},{\"@type\":\"BreadcrumbList\",\"@id\":\"https:\\\/\\\/lospoliticosveracruz.com\\\/?p=169853#breadcrumb\",\"itemListElement\":[{\"@type\":\"ListItem\",\"position\":1,\"name\":\"Portada\",\"item\":\"https:\\\/\\\/lospoliticosveracruz.com\\\/\"},{\"@type\":\"ListItem\",\"position\":2,\"name\":\"EL BOLSILLO, VAPULEADO\"}]},{\"@type\":\"WebSite\",\"@id\":\"https:\\\/\\\/lospoliticosveracruz.com\\\/#website\",\"url\":\"https:\\\/\\\/lospoliticosveracruz.com\\\/\",\"name\":\"Los pol\u00edticos Veracruz\",\"description\":\"\",\"publisher\":{\"@id\":\"https:\\\/\\\/lospoliticosveracruz.com\\\/#organization\"},\"potentialAction\":[{\"@type\":\"SearchAction\",\"target\":{\"@type\":\"EntryPoint\",\"urlTemplate\":\"https:\\\/\\\/lospoliticosveracruz.com\\\/?s={search_term_string}\"},\"query-input\":{\"@type\":\"PropertyValueSpecification\",\"valueRequired\":true,\"valueName\":\"search_term_string\"}}],\"inLanguage\":\"es\"},{\"@type\":\"Organization\",\"@id\":\"https:\\\/\\\/lospoliticosveracruz.com\\\/#organization\",\"name\":\"Los pol\u00edticos Veracruz\",\"url\":\"https:\\\/\\\/lospoliticosveracruz.com\\\/\",\"logo\":{\"@type\":\"ImageObject\",\"inLanguage\":\"es\",\"@id\":\"https:\\\/\\\/lospoliticosveracruz.com\\\/#\\\/schema\\\/logo\\\/image\\\/\",\"url\":\"https:\\\/\\\/lospoliticosveracruz.com\\\/wp-content\\\/uploads\\\/2025\\\/12\\\/Logo-Nuevo-LOS-POLITICOS-1.jpg\",\"contentUrl\":\"https:\\\/\\\/lospoliticosveracruz.com\\\/wp-content\\\/uploads\\\/2025\\\/12\\\/Logo-Nuevo-LOS-POLITICOS-1.jpg\",\"width\":260,\"height\":70,\"caption\":\"Los pol\u00edticos Veracruz\"},\"image\":{\"@id\":\"https:\\\/\\\/lospoliticosveracruz.com\\\/#\\\/schema\\\/logo\\\/image\\\/\"},\"sameAs\":[\"https:\\\/\\\/www.facebook.com\\\/people\\\/Notimemes-de-los-Polticos\\\/61565672886568\\\/\",\"https:\\\/\\\/x.com\\\/LosPoliticosVer\"]},{\"@type\":\"Person\",\"@id\":\"https:\\\/\\\/lospoliticosveracruz.com\\\/#\\\/schema\\\/person\\\/b8702bb0e538456e6efd07080bf2a4a2\",\"name\":\"Lo viste en Los Pol\u00edticos\",\"image\":{\"@type\":\"ImageObject\",\"inLanguage\":\"es\",\"@id\":\"https:\\\/\\\/secure.gravatar.com\\\/avatar\\\/3a8de04a2656d44082be478bd6c086daa447c4651605818287b9532d3d0bd435?s=96&d=mm&r=g\",\"url\":\"https:\\\/\\\/secure.gravatar.com\\\/avatar\\\/3a8de04a2656d44082be478bd6c086daa447c4651605818287b9532d3d0bd435?s=96&d=mm&r=g\",\"contentUrl\":\"https:\\\/\\\/secure.gravatar.com\\\/avatar\\\/3a8de04a2656d44082be478bd6c086daa447c4651605818287b9532d3d0bd435?s=96&d=mm&r=g\",\"caption\":\"Lo viste en Los Pol\u00edticos\"},\"url\":\"https:\\\/\\\/lospoliticosveracruz.com\\\/?author=2\"}]}<\/script>\n<!-- \/ Yoast SEO plugin. -->","yoast_head_json":{"title":"EL BOLSILLO, VAPULEADO - Los pol\u00edticos Veracruz","robots":{"index":"index","follow":"follow","max-snippet":"max-snippet:-1","max-image-preview":"max-image-preview:large","max-video-preview":"max-video-preview:-1"},"canonical":"https:\/\/lospoliticosveracruz.com\/?p=169853","og_locale":"es_ES","og_type":"article","og_title":"EL BOLSILLO, VAPULEADO - Los pol\u00edticos Veracruz","og_description":"Fanny Y\u00e9pezLa Columna Hasta este mes de abril, los trabajadores en Veracruz enfrentan una situaci\u00f3n compleja donde, a pesar de los incrementos nominales al salario m\u00ednimo, han experimentado una p\u00e9rdida real en sus beneficios econ\u00f3micos, principalmente debido a la inflaci\u00f3n.El duro golpe a la econom\u00eda de las familias asalariadas no es menor. En los \u00faltimos [&hellip;]","og_url":"https:\/\/lospoliticosveracruz.com\/?p=169853","og_site_name":"Los pol\u00edticos Veracruz","article_publisher":"https:\/\/www.facebook.com\/people\/Notimemes-de-los-Polticos\/61565672886568\/","article_published_time":"2026-04-27T12:06:13+00:00","article_modified_time":"2026-04-27T12:06:14+00:00","og_image":[{"width":600,"height":320,"url":"https:\/\/lospoliticosveracruz.com\/wp-content\/uploads\/2025\/04\/Fanny-Yepez-Luna-e1768657334923.jpg","type":"image\/jpeg"}],"author":"Lo viste en Los Pol\u00edticos","twitter_card":"summary_large_image","twitter_creator":"@LosPoliticosVer","twitter_site":"@LosPoliticosVer","twitter_misc":{"Escrito por":"Lo viste en Los Pol\u00edticos","Tiempo de lectura":"5 minutos"},"schema":{"@context":"https:\/\/schema.org","@graph":[{"@type":"Article","@id":"https:\/\/lospoliticosveracruz.com\/?p=169853#article","isPartOf":{"@id":"https:\/\/lospoliticosveracruz.com\/?p=169853"},"author":{"name":"Lo viste en Los Pol\u00edticos","@id":"https:\/\/lospoliticosveracruz.com\/#\/schema\/person\/b8702bb0e538456e6efd07080bf2a4a2"},"headline":"EL BOLSILLO, VAPULEADO","datePublished":"2026-04-27T12:06:13+00:00","dateModified":"2026-04-27T12:06:14+00:00","mainEntityOfPage":{"@id":"https:\/\/lospoliticosveracruz.com\/?p=169853"},"wordCount":965,"publisher":{"@id":"https:\/\/lospoliticosveracruz.com\/#organization"},"image":{"@id":"https:\/\/lospoliticosveracruz.com\/?p=169853#primaryimage"},"thumbnailUrl":"https:\/\/lospoliticosveracruz.com\/wp-content\/uploads\/2025\/04\/Fanny-Yepez-Luna-e1768657334923.jpg","keywords":["canasta b\u00e1sica","derechos sindicales","INFLACI\u00d3N","pobreza extrema","Veracruz"],"articleSection":["De Opini\u00f3n"],"inLanguage":"es"},{"@type":"WebPage","@id":"https:\/\/lospoliticosveracruz.com\/?p=169853","url":"https:\/\/lospoliticosveracruz.com\/?p=169853","name":"EL BOLSILLO, VAPULEADO - Los pol\u00edticos Veracruz","isPartOf":{"@id":"https:\/\/lospoliticosveracruz.com\/#website"},"primaryImageOfPage":{"@id":"https:\/\/lospoliticosveracruz.com\/?p=169853#primaryimage"},"image":{"@id":"https:\/\/lospoliticosveracruz.com\/?p=169853#primaryimage"},"thumbnailUrl":"https:\/\/lospoliticosveracruz.com\/wp-content\/uploads\/2025\/04\/Fanny-Yepez-Luna-e1768657334923.jpg","datePublished":"2026-04-27T12:06:13+00:00","dateModified":"2026-04-27T12:06:14+00:00","breadcrumb":{"@id":"https:\/\/lospoliticosveracruz.com\/?p=169853#breadcrumb"},"inLanguage":"es","potentialAction":[{"@type":"ReadAction","target":["https:\/\/lospoliticosveracruz.com\/?p=169853"]}]},{"@type":"ImageObject","inLanguage":"es","@id":"https:\/\/lospoliticosveracruz.com\/?p=169853#primaryimage","url":"https:\/\/lospoliticosveracruz.com\/wp-content\/uploads\/2025\/04\/Fanny-Yepez-Luna-e1768657334923.jpg","contentUrl":"https:\/\/lospoliticosveracruz.com\/wp-content\/uploads\/2025\/04\/Fanny-Yepez-Luna-e1768657334923.jpg","width":600,"height":320},{"@type":"BreadcrumbList","@id":"https:\/\/lospoliticosveracruz.com\/?p=169853#breadcrumb","itemListElement":[{"@type":"ListItem","position":1,"name":"Portada","item":"https:\/\/lospoliticosveracruz.com\/"},{"@type":"ListItem","position":2,"name":"EL BOLSILLO, VAPULEADO"}]},{"@type":"WebSite","@id":"https:\/\/lospoliticosveracruz.com\/#website","url":"https:\/\/lospoliticosveracruz.com\/","name":"Los pol\u00edticos Veracruz","description":"","publisher":{"@id":"https:\/\/lospoliticosveracruz.com\/#organization"},"potentialAction":[{"@type":"SearchAction","target":{"@type":"EntryPoint","urlTemplate":"https:\/\/lospoliticosveracruz.com\/?s={search_term_string}"},"query-input":{"@type":"PropertyValueSpecification","valueRequired":true,"valueName":"search_term_string"}}],"inLanguage":"es"},{"@type":"Organization","@id":"https:\/\/lospoliticosveracruz.com\/#organization","name":"Los pol\u00edticos Veracruz","url":"https:\/\/lospoliticosveracruz.com\/","logo":{"@type":"ImageObject","inLanguage":"es","@id":"https:\/\/lospoliticosveracruz.com\/#\/schema\/logo\/image\/","url":"https:\/\/lospoliticosveracruz.com\/wp-content\/uploads\/2025\/12\/Logo-Nuevo-LOS-POLITICOS-1.jpg","contentUrl":"https:\/\/lospoliticosveracruz.com\/wp-content\/uploads\/2025\/12\/Logo-Nuevo-LOS-POLITICOS-1.jpg","width":260,"height":70,"caption":"Los pol\u00edticos Veracruz"},"image":{"@id":"https:\/\/lospoliticosveracruz.com\/#\/schema\/logo\/image\/"},"sameAs":["https:\/\/www.facebook.com\/people\/Notimemes-de-los-Polticos\/61565672886568\/","https:\/\/x.com\/LosPoliticosVer"]},{"@type":"Person","@id":"https:\/\/lospoliticosveracruz.com\/#\/schema\/person\/b8702bb0e538456e6efd07080bf2a4a2","name":"Lo viste en Los Pol\u00edticos","image":{"@type":"ImageObject","inLanguage":"es","@id":"https:\/\/secure.gravatar.com\/avatar\/3a8de04a2656d44082be478bd6c086daa447c4651605818287b9532d3d0bd435?s=96&d=mm&r=g","url":"https:\/\/secure.gravatar.com\/avatar\/3a8de04a2656d44082be478bd6c086daa447c4651605818287b9532d3d0bd435?s=96&d=mm&r=g","contentUrl":"https:\/\/secure.gravatar.com\/avatar\/3a8de04a2656d44082be478bd6c086daa447c4651605818287b9532d3d0bd435?s=96&d=mm&r=g","caption":"Lo viste en Los Pol\u00edticos"},"url":"https:\/\/lospoliticosveracruz.com\/?author=2"}]}},"_links":{"self":[{"href":"https:\/\/lospoliticosveracruz.com\/index.php?rest_route=\/wp\/v2\/posts\/169853","targetHints":{"allow":["GET"]}}],"collection":[{"href":"https:\/\/lospoliticosveracruz.com\/index.php?rest_route=\/wp\/v2\/posts"}],"about":[{"href":"https:\/\/lospoliticosveracruz.com\/index.php?rest_route=\/wp\/v2\/types\/post"}],"author":[{"embeddable":true,"href":"https:\/\/lospoliticosveracruz.com\/index.php?rest_route=\/wp\/v2\/users\/2"}],"replies":[{"embeddable":true,"href":"https:\/\/lospoliticosveracruz.com\/index.php?rest_route=%2Fwp%2Fv2%2Fcomments&post=169853"}],"version-history":[{"count":1,"href":"https:\/\/lospoliticosveracruz.com\/index.php?rest_route=\/wp\/v2\/posts\/169853\/revisions"}],"predecessor-version":[{"id":169854,"href":"https:\/\/lospoliticosveracruz.com\/index.php?rest_route=\/wp\/v2\/posts\/169853\/revisions\/169854"}],"wp:featuredmedia":[{"embeddable":true,"href":"https:\/\/lospoliticosveracruz.com\/index.php?rest_route=\/wp\/v2\/media\/141383"}],"wp:attachment":[{"href":"https:\/\/lospoliticosveracruz.com\/index.php?rest_route=%2Fwp%2Fv2%2Fmedia&parent=169853"}],"wp:term":[{"taxonomy":"category","embeddable":true,"href":"https:\/\/lospoliticosveracruz.com\/index.php?rest_route=%2Fwp%2Fv2%2Fcategories&post=169853"},{"taxonomy":"post_tag","embeddable":true,"href":"https:\/\/lospoliticosveracruz.com\/index.php?rest_route=%2Fwp%2Fv2%2Ftags&post=169853"}],"curies":[{"name":"wp","href":"https:\/\/api.w.org\/{rel}","templated":true}]}}