{"id":169859,"date":"2026-04-27T07:28:34","date_gmt":"2026-04-27T13:28:34","guid":{"rendered":"https:\/\/lospoliticosveracruz.com\/?p=169859"},"modified":"2026-04-27T07:28:35","modified_gmt":"2026-04-27T13:28:35","slug":"el-conflicto-por-el-agua-en-el-sur","status":"publish","type":"post","link":"https:\/\/lospoliticosveracruz.com\/?p=169859","title":{"rendered":"EL CONFLICTO POR EL AGUA EN EL SUR"},"content":{"rendered":"\n<p><strong>Luis Alberto Romero<\/strong><br><em>Hora cero<\/em><br>A la poblaci\u00f3n de Coatzacoalcos preocupa la dependencia de la presa Yuribia para asegurar el abasto de agua, y la postura de los ejidatarios de Tatahuicapan de convertir al ayuntamiento en reh\u00e9n de sus demandas.<br>En d\u00edas pasados, ejidatarios de Tatahuicapan convocaron a los alcaldes de Coatzacoalcos, Cosoleacaque y Minatitl\u00e1n a una reuni\u00f3n para pedir cuentas sobre el uso de los recursos que reciben por la presa Yuribia, ya que aseguran que no se est\u00e1n destinando a obras necesarias para la comunidad.<br>Los campesinos, que dicen representar a unos 900 ejidatarios, acusaron posibles malos manejos y advirtieron que, si no obtienen respuestas, podr\u00edan suspender el suministro de agua a estas ciudades, como ha ocurrido en a\u00f1os anteriores.<br>La reuni\u00f3n convocada por el grupo de ejedatarios fue programada para este domingo en la comisar\u00eda ejidal.<br>Despu\u00e9s de dicha convocatoria, el diputado Esteban Bautista Hern\u00e1ndez, presidente de la Junta de Coordinaci\u00f3n Pol\u00edtica en el Congreso de Veracruz, llam\u00f3 a privilegiar el di\u00e1logo para evitar afectaciones en el suministro de agua, ante la amenaza del cierre de las v\u00e1lvulas.<br>El diputado, representante del distrito de Cosoleacaque, record\u00f3 que el cierre del suministro no es la soluci\u00f3n y podr\u00eda tener consecuencias legales, adem\u00e1s de reiterar el llamado de la gobernadora Roc\u00edo Nahle Garc\u00eda para no afectar el abasto de agua.<br>El tema fue abordado por el alcalde Pedro Miguel Rosaldo Garc\u00eda, quien en su conferencia de prensa de este viernes rechaz\u00f3 acudir a la reuni\u00f3n y advirti\u00f3 que cerrar la presa Yuribia ser\u00eda un delito, al considerarlo un acto de sabotaje; y no le falta raz\u00f3n.<br>El edil asegur\u00f3 que desconoce los supuestos apoyos econ\u00f3micos se\u00f1alados por los inconformes y afirm\u00f3 que cada municipio maneja de forma aut\u00f3noma sus recursos. Asimismo, respald\u00f3 la postura de la gobernadora Roc\u00edo Nahle Garc\u00eda sobre las consecuencias legales de estas acciones y sostuvo que este tipo de presiones no son la v\u00eda para resolver el conflicto.<br>En los a\u00f1os recientes, la presa Yuribia y la amenaza de cierre de sus v\u00e1lvulas ha servido a un grupo de ejidatarios de Tatahuicapan para exigir y obtener recursos econ\u00f3micos de los anteriores gobiernos estatales y municipales de Coatzacoalcos, Minatitl\u00e1n y Cosoleacaque; es algo as\u00ed como un \u201cme das dinero o te dejo sin agua\u201d.<br>Pr\u00e1cticamente todos los gobiernos anteriores han cedido; hoy, sin embargo, la posici\u00f3n de las administraciones de Roc\u00edo Nahle en el Estado, y de Pedro Miguel Rosaldo en Coatzacoalcos, podr\u00edan poner fin a esas pr\u00e1cticas.<br>De forma reciente, por cierto, el director de la Comisi\u00f3n Nacional del Agua, Efra\u00edn Morales L\u00f3pez, y la gobernadora de Veracruz, Roc\u00edo Nahle Garc\u00eda, anunciaron una inversi\u00f3n superior a 12 mil millones de pesos para mejorar el abasto de agua, drenaje y saneamiento en la entidad, particularmente en la zona sur.<br>Entre las obras anunciadas destaca el Acueducto La Cangrejera, en Coatzacoalcos, con una inversi\u00f3n de 3 mil millones de pesos, que busca duplicar el suministro de agua y garantizar el servicio por al menos 30 a\u00f1os, ante el deterioro del sistema actual.<br>Sobre ese asunto, el alcalde de Coatzacoalcos, Pedro Miguel Rosaldo Garc\u00eda, anunci\u00f3 que en 2026 se ejecutar\u00e1n m\u00e1s de 70 obras con recursos federales, con un presupuesto superior a 563 millones de pesos.<br>El edil destac\u00f3 que se destinar\u00e1n alrededor de 110 millones a seguridad p\u00fablica, mientras que el 44% del Fondo de Aportaciones para la Infraestructura Social se invertir\u00e1 en obra hidr\u00e1ulica para atender rezagos hist\u00f3ricos que enfrenta este municipio.<br>Pedro Miguel Rosaldo resalt\u00f3 el proyecto del acueducto desde el r\u00edo Uxpanapa, que permitir\u00e1 garantizar el abasto de agua potable y reducir la dependencia de la presa Yuribia.<\/p>\n\n\n\n<p>Ayuntamiento de Veracruz, con el control de los servicios b\u00e1sicos<br>Uno ya no sabe si es cinismo o memoria selectiva, pero resulta dif\u00edcil pasar por alto que Fernando Yunes M\u00e1rquez ahora hable de \u201criesgos\u201d por revisar el contrato de alumbrado con Wardenclyffe, cuando se trata de un esquema que durante su gesti\u00f3n se modific\u00f3 y se encareci\u00f3 de forma significativa: de 450 millones de pesos iniciales a m\u00e1s de 1,220 millones pagados y compromisos que alcanzan los 2,800. No es un tema nuevo ni una interpretaci\u00f3n pol\u00edtica reciente, son cifras ya conocidas y decisiones ya tomadas.<br>El punto es que estamos hablando de la ciudad de Veracruz, donde el problema del alumbrado p\u00fablico no es menor ni te\u00f3rico, sino visible en distintas zonas y sostenido en el tiempo por un modelo contractual que limita la capacidad de maniobra del municipio. La actual administraci\u00f3n ha tenido que operar dentro de esas condiciones, con un servicio que no siempre responde y con un margen reducido para corregir de fondo sin revisar lo firmado.<br>Por eso el Cabildo de Veracruz tom\u00f3 una decisi\u00f3n ya en curso: la requisa del servicio, aprobada y sujeta a proceso legal, no como ruptura improvisada sino como intento de recuperar control sobre un servicio b\u00e1sico. En ese contexto, que hoy se advierta sobre \u201criesgos\u201d por revisar el contrato suena m\u00e1s a defensa del esquema existente que a preocupaci\u00f3n real por la ciudad, sobre todo cuando los n\u00fameros y las decisiones que lo originaron siguen siendo parte del expediente p\u00fablico y en ellos, est\u00e1 tu firma. Pues s\u00ed, por eso el descaro de salir a hablar aunque se diga que le lami\u00f3 la cara el perro.<br>@luisromero85<\/p>\n","protected":false},"excerpt":{"rendered":"<p>Luis Alberto RomeroHora ceroA la poblaci\u00f3n de Coatzacoalcos preocupa la dependencia de la presa Yuribia para asegurar el abasto de agua, y la postura de los ejidatarios de Tatahuicapan de convertir al ayuntamiento en reh\u00e9n de sus demandas.En d\u00edas pasados, ejidatarios de Tatahuicapan convocaron a los alcaldes de Coatzacoalcos, Cosoleacaque y Minatitl\u00e1n a una reuni\u00f3n [&hellip;]<\/p>\n","protected":false},"author":2,"featured_media":141436,"comment_status":"closed","ping_status":"closed","sticky":false,"template":"","format":"standard","meta":{"tdm_status":"","tdm_grid_status":"","footnotes":""},"categories":[70],"tags":[371,375,18437,373,1026,42696,1119,1115,195],"class_list":{"0":"post-169859","1":"post","2":"type-post","3":"status-publish","4":"format-standard","5":"has-post-thumbnail","7":"category-de-opinion","8":"tag-coatzacoalcos","9":"tag-cosoleacaque","10":"tag-esteban-bautista-hernandez","11":"tag-minatitlan","12":"tag-morena","13":"tag-pedro-miguel-rosaldo","14":"tag-presa-yuribia","15":"tag-tatahuicapan","16":"tag-veracruz"},"yoast_head":"<!-- This site is optimized with the Yoast SEO plugin v27.4 - https:\/\/yoast.com\/product\/yoast-seo-wordpress\/ -->\n<title>EL CONFLICTO POR EL AGUA EN EL SUR - Los pol\u00edticos Veracruz<\/title>\n<meta name=\"robots\" content=\"index, follow, max-snippet:-1, max-image-preview:large, max-video-preview:-1\" \/>\n<link rel=\"canonical\" href=\"https:\/\/lospoliticosveracruz.com\/?p=169859\" \/>\n<meta property=\"og:locale\" content=\"es_ES\" \/>\n<meta property=\"og:type\" content=\"article\" \/>\n<meta property=\"og:title\" content=\"EL CONFLICTO POR EL AGUA EN EL SUR - Los pol\u00edticos Veracruz\" \/>\n<meta property=\"og:description\" content=\"Luis Alberto RomeroHora ceroA la poblaci\u00f3n de Coatzacoalcos preocupa la dependencia de la presa Yuribia para asegurar el abasto de agua, y la postura de los ejidatarios de Tatahuicapan de convertir al ayuntamiento en reh\u00e9n de sus demandas.En d\u00edas pasados, ejidatarios de Tatahuicapan convocaron a los alcaldes de Coatzacoalcos, Cosoleacaque y Minatitl\u00e1n a una reuni\u00f3n [&hellip;]\" \/>\n<meta property=\"og:url\" content=\"https:\/\/lospoliticosveracruz.com\/?p=169859\" \/>\n<meta property=\"og:site_name\" content=\"Los pol\u00edticos Veracruz\" \/>\n<meta property=\"article:publisher\" content=\"https:\/\/www.facebook.com\/people\/Notimemes-de-los-Polticos\/61565672886568\/\" \/>\n<meta property=\"article:published_time\" content=\"2026-04-27T13:28:34+00:00\" \/>\n<meta property=\"article:modified_time\" content=\"2026-04-27T13:28:35+00:00\" \/>\n<meta property=\"og:image\" content=\"https:\/\/lospoliticosveracruz.com\/wp-content\/uploads\/2025\/04\/Luis-Romero-1.jpg\" \/>\n\t<meta property=\"og:image:width\" content=\"1250\" \/>\n\t<meta property=\"og:image:height\" content=\"667\" \/>\n\t<meta property=\"og:image:type\" content=\"image\/jpeg\" \/>\n<meta name=\"author\" content=\"Lo viste en Los Pol\u00edticos\" \/>\n<meta name=\"twitter:card\" content=\"summary_large_image\" \/>\n<meta name=\"twitter:creator\" content=\"@LosPoliticosVer\" \/>\n<meta name=\"twitter:site\" content=\"@LosPoliticosVer\" \/>\n<meta name=\"twitter:label1\" content=\"Escrito por\" \/>\n\t<meta name=\"twitter:data1\" content=\"Lo viste en Los Pol\u00edticos\" \/>\n\t<meta name=\"twitter:label2\" content=\"Tiempo de lectura\" \/>\n\t<meta name=\"twitter:data2\" content=\"5 minutos\" \/>\n<script type=\"application\/ld+json\" class=\"yoast-schema-graph\">{\"@context\":\"https:\\\/\\\/schema.org\",\"@graph\":[{\"@type\":\"Article\",\"@id\":\"https:\\\/\\\/lospoliticosveracruz.com\\\/?p=169859#article\",\"isPartOf\":{\"@id\":\"https:\\\/\\\/lospoliticosveracruz.com\\\/?p=169859\"},\"author\":{\"name\":\"Lo viste en Los Pol\u00edticos\",\"@id\":\"https:\\\/\\\/lospoliticosveracruz.com\\\/#\\\/schema\\\/person\\\/b8702bb0e538456e6efd07080bf2a4a2\"},\"headline\":\"EL CONFLICTO POR EL AGUA EN EL SUR\",\"datePublished\":\"2026-04-27T13:28:34+00:00\",\"dateModified\":\"2026-04-27T13:28:35+00:00\",\"mainEntityOfPage\":{\"@id\":\"https:\\\/\\\/lospoliticosveracruz.com\\\/?p=169859\"},\"wordCount\":949,\"publisher\":{\"@id\":\"https:\\\/\\\/lospoliticosveracruz.com\\\/#organization\"},\"image\":{\"@id\":\"https:\\\/\\\/lospoliticosveracruz.com\\\/?p=169859#primaryimage\"},\"thumbnailUrl\":\"https:\\\/\\\/lospoliticosveracruz.com\\\/wp-content\\\/uploads\\\/2025\\\/04\\\/Luis-Romero-1.jpg\",\"keywords\":[\"Coatzacoalcos\",\"Cosoleacaque\",\"Esteban Bautista Hern\u00e1ndez\",\"Minatitl\u00e1n\",\"Morena\",\"Pedro Miguel Rosaldo\",\"presa Yuribia\",\"Tatahuicapan\",\"Veracruz\"],\"articleSection\":[\"De Opini\u00f3n\"],\"inLanguage\":\"es\"},{\"@type\":\"WebPage\",\"@id\":\"https:\\\/\\\/lospoliticosveracruz.com\\\/?p=169859\",\"url\":\"https:\\\/\\\/lospoliticosveracruz.com\\\/?p=169859\",\"name\":\"EL CONFLICTO POR EL AGUA EN EL SUR - Los pol\u00edticos Veracruz\",\"isPartOf\":{\"@id\":\"https:\\\/\\\/lospoliticosveracruz.com\\\/#website\"},\"primaryImageOfPage\":{\"@id\":\"https:\\\/\\\/lospoliticosveracruz.com\\\/?p=169859#primaryimage\"},\"image\":{\"@id\":\"https:\\\/\\\/lospoliticosveracruz.com\\\/?p=169859#primaryimage\"},\"thumbnailUrl\":\"https:\\\/\\\/lospoliticosveracruz.com\\\/wp-content\\\/uploads\\\/2025\\\/04\\\/Luis-Romero-1.jpg\",\"datePublished\":\"2026-04-27T13:28:34+00:00\",\"dateModified\":\"2026-04-27T13:28:35+00:00\",\"breadcrumb\":{\"@id\":\"https:\\\/\\\/lospoliticosveracruz.com\\\/?p=169859#breadcrumb\"},\"inLanguage\":\"es\",\"potentialAction\":[{\"@type\":\"ReadAction\",\"target\":[\"https:\\\/\\\/lospoliticosveracruz.com\\\/?p=169859\"]}]},{\"@type\":\"ImageObject\",\"inLanguage\":\"es\",\"@id\":\"https:\\\/\\\/lospoliticosveracruz.com\\\/?p=169859#primaryimage\",\"url\":\"https:\\\/\\\/lospoliticosveracruz.com\\\/wp-content\\\/uploads\\\/2025\\\/04\\\/Luis-Romero-1.jpg\",\"contentUrl\":\"https:\\\/\\\/lospoliticosveracruz.com\\\/wp-content\\\/uploads\\\/2025\\\/04\\\/Luis-Romero-1.jpg\",\"width\":1250,\"height\":667},{\"@type\":\"BreadcrumbList\",\"@id\":\"https:\\\/\\\/lospoliticosveracruz.com\\\/?p=169859#breadcrumb\",\"itemListElement\":[{\"@type\":\"ListItem\",\"position\":1,\"name\":\"Portada\",\"item\":\"https:\\\/\\\/lospoliticosveracruz.com\\\/\"},{\"@type\":\"ListItem\",\"position\":2,\"name\":\"EL CONFLICTO POR EL AGUA EN EL SUR\"}]},{\"@type\":\"WebSite\",\"@id\":\"https:\\\/\\\/lospoliticosveracruz.com\\\/#website\",\"url\":\"https:\\\/\\\/lospoliticosveracruz.com\\\/\",\"name\":\"Los pol\u00edticos Veracruz\",\"description\":\"\",\"publisher\":{\"@id\":\"https:\\\/\\\/lospoliticosveracruz.com\\\/#organization\"},\"potentialAction\":[{\"@type\":\"SearchAction\",\"target\":{\"@type\":\"EntryPoint\",\"urlTemplate\":\"https:\\\/\\\/lospoliticosveracruz.com\\\/?s={search_term_string}\"},\"query-input\":{\"@type\":\"PropertyValueSpecification\",\"valueRequired\":true,\"valueName\":\"search_term_string\"}}],\"inLanguage\":\"es\"},{\"@type\":\"Organization\",\"@id\":\"https:\\\/\\\/lospoliticosveracruz.com\\\/#organization\",\"name\":\"Los pol\u00edticos Veracruz\",\"url\":\"https:\\\/\\\/lospoliticosveracruz.com\\\/\",\"logo\":{\"@type\":\"ImageObject\",\"inLanguage\":\"es\",\"@id\":\"https:\\\/\\\/lospoliticosveracruz.com\\\/#\\\/schema\\\/logo\\\/image\\\/\",\"url\":\"https:\\\/\\\/lospoliticosveracruz.com\\\/wp-content\\\/uploads\\\/2025\\\/12\\\/Logo-Nuevo-LOS-POLITICOS-1.jpg\",\"contentUrl\":\"https:\\\/\\\/lospoliticosveracruz.com\\\/wp-content\\\/uploads\\\/2025\\\/12\\\/Logo-Nuevo-LOS-POLITICOS-1.jpg\",\"width\":260,\"height\":70,\"caption\":\"Los pol\u00edticos Veracruz\"},\"image\":{\"@id\":\"https:\\\/\\\/lospoliticosveracruz.com\\\/#\\\/schema\\\/logo\\\/image\\\/\"},\"sameAs\":[\"https:\\\/\\\/www.facebook.com\\\/people\\\/Notimemes-de-los-Polticos\\\/61565672886568\\\/\",\"https:\\\/\\\/x.com\\\/LosPoliticosVer\"]},{\"@type\":\"Person\",\"@id\":\"https:\\\/\\\/lospoliticosveracruz.com\\\/#\\\/schema\\\/person\\\/b8702bb0e538456e6efd07080bf2a4a2\",\"name\":\"Lo viste en Los Pol\u00edticos\",\"image\":{\"@type\":\"ImageObject\",\"inLanguage\":\"es\",\"@id\":\"https:\\\/\\\/secure.gravatar.com\\\/avatar\\\/3a8de04a2656d44082be478bd6c086daa447c4651605818287b9532d3d0bd435?s=96&d=mm&r=g\",\"url\":\"https:\\\/\\\/secure.gravatar.com\\\/avatar\\\/3a8de04a2656d44082be478bd6c086daa447c4651605818287b9532d3d0bd435?s=96&d=mm&r=g\",\"contentUrl\":\"https:\\\/\\\/secure.gravatar.com\\\/avatar\\\/3a8de04a2656d44082be478bd6c086daa447c4651605818287b9532d3d0bd435?s=96&d=mm&r=g\",\"caption\":\"Lo viste en Los Pol\u00edticos\"},\"url\":\"https:\\\/\\\/lospoliticosveracruz.com\\\/?author=2\"}]}<\/script>\n<!-- \/ Yoast SEO plugin. -->","yoast_head_json":{"title":"EL CONFLICTO POR EL AGUA EN EL SUR - Los pol\u00edticos Veracruz","robots":{"index":"index","follow":"follow","max-snippet":"max-snippet:-1","max-image-preview":"max-image-preview:large","max-video-preview":"max-video-preview:-1"},"canonical":"https:\/\/lospoliticosveracruz.com\/?p=169859","og_locale":"es_ES","og_type":"article","og_title":"EL CONFLICTO POR EL AGUA EN EL SUR - Los pol\u00edticos Veracruz","og_description":"Luis Alberto RomeroHora ceroA la poblaci\u00f3n de Coatzacoalcos preocupa la dependencia de la presa Yuribia para asegurar el abasto de agua, y la postura de los ejidatarios de Tatahuicapan de convertir al ayuntamiento en reh\u00e9n de sus demandas.En d\u00edas pasados, ejidatarios de Tatahuicapan convocaron a los alcaldes de Coatzacoalcos, Cosoleacaque y Minatitl\u00e1n a una reuni\u00f3n [&hellip;]","og_url":"https:\/\/lospoliticosveracruz.com\/?p=169859","og_site_name":"Los pol\u00edticos Veracruz","article_publisher":"https:\/\/www.facebook.com\/people\/Notimemes-de-los-Polticos\/61565672886568\/","article_published_time":"2026-04-27T13:28:34+00:00","article_modified_time":"2026-04-27T13:28:35+00:00","og_image":[{"width":1250,"height":667,"url":"https:\/\/lospoliticosveracruz.com\/wp-content\/uploads\/2025\/04\/Luis-Romero-1.jpg","type":"image\/jpeg"}],"author":"Lo viste en Los Pol\u00edticos","twitter_card":"summary_large_image","twitter_creator":"@LosPoliticosVer","twitter_site":"@LosPoliticosVer","twitter_misc":{"Escrito por":"Lo viste en Los Pol\u00edticos","Tiempo de lectura":"5 minutos"},"schema":{"@context":"https:\/\/schema.org","@graph":[{"@type":"Article","@id":"https:\/\/lospoliticosveracruz.com\/?p=169859#article","isPartOf":{"@id":"https:\/\/lospoliticosveracruz.com\/?p=169859"},"author":{"name":"Lo viste en Los Pol\u00edticos","@id":"https:\/\/lospoliticosveracruz.com\/#\/schema\/person\/b8702bb0e538456e6efd07080bf2a4a2"},"headline":"EL CONFLICTO POR EL AGUA EN EL SUR","datePublished":"2026-04-27T13:28:34+00:00","dateModified":"2026-04-27T13:28:35+00:00","mainEntityOfPage":{"@id":"https:\/\/lospoliticosveracruz.com\/?p=169859"},"wordCount":949,"publisher":{"@id":"https:\/\/lospoliticosveracruz.com\/#organization"},"image":{"@id":"https:\/\/lospoliticosveracruz.com\/?p=169859#primaryimage"},"thumbnailUrl":"https:\/\/lospoliticosveracruz.com\/wp-content\/uploads\/2025\/04\/Luis-Romero-1.jpg","keywords":["Coatzacoalcos","Cosoleacaque","Esteban Bautista Hern\u00e1ndez","Minatitl\u00e1n","Morena","Pedro Miguel Rosaldo","presa Yuribia","Tatahuicapan","Veracruz"],"articleSection":["De Opini\u00f3n"],"inLanguage":"es"},{"@type":"WebPage","@id":"https:\/\/lospoliticosveracruz.com\/?p=169859","url":"https:\/\/lospoliticosveracruz.com\/?p=169859","name":"EL CONFLICTO POR EL AGUA EN EL SUR - Los pol\u00edticos Veracruz","isPartOf":{"@id":"https:\/\/lospoliticosveracruz.com\/#website"},"primaryImageOfPage":{"@id":"https:\/\/lospoliticosveracruz.com\/?p=169859#primaryimage"},"image":{"@id":"https:\/\/lospoliticosveracruz.com\/?p=169859#primaryimage"},"thumbnailUrl":"https:\/\/lospoliticosveracruz.com\/wp-content\/uploads\/2025\/04\/Luis-Romero-1.jpg","datePublished":"2026-04-27T13:28:34+00:00","dateModified":"2026-04-27T13:28:35+00:00","breadcrumb":{"@id":"https:\/\/lospoliticosveracruz.com\/?p=169859#breadcrumb"},"inLanguage":"es","potentialAction":[{"@type":"ReadAction","target":["https:\/\/lospoliticosveracruz.com\/?p=169859"]}]},{"@type":"ImageObject","inLanguage":"es","@id":"https:\/\/lospoliticosveracruz.com\/?p=169859#primaryimage","url":"https:\/\/lospoliticosveracruz.com\/wp-content\/uploads\/2025\/04\/Luis-Romero-1.jpg","contentUrl":"https:\/\/lospoliticosveracruz.com\/wp-content\/uploads\/2025\/04\/Luis-Romero-1.jpg","width":1250,"height":667},{"@type":"BreadcrumbList","@id":"https:\/\/lospoliticosveracruz.com\/?p=169859#breadcrumb","itemListElement":[{"@type":"ListItem","position":1,"name":"Portada","item":"https:\/\/lospoliticosveracruz.com\/"},{"@type":"ListItem","position":2,"name":"EL CONFLICTO POR EL AGUA EN EL SUR"}]},{"@type":"WebSite","@id":"https:\/\/lospoliticosveracruz.com\/#website","url":"https:\/\/lospoliticosveracruz.com\/","name":"Los pol\u00edticos Veracruz","description":"","publisher":{"@id":"https:\/\/lospoliticosveracruz.com\/#organization"},"potentialAction":[{"@type":"SearchAction","target":{"@type":"EntryPoint","urlTemplate":"https:\/\/lospoliticosveracruz.com\/?s={search_term_string}"},"query-input":{"@type":"PropertyValueSpecification","valueRequired":true,"valueName":"search_term_string"}}],"inLanguage":"es"},{"@type":"Organization","@id":"https:\/\/lospoliticosveracruz.com\/#organization","name":"Los pol\u00edticos Veracruz","url":"https:\/\/lospoliticosveracruz.com\/","logo":{"@type":"ImageObject","inLanguage":"es","@id":"https:\/\/lospoliticosveracruz.com\/#\/schema\/logo\/image\/","url":"https:\/\/lospoliticosveracruz.com\/wp-content\/uploads\/2025\/12\/Logo-Nuevo-LOS-POLITICOS-1.jpg","contentUrl":"https:\/\/lospoliticosveracruz.com\/wp-content\/uploads\/2025\/12\/Logo-Nuevo-LOS-POLITICOS-1.jpg","width":260,"height":70,"caption":"Los pol\u00edticos Veracruz"},"image":{"@id":"https:\/\/lospoliticosveracruz.com\/#\/schema\/logo\/image\/"},"sameAs":["https:\/\/www.facebook.com\/people\/Notimemes-de-los-Polticos\/61565672886568\/","https:\/\/x.com\/LosPoliticosVer"]},{"@type":"Person","@id":"https:\/\/lospoliticosveracruz.com\/#\/schema\/person\/b8702bb0e538456e6efd07080bf2a4a2","name":"Lo viste en Los Pol\u00edticos","image":{"@type":"ImageObject","inLanguage":"es","@id":"https:\/\/secure.gravatar.com\/avatar\/3a8de04a2656d44082be478bd6c086daa447c4651605818287b9532d3d0bd435?s=96&d=mm&r=g","url":"https:\/\/secure.gravatar.com\/avatar\/3a8de04a2656d44082be478bd6c086daa447c4651605818287b9532d3d0bd435?s=96&d=mm&r=g","contentUrl":"https:\/\/secure.gravatar.com\/avatar\/3a8de04a2656d44082be478bd6c086daa447c4651605818287b9532d3d0bd435?s=96&d=mm&r=g","caption":"Lo viste en Los Pol\u00edticos"},"url":"https:\/\/lospoliticosveracruz.com\/?author=2"}]}},"_links":{"self":[{"href":"https:\/\/lospoliticosveracruz.com\/index.php?rest_route=\/wp\/v2\/posts\/169859","targetHints":{"allow":["GET"]}}],"collection":[{"href":"https:\/\/lospoliticosveracruz.com\/index.php?rest_route=\/wp\/v2\/posts"}],"about":[{"href":"https:\/\/lospoliticosveracruz.com\/index.php?rest_route=\/wp\/v2\/types\/post"}],"author":[{"embeddable":true,"href":"https:\/\/lospoliticosveracruz.com\/index.php?rest_route=\/wp\/v2\/users\/2"}],"replies":[{"embeddable":true,"href":"https:\/\/lospoliticosveracruz.com\/index.php?rest_route=%2Fwp%2Fv2%2Fcomments&post=169859"}],"version-history":[{"count":1,"href":"https:\/\/lospoliticosveracruz.com\/index.php?rest_route=\/wp\/v2\/posts\/169859\/revisions"}],"predecessor-version":[{"id":169860,"href":"https:\/\/lospoliticosveracruz.com\/index.php?rest_route=\/wp\/v2\/posts\/169859\/revisions\/169860"}],"wp:featuredmedia":[{"embeddable":true,"href":"https:\/\/lospoliticosveracruz.com\/index.php?rest_route=\/wp\/v2\/media\/141436"}],"wp:attachment":[{"href":"https:\/\/lospoliticosveracruz.com\/index.php?rest_route=%2Fwp%2Fv2%2Fmedia&parent=169859"}],"wp:term":[{"taxonomy":"category","embeddable":true,"href":"https:\/\/lospoliticosveracruz.com\/index.php?rest_route=%2Fwp%2Fv2%2Fcategories&post=169859"},{"taxonomy":"post_tag","embeddable":true,"href":"https:\/\/lospoliticosveracruz.com\/index.php?rest_route=%2Fwp%2Fv2%2Ftags&post=169859"}],"curies":[{"name":"wp","href":"https:\/\/api.w.org\/{rel}","templated":true}]}}