{"id":169861,"date":"2026-04-27T07:49:45","date_gmt":"2026-04-27T13:49:45","guid":{"rendered":"https:\/\/lospoliticosveracruz.com\/?p=169861"},"modified":"2026-04-27T07:49:47","modified_gmt":"2026-04-27T13:49:47","slug":"ahi-vienen-los-arabes","status":"publish","type":"post","link":"https:\/\/lospoliticosveracruz.com\/?p=169861","title":{"rendered":"AH\u00cd VIENEN LOS \u00c1RABES"},"content":{"rendered":"\n<p><strong>Sergio Gonz\u00e1lez Levet<\/strong><\/p>\n\n\n\n<p><em>Sin tacto<\/em><\/p>\n\n\n\n<p>\u00c1rabes ha habido en M\u00e9xico desde la misma Conquista, porque Hern\u00e1n Cort\u00e9s tra\u00eda en su flota soldados y cargadores moriscos. Y en sus costumbres y sus ideas tambi\u00e9n muchas influencias de la cultura mud\u00e9jar, asentada en Espa\u00f1a por casi 800 a\u00f1os y que, entre otras cosas valiosas, leg\u00f3 al idioma espa\u00f1ol m\u00e1s de 4 mil t\u00e9rminos (entre ellas, casi todas las palabras que empiezan con la silaba \u201cal\u201d -alm\u00edbar, alfanje, \u00e1lgebra-).<\/p>\n\n\n\n<p>&nbsp;&nbsp; &nbsp;&nbsp;Pero las migraciones mayores a M\u00e9xico, y en particular a Veracruz, ocurrieron en el siglo XIX y a principios del XX, provenientes de Siria, L\u00edbano y Palestina mayormente. Barcos y barcos llegaban al Puerto cargados de inmigrantes que buscaban una vida mejor y que se fueron insertando en la vida cotidiana con su gran capacidad para el trabajo, para los negocios y para el ahorro.<\/p>\n\n\n\n<p>&nbsp;&nbsp; &nbsp;&nbsp;Hay un elemento notable en esta migraci\u00f3n, y es que la mayor\u00eda de los llegados no abrazaban la religi\u00f3n musulmana sino que eran cat\u00f3licos, convertidos en Espa\u00f1a al fin del predominio isl\u00e1mico en el sur de la Pen\u00ednsula Ib\u00e9rica, o en L\u00edbano a trav\u00e9s de los monjes misioneros, que lograron conversiones multitudinarias.<\/p>\n\n\n\n<p>&nbsp;&nbsp; &nbsp;&nbsp;La presencia \u00e1rabe en M\u00e9xico persiste sobre todo a trav\u00e9s de la permanencia de apellidos que, castellanizados muchos, han tomado carta de naturalidad en nuestras tierras.<\/p>\n\n\n\n<p>&nbsp;&nbsp; &nbsp;&nbsp;La lista es larga y reconocida. Ahued, Alc\u00e1zar, Bardahuil, Besil, Bichir, Chauyffet, Chedraui, Dib, Domit, El\u00edas, Gidi, Haddad, Hakim, Harp, Hel\u00fa, Jamed, Karam, Kuri, Farah, Lajud, Nahle, Nemi, Majluf, Mansur, Musule, Palomeque, Saade, Selem, Sim\u00f3n, Slim, Trabulse, Yunes, Zaid.<\/p>\n\n\n\n<p>&nbsp;&nbsp; &nbsp;&nbsp;En esa lista aparecen nombres conocid\u00edsimos en nuestro estado. Y es que los descendientes de los migrantes han participado activamente y han intervenido en el desarrollo de la vida social, econ\u00f3mica, cultural, deportiva\u2026 y pol\u00edtica.<\/p>\n\n\n\n<p>&nbsp;&nbsp; &nbsp;&nbsp;Sin ellos, nuestra historia ser\u00eda otra.<\/p>\n\n\n\n<p>&nbsp;&nbsp; &nbsp;&nbsp;Los \u00e1rabes veracruzanos mantienen lazos de amistad entre ellos y tuvieron una costumbre ya casi perdida de perpetuar los linajes por la v\u00eda del matrimonio endog\u00e1mico. Aunque se reconocen y hasta llegan a formar algunas sociedades, no conforman una comunidad exclusiva y mucho menos elitista.<\/p>\n\n\n\n<p>&nbsp;&nbsp; &nbsp;&nbsp;Y si en la econom\u00eda estatal tienen una presencia indudable y predominante, en la pol\u00edtica han hecho tambi\u00e9n una buena tarea. No por nada se dio el hecho de que en 2012 hubo tres senadores ar\u00e1bigos: H\u00e9ctor Yunes Landa, Pepe Yunes Zorrilla y Fernando Yunes M\u00e1rquez; despu\u00e9s, en 2018 dos senadores de Veracruz que tomaron posesi\u00f3n eran de origen \u00e1rabe: Roc\u00edo Nahle Garc\u00eda y Ricardo Ahued Bardahuil, quienes ahora son la Gobernadora y el Secretario de Gobierno, y en 2024 tom\u00f3 posesi\u00f3n Miguel \u00c1ngel Yunes M\u00e1rquez.<\/p>\n\n\n\n<p>&nbsp;&nbsp; &nbsp;&nbsp;Muchos alcaldes, diputados locales y federales, funcionarios de todos los niveles y autoridades partidistas son y han sido descendientes de los hijos del Sahara.<\/p>\n\n\n\n<p>&nbsp;&nbsp; &nbsp;&nbsp;Y una vez m\u00e1s se puede dar una incidencia en las elecciones para la gubernatura de 2030: podr\u00eda ser que dos apellidos \u00e1rabes estuvieran nuevamente en la disputa:<\/p>\n\n\n\n<p>&nbsp;&nbsp; &nbsp;&nbsp;Ahued y Yunes.<\/p>\n\n\n\n<p>sglevet@gmail.com<\/p>\n","protected":false},"excerpt":{"rendered":"<p>Sergio Gonz\u00e1lez Levet Sin tacto \u00c1rabes ha habido en M\u00e9xico desde la misma Conquista, porque Hern\u00e1n Cort\u00e9s tra\u00eda en su flota soldados y cargadores moriscos. Y en sus costumbres y sus ideas tambi\u00e9n muchas influencias de la cultura mud\u00e9jar, asentada en Espa\u00f1a por casi 800 a\u00f1os y que, entre otras cosas valiosas, leg\u00f3 al idioma [&hellip;]<\/p>\n","protected":false},"author":2,"featured_media":141432,"comment_status":"closed","ping_status":"closed","sticky":false,"template":"","format":"standard","meta":{"tdm_status":"","tdm_grid_status":"","footnotes":""},"categories":[70],"tags":[62327,62328,62326,62329,48671],"class_list":{"0":"post-169861","1":"post","2":"type-post","3":"status-publish","4":"format-standard","5":"has-post-thumbnail","7":"category-de-opinion","8":"tag-influencia-politica-libanesa-veracruz","9":"tag-migracion-arabe-veracruz-historia","10":"tag-ricardo-ahued-vs-yunes-2030","11":"tag-rocio-nahle-origen-arabe","12":"tag-sergio-gonzalez-levet-sin-tacto"},"yoast_head":"<!-- This site is optimized with the Yoast SEO plugin v27.4 - https:\/\/yoast.com\/product\/yoast-seo-wordpress\/ -->\n<title>AH\u00cd VIENEN LOS \u00c1RABES - Los pol\u00edticos Veracruz<\/title>\n<meta name=\"robots\" content=\"index, follow, max-snippet:-1, max-image-preview:large, max-video-preview:-1\" \/>\n<link rel=\"canonical\" href=\"https:\/\/lospoliticosveracruz.com\/?p=169861\" \/>\n<meta property=\"og:locale\" content=\"es_ES\" \/>\n<meta property=\"og:type\" content=\"article\" \/>\n<meta property=\"og:title\" content=\"AH\u00cd VIENEN LOS \u00c1RABES - Los pol\u00edticos Veracruz\" \/>\n<meta property=\"og:description\" content=\"Sergio Gonz\u00e1lez Levet Sin tacto \u00c1rabes ha habido en M\u00e9xico desde la misma Conquista, porque Hern\u00e1n Cort\u00e9s tra\u00eda en su flota soldados y cargadores moriscos. Y en sus costumbres y sus ideas tambi\u00e9n muchas influencias de la cultura mud\u00e9jar, asentada en Espa\u00f1a por casi 800 a\u00f1os y que, entre otras cosas valiosas, leg\u00f3 al idioma [&hellip;]\" \/>\n<meta property=\"og:url\" content=\"https:\/\/lospoliticosveracruz.com\/?p=169861\" \/>\n<meta property=\"og:site_name\" content=\"Los pol\u00edticos Veracruz\" \/>\n<meta property=\"article:publisher\" content=\"https:\/\/www.facebook.com\/people\/Notimemes-de-los-Polticos\/61565672886568\/\" \/>\n<meta property=\"article:published_time\" content=\"2026-04-27T13:49:45+00:00\" \/>\n<meta property=\"article:modified_time\" content=\"2026-04-27T13:49:47+00:00\" \/>\n<meta property=\"og:image\" content=\"https:\/\/lospoliticosveracruz.com\/wp-content\/uploads\/2025\/04\/Levet-e1773931000156.jpg\" \/>\n\t<meta property=\"og:image:width\" content=\"600\" \/>\n\t<meta property=\"og:image:height\" content=\"320\" \/>\n\t<meta property=\"og:image:type\" content=\"image\/jpeg\" \/>\n<meta name=\"author\" content=\"Lo viste en Los Pol\u00edticos\" \/>\n<meta name=\"twitter:card\" content=\"summary_large_image\" \/>\n<meta name=\"twitter:creator\" content=\"@LosPoliticosVer\" \/>\n<meta name=\"twitter:site\" content=\"@LosPoliticosVer\" \/>\n<meta name=\"twitter:label1\" content=\"Escrito por\" \/>\n\t<meta name=\"twitter:data1\" content=\"Lo viste en Los Pol\u00edticos\" \/>\n\t<meta name=\"twitter:label2\" content=\"Tiempo de lectura\" \/>\n\t<meta name=\"twitter:data2\" content=\"3 minutos\" \/>\n<script type=\"application\/ld+json\" class=\"yoast-schema-graph\">{\"@context\":\"https:\\\/\\\/schema.org\",\"@graph\":[{\"@type\":\"Article\",\"@id\":\"https:\\\/\\\/lospoliticosveracruz.com\\\/?p=169861#article\",\"isPartOf\":{\"@id\":\"https:\\\/\\\/lospoliticosveracruz.com\\\/?p=169861\"},\"author\":{\"name\":\"Lo viste en Los Pol\u00edticos\",\"@id\":\"https:\\\/\\\/lospoliticosveracruz.com\\\/#\\\/schema\\\/person\\\/b8702bb0e538456e6efd07080bf2a4a2\"},\"headline\":\"AH\u00cd VIENEN LOS \u00c1RABES\",\"datePublished\":\"2026-04-27T13:49:45+00:00\",\"dateModified\":\"2026-04-27T13:49:47+00:00\",\"mainEntityOfPage\":{\"@id\":\"https:\\\/\\\/lospoliticosveracruz.com\\\/?p=169861\"},\"wordCount\":580,\"publisher\":{\"@id\":\"https:\\\/\\\/lospoliticosveracruz.com\\\/#organization\"},\"image\":{\"@id\":\"https:\\\/\\\/lospoliticosveracruz.com\\\/?p=169861#primaryimage\"},\"thumbnailUrl\":\"https:\\\/\\\/lospoliticosveracruz.com\\\/wp-content\\\/uploads\\\/2025\\\/04\\\/Levet-e1773931000156.jpg\",\"keywords\":[\"Influencia pol\u00edtica libanesa Veracruz\",\"Migraci\u00f3n \u00e1rabe Veracruz historia\",\"Ricardo Ahued vs Yunes 2030\",\"Roc\u00edo Nahle origen \u00e1rabe\",\"Sergio Gonz\u00e1lez Levet Sin Tacto\"],\"articleSection\":[\"De Opini\u00f3n\"],\"inLanguage\":\"es\"},{\"@type\":\"WebPage\",\"@id\":\"https:\\\/\\\/lospoliticosveracruz.com\\\/?p=169861\",\"url\":\"https:\\\/\\\/lospoliticosveracruz.com\\\/?p=169861\",\"name\":\"AH\u00cd VIENEN LOS \u00c1RABES - Los pol\u00edticos Veracruz\",\"isPartOf\":{\"@id\":\"https:\\\/\\\/lospoliticosveracruz.com\\\/#website\"},\"primaryImageOfPage\":{\"@id\":\"https:\\\/\\\/lospoliticosveracruz.com\\\/?p=169861#primaryimage\"},\"image\":{\"@id\":\"https:\\\/\\\/lospoliticosveracruz.com\\\/?p=169861#primaryimage\"},\"thumbnailUrl\":\"https:\\\/\\\/lospoliticosveracruz.com\\\/wp-content\\\/uploads\\\/2025\\\/04\\\/Levet-e1773931000156.jpg\",\"datePublished\":\"2026-04-27T13:49:45+00:00\",\"dateModified\":\"2026-04-27T13:49:47+00:00\",\"breadcrumb\":{\"@id\":\"https:\\\/\\\/lospoliticosveracruz.com\\\/?p=169861#breadcrumb\"},\"inLanguage\":\"es\",\"potentialAction\":[{\"@type\":\"ReadAction\",\"target\":[\"https:\\\/\\\/lospoliticosveracruz.com\\\/?p=169861\"]}]},{\"@type\":\"ImageObject\",\"inLanguage\":\"es\",\"@id\":\"https:\\\/\\\/lospoliticosveracruz.com\\\/?p=169861#primaryimage\",\"url\":\"https:\\\/\\\/lospoliticosveracruz.com\\\/wp-content\\\/uploads\\\/2025\\\/04\\\/Levet-e1773931000156.jpg\",\"contentUrl\":\"https:\\\/\\\/lospoliticosveracruz.com\\\/wp-content\\\/uploads\\\/2025\\\/04\\\/Levet-e1773931000156.jpg\",\"width\":600,\"height\":320},{\"@type\":\"BreadcrumbList\",\"@id\":\"https:\\\/\\\/lospoliticosveracruz.com\\\/?p=169861#breadcrumb\",\"itemListElement\":[{\"@type\":\"ListItem\",\"position\":1,\"name\":\"Portada\",\"item\":\"https:\\\/\\\/lospoliticosveracruz.com\\\/\"},{\"@type\":\"ListItem\",\"position\":2,\"name\":\"AH\u00cd VIENEN LOS \u00c1RABES\"}]},{\"@type\":\"WebSite\",\"@id\":\"https:\\\/\\\/lospoliticosveracruz.com\\\/#website\",\"url\":\"https:\\\/\\\/lospoliticosveracruz.com\\\/\",\"name\":\"Los pol\u00edticos Veracruz\",\"description\":\"\",\"publisher\":{\"@id\":\"https:\\\/\\\/lospoliticosveracruz.com\\\/#organization\"},\"potentialAction\":[{\"@type\":\"SearchAction\",\"target\":{\"@type\":\"EntryPoint\",\"urlTemplate\":\"https:\\\/\\\/lospoliticosveracruz.com\\\/?s={search_term_string}\"},\"query-input\":{\"@type\":\"PropertyValueSpecification\",\"valueRequired\":true,\"valueName\":\"search_term_string\"}}],\"inLanguage\":\"es\"},{\"@type\":\"Organization\",\"@id\":\"https:\\\/\\\/lospoliticosveracruz.com\\\/#organization\",\"name\":\"Los pol\u00edticos Veracruz\",\"url\":\"https:\\\/\\\/lospoliticosveracruz.com\\\/\",\"logo\":{\"@type\":\"ImageObject\",\"inLanguage\":\"es\",\"@id\":\"https:\\\/\\\/lospoliticosveracruz.com\\\/#\\\/schema\\\/logo\\\/image\\\/\",\"url\":\"https:\\\/\\\/lospoliticosveracruz.com\\\/wp-content\\\/uploads\\\/2025\\\/12\\\/Logo-Nuevo-LOS-POLITICOS-1.jpg\",\"contentUrl\":\"https:\\\/\\\/lospoliticosveracruz.com\\\/wp-content\\\/uploads\\\/2025\\\/12\\\/Logo-Nuevo-LOS-POLITICOS-1.jpg\",\"width\":260,\"height\":70,\"caption\":\"Los pol\u00edticos Veracruz\"},\"image\":{\"@id\":\"https:\\\/\\\/lospoliticosveracruz.com\\\/#\\\/schema\\\/logo\\\/image\\\/\"},\"sameAs\":[\"https:\\\/\\\/www.facebook.com\\\/people\\\/Notimemes-de-los-Polticos\\\/61565672886568\\\/\",\"https:\\\/\\\/x.com\\\/LosPoliticosVer\"]},{\"@type\":\"Person\",\"@id\":\"https:\\\/\\\/lospoliticosveracruz.com\\\/#\\\/schema\\\/person\\\/b8702bb0e538456e6efd07080bf2a4a2\",\"name\":\"Lo viste en Los Pol\u00edticos\",\"image\":{\"@type\":\"ImageObject\",\"inLanguage\":\"es\",\"@id\":\"https:\\\/\\\/secure.gravatar.com\\\/avatar\\\/3a8de04a2656d44082be478bd6c086daa447c4651605818287b9532d3d0bd435?s=96&d=mm&r=g\",\"url\":\"https:\\\/\\\/secure.gravatar.com\\\/avatar\\\/3a8de04a2656d44082be478bd6c086daa447c4651605818287b9532d3d0bd435?s=96&d=mm&r=g\",\"contentUrl\":\"https:\\\/\\\/secure.gravatar.com\\\/avatar\\\/3a8de04a2656d44082be478bd6c086daa447c4651605818287b9532d3d0bd435?s=96&d=mm&r=g\",\"caption\":\"Lo viste en Los Pol\u00edticos\"},\"url\":\"https:\\\/\\\/lospoliticosveracruz.com\\\/?author=2\"}]}<\/script>\n<!-- \/ Yoast SEO plugin. -->","yoast_head_json":{"title":"AH\u00cd VIENEN LOS \u00c1RABES - Los pol\u00edticos Veracruz","robots":{"index":"index","follow":"follow","max-snippet":"max-snippet:-1","max-image-preview":"max-image-preview:large","max-video-preview":"max-video-preview:-1"},"canonical":"https:\/\/lospoliticosveracruz.com\/?p=169861","og_locale":"es_ES","og_type":"article","og_title":"AH\u00cd VIENEN LOS \u00c1RABES - Los pol\u00edticos Veracruz","og_description":"Sergio Gonz\u00e1lez Levet Sin tacto \u00c1rabes ha habido en M\u00e9xico desde la misma Conquista, porque Hern\u00e1n Cort\u00e9s tra\u00eda en su flota soldados y cargadores moriscos. Y en sus costumbres y sus ideas tambi\u00e9n muchas influencias de la cultura mud\u00e9jar, asentada en Espa\u00f1a por casi 800 a\u00f1os y que, entre otras cosas valiosas, leg\u00f3 al idioma [&hellip;]","og_url":"https:\/\/lospoliticosveracruz.com\/?p=169861","og_site_name":"Los pol\u00edticos Veracruz","article_publisher":"https:\/\/www.facebook.com\/people\/Notimemes-de-los-Polticos\/61565672886568\/","article_published_time":"2026-04-27T13:49:45+00:00","article_modified_time":"2026-04-27T13:49:47+00:00","og_image":[{"width":600,"height":320,"url":"https:\/\/lospoliticosveracruz.com\/wp-content\/uploads\/2025\/04\/Levet-e1773931000156.jpg","type":"image\/jpeg"}],"author":"Lo viste en Los Pol\u00edticos","twitter_card":"summary_large_image","twitter_creator":"@LosPoliticosVer","twitter_site":"@LosPoliticosVer","twitter_misc":{"Escrito por":"Lo viste en Los Pol\u00edticos","Tiempo de lectura":"3 minutos"},"schema":{"@context":"https:\/\/schema.org","@graph":[{"@type":"Article","@id":"https:\/\/lospoliticosveracruz.com\/?p=169861#article","isPartOf":{"@id":"https:\/\/lospoliticosveracruz.com\/?p=169861"},"author":{"name":"Lo viste en Los Pol\u00edticos","@id":"https:\/\/lospoliticosveracruz.com\/#\/schema\/person\/b8702bb0e538456e6efd07080bf2a4a2"},"headline":"AH\u00cd VIENEN LOS \u00c1RABES","datePublished":"2026-04-27T13:49:45+00:00","dateModified":"2026-04-27T13:49:47+00:00","mainEntityOfPage":{"@id":"https:\/\/lospoliticosveracruz.com\/?p=169861"},"wordCount":580,"publisher":{"@id":"https:\/\/lospoliticosveracruz.com\/#organization"},"image":{"@id":"https:\/\/lospoliticosveracruz.com\/?p=169861#primaryimage"},"thumbnailUrl":"https:\/\/lospoliticosveracruz.com\/wp-content\/uploads\/2025\/04\/Levet-e1773931000156.jpg","keywords":["Influencia pol\u00edtica libanesa Veracruz","Migraci\u00f3n \u00e1rabe Veracruz historia","Ricardo Ahued vs Yunes 2030","Roc\u00edo Nahle origen \u00e1rabe","Sergio Gonz\u00e1lez Levet Sin Tacto"],"articleSection":["De Opini\u00f3n"],"inLanguage":"es"},{"@type":"WebPage","@id":"https:\/\/lospoliticosveracruz.com\/?p=169861","url":"https:\/\/lospoliticosveracruz.com\/?p=169861","name":"AH\u00cd VIENEN LOS \u00c1RABES - Los pol\u00edticos Veracruz","isPartOf":{"@id":"https:\/\/lospoliticosveracruz.com\/#website"},"primaryImageOfPage":{"@id":"https:\/\/lospoliticosveracruz.com\/?p=169861#primaryimage"},"image":{"@id":"https:\/\/lospoliticosveracruz.com\/?p=169861#primaryimage"},"thumbnailUrl":"https:\/\/lospoliticosveracruz.com\/wp-content\/uploads\/2025\/04\/Levet-e1773931000156.jpg","datePublished":"2026-04-27T13:49:45+00:00","dateModified":"2026-04-27T13:49:47+00:00","breadcrumb":{"@id":"https:\/\/lospoliticosveracruz.com\/?p=169861#breadcrumb"},"inLanguage":"es","potentialAction":[{"@type":"ReadAction","target":["https:\/\/lospoliticosveracruz.com\/?p=169861"]}]},{"@type":"ImageObject","inLanguage":"es","@id":"https:\/\/lospoliticosveracruz.com\/?p=169861#primaryimage","url":"https:\/\/lospoliticosveracruz.com\/wp-content\/uploads\/2025\/04\/Levet-e1773931000156.jpg","contentUrl":"https:\/\/lospoliticosveracruz.com\/wp-content\/uploads\/2025\/04\/Levet-e1773931000156.jpg","width":600,"height":320},{"@type":"BreadcrumbList","@id":"https:\/\/lospoliticosveracruz.com\/?p=169861#breadcrumb","itemListElement":[{"@type":"ListItem","position":1,"name":"Portada","item":"https:\/\/lospoliticosveracruz.com\/"},{"@type":"ListItem","position":2,"name":"AH\u00cd VIENEN LOS \u00c1RABES"}]},{"@type":"WebSite","@id":"https:\/\/lospoliticosveracruz.com\/#website","url":"https:\/\/lospoliticosveracruz.com\/","name":"Los pol\u00edticos Veracruz","description":"","publisher":{"@id":"https:\/\/lospoliticosveracruz.com\/#organization"},"potentialAction":[{"@type":"SearchAction","target":{"@type":"EntryPoint","urlTemplate":"https:\/\/lospoliticosveracruz.com\/?s={search_term_string}"},"query-input":{"@type":"PropertyValueSpecification","valueRequired":true,"valueName":"search_term_string"}}],"inLanguage":"es"},{"@type":"Organization","@id":"https:\/\/lospoliticosveracruz.com\/#organization","name":"Los pol\u00edticos Veracruz","url":"https:\/\/lospoliticosveracruz.com\/","logo":{"@type":"ImageObject","inLanguage":"es","@id":"https:\/\/lospoliticosveracruz.com\/#\/schema\/logo\/image\/","url":"https:\/\/lospoliticosveracruz.com\/wp-content\/uploads\/2025\/12\/Logo-Nuevo-LOS-POLITICOS-1.jpg","contentUrl":"https:\/\/lospoliticosveracruz.com\/wp-content\/uploads\/2025\/12\/Logo-Nuevo-LOS-POLITICOS-1.jpg","width":260,"height":70,"caption":"Los pol\u00edticos Veracruz"},"image":{"@id":"https:\/\/lospoliticosveracruz.com\/#\/schema\/logo\/image\/"},"sameAs":["https:\/\/www.facebook.com\/people\/Notimemes-de-los-Polticos\/61565672886568\/","https:\/\/x.com\/LosPoliticosVer"]},{"@type":"Person","@id":"https:\/\/lospoliticosveracruz.com\/#\/schema\/person\/b8702bb0e538456e6efd07080bf2a4a2","name":"Lo viste en Los Pol\u00edticos","image":{"@type":"ImageObject","inLanguage":"es","@id":"https:\/\/secure.gravatar.com\/avatar\/3a8de04a2656d44082be478bd6c086daa447c4651605818287b9532d3d0bd435?s=96&d=mm&r=g","url":"https:\/\/secure.gravatar.com\/avatar\/3a8de04a2656d44082be478bd6c086daa447c4651605818287b9532d3d0bd435?s=96&d=mm&r=g","contentUrl":"https:\/\/secure.gravatar.com\/avatar\/3a8de04a2656d44082be478bd6c086daa447c4651605818287b9532d3d0bd435?s=96&d=mm&r=g","caption":"Lo viste en Los Pol\u00edticos"},"url":"https:\/\/lospoliticosveracruz.com\/?author=2"}]}},"_links":{"self":[{"href":"https:\/\/lospoliticosveracruz.com\/index.php?rest_route=\/wp\/v2\/posts\/169861","targetHints":{"allow":["GET"]}}],"collection":[{"href":"https:\/\/lospoliticosveracruz.com\/index.php?rest_route=\/wp\/v2\/posts"}],"about":[{"href":"https:\/\/lospoliticosveracruz.com\/index.php?rest_route=\/wp\/v2\/types\/post"}],"author":[{"embeddable":true,"href":"https:\/\/lospoliticosveracruz.com\/index.php?rest_route=\/wp\/v2\/users\/2"}],"replies":[{"embeddable":true,"href":"https:\/\/lospoliticosveracruz.com\/index.php?rest_route=%2Fwp%2Fv2%2Fcomments&post=169861"}],"version-history":[{"count":2,"href":"https:\/\/lospoliticosveracruz.com\/index.php?rest_route=\/wp\/v2\/posts\/169861\/revisions"}],"predecessor-version":[{"id":169863,"href":"https:\/\/lospoliticosveracruz.com\/index.php?rest_route=\/wp\/v2\/posts\/169861\/revisions\/169863"}],"wp:featuredmedia":[{"embeddable":true,"href":"https:\/\/lospoliticosveracruz.com\/index.php?rest_route=\/wp\/v2\/media\/141432"}],"wp:attachment":[{"href":"https:\/\/lospoliticosveracruz.com\/index.php?rest_route=%2Fwp%2Fv2%2Fmedia&parent=169861"}],"wp:term":[{"taxonomy":"category","embeddable":true,"href":"https:\/\/lospoliticosveracruz.com\/index.php?rest_route=%2Fwp%2Fv2%2Fcategories&post=169861"},{"taxonomy":"post_tag","embeddable":true,"href":"https:\/\/lospoliticosveracruz.com\/index.php?rest_route=%2Fwp%2Fv2%2Ftags&post=169861"}],"curies":[{"name":"wp","href":"https:\/\/api.w.org\/{rel}","templated":true}]}}