{"id":169864,"date":"2026-04-27T08:47:14","date_gmt":"2026-04-27T14:47:14","guid":{"rendered":"https:\/\/lospoliticosveracruz.com\/?p=169864"},"modified":"2026-04-27T08:47:15","modified_gmt":"2026-04-27T14:47:15","slug":"y-ahora-quien-podra-salvarnos","status":"publish","type":"post","link":"https:\/\/lospoliticosveracruz.com\/?p=169864","title":{"rendered":"Y AHORA, QUI\u00c9N PODR\u00c1 SALVARNOS?"},"content":{"rendered":"\n<p><strong>Arturo Reyes Gonz\u00e1lez<\/strong><\/p>\n\n\n\n<p><em>Burladero<\/em><br><\/p>\n\n\n\n<p>Si como dicen que dijo por ah\u00ed, \u00bfinsinu\u00f3?, \u00bfinstruy\u00f3? la se\u00f1ora Gobernadora, que no van a repetir -o esa es la idea- los actuales legisladores locales y federales veracruzanos emanados de su partido (el Movimiento de Regeneraci\u00f3n Nacional MORENA), entonces \u00bfpor o para qu\u00e9 est\u00e1n caminando -ahora s\u00ed- algunos todav\u00eda diputados como la se\u00f1orita Dorheny Garc\u00eda Cayetano, ella del Congreso veracruzano?<\/p>\n\n\n\n<p>\u00bfSer\u00e1 porque est\u00e1 sembrando para quien sea designado o designada en su momento pr\u00f3ximo, pr\u00f3xima, proxime candidato a diputado por su partido para esta elecci\u00f3n venidera del 2027?<\/p>\n\n\n\n<p>Pues claro, verdad, si no para qu\u00e9 otra cosa lo har\u00eda, si ella ya ocup\u00f3 varios cargos entre ellos los legislativos y en el movimiento son muy conscientes de que deben dar paso a otros compa\u00f1eros y compa\u00f1eras del movimiento, \u00a1no olvide por favor que ellos son diferentes, no son como los del pasado\u2026 \u00f3sea!<\/p>\n\n\n\n<p>As\u00ed que bien por la familiar del exgobernador, de quien por cierto otros muchos malquerientes ya andan levantando falsos con eso de que quiere ser diputado federal -claro plurinominal- porque ya a elecci\u00f3n no va porque no tiene nada m\u00e1s que demostrar, ya una vez la gan\u00f3 y hasta eso con unos cuantos miles de pesos, poco m\u00e1s de veinte mil miseros y devaluados, entonces imag\u00ednese hoy, con los millones que ya tiene, con el excelente trabajo que mostr\u00f3 y desarroll\u00f3 como gobernador de todos los veracruzanos hasta los saba daba y noches y madrugadas, ya para qu\u00e9 mandarlo a tierra, ya mejor que le regalen la pluri, digo, perd\u00f3n, que le asignen porque si lo mandan a campa\u00f1a pues va a hacer pedazos a cualquier contrincante, para qu\u00e9, no, mero tramite y rudeza innecesaria\u2026 para qu\u00e9, mejor que se le d\u00e9 la oportunidad a alg\u00fan otro militante.<\/p>\n\n\n\n<p>Pero hay otros m\u00e1s\u2026<\/p>\n\n\n\n<p>Por cierto, ser\u00e1 cierto, dicen los compa\u00f1eros de medios de la zona centro de la entidad, que todo indica el todav\u00eda diputado federal y flamante y brillante \u201cl\u00edder\u201d de la bancada jarocha en San L\u00e1zaro, el doctor Zen, s\u00ed, ese, \u201cel derecho al respeto ajeno es la paz\u201d, estar\u00eda preparando a su hija para lo que venga, quiz\u00e1 incluso sustituirlo en la diputaci\u00f3n; al parecer don Zen descubri\u00f3 que su talentosa hija tiene todo lo necesario para seguir sus pasos.<\/p>\n\n\n\n<p>\u00bfQue a qu\u00e9 me refiero?<\/p>\n\n\n\n<p>Pues usted sabe\u2026 \u00bfque no lo sabe? Pues el talento, la garra, el aplomo, todo eso\u2026 para legislar claro est\u00e1, para legislar\u2026<\/p>\n\n\n\n<p>Por cierto, los colegas de esa hermosa regi\u00f3n nos piden sumarnos para enviar el mensaje a la m\u00e1xima autoridad para que por favor le digan al se\u00f1or legislador que ya se sacie tantito, que si no le es suficiente que haya colado a su esposa Lilian L\u00f3pez como magistrada (de las magistrados del acorde\u00f3n), por cierto abogada con t\u00edtulo regalado por una escuela patito de Orizaba, tambi\u00e9n por cierto, propiedad de su asesor de nombre Jorge Ram\u00edrez, quien todos los t\u00edtulos tanto de la magistrada como del doctor Zenyazen se los ha otorgado \u00e9l mismo, su \u201casesor\u201d Ram\u00edrez, insistimos, flamante propietario de esa escuela patito de quien aportaremos datos en siguientes entregas.<\/p>\n\n\n\n<p>SE BUSCA<\/p>\n\n\n\n<p>Por cierto, alguien sabe si el l\u00edder Zen ya pudo ubicar a su exyerno, Emilio Venegas, quien huy\u00f3 cuando se volvi\u00f3 loco al tener en sus manos, bueno, en sus cuentas bancarias, a su nombre, los millones que aseguran le dio a guardar, prestados, en resguardo el noble diputado quien as\u00ed dej\u00f3 en claro que cre\u00eda ciegamente (literal) en la juventud veracruzana y \u00a1zas! Miren c\u00f3mo le pagaron.<\/p>\n\n\n\n<p>Pero ya que hablamos de desaparecidos, triste sigue siendo la historia de la familia de la guapa y joven -de origen venezolano- Yenifer Cristina Vel\u00e1zquez L\u00f3pez, quien por ser en alg\u00fan momento novia del entonces secretario de educaci\u00f3n de Veracruz, acab\u00f3 en situaci\u00f3n de desaparecida.<\/p>\n\n\n\n<p>\u00a1Caray, qu\u00e9 cosas tan lastimosas!<\/p>\n\n\n\n<p>Refrendo, agradecimiento<\/p>\n\n\n\n<p>Pero, adem\u00e1s de eso, le pedimos madame, se\u00f1ora Gobernadora, no sea malita, no nos prive al pueblo \u201cnoble y sabio\u201d de la oportunidad de poder expresar en las urnas lo que estos valiosos hombres y mujeres (los exservidores p\u00fablicos cuitlahuistas) han generado en nosotros, de retribuirles el favor las mujeres y hombres pueblerinos, pero que hemos sido testigos de su entrega, de su trabajo, de su esfuerzo, de su amor por el\u2026 por el\u2026 servicio\u2026 por el otro, el hermano\u2026 por, por, por, usted sabe, por el movimiento y por servir, entre muchos otros temas que ya nos mostraron y de lo que son capaces.<\/p>\n\n\n\n<p>Por ello, d\u00e9jelos\u2026 que vayan a la urna, \u00bfo alguien les sabe algo? Usted sabe bien cu\u00e1l puede ser el m\u00e1s fuerte resultado, \u00bfno?<\/p>\n\n\n\n<p>La gente se volcar\u00eda a las urnas, eso no lo dude\u2026<\/p>\n\n\n\n<p>Porque, es hasta tonto decirlo, qu\u00e9 otro resultado se puede esperar -en este caso en las urnas- de su actuaci\u00f3n de ellas y ellos, que no sea el reflejo y respectivo \u201cagradecimiento\u201d por su entrega a Veracruz desde las trincheras que tuvieron la oportunidad de ocupar aunque fuera solo por un tiempo.<\/p>\n\n\n\n<p>As\u00ed, que, por favor, dicho de la manera m\u00e1s respetuosa, pi\u00e9nselo por favor, d\u00e9jelos que ampl\u00eden un poco m\u00e1s su oportunidad de servir, de ayudar, de orientar a sus representados, no los prive, no nos prive de esa valiosa oportunidad, por favor.<\/p>\n\n\n\n<p>Mire, considere que ya tienen amplia, muy amplia experiencia y han tenido tiempo para demostrar de lo que est\u00e1n hechos, ya son figuras que solo van a refrendar su potencial, no hay casi nada por demostrar ni probar, entonces, a comparaci\u00f3n de posibles nuevos prospectos y candidatos, candidatas y candidates, para qu\u00e9 arriesgar, para qu\u00e9 probar nuevas f\u00f3rmulas si ya todo Veracruz (as\u00ed como todo M\u00e9xico) sabe lo muy valiosos que son.<\/p>\n\n\n\n<p>No se arriesgue, sigo insistiendo con mucho respeto, ya todos los conocemos, su talento, su capacidad, su vocaci\u00f3n de servicio, sus resultados, solo p\u00f3ngalos en la mira, sorry, en la boleta y lo podr\u00e1 constatar, pero seguro ya lo sabe.<\/p>\n\n\n\n<p>\u00bfC\u00f3mo?, \u00bfnombres? Una disculpa si alg\u00fan nombre se barre, pero entre lo m\u00e1s importantes, Zen, Eleazar, Dorheny.<\/p>\n\n\n\n<p>\u2022\u2060 \u2060Zenyazen Escobar Garc\u00eda: Exsecretario de Educaci\u00f3n de Veracruz (SEV), quien se convirti\u00f3 en diputado federal de Morena tras la elecci\u00f3n de 2024.<br>\u2022\u2060 \u2060Dorheny Garc\u00eda Cayetano: Exsecretaria del Trabajo, Previsi\u00f3n Social y Productividad, y exsecretaria particular del gobernador. Se report\u00f3 su actividad pol\u00edtica enfocada a cargos legislativos.<br>\u2022\u2060 \u2060Eleazar Guerrero P\u00e9rez: Exsubsecretario de Finanzas y Administraci\u00f3n (SEFIPLAN), quien tras dejar el cargo se sum\u00f3 a las candidaturas a diputados.<\/p>\n\n\n\n<p>Oigaaaa \u00bfy enfrente?<\/p>\n\n\n\n<p>\u00bfCon qui\u00e9nes van a competir?<\/p>\n\n\n\n<p>Caray, \u00bfse tendr\u00e1 que llegar a elegir al menor pior, en lugar del mejor? Esperemos que no, ya se abordar\u00e1 el tema.<\/p>\n\n\n\n<p>\u00a1Ay mi Xalapa!<\/p>\n\n\n\n<p>Que alguien por favorrr le informe a la se\u00f1ora presidenta de Xalapa, a do\u00f1a Dany, que alguien, algunos malosos andan destruyendo \u00bfdestruyendo? \u00a1S\u00ed, de veras! Literal, las calles de la capital de todos los veracruzanos, pero algo muy muy feo, como dir\u00eda Eugenio Derbez: \u00a1Fue horrible!<\/p>\n\n\n\n<p>\u00bfQue exagero?, \u00bfya han pasado \u00faltimamente por la calle Antonio Chedraui Karam, lateral de la muy conocida \u201cPlaza Crystal\u201d? o por la avenida Miguel Alem\u00e1n, principalmente muy cerca de la avenida Am\u00e9ricas, por el rumbo del mercado de \u201cla Rotonda\u201d\u2026 a un costado del parque Covina, el que se ubica sobre Maestros Veracruzanos, entre muchos otros\u2026<\/p>\n\n\n\n<p>\u00a1Que qu\u00e9 exagerados! Con decirle que, trascendi\u00f3, los astronautas que reci\u00e9n acaban de ir a literal \u201cdar la vuelta a la luna\u201d antes de acudir a su cita con la historia, primero se asesoraron con ciudadanos, ciudadanas y ciudadanes \u00a1que actualmente viven en Xalapa! Y por si algo les falt\u00f3 para eso acudieron a autoridades municipales\u2026 \u00a1dicen!<\/p>\n\n\n\n<p>La teor\u00eda del autor de Burladero es que la autoridad ha dejado que todos constaten la forma en que trabajaron gobiernos anteriores, por ello no lleg\u00f3 y ha arreglado lo que otros desarreglaron y as\u00ed no se nos vaya a olvidar que los del pasado fallaron.<\/p>\n\n\n\n<p>\u00bfO qu\u00e9 no funciona as\u00ed la polaca, la grilla?<\/p>\n\n\n\n<p>C\u00f3mo, que ya es administraci\u00f3n p\u00fablica la de do\u00f1a Dany, ah, de veras, mil disculpas.<\/p>\n\n\n\n<p>4argo.mx@gmail.com<\/p>\n","protected":false},"excerpt":{"rendered":"<p>Arturo Reyes Gonz\u00e1lez Burladero Si como dicen que dijo por ah\u00ed, \u00bfinsinu\u00f3?, \u00bfinstruy\u00f3? la se\u00f1ora Gobernadora, que no van a repetir -o esa es la idea- los actuales legisladores locales y federales veracruzanos emanados de su partido (el Movimiento de Regeneraci\u00f3n Nacional MORENA), entonces \u00bfpor o para qu\u00e9 est\u00e1n caminando -ahora s\u00ed- algunos todav\u00eda diputados [&hellip;]<\/p>\n","protected":false},"author":2,"featured_media":141375,"comment_status":"closed","ping_status":"closed","sticky":false,"template":"","format":"standard","meta":{"tdm_status":"","tdm_grid_status":"","footnotes":""},"categories":[70],"tags":[62332,62334,62335,62331,62336,62333],"class_list":{"0":"post-169864","1":"post","2":"type-post","3":"status-publish","4":"format-standard","5":"has-post-thumbnail","7":"category-de-opinion","8":"tag-calles-de-xalapa-baches-2026","9":"tag-cuitlahuac-garcia-plurinominal-morena","10":"tag-daniela-griego-ceballos-gestion-xalapa","11":"tag-dorheny-garcia-cayetano-candidata-2027","12":"tag-eleazar-guerrero-perez-morena-veracruz","13":"tag-zenyazen-escobar-garcia-acusaciones-2026"},"yoast_head":"<!-- This site is optimized with the Yoast SEO plugin v27.4 - https:\/\/yoast.com\/product\/yoast-seo-wordpress\/ -->\n<title>Y AHORA, QUI\u00c9N PODR\u00c1 SALVARNOS? - Los pol\u00edticos Veracruz<\/title>\n<meta name=\"robots\" content=\"index, follow, max-snippet:-1, max-image-preview:large, max-video-preview:-1\" \/>\n<link rel=\"canonical\" href=\"https:\/\/lospoliticosveracruz.com\/?p=169864\" \/>\n<meta property=\"og:locale\" content=\"es_ES\" \/>\n<meta property=\"og:type\" content=\"article\" \/>\n<meta property=\"og:title\" content=\"Y AHORA, QUI\u00c9N PODR\u00c1 SALVARNOS? - Los pol\u00edticos Veracruz\" \/>\n<meta property=\"og:description\" content=\"Arturo Reyes Gonz\u00e1lez Burladero Si como dicen que dijo por ah\u00ed, \u00bfinsinu\u00f3?, \u00bfinstruy\u00f3? la se\u00f1ora Gobernadora, que no van a repetir -o esa es la idea- los actuales legisladores locales y federales veracruzanos emanados de su partido (el Movimiento de Regeneraci\u00f3n Nacional MORENA), entonces \u00bfpor o para qu\u00e9 est\u00e1n caminando -ahora s\u00ed- algunos todav\u00eda diputados [&hellip;]\" \/>\n<meta property=\"og:url\" content=\"https:\/\/lospoliticosveracruz.com\/?p=169864\" \/>\n<meta property=\"og:site_name\" content=\"Los pol\u00edticos Veracruz\" \/>\n<meta property=\"article:publisher\" content=\"https:\/\/www.facebook.com\/people\/Notimemes-de-los-Polticos\/61565672886568\/\" \/>\n<meta property=\"article:published_time\" content=\"2026-04-27T14:47:14+00:00\" \/>\n<meta property=\"article:modified_time\" content=\"2026-04-27T14:47:15+00:00\" \/>\n<meta property=\"og:image\" content=\"https:\/\/lospoliticosveracruz.com\/wp-content\/uploads\/2025\/04\/Arturo-Reyes.jpg\" \/>\n\t<meta property=\"og:image:width\" content=\"1250\" \/>\n\t<meta property=\"og:image:height\" content=\"667\" \/>\n\t<meta property=\"og:image:type\" content=\"image\/jpeg\" \/>\n<meta name=\"author\" content=\"Lo viste en Los Pol\u00edticos\" \/>\n<meta name=\"twitter:card\" content=\"summary_large_image\" \/>\n<meta name=\"twitter:creator\" content=\"@LosPoliticosVer\" \/>\n<meta name=\"twitter:site\" content=\"@LosPoliticosVer\" \/>\n<meta name=\"twitter:label1\" content=\"Escrito por\" \/>\n\t<meta name=\"twitter:data1\" content=\"Lo viste en Los Pol\u00edticos\" \/>\n\t<meta name=\"twitter:label2\" content=\"Tiempo de lectura\" \/>\n\t<meta name=\"twitter:data2\" content=\"7 minutos\" \/>\n<script type=\"application\/ld+json\" class=\"yoast-schema-graph\">{\"@context\":\"https:\\\/\\\/schema.org\",\"@graph\":[{\"@type\":\"Article\",\"@id\":\"https:\\\/\\\/lospoliticosveracruz.com\\\/?p=169864#article\",\"isPartOf\":{\"@id\":\"https:\\\/\\\/lospoliticosveracruz.com\\\/?p=169864\"},\"author\":{\"name\":\"Lo viste en Los Pol\u00edticos\",\"@id\":\"https:\\\/\\\/lospoliticosveracruz.com\\\/#\\\/schema\\\/person\\\/b8702bb0e538456e6efd07080bf2a4a2\"},\"headline\":\"Y AHORA, QUI\u00c9N PODR\u00c1 SALVARNOS?\",\"datePublished\":\"2026-04-27T14:47:14+00:00\",\"dateModified\":\"2026-04-27T14:47:15+00:00\",\"mainEntityOfPage\":{\"@id\":\"https:\\\/\\\/lospoliticosveracruz.com\\\/?p=169864\"},\"wordCount\":1429,\"publisher\":{\"@id\":\"https:\\\/\\\/lospoliticosveracruz.com\\\/#organization\"},\"image\":{\"@id\":\"https:\\\/\\\/lospoliticosveracruz.com\\\/?p=169864#primaryimage\"},\"thumbnailUrl\":\"https:\\\/\\\/lospoliticosveracruz.com\\\/wp-content\\\/uploads\\\/2025\\\/04\\\/Arturo-Reyes.jpg\",\"keywords\":[\"Calles de Xalapa baches 2026\",\"Cuitl\u00e1huac Garc\u00eda plurinominal Morena\",\"Daniela Griego Ceballos gesti\u00f3n Xalapa\",\"Dorheny Garc\u00eda Cayetano candidata 2027\",\"Eleazar Guerrero P\u00e9rez Morena Veracruz\",\"Zenyazen Escobar Garc\u00eda acusaciones 2026\"],\"articleSection\":[\"De Opini\u00f3n\"],\"inLanguage\":\"es\"},{\"@type\":\"WebPage\",\"@id\":\"https:\\\/\\\/lospoliticosveracruz.com\\\/?p=169864\",\"url\":\"https:\\\/\\\/lospoliticosveracruz.com\\\/?p=169864\",\"name\":\"Y AHORA, QUI\u00c9N PODR\u00c1 SALVARNOS? - Los pol\u00edticos Veracruz\",\"isPartOf\":{\"@id\":\"https:\\\/\\\/lospoliticosveracruz.com\\\/#website\"},\"primaryImageOfPage\":{\"@id\":\"https:\\\/\\\/lospoliticosveracruz.com\\\/?p=169864#primaryimage\"},\"image\":{\"@id\":\"https:\\\/\\\/lospoliticosveracruz.com\\\/?p=169864#primaryimage\"},\"thumbnailUrl\":\"https:\\\/\\\/lospoliticosveracruz.com\\\/wp-content\\\/uploads\\\/2025\\\/04\\\/Arturo-Reyes.jpg\",\"datePublished\":\"2026-04-27T14:47:14+00:00\",\"dateModified\":\"2026-04-27T14:47:15+00:00\",\"breadcrumb\":{\"@id\":\"https:\\\/\\\/lospoliticosveracruz.com\\\/?p=169864#breadcrumb\"},\"inLanguage\":\"es\",\"potentialAction\":[{\"@type\":\"ReadAction\",\"target\":[\"https:\\\/\\\/lospoliticosveracruz.com\\\/?p=169864\"]}]},{\"@type\":\"ImageObject\",\"inLanguage\":\"es\",\"@id\":\"https:\\\/\\\/lospoliticosveracruz.com\\\/?p=169864#primaryimage\",\"url\":\"https:\\\/\\\/lospoliticosveracruz.com\\\/wp-content\\\/uploads\\\/2025\\\/04\\\/Arturo-Reyes.jpg\",\"contentUrl\":\"https:\\\/\\\/lospoliticosveracruz.com\\\/wp-content\\\/uploads\\\/2025\\\/04\\\/Arturo-Reyes.jpg\",\"width\":1250,\"height\":667},{\"@type\":\"BreadcrumbList\",\"@id\":\"https:\\\/\\\/lospoliticosveracruz.com\\\/?p=169864#breadcrumb\",\"itemListElement\":[{\"@type\":\"ListItem\",\"position\":1,\"name\":\"Portada\",\"item\":\"https:\\\/\\\/lospoliticosveracruz.com\\\/\"},{\"@type\":\"ListItem\",\"position\":2,\"name\":\"Y AHORA, QUI\u00c9N PODR\u00c1 SALVARNOS?\"}]},{\"@type\":\"WebSite\",\"@id\":\"https:\\\/\\\/lospoliticosveracruz.com\\\/#website\",\"url\":\"https:\\\/\\\/lospoliticosveracruz.com\\\/\",\"name\":\"Los pol\u00edticos Veracruz\",\"description\":\"\",\"publisher\":{\"@id\":\"https:\\\/\\\/lospoliticosveracruz.com\\\/#organization\"},\"potentialAction\":[{\"@type\":\"SearchAction\",\"target\":{\"@type\":\"EntryPoint\",\"urlTemplate\":\"https:\\\/\\\/lospoliticosveracruz.com\\\/?s={search_term_string}\"},\"query-input\":{\"@type\":\"PropertyValueSpecification\",\"valueRequired\":true,\"valueName\":\"search_term_string\"}}],\"inLanguage\":\"es\"},{\"@type\":\"Organization\",\"@id\":\"https:\\\/\\\/lospoliticosveracruz.com\\\/#organization\",\"name\":\"Los pol\u00edticos Veracruz\",\"url\":\"https:\\\/\\\/lospoliticosveracruz.com\\\/\",\"logo\":{\"@type\":\"ImageObject\",\"inLanguage\":\"es\",\"@id\":\"https:\\\/\\\/lospoliticosveracruz.com\\\/#\\\/schema\\\/logo\\\/image\\\/\",\"url\":\"https:\\\/\\\/lospoliticosveracruz.com\\\/wp-content\\\/uploads\\\/2025\\\/12\\\/Logo-Nuevo-LOS-POLITICOS-1.jpg\",\"contentUrl\":\"https:\\\/\\\/lospoliticosveracruz.com\\\/wp-content\\\/uploads\\\/2025\\\/12\\\/Logo-Nuevo-LOS-POLITICOS-1.jpg\",\"width\":260,\"height\":70,\"caption\":\"Los pol\u00edticos Veracruz\"},\"image\":{\"@id\":\"https:\\\/\\\/lospoliticosveracruz.com\\\/#\\\/schema\\\/logo\\\/image\\\/\"},\"sameAs\":[\"https:\\\/\\\/www.facebook.com\\\/people\\\/Notimemes-de-los-Polticos\\\/61565672886568\\\/\",\"https:\\\/\\\/x.com\\\/LosPoliticosVer\"]},{\"@type\":\"Person\",\"@id\":\"https:\\\/\\\/lospoliticosveracruz.com\\\/#\\\/schema\\\/person\\\/b8702bb0e538456e6efd07080bf2a4a2\",\"name\":\"Lo viste en Los Pol\u00edticos\",\"image\":{\"@type\":\"ImageObject\",\"inLanguage\":\"es\",\"@id\":\"https:\\\/\\\/secure.gravatar.com\\\/avatar\\\/3a8de04a2656d44082be478bd6c086daa447c4651605818287b9532d3d0bd435?s=96&d=mm&r=g\",\"url\":\"https:\\\/\\\/secure.gravatar.com\\\/avatar\\\/3a8de04a2656d44082be478bd6c086daa447c4651605818287b9532d3d0bd435?s=96&d=mm&r=g\",\"contentUrl\":\"https:\\\/\\\/secure.gravatar.com\\\/avatar\\\/3a8de04a2656d44082be478bd6c086daa447c4651605818287b9532d3d0bd435?s=96&d=mm&r=g\",\"caption\":\"Lo viste en Los Pol\u00edticos\"},\"url\":\"https:\\\/\\\/lospoliticosveracruz.com\\\/?author=2\"}]}<\/script>\n<!-- \/ Yoast SEO plugin. -->","yoast_head_json":{"title":"Y AHORA, QUI\u00c9N PODR\u00c1 SALVARNOS? - Los pol\u00edticos Veracruz","robots":{"index":"index","follow":"follow","max-snippet":"max-snippet:-1","max-image-preview":"max-image-preview:large","max-video-preview":"max-video-preview:-1"},"canonical":"https:\/\/lospoliticosveracruz.com\/?p=169864","og_locale":"es_ES","og_type":"article","og_title":"Y AHORA, QUI\u00c9N PODR\u00c1 SALVARNOS? - Los pol\u00edticos Veracruz","og_description":"Arturo Reyes Gonz\u00e1lez Burladero Si como dicen que dijo por ah\u00ed, \u00bfinsinu\u00f3?, \u00bfinstruy\u00f3? la se\u00f1ora Gobernadora, que no van a repetir -o esa es la idea- los actuales legisladores locales y federales veracruzanos emanados de su partido (el Movimiento de Regeneraci\u00f3n Nacional MORENA), entonces \u00bfpor o para qu\u00e9 est\u00e1n caminando -ahora s\u00ed- algunos todav\u00eda diputados [&hellip;]","og_url":"https:\/\/lospoliticosveracruz.com\/?p=169864","og_site_name":"Los pol\u00edticos Veracruz","article_publisher":"https:\/\/www.facebook.com\/people\/Notimemes-de-los-Polticos\/61565672886568\/","article_published_time":"2026-04-27T14:47:14+00:00","article_modified_time":"2026-04-27T14:47:15+00:00","og_image":[{"width":1250,"height":667,"url":"https:\/\/lospoliticosveracruz.com\/wp-content\/uploads\/2025\/04\/Arturo-Reyes.jpg","type":"image\/jpeg"}],"author":"Lo viste en Los Pol\u00edticos","twitter_card":"summary_large_image","twitter_creator":"@LosPoliticosVer","twitter_site":"@LosPoliticosVer","twitter_misc":{"Escrito por":"Lo viste en Los Pol\u00edticos","Tiempo de lectura":"7 minutos"},"schema":{"@context":"https:\/\/schema.org","@graph":[{"@type":"Article","@id":"https:\/\/lospoliticosveracruz.com\/?p=169864#article","isPartOf":{"@id":"https:\/\/lospoliticosveracruz.com\/?p=169864"},"author":{"name":"Lo viste en Los Pol\u00edticos","@id":"https:\/\/lospoliticosveracruz.com\/#\/schema\/person\/b8702bb0e538456e6efd07080bf2a4a2"},"headline":"Y AHORA, QUI\u00c9N PODR\u00c1 SALVARNOS?","datePublished":"2026-04-27T14:47:14+00:00","dateModified":"2026-04-27T14:47:15+00:00","mainEntityOfPage":{"@id":"https:\/\/lospoliticosveracruz.com\/?p=169864"},"wordCount":1429,"publisher":{"@id":"https:\/\/lospoliticosveracruz.com\/#organization"},"image":{"@id":"https:\/\/lospoliticosveracruz.com\/?p=169864#primaryimage"},"thumbnailUrl":"https:\/\/lospoliticosveracruz.com\/wp-content\/uploads\/2025\/04\/Arturo-Reyes.jpg","keywords":["Calles de Xalapa baches 2026","Cuitl\u00e1huac Garc\u00eda plurinominal Morena","Daniela Griego Ceballos gesti\u00f3n Xalapa","Dorheny Garc\u00eda Cayetano candidata 2027","Eleazar Guerrero P\u00e9rez Morena Veracruz","Zenyazen Escobar Garc\u00eda acusaciones 2026"],"articleSection":["De Opini\u00f3n"],"inLanguage":"es"},{"@type":"WebPage","@id":"https:\/\/lospoliticosveracruz.com\/?p=169864","url":"https:\/\/lospoliticosveracruz.com\/?p=169864","name":"Y AHORA, QUI\u00c9N PODR\u00c1 SALVARNOS? - Los pol\u00edticos Veracruz","isPartOf":{"@id":"https:\/\/lospoliticosveracruz.com\/#website"},"primaryImageOfPage":{"@id":"https:\/\/lospoliticosveracruz.com\/?p=169864#primaryimage"},"image":{"@id":"https:\/\/lospoliticosveracruz.com\/?p=169864#primaryimage"},"thumbnailUrl":"https:\/\/lospoliticosveracruz.com\/wp-content\/uploads\/2025\/04\/Arturo-Reyes.jpg","datePublished":"2026-04-27T14:47:14+00:00","dateModified":"2026-04-27T14:47:15+00:00","breadcrumb":{"@id":"https:\/\/lospoliticosveracruz.com\/?p=169864#breadcrumb"},"inLanguage":"es","potentialAction":[{"@type":"ReadAction","target":["https:\/\/lospoliticosveracruz.com\/?p=169864"]}]},{"@type":"ImageObject","inLanguage":"es","@id":"https:\/\/lospoliticosveracruz.com\/?p=169864#primaryimage","url":"https:\/\/lospoliticosveracruz.com\/wp-content\/uploads\/2025\/04\/Arturo-Reyes.jpg","contentUrl":"https:\/\/lospoliticosveracruz.com\/wp-content\/uploads\/2025\/04\/Arturo-Reyes.jpg","width":1250,"height":667},{"@type":"BreadcrumbList","@id":"https:\/\/lospoliticosveracruz.com\/?p=169864#breadcrumb","itemListElement":[{"@type":"ListItem","position":1,"name":"Portada","item":"https:\/\/lospoliticosveracruz.com\/"},{"@type":"ListItem","position":2,"name":"Y AHORA, QUI\u00c9N PODR\u00c1 SALVARNOS?"}]},{"@type":"WebSite","@id":"https:\/\/lospoliticosveracruz.com\/#website","url":"https:\/\/lospoliticosveracruz.com\/","name":"Los pol\u00edticos Veracruz","description":"","publisher":{"@id":"https:\/\/lospoliticosveracruz.com\/#organization"},"potentialAction":[{"@type":"SearchAction","target":{"@type":"EntryPoint","urlTemplate":"https:\/\/lospoliticosveracruz.com\/?s={search_term_string}"},"query-input":{"@type":"PropertyValueSpecification","valueRequired":true,"valueName":"search_term_string"}}],"inLanguage":"es"},{"@type":"Organization","@id":"https:\/\/lospoliticosveracruz.com\/#organization","name":"Los pol\u00edticos Veracruz","url":"https:\/\/lospoliticosveracruz.com\/","logo":{"@type":"ImageObject","inLanguage":"es","@id":"https:\/\/lospoliticosveracruz.com\/#\/schema\/logo\/image\/","url":"https:\/\/lospoliticosveracruz.com\/wp-content\/uploads\/2025\/12\/Logo-Nuevo-LOS-POLITICOS-1.jpg","contentUrl":"https:\/\/lospoliticosveracruz.com\/wp-content\/uploads\/2025\/12\/Logo-Nuevo-LOS-POLITICOS-1.jpg","width":260,"height":70,"caption":"Los pol\u00edticos Veracruz"},"image":{"@id":"https:\/\/lospoliticosveracruz.com\/#\/schema\/logo\/image\/"},"sameAs":["https:\/\/www.facebook.com\/people\/Notimemes-de-los-Polticos\/61565672886568\/","https:\/\/x.com\/LosPoliticosVer"]},{"@type":"Person","@id":"https:\/\/lospoliticosveracruz.com\/#\/schema\/person\/b8702bb0e538456e6efd07080bf2a4a2","name":"Lo viste en Los Pol\u00edticos","image":{"@type":"ImageObject","inLanguage":"es","@id":"https:\/\/secure.gravatar.com\/avatar\/3a8de04a2656d44082be478bd6c086daa447c4651605818287b9532d3d0bd435?s=96&d=mm&r=g","url":"https:\/\/secure.gravatar.com\/avatar\/3a8de04a2656d44082be478bd6c086daa447c4651605818287b9532d3d0bd435?s=96&d=mm&r=g","contentUrl":"https:\/\/secure.gravatar.com\/avatar\/3a8de04a2656d44082be478bd6c086daa447c4651605818287b9532d3d0bd435?s=96&d=mm&r=g","caption":"Lo viste en Los Pol\u00edticos"},"url":"https:\/\/lospoliticosveracruz.com\/?author=2"}]}},"_links":{"self":[{"href":"https:\/\/lospoliticosveracruz.com\/index.php?rest_route=\/wp\/v2\/posts\/169864","targetHints":{"allow":["GET"]}}],"collection":[{"href":"https:\/\/lospoliticosveracruz.com\/index.php?rest_route=\/wp\/v2\/posts"}],"about":[{"href":"https:\/\/lospoliticosveracruz.com\/index.php?rest_route=\/wp\/v2\/types\/post"}],"author":[{"embeddable":true,"href":"https:\/\/lospoliticosveracruz.com\/index.php?rest_route=\/wp\/v2\/users\/2"}],"replies":[{"embeddable":true,"href":"https:\/\/lospoliticosveracruz.com\/index.php?rest_route=%2Fwp%2Fv2%2Fcomments&post=169864"}],"version-history":[{"count":1,"href":"https:\/\/lospoliticosveracruz.com\/index.php?rest_route=\/wp\/v2\/posts\/169864\/revisions"}],"predecessor-version":[{"id":169865,"href":"https:\/\/lospoliticosveracruz.com\/index.php?rest_route=\/wp\/v2\/posts\/169864\/revisions\/169865"}],"wp:featuredmedia":[{"embeddable":true,"href":"https:\/\/lospoliticosveracruz.com\/index.php?rest_route=\/wp\/v2\/media\/141375"}],"wp:attachment":[{"href":"https:\/\/lospoliticosveracruz.com\/index.php?rest_route=%2Fwp%2Fv2%2Fmedia&parent=169864"}],"wp:term":[{"taxonomy":"category","embeddable":true,"href":"https:\/\/lospoliticosveracruz.com\/index.php?rest_route=%2Fwp%2Fv2%2Fcategories&post=169864"},{"taxonomy":"post_tag","embeddable":true,"href":"https:\/\/lospoliticosveracruz.com\/index.php?rest_route=%2Fwp%2Fv2%2Ftags&post=169864"}],"curies":[{"name":"wp","href":"https:\/\/api.w.org\/{rel}","templated":true}]}}