{"id":169869,"date":"2026-04-27T10:02:52","date_gmt":"2026-04-27T16:02:52","guid":{"rendered":"https:\/\/lospoliticosveracruz.com\/?p=169869"},"modified":"2026-04-27T10:02:54","modified_gmt":"2026-04-27T16:02:54","slug":"boca-del-rio-incluyente","status":"publish","type":"post","link":"https:\/\/lospoliticosveracruz.com\/?p=169869","title":{"rendered":"BOCA DEL R\u00cdO, INCLUYENTE!"},"content":{"rendered":"\n<p>En el marco del D\u00eda Mundial de Concienciaci\u00f3n sobre el Autismo, se llev\u00f3 a cabo el Foro Internacional de Autismo, un espacio de encuentro, aprendizaje y sensibilizaci\u00f3n organizado por la Asociaci\u00f3n Autismo Veracruz en coordinaci\u00f3n con el DIF Municipal y el Ayuntamiento de Boca del R\u00edo.<\/p>\n\n\n\n<p>Durante la inauguraci\u00f3n, la presidenta del DIF Municipal, Mar\u00eda Pa\u00fala Hakim Gamboa, destac\u00f3 la importancia de generar espacios que promuevan la inclusi\u00f3n y el entendimiento del espectro autista, subrayando los retos que enfrentan diariamente las personas con este diagn\u00f3stico y sus familias.<\/p>\n\n\n\n<p>\u201cLas personas dentro del espectro autista se enfrentan todos los d\u00edas a retos que muchas veces no vemos o no entendemos; por eso, m\u00e1s que solo hablar de inclusi\u00f3n, es momento de actuar\u201d, expres\u00f3.<\/p>\n\n\n\n<p>Asimismo, reconoci\u00f3 el trabajo de la Asociaci\u00f3n Autismo Veracruz y su presidenta Lery P\u00e9rez por haber logrado que especialistas internacionales llegar\u00e1n a impartir su conocimiento sobre el tema a Boca del R\u00edo.<\/p>\n\n\n\n<p>Desatac\u00f3 tambi\u00e9n el respaldo del gobierno municipal para la realizaci\u00f3n de este tipo de iniciativas. Reiter\u00f3 que desde el DIF Boca del R\u00edo se continuar\u00e1 impulsando acciones como jornadas de detecci\u00f3n, capacitaciones y pl\u00e1ticas informativas que fortalezcan una cultura inclusiva en la comunidad.<\/p>\n\n\n\n<p>Por su parte, la presidenta municipal, Maryjose Gamboa Torales, enfatiz\u00f3 que este foro representa una oportunidad para acercar conocimiento cient\u00edfico, herramientas pr\u00e1cticas y experiencias valiosas a la ciudadan\u00eda, destacando que la inclusi\u00f3n debe trascender el discurso.<\/p>\n\n\n\n<p>\u201cLa inclusi\u00f3n no debe quedarse en el discurso, la inclusi\u00f3n se construye cuando abrimos espacios, cuando escuchamos, cuando aprendemos y cuando eliminamos barreras\u201d, afirm\u00f3.<\/p>\n\n\n\n<p>La alcaldesa tambi\u00e9n reconoci\u00f3 el compromiso de la Asociaci\u00f3n Autismo Veracruz por impulsar este segundo congreso, as\u00ed como la labor del DIF Municipal en la organizaci\u00f3n del evento, resaltando la importancia de trabajar en conjunto entre sociedad y gobierno.<\/p>\n\n\n\n<p>El foro reuni\u00f3 a especialistas, familias, autoridades y p\u00fablico en general, quienes participaron en conferencias y actividades enfocadas en el conocimiento del espectro autista, la regulaci\u00f3n emocional y el acompa\u00f1amiento integral.<\/p>\n","protected":false},"excerpt":{"rendered":"<p>En el marco del D\u00eda Mundial de Concienciaci\u00f3n sobre el Autismo, se llev\u00f3 a cabo el Foro Internacional de Autismo, un espacio de encuentro, aprendizaje y sensibilizaci\u00f3n organizado por la Asociaci\u00f3n Autismo Veracruz en coordinaci\u00f3n con el DIF Municipal y el Ayuntamiento de Boca del R\u00edo. Durante la inauguraci\u00f3n, la presidenta del DIF Municipal, Mar\u00eda [&hellip;]<\/p>\n","protected":false},"author":2,"featured_media":169870,"comment_status":"closed","ping_status":"closed","sticky":false,"template":"","format":"standard","meta":{"tdm_status":"","tdm_grid_status":"","footnotes":""},"categories":[73],"tags":[62347,62346,62343,62345,62344],"class_list":{"0":"post-169869","1":"post","2":"type-post","3":"status-publish","4":"format-standard","5":"has-post-thumbnail","7":"category-de-boleto","8":"tag-asociacion-autismo-veracruz-lery-perez","9":"tag-concientizacion-espectro-autista-veracruz","10":"tag-foro-internacional-autismo-boca-del-rio","11":"tag-maria-paula-hakim-gamboa-inclusion","12":"tag-maryjose-gamboa-dif-autismo-2026"},"yoast_head":"<!-- This site is optimized with the Yoast SEO plugin v27.4 - https:\/\/yoast.com\/product\/yoast-seo-wordpress\/ -->\n<title>BOCA DEL R\u00cdO, INCLUYENTE! - Los pol\u00edticos Veracruz<\/title>\n<meta name=\"robots\" content=\"index, follow, max-snippet:-1, max-image-preview:large, max-video-preview:-1\" \/>\n<link rel=\"canonical\" href=\"https:\/\/lospoliticosveracruz.com\/?p=169869\" \/>\n<meta property=\"og:locale\" content=\"es_ES\" \/>\n<meta property=\"og:type\" content=\"article\" \/>\n<meta property=\"og:title\" content=\"BOCA DEL R\u00cdO, INCLUYENTE! - Los pol\u00edticos Veracruz\" \/>\n<meta property=\"og:description\" content=\"En el marco del D\u00eda Mundial de Concienciaci\u00f3n sobre el Autismo, se llev\u00f3 a cabo el Foro Internacional de Autismo, un espacio de encuentro, aprendizaje y sensibilizaci\u00f3n organizado por la Asociaci\u00f3n Autismo Veracruz en coordinaci\u00f3n con el DIF Municipal y el Ayuntamiento de Boca del R\u00edo. Durante la inauguraci\u00f3n, la presidenta del DIF Municipal, Mar\u00eda [&hellip;]\" \/>\n<meta property=\"og:url\" content=\"https:\/\/lospoliticosveracruz.com\/?p=169869\" \/>\n<meta property=\"og:site_name\" content=\"Los pol\u00edticos Veracruz\" \/>\n<meta property=\"article:publisher\" content=\"https:\/\/www.facebook.com\/people\/Notimemes-de-los-Polticos\/61565672886568\/\" \/>\n<meta property=\"article:published_time\" content=\"2026-04-27T16:02:52+00:00\" \/>\n<meta property=\"article:modified_time\" content=\"2026-04-27T16:02:54+00:00\" \/>\n<meta property=\"og:image\" content=\"https:\/\/lospoliticosveracruz.com\/wp-content\/uploads\/2026\/04\/Maryjose-2.jpg\" \/>\n\t<meta property=\"og:image:width\" content=\"600\" \/>\n\t<meta property=\"og:image:height\" content=\"320\" \/>\n\t<meta property=\"og:image:type\" content=\"image\/jpeg\" \/>\n<meta name=\"author\" content=\"Lo viste en Los Pol\u00edticos\" \/>\n<meta name=\"twitter:card\" content=\"summary_large_image\" \/>\n<meta name=\"twitter:creator\" content=\"@LosPoliticosVer\" \/>\n<meta name=\"twitter:site\" content=\"@LosPoliticosVer\" \/>\n<meta name=\"twitter:label1\" content=\"Escrito por\" \/>\n\t<meta name=\"twitter:data1\" content=\"Lo viste en Los Pol\u00edticos\" \/>\n\t<meta name=\"twitter:label2\" content=\"Tiempo de lectura\" \/>\n\t<meta name=\"twitter:data2\" content=\"2 minutos\" \/>\n<script type=\"application\/ld+json\" class=\"yoast-schema-graph\">{\"@context\":\"https:\\\/\\\/schema.org\",\"@graph\":[{\"@type\":\"Article\",\"@id\":\"https:\\\/\\\/lospoliticosveracruz.com\\\/?p=169869#article\",\"isPartOf\":{\"@id\":\"https:\\\/\\\/lospoliticosveracruz.com\\\/?p=169869\"},\"author\":{\"name\":\"Lo viste en Los Pol\u00edticos\",\"@id\":\"https:\\\/\\\/lospoliticosveracruz.com\\\/#\\\/schema\\\/person\\\/b8702bb0e538456e6efd07080bf2a4a2\"},\"headline\":\"BOCA DEL R\u00cdO, INCLUYENTE!\",\"datePublished\":\"2026-04-27T16:02:52+00:00\",\"dateModified\":\"2026-04-27T16:02:54+00:00\",\"mainEntityOfPage\":{\"@id\":\"https:\\\/\\\/lospoliticosveracruz.com\\\/?p=169869\"},\"wordCount\":367,\"publisher\":{\"@id\":\"https:\\\/\\\/lospoliticosveracruz.com\\\/#organization\"},\"image\":{\"@id\":\"https:\\\/\\\/lospoliticosveracruz.com\\\/?p=169869#primaryimage\"},\"thumbnailUrl\":\"https:\\\/\\\/lospoliticosveracruz.com\\\/wp-content\\\/uploads\\\/2026\\\/04\\\/Maryjose-2.jpg\",\"keywords\":[\"Asociaci\u00f3n Autismo Veracruz Lery P\u00e9rez\",\"Concientizaci\u00f3n espectro autista Veracruz\",\"Foro Internacional Autismo Boca del R\u00edo\",\"Mar\u00eda Paula Hakim Gamboa inclusi\u00f3n\",\"Maryjose Gamboa DIF autismo 2026\"],\"articleSection\":[\"De Boleto\"],\"inLanguage\":\"es\"},{\"@type\":\"WebPage\",\"@id\":\"https:\\\/\\\/lospoliticosveracruz.com\\\/?p=169869\",\"url\":\"https:\\\/\\\/lospoliticosveracruz.com\\\/?p=169869\",\"name\":\"BOCA DEL R\u00cdO, INCLUYENTE! - Los pol\u00edticos Veracruz\",\"isPartOf\":{\"@id\":\"https:\\\/\\\/lospoliticosveracruz.com\\\/#website\"},\"primaryImageOfPage\":{\"@id\":\"https:\\\/\\\/lospoliticosveracruz.com\\\/?p=169869#primaryimage\"},\"image\":{\"@id\":\"https:\\\/\\\/lospoliticosveracruz.com\\\/?p=169869#primaryimage\"},\"thumbnailUrl\":\"https:\\\/\\\/lospoliticosveracruz.com\\\/wp-content\\\/uploads\\\/2026\\\/04\\\/Maryjose-2.jpg\",\"datePublished\":\"2026-04-27T16:02:52+00:00\",\"dateModified\":\"2026-04-27T16:02:54+00:00\",\"breadcrumb\":{\"@id\":\"https:\\\/\\\/lospoliticosveracruz.com\\\/?p=169869#breadcrumb\"},\"inLanguage\":\"es\",\"potentialAction\":[{\"@type\":\"ReadAction\",\"target\":[\"https:\\\/\\\/lospoliticosveracruz.com\\\/?p=169869\"]}]},{\"@type\":\"ImageObject\",\"inLanguage\":\"es\",\"@id\":\"https:\\\/\\\/lospoliticosveracruz.com\\\/?p=169869#primaryimage\",\"url\":\"https:\\\/\\\/lospoliticosveracruz.com\\\/wp-content\\\/uploads\\\/2026\\\/04\\\/Maryjose-2.jpg\",\"contentUrl\":\"https:\\\/\\\/lospoliticosveracruz.com\\\/wp-content\\\/uploads\\\/2026\\\/04\\\/Maryjose-2.jpg\",\"width\":600,\"height\":320},{\"@type\":\"BreadcrumbList\",\"@id\":\"https:\\\/\\\/lospoliticosveracruz.com\\\/?p=169869#breadcrumb\",\"itemListElement\":[{\"@type\":\"ListItem\",\"position\":1,\"name\":\"Portada\",\"item\":\"https:\\\/\\\/lospoliticosveracruz.com\\\/\"},{\"@type\":\"ListItem\",\"position\":2,\"name\":\"BOCA DEL R\u00cdO, INCLUYENTE!\"}]},{\"@type\":\"WebSite\",\"@id\":\"https:\\\/\\\/lospoliticosveracruz.com\\\/#website\",\"url\":\"https:\\\/\\\/lospoliticosveracruz.com\\\/\",\"name\":\"Los pol\u00edticos Veracruz\",\"description\":\"\",\"publisher\":{\"@id\":\"https:\\\/\\\/lospoliticosveracruz.com\\\/#organization\"},\"potentialAction\":[{\"@type\":\"SearchAction\",\"target\":{\"@type\":\"EntryPoint\",\"urlTemplate\":\"https:\\\/\\\/lospoliticosveracruz.com\\\/?s={search_term_string}\"},\"query-input\":{\"@type\":\"PropertyValueSpecification\",\"valueRequired\":true,\"valueName\":\"search_term_string\"}}],\"inLanguage\":\"es\"},{\"@type\":\"Organization\",\"@id\":\"https:\\\/\\\/lospoliticosveracruz.com\\\/#organization\",\"name\":\"Los pol\u00edticos Veracruz\",\"url\":\"https:\\\/\\\/lospoliticosveracruz.com\\\/\",\"logo\":{\"@type\":\"ImageObject\",\"inLanguage\":\"es\",\"@id\":\"https:\\\/\\\/lospoliticosveracruz.com\\\/#\\\/schema\\\/logo\\\/image\\\/\",\"url\":\"https:\\\/\\\/lospoliticosveracruz.com\\\/wp-content\\\/uploads\\\/2025\\\/12\\\/Logo-Nuevo-LOS-POLITICOS-1.jpg\",\"contentUrl\":\"https:\\\/\\\/lospoliticosveracruz.com\\\/wp-content\\\/uploads\\\/2025\\\/12\\\/Logo-Nuevo-LOS-POLITICOS-1.jpg\",\"width\":260,\"height\":70,\"caption\":\"Los pol\u00edticos Veracruz\"},\"image\":{\"@id\":\"https:\\\/\\\/lospoliticosveracruz.com\\\/#\\\/schema\\\/logo\\\/image\\\/\"},\"sameAs\":[\"https:\\\/\\\/www.facebook.com\\\/people\\\/Notimemes-de-los-Polticos\\\/61565672886568\\\/\",\"https:\\\/\\\/x.com\\\/LosPoliticosVer\"]},{\"@type\":\"Person\",\"@id\":\"https:\\\/\\\/lospoliticosveracruz.com\\\/#\\\/schema\\\/person\\\/b8702bb0e538456e6efd07080bf2a4a2\",\"name\":\"Lo viste en Los Pol\u00edticos\",\"image\":{\"@type\":\"ImageObject\",\"inLanguage\":\"es\",\"@id\":\"https:\\\/\\\/secure.gravatar.com\\\/avatar\\\/3a8de04a2656d44082be478bd6c086daa447c4651605818287b9532d3d0bd435?s=96&d=mm&r=g\",\"url\":\"https:\\\/\\\/secure.gravatar.com\\\/avatar\\\/3a8de04a2656d44082be478bd6c086daa447c4651605818287b9532d3d0bd435?s=96&d=mm&r=g\",\"contentUrl\":\"https:\\\/\\\/secure.gravatar.com\\\/avatar\\\/3a8de04a2656d44082be478bd6c086daa447c4651605818287b9532d3d0bd435?s=96&d=mm&r=g\",\"caption\":\"Lo viste en Los Pol\u00edticos\"},\"url\":\"https:\\\/\\\/lospoliticosveracruz.com\\\/?author=2\"}]}<\/script>\n<!-- \/ Yoast SEO plugin. -->","yoast_head_json":{"title":"BOCA DEL R\u00cdO, INCLUYENTE! - Los pol\u00edticos Veracruz","robots":{"index":"index","follow":"follow","max-snippet":"max-snippet:-1","max-image-preview":"max-image-preview:large","max-video-preview":"max-video-preview:-1"},"canonical":"https:\/\/lospoliticosveracruz.com\/?p=169869","og_locale":"es_ES","og_type":"article","og_title":"BOCA DEL R\u00cdO, INCLUYENTE! - Los pol\u00edticos Veracruz","og_description":"En el marco del D\u00eda Mundial de Concienciaci\u00f3n sobre el Autismo, se llev\u00f3 a cabo el Foro Internacional de Autismo, un espacio de encuentro, aprendizaje y sensibilizaci\u00f3n organizado por la Asociaci\u00f3n Autismo Veracruz en coordinaci\u00f3n con el DIF Municipal y el Ayuntamiento de Boca del R\u00edo. Durante la inauguraci\u00f3n, la presidenta del DIF Municipal, Mar\u00eda [&hellip;]","og_url":"https:\/\/lospoliticosveracruz.com\/?p=169869","og_site_name":"Los pol\u00edticos Veracruz","article_publisher":"https:\/\/www.facebook.com\/people\/Notimemes-de-los-Polticos\/61565672886568\/","article_published_time":"2026-04-27T16:02:52+00:00","article_modified_time":"2026-04-27T16:02:54+00:00","og_image":[{"width":600,"height":320,"url":"https:\/\/lospoliticosveracruz.com\/wp-content\/uploads\/2026\/04\/Maryjose-2.jpg","type":"image\/jpeg"}],"author":"Lo viste en Los Pol\u00edticos","twitter_card":"summary_large_image","twitter_creator":"@LosPoliticosVer","twitter_site":"@LosPoliticosVer","twitter_misc":{"Escrito por":"Lo viste en Los Pol\u00edticos","Tiempo de lectura":"2 minutos"},"schema":{"@context":"https:\/\/schema.org","@graph":[{"@type":"Article","@id":"https:\/\/lospoliticosveracruz.com\/?p=169869#article","isPartOf":{"@id":"https:\/\/lospoliticosveracruz.com\/?p=169869"},"author":{"name":"Lo viste en Los Pol\u00edticos","@id":"https:\/\/lospoliticosveracruz.com\/#\/schema\/person\/b8702bb0e538456e6efd07080bf2a4a2"},"headline":"BOCA DEL R\u00cdO, INCLUYENTE!","datePublished":"2026-04-27T16:02:52+00:00","dateModified":"2026-04-27T16:02:54+00:00","mainEntityOfPage":{"@id":"https:\/\/lospoliticosveracruz.com\/?p=169869"},"wordCount":367,"publisher":{"@id":"https:\/\/lospoliticosveracruz.com\/#organization"},"image":{"@id":"https:\/\/lospoliticosveracruz.com\/?p=169869#primaryimage"},"thumbnailUrl":"https:\/\/lospoliticosveracruz.com\/wp-content\/uploads\/2026\/04\/Maryjose-2.jpg","keywords":["Asociaci\u00f3n Autismo Veracruz Lery P\u00e9rez","Concientizaci\u00f3n espectro autista Veracruz","Foro Internacional Autismo Boca del R\u00edo","Mar\u00eda Paula Hakim Gamboa inclusi\u00f3n","Maryjose Gamboa DIF autismo 2026"],"articleSection":["De Boleto"],"inLanguage":"es"},{"@type":"WebPage","@id":"https:\/\/lospoliticosveracruz.com\/?p=169869","url":"https:\/\/lospoliticosveracruz.com\/?p=169869","name":"BOCA DEL R\u00cdO, INCLUYENTE! - Los pol\u00edticos Veracruz","isPartOf":{"@id":"https:\/\/lospoliticosveracruz.com\/#website"},"primaryImageOfPage":{"@id":"https:\/\/lospoliticosveracruz.com\/?p=169869#primaryimage"},"image":{"@id":"https:\/\/lospoliticosveracruz.com\/?p=169869#primaryimage"},"thumbnailUrl":"https:\/\/lospoliticosveracruz.com\/wp-content\/uploads\/2026\/04\/Maryjose-2.jpg","datePublished":"2026-04-27T16:02:52+00:00","dateModified":"2026-04-27T16:02:54+00:00","breadcrumb":{"@id":"https:\/\/lospoliticosveracruz.com\/?p=169869#breadcrumb"},"inLanguage":"es","potentialAction":[{"@type":"ReadAction","target":["https:\/\/lospoliticosveracruz.com\/?p=169869"]}]},{"@type":"ImageObject","inLanguage":"es","@id":"https:\/\/lospoliticosveracruz.com\/?p=169869#primaryimage","url":"https:\/\/lospoliticosveracruz.com\/wp-content\/uploads\/2026\/04\/Maryjose-2.jpg","contentUrl":"https:\/\/lospoliticosveracruz.com\/wp-content\/uploads\/2026\/04\/Maryjose-2.jpg","width":600,"height":320},{"@type":"BreadcrumbList","@id":"https:\/\/lospoliticosveracruz.com\/?p=169869#breadcrumb","itemListElement":[{"@type":"ListItem","position":1,"name":"Portada","item":"https:\/\/lospoliticosveracruz.com\/"},{"@type":"ListItem","position":2,"name":"BOCA DEL R\u00cdO, INCLUYENTE!"}]},{"@type":"WebSite","@id":"https:\/\/lospoliticosveracruz.com\/#website","url":"https:\/\/lospoliticosveracruz.com\/","name":"Los pol\u00edticos Veracruz","description":"","publisher":{"@id":"https:\/\/lospoliticosveracruz.com\/#organization"},"potentialAction":[{"@type":"SearchAction","target":{"@type":"EntryPoint","urlTemplate":"https:\/\/lospoliticosveracruz.com\/?s={search_term_string}"},"query-input":{"@type":"PropertyValueSpecification","valueRequired":true,"valueName":"search_term_string"}}],"inLanguage":"es"},{"@type":"Organization","@id":"https:\/\/lospoliticosveracruz.com\/#organization","name":"Los pol\u00edticos Veracruz","url":"https:\/\/lospoliticosveracruz.com\/","logo":{"@type":"ImageObject","inLanguage":"es","@id":"https:\/\/lospoliticosveracruz.com\/#\/schema\/logo\/image\/","url":"https:\/\/lospoliticosveracruz.com\/wp-content\/uploads\/2025\/12\/Logo-Nuevo-LOS-POLITICOS-1.jpg","contentUrl":"https:\/\/lospoliticosveracruz.com\/wp-content\/uploads\/2025\/12\/Logo-Nuevo-LOS-POLITICOS-1.jpg","width":260,"height":70,"caption":"Los pol\u00edticos Veracruz"},"image":{"@id":"https:\/\/lospoliticosveracruz.com\/#\/schema\/logo\/image\/"},"sameAs":["https:\/\/www.facebook.com\/people\/Notimemes-de-los-Polticos\/61565672886568\/","https:\/\/x.com\/LosPoliticosVer"]},{"@type":"Person","@id":"https:\/\/lospoliticosveracruz.com\/#\/schema\/person\/b8702bb0e538456e6efd07080bf2a4a2","name":"Lo viste en Los Pol\u00edticos","image":{"@type":"ImageObject","inLanguage":"es","@id":"https:\/\/secure.gravatar.com\/avatar\/3a8de04a2656d44082be478bd6c086daa447c4651605818287b9532d3d0bd435?s=96&d=mm&r=g","url":"https:\/\/secure.gravatar.com\/avatar\/3a8de04a2656d44082be478bd6c086daa447c4651605818287b9532d3d0bd435?s=96&d=mm&r=g","contentUrl":"https:\/\/secure.gravatar.com\/avatar\/3a8de04a2656d44082be478bd6c086daa447c4651605818287b9532d3d0bd435?s=96&d=mm&r=g","caption":"Lo viste en Los Pol\u00edticos"},"url":"https:\/\/lospoliticosveracruz.com\/?author=2"}]}},"_links":{"self":[{"href":"https:\/\/lospoliticosveracruz.com\/index.php?rest_route=\/wp\/v2\/posts\/169869","targetHints":{"allow":["GET"]}}],"collection":[{"href":"https:\/\/lospoliticosveracruz.com\/index.php?rest_route=\/wp\/v2\/posts"}],"about":[{"href":"https:\/\/lospoliticosveracruz.com\/index.php?rest_route=\/wp\/v2\/types\/post"}],"author":[{"embeddable":true,"href":"https:\/\/lospoliticosveracruz.com\/index.php?rest_route=\/wp\/v2\/users\/2"}],"replies":[{"embeddable":true,"href":"https:\/\/lospoliticosveracruz.com\/index.php?rest_route=%2Fwp%2Fv2%2Fcomments&post=169869"}],"version-history":[{"count":1,"href":"https:\/\/lospoliticosveracruz.com\/index.php?rest_route=\/wp\/v2\/posts\/169869\/revisions"}],"predecessor-version":[{"id":169871,"href":"https:\/\/lospoliticosveracruz.com\/index.php?rest_route=\/wp\/v2\/posts\/169869\/revisions\/169871"}],"wp:featuredmedia":[{"embeddable":true,"href":"https:\/\/lospoliticosveracruz.com\/index.php?rest_route=\/wp\/v2\/media\/169870"}],"wp:attachment":[{"href":"https:\/\/lospoliticosveracruz.com\/index.php?rest_route=%2Fwp%2Fv2%2Fmedia&parent=169869"}],"wp:term":[{"taxonomy":"category","embeddable":true,"href":"https:\/\/lospoliticosveracruz.com\/index.php?rest_route=%2Fwp%2Fv2%2Fcategories&post=169869"},{"taxonomy":"post_tag","embeddable":true,"href":"https:\/\/lospoliticosveracruz.com\/index.php?rest_route=%2Fwp%2Fv2%2Ftags&post=169869"}],"curies":[{"name":"wp","href":"https:\/\/api.w.org\/{rel}","templated":true}]}}