{"id":169875,"date":"2026-04-27T10:47:23","date_gmt":"2026-04-27T16:47:23","guid":{"rendered":"https:\/\/lospoliticosveracruz.com\/?p=169875"},"modified":"2026-04-27T10:47:26","modified_gmt":"2026-04-27T16:47:26","slug":"certidumbre-y-confianza-en-futuro-de-bruno-pagliai","status":"publish","type":"post","link":"https:\/\/lospoliticosveracruz.com\/?p=169875","title":{"rendered":"CERTIDUMBRE Y CONFIANZA EN FUTURO DE BRUNO PAGLIAI"},"content":{"rendered":"\n<p><\/p>\n\n\n\n<p>Representantes y empresarios de la Ciudad Industrial Bruno Pagliai dieron a conocer su posicionamiento respecto a la reciente publicaci\u00f3n de la Presidenta Municipal de Veracruz, en la que informa sobre los resultados positivos de una reuni\u00f3n de trabajo con el titular de SEFIPLAN, relacionada con el proceso de municipalizaci\u00f3n de este importante parque industrial.<\/p>\n\n\n\n<p>Los empresarios celebraron la disposici\u00f3n mostrada por la Gobernadora del Estado, Roc\u00edo Nahle Garc\u00eda, as\u00ed como por la Presidenta Municipal, Rosa Mar\u00eda Hern\u00e1ndez Espejo, para atender la situaci\u00f3n que enfrenta la Ciudad Industrial Bruno Pagliai, considerada un polo estrat\u00e9gico de desarrollo econ\u00f3mico y generaci\u00f3n de empleo para la zona conurbada.<\/p>\n\n\n\n<p>Destacaron que este acercamiento genera certidumbre y confianza en el futuro del parque industrial.<\/p>\n\n\n\n<p>Los empresarios manifestaron su expectativa de un cambio significativo en la relaci\u00f3n con el Ayuntamiento de Veracruz, dejando atr\u00e1s pr\u00e1cticas del pasado que han implicado costos econ\u00f3micos, sociales y pol\u00edticos.<\/p>\n\n\n\n<p>Subrayaron que, en esta nueva etapa, la coordinaci\u00f3n y el di\u00e1logo entre el Ayuntamiento y los cond\u00f3minos ser\u00e1n fundamentales para garantizar resultados efectivos. Asimismo, se\u00f1alaron la necesidad de revisar y replantear los esquemas de administraci\u00f3n anteriores, particularmente aquellos vinculados al Fondo del Futuro, con el objetivo de asegurar la participaci\u00f3n activa de los empresarios en la toma de decisiones.<\/p>\n\n\n\n<p>Reconocieron que los retos en materia de infraestructura y servicios p\u00fablicos son significativos. Ante la falta de comunicaci\u00f3n previa con el Fondo del Futuro, los empresarios exploraron alternativas financieras, incluyendo esquemas de financiamiento bancario.<\/p>\n\n\n\n<p>Como parte de sus acciones, decidieron realizar aportaciones directas para la repavimentaci\u00f3n de vialidades clave para la operaci\u00f3n log\u00edstica de sus empresas, obteniendo resultados positivos. Estas acciones evidencian que la colaboraci\u00f3n basada en confianza y entendimiento es esencial para avanzar.<\/p>\n\n\n\n<p>Se se\u00f1al\u00f3 que permanece pendiente la rendici\u00f3n de cuentas por parte del Fondo del Futuro, particularmente en lo referente al destino de las cuotas de mantenimiento aportadas por los empresarios.<\/p>\n\n\n\n<p>Ante la incertidumbre y el descontento existente, los representantes empresariales expresaron su inter\u00e9s en establecer un compromiso firme con el Ayuntamiento para garantizar la transparencia en el manejo de recursos, as\u00ed como la presentaci\u00f3n de informes claros sobre la administraci\u00f3n anterior.<\/p>\n","protected":false},"excerpt":{"rendered":"<p>Representantes y empresarios de la Ciudad Industrial Bruno Pagliai dieron a conocer su posicionamiento respecto a la reciente publicaci\u00f3n de la Presidenta Municipal de Veracruz, en la que informa sobre los resultados positivos de una reuni\u00f3n de trabajo con el titular de SEFIPLAN, relacionada con el proceso de municipalizaci\u00f3n de este importante parque industrial. Los [&hellip;]<\/p>\n","protected":false},"author":2,"featured_media":169876,"comment_status":"closed","ping_status":"closed","sticky":false,"template":"","format":"standard","meta":{"tdm_status":"","tdm_grid_status":"","footnotes":""},"categories":[72],"tags":[62356,62358,62355,62357,62359],"class_list":{"0":"post-169875","1":"post","2":"type-post","3":"status-publish","4":"format-standard","5":"has-post-thumbnail","7":"category-palomazos","8":"tag-auditoria-fondo-del-futuro-veracruz","9":"tag-inversion-infraestructura-bruno-pagliai","10":"tag-municipalizacion-bruno-pagliai-veracruz-2026","11":"tag-rocio-nahle-ciudad-industrial-apoyo","12":"tag-rosa-maria-hernandez-espejo-sefiplan"},"yoast_head":"<!-- This site is optimized with the Yoast SEO plugin v27.4 - https:\/\/yoast.com\/product\/yoast-seo-wordpress\/ -->\n<title>CERTIDUMBRE Y CONFIANZA EN FUTURO DE BRUNO PAGLIAI - Los pol\u00edticos Veracruz<\/title>\n<meta name=\"robots\" content=\"index, follow, max-snippet:-1, max-image-preview:large, max-video-preview:-1\" \/>\n<link rel=\"canonical\" href=\"https:\/\/lospoliticosveracruz.com\/?p=169875\" \/>\n<meta property=\"og:locale\" content=\"es_ES\" \/>\n<meta property=\"og:type\" content=\"article\" \/>\n<meta property=\"og:title\" content=\"CERTIDUMBRE Y CONFIANZA EN FUTURO DE BRUNO PAGLIAI - Los pol\u00edticos Veracruz\" \/>\n<meta property=\"og:description\" content=\"Representantes y empresarios de la Ciudad Industrial Bruno Pagliai dieron a conocer su posicionamiento respecto a la reciente publicaci\u00f3n de la Presidenta Municipal de Veracruz, en la que informa sobre los resultados positivos de una reuni\u00f3n de trabajo con el titular de SEFIPLAN, relacionada con el proceso de municipalizaci\u00f3n de este importante parque industrial. Los [&hellip;]\" \/>\n<meta property=\"og:url\" content=\"https:\/\/lospoliticosveracruz.com\/?p=169875\" \/>\n<meta property=\"og:site_name\" content=\"Los pol\u00edticos Veracruz\" \/>\n<meta property=\"article:publisher\" content=\"https:\/\/www.facebook.com\/people\/Notimemes-de-los-Polticos\/61565672886568\/\" \/>\n<meta property=\"article:published_time\" content=\"2026-04-27T16:47:23+00:00\" \/>\n<meta property=\"article:modified_time\" content=\"2026-04-27T16:47:26+00:00\" \/>\n<meta property=\"og:image\" content=\"https:\/\/lospoliticosveracruz.com\/wp-content\/uploads\/2026\/04\/Empresarios-Ver.jpg\" \/>\n\t<meta property=\"og:image:width\" content=\"600\" \/>\n\t<meta property=\"og:image:height\" content=\"320\" \/>\n\t<meta property=\"og:image:type\" content=\"image\/jpeg\" \/>\n<meta name=\"author\" content=\"Lo viste en Los Pol\u00edticos\" \/>\n<meta name=\"twitter:card\" content=\"summary_large_image\" \/>\n<meta name=\"twitter:creator\" content=\"@LosPoliticosVer\" \/>\n<meta name=\"twitter:site\" content=\"@LosPoliticosVer\" \/>\n<meta name=\"twitter:label1\" content=\"Escrito por\" \/>\n\t<meta name=\"twitter:data1\" content=\"Lo viste en Los Pol\u00edticos\" \/>\n\t<meta name=\"twitter:label2\" content=\"Tiempo de lectura\" \/>\n\t<meta name=\"twitter:data2\" content=\"2 minutos\" \/>\n<script type=\"application\/ld+json\" class=\"yoast-schema-graph\">{\"@context\":\"https:\\\/\\\/schema.org\",\"@graph\":[{\"@type\":\"Article\",\"@id\":\"https:\\\/\\\/lospoliticosveracruz.com\\\/?p=169875#article\",\"isPartOf\":{\"@id\":\"https:\\\/\\\/lospoliticosveracruz.com\\\/?p=169875\"},\"author\":{\"name\":\"Lo viste en Los Pol\u00edticos\",\"@id\":\"https:\\\/\\\/lospoliticosveracruz.com\\\/#\\\/schema\\\/person\\\/b8702bb0e538456e6efd07080bf2a4a2\"},\"headline\":\"CERTIDUMBRE Y CONFIANZA EN FUTURO DE BRUNO PAGLIAI\",\"datePublished\":\"2026-04-27T16:47:23+00:00\",\"dateModified\":\"2026-04-27T16:47:26+00:00\",\"mainEntityOfPage\":{\"@id\":\"https:\\\/\\\/lospoliticosveracruz.com\\\/?p=169875\"},\"wordCount\":395,\"publisher\":{\"@id\":\"https:\\\/\\\/lospoliticosveracruz.com\\\/#organization\"},\"image\":{\"@id\":\"https:\\\/\\\/lospoliticosveracruz.com\\\/?p=169875#primaryimage\"},\"thumbnailUrl\":\"https:\\\/\\\/lospoliticosveracruz.com\\\/wp-content\\\/uploads\\\/2026\\\/04\\\/Empresarios-Ver.jpg\",\"keywords\":[\"Auditor\u00eda Fondo del Futuro Veracruz\",\"Inversi\u00f3n infraestructura Bruno Pagliai\",\"Municipalizaci\u00f3n Bruno Pagliai Veracruz 2026\",\"Roc\u00edo Nahle Ciudad Industrial apoyo\",\"Rosa Mar\u00eda Hern\u00e1ndez Espejo SEFIPLAN\"],\"articleSection\":[\"Palomazos\"],\"inLanguage\":\"es\"},{\"@type\":\"WebPage\",\"@id\":\"https:\\\/\\\/lospoliticosveracruz.com\\\/?p=169875\",\"url\":\"https:\\\/\\\/lospoliticosveracruz.com\\\/?p=169875\",\"name\":\"CERTIDUMBRE Y CONFIANZA EN FUTURO DE BRUNO PAGLIAI - Los pol\u00edticos Veracruz\",\"isPartOf\":{\"@id\":\"https:\\\/\\\/lospoliticosveracruz.com\\\/#website\"},\"primaryImageOfPage\":{\"@id\":\"https:\\\/\\\/lospoliticosveracruz.com\\\/?p=169875#primaryimage\"},\"image\":{\"@id\":\"https:\\\/\\\/lospoliticosveracruz.com\\\/?p=169875#primaryimage\"},\"thumbnailUrl\":\"https:\\\/\\\/lospoliticosveracruz.com\\\/wp-content\\\/uploads\\\/2026\\\/04\\\/Empresarios-Ver.jpg\",\"datePublished\":\"2026-04-27T16:47:23+00:00\",\"dateModified\":\"2026-04-27T16:47:26+00:00\",\"breadcrumb\":{\"@id\":\"https:\\\/\\\/lospoliticosveracruz.com\\\/?p=169875#breadcrumb\"},\"inLanguage\":\"es\",\"potentialAction\":[{\"@type\":\"ReadAction\",\"target\":[\"https:\\\/\\\/lospoliticosveracruz.com\\\/?p=169875\"]}]},{\"@type\":\"ImageObject\",\"inLanguage\":\"es\",\"@id\":\"https:\\\/\\\/lospoliticosveracruz.com\\\/?p=169875#primaryimage\",\"url\":\"https:\\\/\\\/lospoliticosveracruz.com\\\/wp-content\\\/uploads\\\/2026\\\/04\\\/Empresarios-Ver.jpg\",\"contentUrl\":\"https:\\\/\\\/lospoliticosveracruz.com\\\/wp-content\\\/uploads\\\/2026\\\/04\\\/Empresarios-Ver.jpg\",\"width\":600,\"height\":320},{\"@type\":\"BreadcrumbList\",\"@id\":\"https:\\\/\\\/lospoliticosveracruz.com\\\/?p=169875#breadcrumb\",\"itemListElement\":[{\"@type\":\"ListItem\",\"position\":1,\"name\":\"Portada\",\"item\":\"https:\\\/\\\/lospoliticosveracruz.com\\\/\"},{\"@type\":\"ListItem\",\"position\":2,\"name\":\"CERTIDUMBRE Y CONFIANZA EN FUTURO DE BRUNO PAGLIAI\"}]},{\"@type\":\"WebSite\",\"@id\":\"https:\\\/\\\/lospoliticosveracruz.com\\\/#website\",\"url\":\"https:\\\/\\\/lospoliticosveracruz.com\\\/\",\"name\":\"Los pol\u00edticos Veracruz\",\"description\":\"\",\"publisher\":{\"@id\":\"https:\\\/\\\/lospoliticosveracruz.com\\\/#organization\"},\"potentialAction\":[{\"@type\":\"SearchAction\",\"target\":{\"@type\":\"EntryPoint\",\"urlTemplate\":\"https:\\\/\\\/lospoliticosveracruz.com\\\/?s={search_term_string}\"},\"query-input\":{\"@type\":\"PropertyValueSpecification\",\"valueRequired\":true,\"valueName\":\"search_term_string\"}}],\"inLanguage\":\"es\"},{\"@type\":\"Organization\",\"@id\":\"https:\\\/\\\/lospoliticosveracruz.com\\\/#organization\",\"name\":\"Los pol\u00edticos Veracruz\",\"url\":\"https:\\\/\\\/lospoliticosveracruz.com\\\/\",\"logo\":{\"@type\":\"ImageObject\",\"inLanguage\":\"es\",\"@id\":\"https:\\\/\\\/lospoliticosveracruz.com\\\/#\\\/schema\\\/logo\\\/image\\\/\",\"url\":\"https:\\\/\\\/lospoliticosveracruz.com\\\/wp-content\\\/uploads\\\/2025\\\/12\\\/Logo-Nuevo-LOS-POLITICOS-1.jpg\",\"contentUrl\":\"https:\\\/\\\/lospoliticosveracruz.com\\\/wp-content\\\/uploads\\\/2025\\\/12\\\/Logo-Nuevo-LOS-POLITICOS-1.jpg\",\"width\":260,\"height\":70,\"caption\":\"Los pol\u00edticos Veracruz\"},\"image\":{\"@id\":\"https:\\\/\\\/lospoliticosveracruz.com\\\/#\\\/schema\\\/logo\\\/image\\\/\"},\"sameAs\":[\"https:\\\/\\\/www.facebook.com\\\/people\\\/Notimemes-de-los-Polticos\\\/61565672886568\\\/\",\"https:\\\/\\\/x.com\\\/LosPoliticosVer\"]},{\"@type\":\"Person\",\"@id\":\"https:\\\/\\\/lospoliticosveracruz.com\\\/#\\\/schema\\\/person\\\/b8702bb0e538456e6efd07080bf2a4a2\",\"name\":\"Lo viste en Los Pol\u00edticos\",\"image\":{\"@type\":\"ImageObject\",\"inLanguage\":\"es\",\"@id\":\"https:\\\/\\\/secure.gravatar.com\\\/avatar\\\/3a8de04a2656d44082be478bd6c086daa447c4651605818287b9532d3d0bd435?s=96&d=mm&r=g\",\"url\":\"https:\\\/\\\/secure.gravatar.com\\\/avatar\\\/3a8de04a2656d44082be478bd6c086daa447c4651605818287b9532d3d0bd435?s=96&d=mm&r=g\",\"contentUrl\":\"https:\\\/\\\/secure.gravatar.com\\\/avatar\\\/3a8de04a2656d44082be478bd6c086daa447c4651605818287b9532d3d0bd435?s=96&d=mm&r=g\",\"caption\":\"Lo viste en Los Pol\u00edticos\"},\"url\":\"https:\\\/\\\/lospoliticosveracruz.com\\\/?author=2\"}]}<\/script>\n<!-- \/ Yoast SEO plugin. -->","yoast_head_json":{"title":"CERTIDUMBRE Y CONFIANZA EN FUTURO DE BRUNO PAGLIAI - Los pol\u00edticos Veracruz","robots":{"index":"index","follow":"follow","max-snippet":"max-snippet:-1","max-image-preview":"max-image-preview:large","max-video-preview":"max-video-preview:-1"},"canonical":"https:\/\/lospoliticosveracruz.com\/?p=169875","og_locale":"es_ES","og_type":"article","og_title":"CERTIDUMBRE Y CONFIANZA EN FUTURO DE BRUNO PAGLIAI - Los pol\u00edticos Veracruz","og_description":"Representantes y empresarios de la Ciudad Industrial Bruno Pagliai dieron a conocer su posicionamiento respecto a la reciente publicaci\u00f3n de la Presidenta Municipal de Veracruz, en la que informa sobre los resultados positivos de una reuni\u00f3n de trabajo con el titular de SEFIPLAN, relacionada con el proceso de municipalizaci\u00f3n de este importante parque industrial. Los [&hellip;]","og_url":"https:\/\/lospoliticosveracruz.com\/?p=169875","og_site_name":"Los pol\u00edticos Veracruz","article_publisher":"https:\/\/www.facebook.com\/people\/Notimemes-de-los-Polticos\/61565672886568\/","article_published_time":"2026-04-27T16:47:23+00:00","article_modified_time":"2026-04-27T16:47:26+00:00","og_image":[{"width":600,"height":320,"url":"https:\/\/lospoliticosveracruz.com\/wp-content\/uploads\/2026\/04\/Empresarios-Ver.jpg","type":"image\/jpeg"}],"author":"Lo viste en Los Pol\u00edticos","twitter_card":"summary_large_image","twitter_creator":"@LosPoliticosVer","twitter_site":"@LosPoliticosVer","twitter_misc":{"Escrito por":"Lo viste en Los Pol\u00edticos","Tiempo de lectura":"2 minutos"},"schema":{"@context":"https:\/\/schema.org","@graph":[{"@type":"Article","@id":"https:\/\/lospoliticosveracruz.com\/?p=169875#article","isPartOf":{"@id":"https:\/\/lospoliticosveracruz.com\/?p=169875"},"author":{"name":"Lo viste en Los Pol\u00edticos","@id":"https:\/\/lospoliticosveracruz.com\/#\/schema\/person\/b8702bb0e538456e6efd07080bf2a4a2"},"headline":"CERTIDUMBRE Y CONFIANZA EN FUTURO DE BRUNO PAGLIAI","datePublished":"2026-04-27T16:47:23+00:00","dateModified":"2026-04-27T16:47:26+00:00","mainEntityOfPage":{"@id":"https:\/\/lospoliticosveracruz.com\/?p=169875"},"wordCount":395,"publisher":{"@id":"https:\/\/lospoliticosveracruz.com\/#organization"},"image":{"@id":"https:\/\/lospoliticosveracruz.com\/?p=169875#primaryimage"},"thumbnailUrl":"https:\/\/lospoliticosveracruz.com\/wp-content\/uploads\/2026\/04\/Empresarios-Ver.jpg","keywords":["Auditor\u00eda Fondo del Futuro Veracruz","Inversi\u00f3n infraestructura Bruno Pagliai","Municipalizaci\u00f3n Bruno Pagliai Veracruz 2026","Roc\u00edo Nahle Ciudad Industrial apoyo","Rosa Mar\u00eda Hern\u00e1ndez Espejo SEFIPLAN"],"articleSection":["Palomazos"],"inLanguage":"es"},{"@type":"WebPage","@id":"https:\/\/lospoliticosveracruz.com\/?p=169875","url":"https:\/\/lospoliticosveracruz.com\/?p=169875","name":"CERTIDUMBRE Y CONFIANZA EN FUTURO DE BRUNO PAGLIAI - Los pol\u00edticos Veracruz","isPartOf":{"@id":"https:\/\/lospoliticosveracruz.com\/#website"},"primaryImageOfPage":{"@id":"https:\/\/lospoliticosveracruz.com\/?p=169875#primaryimage"},"image":{"@id":"https:\/\/lospoliticosveracruz.com\/?p=169875#primaryimage"},"thumbnailUrl":"https:\/\/lospoliticosveracruz.com\/wp-content\/uploads\/2026\/04\/Empresarios-Ver.jpg","datePublished":"2026-04-27T16:47:23+00:00","dateModified":"2026-04-27T16:47:26+00:00","breadcrumb":{"@id":"https:\/\/lospoliticosveracruz.com\/?p=169875#breadcrumb"},"inLanguage":"es","potentialAction":[{"@type":"ReadAction","target":["https:\/\/lospoliticosveracruz.com\/?p=169875"]}]},{"@type":"ImageObject","inLanguage":"es","@id":"https:\/\/lospoliticosveracruz.com\/?p=169875#primaryimage","url":"https:\/\/lospoliticosveracruz.com\/wp-content\/uploads\/2026\/04\/Empresarios-Ver.jpg","contentUrl":"https:\/\/lospoliticosveracruz.com\/wp-content\/uploads\/2026\/04\/Empresarios-Ver.jpg","width":600,"height":320},{"@type":"BreadcrumbList","@id":"https:\/\/lospoliticosveracruz.com\/?p=169875#breadcrumb","itemListElement":[{"@type":"ListItem","position":1,"name":"Portada","item":"https:\/\/lospoliticosveracruz.com\/"},{"@type":"ListItem","position":2,"name":"CERTIDUMBRE Y CONFIANZA EN FUTURO DE BRUNO PAGLIAI"}]},{"@type":"WebSite","@id":"https:\/\/lospoliticosveracruz.com\/#website","url":"https:\/\/lospoliticosveracruz.com\/","name":"Los pol\u00edticos Veracruz","description":"","publisher":{"@id":"https:\/\/lospoliticosveracruz.com\/#organization"},"potentialAction":[{"@type":"SearchAction","target":{"@type":"EntryPoint","urlTemplate":"https:\/\/lospoliticosveracruz.com\/?s={search_term_string}"},"query-input":{"@type":"PropertyValueSpecification","valueRequired":true,"valueName":"search_term_string"}}],"inLanguage":"es"},{"@type":"Organization","@id":"https:\/\/lospoliticosveracruz.com\/#organization","name":"Los pol\u00edticos Veracruz","url":"https:\/\/lospoliticosveracruz.com\/","logo":{"@type":"ImageObject","inLanguage":"es","@id":"https:\/\/lospoliticosveracruz.com\/#\/schema\/logo\/image\/","url":"https:\/\/lospoliticosveracruz.com\/wp-content\/uploads\/2025\/12\/Logo-Nuevo-LOS-POLITICOS-1.jpg","contentUrl":"https:\/\/lospoliticosveracruz.com\/wp-content\/uploads\/2025\/12\/Logo-Nuevo-LOS-POLITICOS-1.jpg","width":260,"height":70,"caption":"Los pol\u00edticos Veracruz"},"image":{"@id":"https:\/\/lospoliticosveracruz.com\/#\/schema\/logo\/image\/"},"sameAs":["https:\/\/www.facebook.com\/people\/Notimemes-de-los-Polticos\/61565672886568\/","https:\/\/x.com\/LosPoliticosVer"]},{"@type":"Person","@id":"https:\/\/lospoliticosveracruz.com\/#\/schema\/person\/b8702bb0e538456e6efd07080bf2a4a2","name":"Lo viste en Los Pol\u00edticos","image":{"@type":"ImageObject","inLanguage":"es","@id":"https:\/\/secure.gravatar.com\/avatar\/3a8de04a2656d44082be478bd6c086daa447c4651605818287b9532d3d0bd435?s=96&d=mm&r=g","url":"https:\/\/secure.gravatar.com\/avatar\/3a8de04a2656d44082be478bd6c086daa447c4651605818287b9532d3d0bd435?s=96&d=mm&r=g","contentUrl":"https:\/\/secure.gravatar.com\/avatar\/3a8de04a2656d44082be478bd6c086daa447c4651605818287b9532d3d0bd435?s=96&d=mm&r=g","caption":"Lo viste en Los Pol\u00edticos"},"url":"https:\/\/lospoliticosveracruz.com\/?author=2"}]}},"_links":{"self":[{"href":"https:\/\/lospoliticosveracruz.com\/index.php?rest_route=\/wp\/v2\/posts\/169875","targetHints":{"allow":["GET"]}}],"collection":[{"href":"https:\/\/lospoliticosveracruz.com\/index.php?rest_route=\/wp\/v2\/posts"}],"about":[{"href":"https:\/\/lospoliticosveracruz.com\/index.php?rest_route=\/wp\/v2\/types\/post"}],"author":[{"embeddable":true,"href":"https:\/\/lospoliticosveracruz.com\/index.php?rest_route=\/wp\/v2\/users\/2"}],"replies":[{"embeddable":true,"href":"https:\/\/lospoliticosveracruz.com\/index.php?rest_route=%2Fwp%2Fv2%2Fcomments&post=169875"}],"version-history":[{"count":1,"href":"https:\/\/lospoliticosveracruz.com\/index.php?rest_route=\/wp\/v2\/posts\/169875\/revisions"}],"predecessor-version":[{"id":169877,"href":"https:\/\/lospoliticosveracruz.com\/index.php?rest_route=\/wp\/v2\/posts\/169875\/revisions\/169877"}],"wp:featuredmedia":[{"embeddable":true,"href":"https:\/\/lospoliticosveracruz.com\/index.php?rest_route=\/wp\/v2\/media\/169876"}],"wp:attachment":[{"href":"https:\/\/lospoliticosveracruz.com\/index.php?rest_route=%2Fwp%2Fv2%2Fmedia&parent=169875"}],"wp:term":[{"taxonomy":"category","embeddable":true,"href":"https:\/\/lospoliticosveracruz.com\/index.php?rest_route=%2Fwp%2Fv2%2Fcategories&post=169875"},{"taxonomy":"post_tag","embeddable":true,"href":"https:\/\/lospoliticosveracruz.com\/index.php?rest_route=%2Fwp%2Fv2%2Ftags&post=169875"}],"curies":[{"name":"wp","href":"https:\/\/api.w.org\/{rel}","templated":true}]}}