{"id":169878,"date":"2026-04-27T10:53:18","date_gmt":"2026-04-27T16:53:18","guid":{"rendered":"https:\/\/lospoliticosveracruz.com\/?p=169878"},"modified":"2026-04-27T10:53:19","modified_gmt":"2026-04-27T16:53:19","slug":"que-no-se-quemen","status":"publish","type":"post","link":"https:\/\/lospoliticosveracruz.com\/?p=169878","title":{"rendered":"QUE NO SE QUEMEN!"},"content":{"rendered":"\n<p>El Instituto Mexicano del Seguro Social (IMSS) en Veracruz Norte exhorta a madres y padres de familia, as\u00ed como a los cuidadores de menores a prevenir posibles quemaduras en menores, sobre todo durante la primera infancia, y si suceden, es sumamente importante no confiarse, no automedicar, no usar remedios caseros y acudir oportunamente a valoraci\u00f3n m\u00e9dica.<\/p>\n\n\n\n<p>\u201cEl riesgo de quemaduras aumenta en los ni\u00f1os, sobre todo en los m\u00e1s peque\u00f1os, porque est\u00e1n en una etapa en la que exploran todo, pero todav\u00eda no reconocen el peligro; un ni\u00f1o puede jalar un mantel, alcanzar una taza con caf\u00e9, acercarse a la estufa o tocar una superficie caliente en cuesti\u00f3n de segundos; adem\u00e1s, en los primeros a\u00f1os de vida pasan mucho tiempo en casa y es ah\u00ed donde ocurre la mayor\u00eda de estas lesiones\u201d, inform\u00f3 el coordinador del \u00e1rea de Pediatr\u00eda del Hospital General de Zona (HGZ) No. 71, Marco Antonio R\u00edos Gonz\u00e1lez.<\/p>\n\n\n\n<p>Asimismo, el especialista coment\u00f3 que la piel de los ni\u00f1os es m\u00e1s delgada y delicada que la de un adulto, por lo que el calor les puede lesionar con mayor rapidez y profundidad; por esa raz\u00f3n, una quemadura que en un adulto podr\u00eda ser superficial, en un menor puede convertirse en una lesi\u00f3n m\u00e1s seria.<br>\u201cEn Pediatr\u00eda no solo nos preocupa la herida visible, sino la p\u00e9rdida de l\u00edquidos, el dolor, el riesgo de infecci\u00f3n y las secuelas funcionales o est\u00e9ticas que puede dejar; las edades de mayor riesgo son, principalmente, los menores de 5 a\u00f1os, y dentro de ese grupo los m\u00e1s vulnerables suelen ser los ni\u00f1os de 1 a 3 a\u00f1os; ellos en particular, porque ya caminan, suben, jalan objetos, alcanzan superficies, pero todav\u00eda no comprenden qu\u00e9 quema y qu\u00e9 no\u201d, a\u00f1adi\u00f3 R\u00edos Gonz\u00e1lez.<br>Del mismo modo, el m\u00e9dico pediatra indic\u00f3 que, en caso de quemaduras en menores lo primero que se debe hacer es alejar al ni\u00f1o de la fuente que caus\u00f3 la quemadura; despu\u00e9s, hay que enfriar la zona con agua corriente fresca, no helada, idealmente durante 20 minutos; ello ayuda a detener el da\u00f1o por calor, disminuye el dolor y puede hacer que la lesi\u00f3n no se profundice.<br>\u201cAdem\u00e1s, es importante que si el menor trae anillos, pulseras, reloj, zapatos o ropa cercana a la zona afectada, se deben retirar con cuidado, siempre que no est\u00e9n pegados a la piel; luego, se puede cubrir la quemadura con un pa\u00f1o limpio o una gasa limpia, sin apretar; despu\u00e9s de eso, lo m\u00e1s importante es buscar valoraci\u00f3n m\u00e9dica, especialmente si la quemadura es extensa, si hay ampollas, si afecta cara, manos, pies, genitales, articulaciones, o si el ni\u00f1o inhal\u00f3 humo o tiene dificultad para respirar\u201d, agreg\u00f3 el especialista.<br>El coordinador remend\u00f3 evitar remedios caseros como: aplicar pasta dental, mantequilla, aceite, caf\u00e9, pomadas caseras ni alcohol, y no reventar las ampollas, debido a que todas estas pr\u00e1cticas aumentan el riesgo de infecci\u00f3n, dificultan la valoraci\u00f3n m\u00e9dica y pueden empeorar la lesi\u00f3n.<br>\u201cMe gustar\u00eda agregar que las quemaduras en ni\u00f1as y ni\u00f1os no son un accidente menor. Pueden dejar dolor, cicatrices, requerir cirug\u00edas, hospitalizaciones prolongadas y afectaciones emocionales, tanto en el paciente como en su familia; pero tambi\u00e9n, se pueden prevenir con medidas simples y con informaci\u00f3n correcta\u201d, concluy\u00f3 el doctor R\u00edos Gonz\u00e1lez.<\/p>\n","protected":false},"excerpt":{"rendered":"<p>El Instituto Mexicano del Seguro Social (IMSS) en Veracruz Norte exhorta a madres y padres de familia, as\u00ed como a los cuidadores de menores a prevenir posibles quemaduras en menores, sobre todo durante la primera infancia, y si suceden, es sumamente importante no confiarse, no automedicar, no usar remedios caseros y acudir oportunamente a valoraci\u00f3n [&hellip;]<\/p>\n","protected":false},"author":2,"featured_media":169879,"comment_status":"closed","ping_status":"closed","sticky":false,"template":"","format":"standard","meta":{"tdm_status":"","tdm_grid_status":"","footnotes":""},"categories":[73],"tags":[62366,62361,62362,62364,62365,62363],"class_list":{"0":"post-169878","1":"post","2":"type-post","3":"status-publish","4":"format-standard","5":"has-post-thumbnail","7":"category-de-boleto","8":"tag-imss-veracruz-norte-recomendaciones-padres","9":"tag-marco-antonio-rios-gonzalez-pediatra","10":"tag-prevencion-quemaduras-ninos-imss-veracruz","11":"tag-primeros-auxilios-quemaduras-infantiles-2026","12":"tag-riesgos-quemaduras-primera-infancia-veracruz","13":"tag-tratamiento-quemaduras-agua-fresca-tiempo"},"yoast_head":"<!-- This site is optimized with the Yoast SEO plugin v27.4 - https:\/\/yoast.com\/product\/yoast-seo-wordpress\/ -->\n<title>QUE NO SE QUEMEN! - Los pol\u00edticos Veracruz<\/title>\n<meta name=\"robots\" content=\"index, follow, max-snippet:-1, max-image-preview:large, max-video-preview:-1\" \/>\n<link rel=\"canonical\" href=\"https:\/\/lospoliticosveracruz.com\/?p=169878\" \/>\n<meta property=\"og:locale\" content=\"es_ES\" \/>\n<meta property=\"og:type\" content=\"article\" \/>\n<meta property=\"og:title\" content=\"QUE NO SE QUEMEN! - Los pol\u00edticos Veracruz\" \/>\n<meta property=\"og:description\" content=\"El Instituto Mexicano del Seguro Social (IMSS) en Veracruz Norte exhorta a madres y padres de familia, as\u00ed como a los cuidadores de menores a prevenir posibles quemaduras en menores, sobre todo durante la primera infancia, y si suceden, es sumamente importante no confiarse, no automedicar, no usar remedios caseros y acudir oportunamente a valoraci\u00f3n [&hellip;]\" \/>\n<meta property=\"og:url\" content=\"https:\/\/lospoliticosveracruz.com\/?p=169878\" \/>\n<meta property=\"og:site_name\" content=\"Los pol\u00edticos Veracruz\" \/>\n<meta property=\"article:publisher\" content=\"https:\/\/www.facebook.com\/people\/Notimemes-de-los-Polticos\/61565672886568\/\" \/>\n<meta property=\"article:published_time\" content=\"2026-04-27T16:53:18+00:00\" \/>\n<meta property=\"article:modified_time\" content=\"2026-04-27T16:53:19+00:00\" \/>\n<meta property=\"og:image\" content=\"https:\/\/lospoliticosveracruz.com\/wp-content\/uploads\/2026\/04\/Nino-Riesgo.jpg\" \/>\n\t<meta property=\"og:image:width\" content=\"600\" \/>\n\t<meta property=\"og:image:height\" content=\"320\" \/>\n\t<meta property=\"og:image:type\" content=\"image\/jpeg\" \/>\n<meta name=\"author\" content=\"Lo viste en Los Pol\u00edticos\" \/>\n<meta name=\"twitter:card\" content=\"summary_large_image\" \/>\n<meta name=\"twitter:creator\" content=\"@LosPoliticosVer\" \/>\n<meta name=\"twitter:site\" content=\"@LosPoliticosVer\" \/>\n<meta name=\"twitter:label1\" content=\"Escrito por\" \/>\n\t<meta name=\"twitter:data1\" content=\"Lo viste en Los Pol\u00edticos\" \/>\n\t<meta name=\"twitter:label2\" content=\"Tiempo de lectura\" \/>\n\t<meta name=\"twitter:data2\" content=\"3 minutos\" \/>\n<script type=\"application\/ld+json\" class=\"yoast-schema-graph\">{\"@context\":\"https:\\\/\\\/schema.org\",\"@graph\":[{\"@type\":\"Article\",\"@id\":\"https:\\\/\\\/lospoliticosveracruz.com\\\/?p=169878#article\",\"isPartOf\":{\"@id\":\"https:\\\/\\\/lospoliticosveracruz.com\\\/?p=169878\"},\"author\":{\"name\":\"Lo viste en Los Pol\u00edticos\",\"@id\":\"https:\\\/\\\/lospoliticosveracruz.com\\\/#\\\/schema\\\/person\\\/b8702bb0e538456e6efd07080bf2a4a2\"},\"headline\":\"QUE NO SE QUEMEN!\",\"datePublished\":\"2026-04-27T16:53:18+00:00\",\"dateModified\":\"2026-04-27T16:53:19+00:00\",\"mainEntityOfPage\":{\"@id\":\"https:\\\/\\\/lospoliticosveracruz.com\\\/?p=169878\"},\"wordCount\":594,\"publisher\":{\"@id\":\"https:\\\/\\\/lospoliticosveracruz.com\\\/#organization\"},\"image\":{\"@id\":\"https:\\\/\\\/lospoliticosveracruz.com\\\/?p=169878#primaryimage\"},\"thumbnailUrl\":\"https:\\\/\\\/lospoliticosveracruz.com\\\/wp-content\\\/uploads\\\/2026\\\/04\\\/Nino-Riesgo.jpg\",\"keywords\":[\"IMSS Veracruz Norte recomendaciones padres\",\"Marco Antonio R\u00edos Gonz\u00e1lez pediatra\",\"Prevenci\u00f3n quemaduras ni\u00f1os IMSS Veracruz\",\"Primeros auxilios quemaduras infantiles 2026\",\"Riesgos quemaduras primera infancia Veracruz\",\"Tratamiento quemaduras agua fresca tiempo\"],\"articleSection\":[\"De Boleto\"],\"inLanguage\":\"es\"},{\"@type\":\"WebPage\",\"@id\":\"https:\\\/\\\/lospoliticosveracruz.com\\\/?p=169878\",\"url\":\"https:\\\/\\\/lospoliticosveracruz.com\\\/?p=169878\",\"name\":\"QUE NO SE QUEMEN! - Los pol\u00edticos Veracruz\",\"isPartOf\":{\"@id\":\"https:\\\/\\\/lospoliticosveracruz.com\\\/#website\"},\"primaryImageOfPage\":{\"@id\":\"https:\\\/\\\/lospoliticosveracruz.com\\\/?p=169878#primaryimage\"},\"image\":{\"@id\":\"https:\\\/\\\/lospoliticosveracruz.com\\\/?p=169878#primaryimage\"},\"thumbnailUrl\":\"https:\\\/\\\/lospoliticosveracruz.com\\\/wp-content\\\/uploads\\\/2026\\\/04\\\/Nino-Riesgo.jpg\",\"datePublished\":\"2026-04-27T16:53:18+00:00\",\"dateModified\":\"2026-04-27T16:53:19+00:00\",\"breadcrumb\":{\"@id\":\"https:\\\/\\\/lospoliticosveracruz.com\\\/?p=169878#breadcrumb\"},\"inLanguage\":\"es\",\"potentialAction\":[{\"@type\":\"ReadAction\",\"target\":[\"https:\\\/\\\/lospoliticosveracruz.com\\\/?p=169878\"]}]},{\"@type\":\"ImageObject\",\"inLanguage\":\"es\",\"@id\":\"https:\\\/\\\/lospoliticosveracruz.com\\\/?p=169878#primaryimage\",\"url\":\"https:\\\/\\\/lospoliticosveracruz.com\\\/wp-content\\\/uploads\\\/2026\\\/04\\\/Nino-Riesgo.jpg\",\"contentUrl\":\"https:\\\/\\\/lospoliticosveracruz.com\\\/wp-content\\\/uploads\\\/2026\\\/04\\\/Nino-Riesgo.jpg\",\"width\":600,\"height\":320},{\"@type\":\"BreadcrumbList\",\"@id\":\"https:\\\/\\\/lospoliticosveracruz.com\\\/?p=169878#breadcrumb\",\"itemListElement\":[{\"@type\":\"ListItem\",\"position\":1,\"name\":\"Portada\",\"item\":\"https:\\\/\\\/lospoliticosveracruz.com\\\/\"},{\"@type\":\"ListItem\",\"position\":2,\"name\":\"QUE NO SE QUEMEN!\"}]},{\"@type\":\"WebSite\",\"@id\":\"https:\\\/\\\/lospoliticosveracruz.com\\\/#website\",\"url\":\"https:\\\/\\\/lospoliticosveracruz.com\\\/\",\"name\":\"Los pol\u00edticos Veracruz\",\"description\":\"\",\"publisher\":{\"@id\":\"https:\\\/\\\/lospoliticosveracruz.com\\\/#organization\"},\"potentialAction\":[{\"@type\":\"SearchAction\",\"target\":{\"@type\":\"EntryPoint\",\"urlTemplate\":\"https:\\\/\\\/lospoliticosveracruz.com\\\/?s={search_term_string}\"},\"query-input\":{\"@type\":\"PropertyValueSpecification\",\"valueRequired\":true,\"valueName\":\"search_term_string\"}}],\"inLanguage\":\"es\"},{\"@type\":\"Organization\",\"@id\":\"https:\\\/\\\/lospoliticosveracruz.com\\\/#organization\",\"name\":\"Los pol\u00edticos Veracruz\",\"url\":\"https:\\\/\\\/lospoliticosveracruz.com\\\/\",\"logo\":{\"@type\":\"ImageObject\",\"inLanguage\":\"es\",\"@id\":\"https:\\\/\\\/lospoliticosveracruz.com\\\/#\\\/schema\\\/logo\\\/image\\\/\",\"url\":\"https:\\\/\\\/lospoliticosveracruz.com\\\/wp-content\\\/uploads\\\/2025\\\/12\\\/Logo-Nuevo-LOS-POLITICOS-1.jpg\",\"contentUrl\":\"https:\\\/\\\/lospoliticosveracruz.com\\\/wp-content\\\/uploads\\\/2025\\\/12\\\/Logo-Nuevo-LOS-POLITICOS-1.jpg\",\"width\":260,\"height\":70,\"caption\":\"Los pol\u00edticos Veracruz\"},\"image\":{\"@id\":\"https:\\\/\\\/lospoliticosveracruz.com\\\/#\\\/schema\\\/logo\\\/image\\\/\"},\"sameAs\":[\"https:\\\/\\\/www.facebook.com\\\/people\\\/Notimemes-de-los-Polticos\\\/61565672886568\\\/\",\"https:\\\/\\\/x.com\\\/LosPoliticosVer\"]},{\"@type\":\"Person\",\"@id\":\"https:\\\/\\\/lospoliticosveracruz.com\\\/#\\\/schema\\\/person\\\/b8702bb0e538456e6efd07080bf2a4a2\",\"name\":\"Lo viste en Los Pol\u00edticos\",\"image\":{\"@type\":\"ImageObject\",\"inLanguage\":\"es\",\"@id\":\"https:\\\/\\\/secure.gravatar.com\\\/avatar\\\/3a8de04a2656d44082be478bd6c086daa447c4651605818287b9532d3d0bd435?s=96&d=mm&r=g\",\"url\":\"https:\\\/\\\/secure.gravatar.com\\\/avatar\\\/3a8de04a2656d44082be478bd6c086daa447c4651605818287b9532d3d0bd435?s=96&d=mm&r=g\",\"contentUrl\":\"https:\\\/\\\/secure.gravatar.com\\\/avatar\\\/3a8de04a2656d44082be478bd6c086daa447c4651605818287b9532d3d0bd435?s=96&d=mm&r=g\",\"caption\":\"Lo viste en Los Pol\u00edticos\"},\"url\":\"https:\\\/\\\/lospoliticosveracruz.com\\\/?author=2\"}]}<\/script>\n<!-- \/ Yoast SEO plugin. -->","yoast_head_json":{"title":"QUE NO SE QUEMEN! - Los pol\u00edticos Veracruz","robots":{"index":"index","follow":"follow","max-snippet":"max-snippet:-1","max-image-preview":"max-image-preview:large","max-video-preview":"max-video-preview:-1"},"canonical":"https:\/\/lospoliticosveracruz.com\/?p=169878","og_locale":"es_ES","og_type":"article","og_title":"QUE NO SE QUEMEN! - Los pol\u00edticos Veracruz","og_description":"El Instituto Mexicano del Seguro Social (IMSS) en Veracruz Norte exhorta a madres y padres de familia, as\u00ed como a los cuidadores de menores a prevenir posibles quemaduras en menores, sobre todo durante la primera infancia, y si suceden, es sumamente importante no confiarse, no automedicar, no usar remedios caseros y acudir oportunamente a valoraci\u00f3n [&hellip;]","og_url":"https:\/\/lospoliticosveracruz.com\/?p=169878","og_site_name":"Los pol\u00edticos Veracruz","article_publisher":"https:\/\/www.facebook.com\/people\/Notimemes-de-los-Polticos\/61565672886568\/","article_published_time":"2026-04-27T16:53:18+00:00","article_modified_time":"2026-04-27T16:53:19+00:00","og_image":[{"width":600,"height":320,"url":"https:\/\/lospoliticosveracruz.com\/wp-content\/uploads\/2026\/04\/Nino-Riesgo.jpg","type":"image\/jpeg"}],"author":"Lo viste en Los Pol\u00edticos","twitter_card":"summary_large_image","twitter_creator":"@LosPoliticosVer","twitter_site":"@LosPoliticosVer","twitter_misc":{"Escrito por":"Lo viste en Los Pol\u00edticos","Tiempo de lectura":"3 minutos"},"schema":{"@context":"https:\/\/schema.org","@graph":[{"@type":"Article","@id":"https:\/\/lospoliticosveracruz.com\/?p=169878#article","isPartOf":{"@id":"https:\/\/lospoliticosveracruz.com\/?p=169878"},"author":{"name":"Lo viste en Los Pol\u00edticos","@id":"https:\/\/lospoliticosveracruz.com\/#\/schema\/person\/b8702bb0e538456e6efd07080bf2a4a2"},"headline":"QUE NO SE QUEMEN!","datePublished":"2026-04-27T16:53:18+00:00","dateModified":"2026-04-27T16:53:19+00:00","mainEntityOfPage":{"@id":"https:\/\/lospoliticosveracruz.com\/?p=169878"},"wordCount":594,"publisher":{"@id":"https:\/\/lospoliticosveracruz.com\/#organization"},"image":{"@id":"https:\/\/lospoliticosveracruz.com\/?p=169878#primaryimage"},"thumbnailUrl":"https:\/\/lospoliticosveracruz.com\/wp-content\/uploads\/2026\/04\/Nino-Riesgo.jpg","keywords":["IMSS Veracruz Norte recomendaciones padres","Marco Antonio R\u00edos Gonz\u00e1lez pediatra","Prevenci\u00f3n quemaduras ni\u00f1os IMSS Veracruz","Primeros auxilios quemaduras infantiles 2026","Riesgos quemaduras primera infancia Veracruz","Tratamiento quemaduras agua fresca tiempo"],"articleSection":["De Boleto"],"inLanguage":"es"},{"@type":"WebPage","@id":"https:\/\/lospoliticosveracruz.com\/?p=169878","url":"https:\/\/lospoliticosveracruz.com\/?p=169878","name":"QUE NO SE QUEMEN! - Los pol\u00edticos Veracruz","isPartOf":{"@id":"https:\/\/lospoliticosveracruz.com\/#website"},"primaryImageOfPage":{"@id":"https:\/\/lospoliticosveracruz.com\/?p=169878#primaryimage"},"image":{"@id":"https:\/\/lospoliticosveracruz.com\/?p=169878#primaryimage"},"thumbnailUrl":"https:\/\/lospoliticosveracruz.com\/wp-content\/uploads\/2026\/04\/Nino-Riesgo.jpg","datePublished":"2026-04-27T16:53:18+00:00","dateModified":"2026-04-27T16:53:19+00:00","breadcrumb":{"@id":"https:\/\/lospoliticosveracruz.com\/?p=169878#breadcrumb"},"inLanguage":"es","potentialAction":[{"@type":"ReadAction","target":["https:\/\/lospoliticosveracruz.com\/?p=169878"]}]},{"@type":"ImageObject","inLanguage":"es","@id":"https:\/\/lospoliticosveracruz.com\/?p=169878#primaryimage","url":"https:\/\/lospoliticosveracruz.com\/wp-content\/uploads\/2026\/04\/Nino-Riesgo.jpg","contentUrl":"https:\/\/lospoliticosveracruz.com\/wp-content\/uploads\/2026\/04\/Nino-Riesgo.jpg","width":600,"height":320},{"@type":"BreadcrumbList","@id":"https:\/\/lospoliticosveracruz.com\/?p=169878#breadcrumb","itemListElement":[{"@type":"ListItem","position":1,"name":"Portada","item":"https:\/\/lospoliticosveracruz.com\/"},{"@type":"ListItem","position":2,"name":"QUE NO SE QUEMEN!"}]},{"@type":"WebSite","@id":"https:\/\/lospoliticosveracruz.com\/#website","url":"https:\/\/lospoliticosveracruz.com\/","name":"Los pol\u00edticos Veracruz","description":"","publisher":{"@id":"https:\/\/lospoliticosveracruz.com\/#organization"},"potentialAction":[{"@type":"SearchAction","target":{"@type":"EntryPoint","urlTemplate":"https:\/\/lospoliticosveracruz.com\/?s={search_term_string}"},"query-input":{"@type":"PropertyValueSpecification","valueRequired":true,"valueName":"search_term_string"}}],"inLanguage":"es"},{"@type":"Organization","@id":"https:\/\/lospoliticosveracruz.com\/#organization","name":"Los pol\u00edticos Veracruz","url":"https:\/\/lospoliticosveracruz.com\/","logo":{"@type":"ImageObject","inLanguage":"es","@id":"https:\/\/lospoliticosveracruz.com\/#\/schema\/logo\/image\/","url":"https:\/\/lospoliticosveracruz.com\/wp-content\/uploads\/2025\/12\/Logo-Nuevo-LOS-POLITICOS-1.jpg","contentUrl":"https:\/\/lospoliticosveracruz.com\/wp-content\/uploads\/2025\/12\/Logo-Nuevo-LOS-POLITICOS-1.jpg","width":260,"height":70,"caption":"Los pol\u00edticos Veracruz"},"image":{"@id":"https:\/\/lospoliticosveracruz.com\/#\/schema\/logo\/image\/"},"sameAs":["https:\/\/www.facebook.com\/people\/Notimemes-de-los-Polticos\/61565672886568\/","https:\/\/x.com\/LosPoliticosVer"]},{"@type":"Person","@id":"https:\/\/lospoliticosveracruz.com\/#\/schema\/person\/b8702bb0e538456e6efd07080bf2a4a2","name":"Lo viste en Los Pol\u00edticos","image":{"@type":"ImageObject","inLanguage":"es","@id":"https:\/\/secure.gravatar.com\/avatar\/3a8de04a2656d44082be478bd6c086daa447c4651605818287b9532d3d0bd435?s=96&d=mm&r=g","url":"https:\/\/secure.gravatar.com\/avatar\/3a8de04a2656d44082be478bd6c086daa447c4651605818287b9532d3d0bd435?s=96&d=mm&r=g","contentUrl":"https:\/\/secure.gravatar.com\/avatar\/3a8de04a2656d44082be478bd6c086daa447c4651605818287b9532d3d0bd435?s=96&d=mm&r=g","caption":"Lo viste en Los Pol\u00edticos"},"url":"https:\/\/lospoliticosveracruz.com\/?author=2"}]}},"_links":{"self":[{"href":"https:\/\/lospoliticosveracruz.com\/index.php?rest_route=\/wp\/v2\/posts\/169878","targetHints":{"allow":["GET"]}}],"collection":[{"href":"https:\/\/lospoliticosveracruz.com\/index.php?rest_route=\/wp\/v2\/posts"}],"about":[{"href":"https:\/\/lospoliticosveracruz.com\/index.php?rest_route=\/wp\/v2\/types\/post"}],"author":[{"embeddable":true,"href":"https:\/\/lospoliticosveracruz.com\/index.php?rest_route=\/wp\/v2\/users\/2"}],"replies":[{"embeddable":true,"href":"https:\/\/lospoliticosveracruz.com\/index.php?rest_route=%2Fwp%2Fv2%2Fcomments&post=169878"}],"version-history":[{"count":1,"href":"https:\/\/lospoliticosveracruz.com\/index.php?rest_route=\/wp\/v2\/posts\/169878\/revisions"}],"predecessor-version":[{"id":169880,"href":"https:\/\/lospoliticosveracruz.com\/index.php?rest_route=\/wp\/v2\/posts\/169878\/revisions\/169880"}],"wp:featuredmedia":[{"embeddable":true,"href":"https:\/\/lospoliticosveracruz.com\/index.php?rest_route=\/wp\/v2\/media\/169879"}],"wp:attachment":[{"href":"https:\/\/lospoliticosveracruz.com\/index.php?rest_route=%2Fwp%2Fv2%2Fmedia&parent=169878"}],"wp:term":[{"taxonomy":"category","embeddable":true,"href":"https:\/\/lospoliticosveracruz.com\/index.php?rest_route=%2Fwp%2Fv2%2Fcategories&post=169878"},{"taxonomy":"post_tag","embeddable":true,"href":"https:\/\/lospoliticosveracruz.com\/index.php?rest_route=%2Fwp%2Fv2%2Ftags&post=169878"}],"curies":[{"name":"wp","href":"https:\/\/api.w.org\/{rel}","templated":true}]}}