{"id":169881,"date":"2026-04-27T10:56:03","date_gmt":"2026-04-27T16:56:03","guid":{"rendered":"https:\/\/lospoliticosveracruz.com\/?p=169881"},"modified":"2026-04-27T10:56:04","modified_gmt":"2026-04-27T16:56:04","slug":"los-primeros-cien-de-maryjose","status":"publish","type":"post","link":"https:\/\/lospoliticosveracruz.com\/?p=169881","title":{"rendered":"LOS PRIMEROS CIEN DE MARYJOSE"},"content":{"rendered":"\n<p><strong>Oved Contreras<\/strong><\/p>\n\n\n\n<p><em>Secas mecas<br><\/em><\/p>\n\n\n\n<p>La alcaldesa de Boca del R\u00edo, Maryjose Gamboa, cumpli\u00f3 sus primeros cien d\u00edas de administraci\u00f3n y es, por mucho, la edil mejor evaluada de la oposici\u00f3n en todo el estado y se cuela en el top cinco de las encuestas contratadas por la Cuarta Transformaci\u00f3n, pero nada es fortuito: Maryjose ofreci\u00f3 un gobierno cercano a la gente y lo cumple a cabalidad.<\/p>\n\n\n\n<p>Tanto que este a\u00f1o se tom\u00f3 la decisi\u00f3n de aplicar el presupuesto participativo que es un mecanismo que permite a los ciudadanos decidir en qu\u00e9 se invierte una parte del presupuesto municipal, particularmente en obras y acciones que impactan de manera inmediata en su entorno y en su calidad de vida.<\/p>\n\n\n\n<p>\u201cNo se trata \u00fanicamente de opinar, sino de proponer, priorizar y votar proyectos concretos que contribuyan a mejorar colonias, fraccionamientos y comunidades\u201d, ofreci\u00f3 Maryjose Gamboa Torales en uno de sus primeros mensajes frente a la ciudadan\u00eda. El paquete contempla la intervenci\u00f3n de dos vialidades: la calle 8 y la calle 20 de Noviembre, iniciando con trabajos en la calle 8, en el tramo comprendido entre L\u00e1zaro C\u00e1rdenas y Crist\u00f3bal de Olid.<\/p>\n\n\n\n<p>Entre las acciones a realizar se encuentran la pavimentaci\u00f3n con asfalto, construcci\u00f3n de banquetas y guarniciones, as\u00ed como la aplicaci\u00f3n de pintura vial para delimitaci\u00f3n de carriles y se\u00f1alizaci\u00f3n, contribuyendo a una circulaci\u00f3n m\u00e1s segura y ordenada.<\/p>\n\n\n\n<p>Maryjose Gamboa mantiene adem\u00e1s los recorridos sorpresa en colonias y fraccionamientos de Boca del R\u00edo para atender toda clase de peticiones de los ciudadanos, y la gente se lo aplaude que despu\u00e9s de que camin\u00f3 en campa\u00f1a ahora regrese a caminar y a resolver los problemas ciudadanos. Eso la gente se lo aplaude a la alcaldesa boque\u00f1a.<\/p>\n\n\n\n<p>SE LLEN\u00d3 DE CABALLOS\u2026cerca de 3 mil binomios jinete-caballo, provenientes de distintas regiones de la entidad, participaron en la cabalgata que marc\u00f3 el cierre del Primer Congreso Nacional del Caballo Veracruz 2026, consolid\u00e1ndose como una de las actividades m\u00e1s emblem\u00e1ticas y concurridas del encuentro.<\/p>\n\n\n\n<p>Aunque el gobierno municipal porte\u00f1o no fue precisamente el organizador directo, s\u00ed asumi\u00f3 con mucha responsabilidad su papel como autoridad anfitriona durante la Mega Cabalgata de este domingo, realizada en el marco del 1er Congreso Nacional del Caballo 2026.<\/p>\n\n\n\n<p>Muestra de ello, fue la instalaci\u00f3n de bebederos en puntos estrat\u00e9gicos del recorrido, operativo vial de Tr\u00e1nsito para agilizar la circulaci\u00f3n, mientras que el DIF municipal brind\u00f3 atenci\u00f3n a las y los participantes con seis m\u00f3dulos localizados en puntos estrat\u00e9gicos; se dispuso de cuadrillas de Linpia P\u00fablica para la limpieza inmediata de los desechos org\u00e1nicos generados durante y despu\u00e9s de la cabalgata, contribuyendo a mantener en buen estado los espacios p\u00fablicos. La verdad que nos levantamos el sombrero -aprovechando la tem\u00e1tica ranchera- para todo el personal municipal que se flet\u00f3 para dejar todo limpio.<\/p>\n\n\n\n<p>Y FALTA EL RECALENTADO\u2026alguno que no fue invitado a la boda en la madre patria, se encarg\u00f3 de despotricar por el pachang\u00f3n de Fernando Hidalgo Requejo y Karime Karol Ahued en Sevilla, Espa\u00f1a\u2026ya un d\u00eda antes hab\u00edan quemado a la gorda Bertha Ahued y a la esposa del alcalde de San Andr\u00e9s Tuxtla, Rafael FaraNINI, por darse esos lujos como integrantes de la Cuatrot\u00e9 en Veracruz.<\/p>\n\n\n\n<p>Ayer hicieron viral un video donde aseguran que la legisladora se gast\u00f3 la friolera de siete millones de pesos en la pachanga que se celebr\u00f3 en la Feria Sevillana 2026 y de acuerdo a los reportes, fueron aproximadamente 250 invitados.<\/p>\n\n\n\n<p>Aunque con algunas imprecisiones como decir que la novia es hija de la gorda Ahued, cuando en realidad es su sobrina, el video que hicieron viral refiere que la legisladora le arm\u00f3 una fiesta de s\u00faper lujo tierras espa\u00f1olas y le hicieron hasta las cuentas, que gast\u00f3 45 mil euros en la renta de tres casetas en la calle principal de la feria adem\u00e1s de 27 mil euros de la decoraci\u00f3n de las casetas, 50 mil euros de 50 carruajes que incluyen mayoral, cochero y zagal, 37 mil 500 euros del banquete de mariscos y vino blanco para los invitados, 75 mil euros de 50 boletos de avi\u00f3n de ida y vuelta de invitados especiales, 100 mil euros de 50 habitaciones para los invitados lo que da un total de 334 mil 500 euros que equivalen a seis millones 900 mil pesos\u2026\u201deso solo fue en la preboda, falta la boda donde s\u00ed van a tirar la casa por la ventana, nos vemos en el siguiente cap\u00edtulo\u201d, advierten quienes difundieron el video.<\/p>\n\n\n\n<p>Se arm\u00f3 el debate sobre si hab\u00eda raz\u00f3n en exhibir los excesos por tratarse de una fiesta privada pero no hay que perder de vista que hay un exceso independientemente de que sea lana de un particular: siempre se critic\u00f3 en el pasado y se critica igual ahora porque hay mucha gente que no tiene ni para comer. Ahora tiran m\u00e1s porque est\u00e1 metida la gorda ahued, diputada de la cuarta que como movimiento jur\u00f3 combatir todo este tipo de pr\u00e1cticas.<\/p>\n\n\n\n<p>Cuenta el chambero que la t\u00eda Ch\u00edo quiere impulsar a la gorda Ahued como candidata a diputada federal, primero, y luego como sucesora de Rosa Mar\u00eda en la alcald\u00eda de Veracruz. Eso dicen, dicen, que la gorda ya desisti\u00f3 de Boca del R\u00edo y ahora quiere el puerto, que ser\u00eda pan comido para la 4T. Es cuanto.<\/p>\n","protected":false},"excerpt":{"rendered":"<p>Oved Contreras Secas mecas La alcaldesa de Boca del R\u00edo, Maryjose Gamboa, cumpli\u00f3 sus primeros cien d\u00edas de administraci\u00f3n y es, por mucho, la edil mejor evaluada de la oposici\u00f3n en todo el estado y se cuela en el top cinco de las encuestas contratadas por la Cuarta Transformaci\u00f3n, pero nada es fortuito: Maryjose ofreci\u00f3 [&hellip;]<\/p>\n","protected":false},"author":2,"featured_media":141426,"comment_status":"closed","ping_status":"closed","sticky":false,"template":"","format":"standard","meta":{"tdm_status":"","tdm_grid_status":"","footnotes":""},"categories":[70],"tags":[62368,62369,62370,62367,56813,62371],"class_list":{"0":"post-169881","1":"post","2":"type-post","3":"status-publish","4":"format-standard","5":"has-post-thumbnail","7":"category-de-opinion","8":"tag-austeridad-morena-veracruz-criticas-sevilla","9":"tag-bertha-ahued-escandalo-boda-sevilla","10":"tag-maryjose-gamboa-100-dias-boca-del-rio","11":"tag-mega-cabalgata-veracruz-congreso-del-caballo","12":"tag-presupuesto-participativo-boca-del-rio-2026","13":"tag-sucesion-alcaldia-veracruz-bertha-ahued"},"yoast_head":"<!-- This site is optimized with the Yoast SEO plugin v27.4 - https:\/\/yoast.com\/product\/yoast-seo-wordpress\/ -->\n<title>LOS PRIMEROS CIEN DE MARYJOSE - Los pol\u00edticos Veracruz<\/title>\n<meta name=\"robots\" content=\"index, follow, max-snippet:-1, max-image-preview:large, max-video-preview:-1\" \/>\n<link rel=\"canonical\" href=\"https:\/\/lospoliticosveracruz.com\/?p=169881\" \/>\n<meta property=\"og:locale\" content=\"es_ES\" \/>\n<meta property=\"og:type\" content=\"article\" \/>\n<meta property=\"og:title\" content=\"LOS PRIMEROS CIEN DE MARYJOSE - Los pol\u00edticos Veracruz\" \/>\n<meta property=\"og:description\" content=\"Oved Contreras Secas mecas La alcaldesa de Boca del R\u00edo, Maryjose Gamboa, cumpli\u00f3 sus primeros cien d\u00edas de administraci\u00f3n y es, por mucho, la edil mejor evaluada de la oposici\u00f3n en todo el estado y se cuela en el top cinco de las encuestas contratadas por la Cuarta Transformaci\u00f3n, pero nada es fortuito: Maryjose ofreci\u00f3 [&hellip;]\" \/>\n<meta property=\"og:url\" content=\"https:\/\/lospoliticosveracruz.com\/?p=169881\" \/>\n<meta property=\"og:site_name\" content=\"Los pol\u00edticos Veracruz\" \/>\n<meta property=\"article:publisher\" content=\"https:\/\/www.facebook.com\/people\/Notimemes-de-los-Polticos\/61565672886568\/\" \/>\n<meta property=\"article:published_time\" content=\"2026-04-27T16:56:03+00:00\" \/>\n<meta property=\"article:modified_time\" content=\"2026-04-27T16:56:04+00:00\" \/>\n<meta property=\"og:image\" content=\"https:\/\/lospoliticosveracruz.com\/wp-content\/uploads\/2025\/04\/Oved-Contreras-e1768066319253.jpg\" \/>\n\t<meta property=\"og:image:width\" content=\"600\" \/>\n\t<meta property=\"og:image:height\" content=\"320\" \/>\n\t<meta property=\"og:image:type\" content=\"image\/jpeg\" \/>\n<meta name=\"author\" content=\"Lo viste en Los Pol\u00edticos\" \/>\n<meta name=\"twitter:card\" content=\"summary_large_image\" \/>\n<meta name=\"twitter:creator\" content=\"@LosPoliticosVer\" \/>\n<meta name=\"twitter:site\" content=\"@LosPoliticosVer\" \/>\n<meta name=\"twitter:label1\" content=\"Escrito por\" \/>\n\t<meta name=\"twitter:data1\" content=\"Lo viste en Los Pol\u00edticos\" \/>\n\t<meta name=\"twitter:label2\" content=\"Tiempo de lectura\" \/>\n\t<meta name=\"twitter:data2\" content=\"5 minutos\" \/>\n<script type=\"application\/ld+json\" class=\"yoast-schema-graph\">{\"@context\":\"https:\\\/\\\/schema.org\",\"@graph\":[{\"@type\":\"Article\",\"@id\":\"https:\\\/\\\/lospoliticosveracruz.com\\\/?p=169881#article\",\"isPartOf\":{\"@id\":\"https:\\\/\\\/lospoliticosveracruz.com\\\/?p=169881\"},\"author\":{\"name\":\"Lo viste en Los Pol\u00edticos\",\"@id\":\"https:\\\/\\\/lospoliticosveracruz.com\\\/#\\\/schema\\\/person\\\/b8702bb0e538456e6efd07080bf2a4a2\"},\"headline\":\"LOS PRIMEROS CIEN DE MARYJOSE\",\"datePublished\":\"2026-04-27T16:56:03+00:00\",\"dateModified\":\"2026-04-27T16:56:04+00:00\",\"mainEntityOfPage\":{\"@id\":\"https:\\\/\\\/lospoliticosveracruz.com\\\/?p=169881\"},\"wordCount\":924,\"publisher\":{\"@id\":\"https:\\\/\\\/lospoliticosveracruz.com\\\/#organization\"},\"image\":{\"@id\":\"https:\\\/\\\/lospoliticosveracruz.com\\\/?p=169881#primaryimage\"},\"thumbnailUrl\":\"https:\\\/\\\/lospoliticosveracruz.com\\\/wp-content\\\/uploads\\\/2025\\\/04\\\/Oved-Contreras-e1768066319253.jpg\",\"keywords\":[\"Austeridad Morena Veracruz cr\u00edticas Sevilla\",\"Bertha Ahued esc\u00e1ndalo boda Sevilla\",\"Maryjose Gamboa 100 d\u00edas Boca del R\u00edo\",\"Mega Cabalgata Veracruz Congreso del Caballo\",\"Presupuesto Participativo Boca del R\u00edo 2026\",\"Sucesi\u00f3n alcald\u00eda Veracruz Bertha Ahued\"],\"articleSection\":[\"De Opini\u00f3n\"],\"inLanguage\":\"es\"},{\"@type\":\"WebPage\",\"@id\":\"https:\\\/\\\/lospoliticosveracruz.com\\\/?p=169881\",\"url\":\"https:\\\/\\\/lospoliticosveracruz.com\\\/?p=169881\",\"name\":\"LOS PRIMEROS CIEN DE MARYJOSE - Los pol\u00edticos Veracruz\",\"isPartOf\":{\"@id\":\"https:\\\/\\\/lospoliticosveracruz.com\\\/#website\"},\"primaryImageOfPage\":{\"@id\":\"https:\\\/\\\/lospoliticosveracruz.com\\\/?p=169881#primaryimage\"},\"image\":{\"@id\":\"https:\\\/\\\/lospoliticosveracruz.com\\\/?p=169881#primaryimage\"},\"thumbnailUrl\":\"https:\\\/\\\/lospoliticosveracruz.com\\\/wp-content\\\/uploads\\\/2025\\\/04\\\/Oved-Contreras-e1768066319253.jpg\",\"datePublished\":\"2026-04-27T16:56:03+00:00\",\"dateModified\":\"2026-04-27T16:56:04+00:00\",\"breadcrumb\":{\"@id\":\"https:\\\/\\\/lospoliticosveracruz.com\\\/?p=169881#breadcrumb\"},\"inLanguage\":\"es\",\"potentialAction\":[{\"@type\":\"ReadAction\",\"target\":[\"https:\\\/\\\/lospoliticosveracruz.com\\\/?p=169881\"]}]},{\"@type\":\"ImageObject\",\"inLanguage\":\"es\",\"@id\":\"https:\\\/\\\/lospoliticosveracruz.com\\\/?p=169881#primaryimage\",\"url\":\"https:\\\/\\\/lospoliticosveracruz.com\\\/wp-content\\\/uploads\\\/2025\\\/04\\\/Oved-Contreras-e1768066319253.jpg\",\"contentUrl\":\"https:\\\/\\\/lospoliticosveracruz.com\\\/wp-content\\\/uploads\\\/2025\\\/04\\\/Oved-Contreras-e1768066319253.jpg\",\"width\":600,\"height\":320},{\"@type\":\"BreadcrumbList\",\"@id\":\"https:\\\/\\\/lospoliticosveracruz.com\\\/?p=169881#breadcrumb\",\"itemListElement\":[{\"@type\":\"ListItem\",\"position\":1,\"name\":\"Portada\",\"item\":\"https:\\\/\\\/lospoliticosveracruz.com\\\/\"},{\"@type\":\"ListItem\",\"position\":2,\"name\":\"LOS PRIMEROS CIEN DE MARYJOSE\"}]},{\"@type\":\"WebSite\",\"@id\":\"https:\\\/\\\/lospoliticosveracruz.com\\\/#website\",\"url\":\"https:\\\/\\\/lospoliticosveracruz.com\\\/\",\"name\":\"Los pol\u00edticos Veracruz\",\"description\":\"\",\"publisher\":{\"@id\":\"https:\\\/\\\/lospoliticosveracruz.com\\\/#organization\"},\"potentialAction\":[{\"@type\":\"SearchAction\",\"target\":{\"@type\":\"EntryPoint\",\"urlTemplate\":\"https:\\\/\\\/lospoliticosveracruz.com\\\/?s={search_term_string}\"},\"query-input\":{\"@type\":\"PropertyValueSpecification\",\"valueRequired\":true,\"valueName\":\"search_term_string\"}}],\"inLanguage\":\"es\"},{\"@type\":\"Organization\",\"@id\":\"https:\\\/\\\/lospoliticosveracruz.com\\\/#organization\",\"name\":\"Los pol\u00edticos Veracruz\",\"url\":\"https:\\\/\\\/lospoliticosveracruz.com\\\/\",\"logo\":{\"@type\":\"ImageObject\",\"inLanguage\":\"es\",\"@id\":\"https:\\\/\\\/lospoliticosveracruz.com\\\/#\\\/schema\\\/logo\\\/image\\\/\",\"url\":\"https:\\\/\\\/lospoliticosveracruz.com\\\/wp-content\\\/uploads\\\/2025\\\/12\\\/Logo-Nuevo-LOS-POLITICOS-1.jpg\",\"contentUrl\":\"https:\\\/\\\/lospoliticosveracruz.com\\\/wp-content\\\/uploads\\\/2025\\\/12\\\/Logo-Nuevo-LOS-POLITICOS-1.jpg\",\"width\":260,\"height\":70,\"caption\":\"Los pol\u00edticos Veracruz\"},\"image\":{\"@id\":\"https:\\\/\\\/lospoliticosveracruz.com\\\/#\\\/schema\\\/logo\\\/image\\\/\"},\"sameAs\":[\"https:\\\/\\\/www.facebook.com\\\/people\\\/Notimemes-de-los-Polticos\\\/61565672886568\\\/\",\"https:\\\/\\\/x.com\\\/LosPoliticosVer\"]},{\"@type\":\"Person\",\"@id\":\"https:\\\/\\\/lospoliticosveracruz.com\\\/#\\\/schema\\\/person\\\/b8702bb0e538456e6efd07080bf2a4a2\",\"name\":\"Lo viste en Los Pol\u00edticos\",\"image\":{\"@type\":\"ImageObject\",\"inLanguage\":\"es\",\"@id\":\"https:\\\/\\\/secure.gravatar.com\\\/avatar\\\/3a8de04a2656d44082be478bd6c086daa447c4651605818287b9532d3d0bd435?s=96&d=mm&r=g\",\"url\":\"https:\\\/\\\/secure.gravatar.com\\\/avatar\\\/3a8de04a2656d44082be478bd6c086daa447c4651605818287b9532d3d0bd435?s=96&d=mm&r=g\",\"contentUrl\":\"https:\\\/\\\/secure.gravatar.com\\\/avatar\\\/3a8de04a2656d44082be478bd6c086daa447c4651605818287b9532d3d0bd435?s=96&d=mm&r=g\",\"caption\":\"Lo viste en Los Pol\u00edticos\"},\"url\":\"https:\\\/\\\/lospoliticosveracruz.com\\\/?author=2\"}]}<\/script>\n<!-- \/ Yoast SEO plugin. -->","yoast_head_json":{"title":"LOS PRIMEROS CIEN DE MARYJOSE - Los pol\u00edticos Veracruz","robots":{"index":"index","follow":"follow","max-snippet":"max-snippet:-1","max-image-preview":"max-image-preview:large","max-video-preview":"max-video-preview:-1"},"canonical":"https:\/\/lospoliticosveracruz.com\/?p=169881","og_locale":"es_ES","og_type":"article","og_title":"LOS PRIMEROS CIEN DE MARYJOSE - Los pol\u00edticos Veracruz","og_description":"Oved Contreras Secas mecas La alcaldesa de Boca del R\u00edo, Maryjose Gamboa, cumpli\u00f3 sus primeros cien d\u00edas de administraci\u00f3n y es, por mucho, la edil mejor evaluada de la oposici\u00f3n en todo el estado y se cuela en el top cinco de las encuestas contratadas por la Cuarta Transformaci\u00f3n, pero nada es fortuito: Maryjose ofreci\u00f3 [&hellip;]","og_url":"https:\/\/lospoliticosveracruz.com\/?p=169881","og_site_name":"Los pol\u00edticos Veracruz","article_publisher":"https:\/\/www.facebook.com\/people\/Notimemes-de-los-Polticos\/61565672886568\/","article_published_time":"2026-04-27T16:56:03+00:00","article_modified_time":"2026-04-27T16:56:04+00:00","og_image":[{"width":600,"height":320,"url":"https:\/\/lospoliticosveracruz.com\/wp-content\/uploads\/2025\/04\/Oved-Contreras-e1768066319253.jpg","type":"image\/jpeg"}],"author":"Lo viste en Los Pol\u00edticos","twitter_card":"summary_large_image","twitter_creator":"@LosPoliticosVer","twitter_site":"@LosPoliticosVer","twitter_misc":{"Escrito por":"Lo viste en Los Pol\u00edticos","Tiempo de lectura":"5 minutos"},"schema":{"@context":"https:\/\/schema.org","@graph":[{"@type":"Article","@id":"https:\/\/lospoliticosveracruz.com\/?p=169881#article","isPartOf":{"@id":"https:\/\/lospoliticosveracruz.com\/?p=169881"},"author":{"name":"Lo viste en Los Pol\u00edticos","@id":"https:\/\/lospoliticosveracruz.com\/#\/schema\/person\/b8702bb0e538456e6efd07080bf2a4a2"},"headline":"LOS PRIMEROS CIEN DE MARYJOSE","datePublished":"2026-04-27T16:56:03+00:00","dateModified":"2026-04-27T16:56:04+00:00","mainEntityOfPage":{"@id":"https:\/\/lospoliticosveracruz.com\/?p=169881"},"wordCount":924,"publisher":{"@id":"https:\/\/lospoliticosveracruz.com\/#organization"},"image":{"@id":"https:\/\/lospoliticosveracruz.com\/?p=169881#primaryimage"},"thumbnailUrl":"https:\/\/lospoliticosveracruz.com\/wp-content\/uploads\/2025\/04\/Oved-Contreras-e1768066319253.jpg","keywords":["Austeridad Morena Veracruz cr\u00edticas Sevilla","Bertha Ahued esc\u00e1ndalo boda Sevilla","Maryjose Gamboa 100 d\u00edas Boca del R\u00edo","Mega Cabalgata Veracruz Congreso del Caballo","Presupuesto Participativo Boca del R\u00edo 2026","Sucesi\u00f3n alcald\u00eda Veracruz Bertha Ahued"],"articleSection":["De Opini\u00f3n"],"inLanguage":"es"},{"@type":"WebPage","@id":"https:\/\/lospoliticosveracruz.com\/?p=169881","url":"https:\/\/lospoliticosveracruz.com\/?p=169881","name":"LOS PRIMEROS CIEN DE MARYJOSE - Los pol\u00edticos Veracruz","isPartOf":{"@id":"https:\/\/lospoliticosveracruz.com\/#website"},"primaryImageOfPage":{"@id":"https:\/\/lospoliticosveracruz.com\/?p=169881#primaryimage"},"image":{"@id":"https:\/\/lospoliticosveracruz.com\/?p=169881#primaryimage"},"thumbnailUrl":"https:\/\/lospoliticosveracruz.com\/wp-content\/uploads\/2025\/04\/Oved-Contreras-e1768066319253.jpg","datePublished":"2026-04-27T16:56:03+00:00","dateModified":"2026-04-27T16:56:04+00:00","breadcrumb":{"@id":"https:\/\/lospoliticosveracruz.com\/?p=169881#breadcrumb"},"inLanguage":"es","potentialAction":[{"@type":"ReadAction","target":["https:\/\/lospoliticosveracruz.com\/?p=169881"]}]},{"@type":"ImageObject","inLanguage":"es","@id":"https:\/\/lospoliticosveracruz.com\/?p=169881#primaryimage","url":"https:\/\/lospoliticosveracruz.com\/wp-content\/uploads\/2025\/04\/Oved-Contreras-e1768066319253.jpg","contentUrl":"https:\/\/lospoliticosveracruz.com\/wp-content\/uploads\/2025\/04\/Oved-Contreras-e1768066319253.jpg","width":600,"height":320},{"@type":"BreadcrumbList","@id":"https:\/\/lospoliticosveracruz.com\/?p=169881#breadcrumb","itemListElement":[{"@type":"ListItem","position":1,"name":"Portada","item":"https:\/\/lospoliticosveracruz.com\/"},{"@type":"ListItem","position":2,"name":"LOS PRIMEROS CIEN DE MARYJOSE"}]},{"@type":"WebSite","@id":"https:\/\/lospoliticosveracruz.com\/#website","url":"https:\/\/lospoliticosveracruz.com\/","name":"Los pol\u00edticos Veracruz","description":"","publisher":{"@id":"https:\/\/lospoliticosveracruz.com\/#organization"},"potentialAction":[{"@type":"SearchAction","target":{"@type":"EntryPoint","urlTemplate":"https:\/\/lospoliticosveracruz.com\/?s={search_term_string}"},"query-input":{"@type":"PropertyValueSpecification","valueRequired":true,"valueName":"search_term_string"}}],"inLanguage":"es"},{"@type":"Organization","@id":"https:\/\/lospoliticosveracruz.com\/#organization","name":"Los pol\u00edticos Veracruz","url":"https:\/\/lospoliticosveracruz.com\/","logo":{"@type":"ImageObject","inLanguage":"es","@id":"https:\/\/lospoliticosveracruz.com\/#\/schema\/logo\/image\/","url":"https:\/\/lospoliticosveracruz.com\/wp-content\/uploads\/2025\/12\/Logo-Nuevo-LOS-POLITICOS-1.jpg","contentUrl":"https:\/\/lospoliticosveracruz.com\/wp-content\/uploads\/2025\/12\/Logo-Nuevo-LOS-POLITICOS-1.jpg","width":260,"height":70,"caption":"Los pol\u00edticos Veracruz"},"image":{"@id":"https:\/\/lospoliticosveracruz.com\/#\/schema\/logo\/image\/"},"sameAs":["https:\/\/www.facebook.com\/people\/Notimemes-de-los-Polticos\/61565672886568\/","https:\/\/x.com\/LosPoliticosVer"]},{"@type":"Person","@id":"https:\/\/lospoliticosveracruz.com\/#\/schema\/person\/b8702bb0e538456e6efd07080bf2a4a2","name":"Lo viste en Los Pol\u00edticos","image":{"@type":"ImageObject","inLanguage":"es","@id":"https:\/\/secure.gravatar.com\/avatar\/3a8de04a2656d44082be478bd6c086daa447c4651605818287b9532d3d0bd435?s=96&d=mm&r=g","url":"https:\/\/secure.gravatar.com\/avatar\/3a8de04a2656d44082be478bd6c086daa447c4651605818287b9532d3d0bd435?s=96&d=mm&r=g","contentUrl":"https:\/\/secure.gravatar.com\/avatar\/3a8de04a2656d44082be478bd6c086daa447c4651605818287b9532d3d0bd435?s=96&d=mm&r=g","caption":"Lo viste en Los Pol\u00edticos"},"url":"https:\/\/lospoliticosveracruz.com\/?author=2"}]}},"_links":{"self":[{"href":"https:\/\/lospoliticosveracruz.com\/index.php?rest_route=\/wp\/v2\/posts\/169881","targetHints":{"allow":["GET"]}}],"collection":[{"href":"https:\/\/lospoliticosveracruz.com\/index.php?rest_route=\/wp\/v2\/posts"}],"about":[{"href":"https:\/\/lospoliticosveracruz.com\/index.php?rest_route=\/wp\/v2\/types\/post"}],"author":[{"embeddable":true,"href":"https:\/\/lospoliticosveracruz.com\/index.php?rest_route=\/wp\/v2\/users\/2"}],"replies":[{"embeddable":true,"href":"https:\/\/lospoliticosveracruz.com\/index.php?rest_route=%2Fwp%2Fv2%2Fcomments&post=169881"}],"version-history":[{"count":1,"href":"https:\/\/lospoliticosveracruz.com\/index.php?rest_route=\/wp\/v2\/posts\/169881\/revisions"}],"predecessor-version":[{"id":169882,"href":"https:\/\/lospoliticosveracruz.com\/index.php?rest_route=\/wp\/v2\/posts\/169881\/revisions\/169882"}],"wp:featuredmedia":[{"embeddable":true,"href":"https:\/\/lospoliticosveracruz.com\/index.php?rest_route=\/wp\/v2\/media\/141426"}],"wp:attachment":[{"href":"https:\/\/lospoliticosveracruz.com\/index.php?rest_route=%2Fwp%2Fv2%2Fmedia&parent=169881"}],"wp:term":[{"taxonomy":"category","embeddable":true,"href":"https:\/\/lospoliticosveracruz.com\/index.php?rest_route=%2Fwp%2Fv2%2Fcategories&post=169881"},{"taxonomy":"post_tag","embeddable":true,"href":"https:\/\/lospoliticosveracruz.com\/index.php?rest_route=%2Fwp%2Fv2%2Ftags&post=169881"}],"curies":[{"name":"wp","href":"https:\/\/api.w.org\/{rel}","templated":true}]}}