{"id":169894,"date":"2026-04-27T12:02:58","date_gmt":"2026-04-27T18:02:58","guid":{"rendered":"https:\/\/lospoliticosveracruz.com\/?p=169894"},"modified":"2026-04-27T12:02:58","modified_gmt":"2026-04-27T18:02:58","slug":"les-cae-daniela","status":"publish","type":"post","link":"https:\/\/lospoliticosveracruz.com\/?p=169894","title":{"rendered":"LES CAE DANIELA!"},"content":{"rendered":"<div class=\"wp-block-image\">\n<figure class=\"alignleft size-large is-resized\"><a href=\"https:\/\/lospoliticosveracruz.com\/wp-content\/uploads\/2026\/04\/LOSPOLITICOS_336X280PX_-01-e1776274861670.jpg\"><img loading=\"lazy\" decoding=\"async\" width=\"1024\" height=\"854\" src=\"https:\/\/lospoliticosveracruz.com\/wp-content\/uploads\/2026\/04\/LOSPOLITICOS_336X280PX_-01-1024x854.jpg\" alt=\"\" class=\"wp-image-168800\" style=\"aspect-ratio:1.1990751813760663;width:390px;height:auto\"\/><\/a><\/figure>\n<\/div>\n\n\n<p>En convivencia directa con la comunidad estudiantil de la escuela primaria Salvador D\u00edaz Mir\u00f3n, este lunes, la Alcaldesa, Lic. Daniela Griego Ceballos, asisti\u00f3 a los honores a la bandera y realiz\u00f3 un recorrido por las instalaciones del plantel acompa\u00f1ada por el S\u00edndico \u00danico, Dr. Marco Aurelio Mart\u00ednez S\u00e1nchez, y el Secretario del Ayuntamiento, Mtro. V\u00edctor Hugo Meza Cruz.<\/p>\n\n\n\n<p>Durante esta visita, en respuesta a una de las solicitudes recibidas en el marco del D\u00eda del Pueblo, tambi\u00e9n estuvieron presentes los Directores de Obras P\u00fablicas, Arq. Manuel Almaz\u00e1n Caudillo; Alumbrado P\u00fablico, Ing. Seme\u00ed Conde Olivares, y Cultura F\u00edsica, Lic. Rafael Manuel Herrera Moguel, con la anfitrion\u00eda de la Mtra. Ana Elena V\u00e1zquez V\u00e1zquez, Directora de la Instituci\u00f3n, Personal Docente, de Apoyo T\u00e9cnico e Integrantes de la Asociaci\u00f3n de Padres y Madres de Familia, quienes participaron activamente en este ejercicio de di\u00e1logo y colaboraci\u00f3n.<\/p>\n\n\n\n<p>La Presidenta Municipal no solo conoci\u00f3 de primera mano las necesidades del centro educativo, sino tambi\u00e9n comparti\u00f3 momentos significativos con la comunidad escolar, escuchando a las y los estudiantes, quienes expresaron con alegr\u00eda sus inquietudes y propuestas.<\/p>\n\n\n\n<p>En el recorrido por el inmueble, reconocido por su historia y relevancia en la ciudad, se se\u00f1al\u00f3 la importancia de generar espacios dignos, seguros y funcionales que favorezcan tanto el aprendizaje como la sana convivencia.<\/p>\n\n\n\n<p>En este sentido, se inform\u00f3 que se llevar\u00e1 a cabo la rehabilitaci\u00f3n de la red el\u00e9ctrica del plantel, adem\u00e1s de que se analizar\u00e1 la factibilidad de instalar un sistema de captaci\u00f3n de agua de lluvia, con el prop\u00f3sito de asegurar el abasto del vital l\u00edquido y contribuir a una cultura de cuidado del medio ambiente.<\/p>\n\n\n\n<p>En el marco del D\u00eda de la Ni\u00f1a y el Ni\u00f1o, este encuentro se realiz\u00f3 en un ambiente festivo, en el que se anunci\u00f3 la realizaci\u00f3n de diversas actividades recreativas, culturales y deportivas organizadas por el Ayuntamiento, pensadas para fomentar la alegr\u00eda, la inclusi\u00f3n y el desarrollo integral de la infancia xalape\u00f1a.<\/p>\n\n\n\n<p>Autoridades del Ayuntamiento de Xalapa reiteraron que de manera colaborativa se fortalecen los lazos de convivencia y bienestar que hacen de las escuelas espacios vivos y formativos para las nuevas generaciones.<\/p>\n","protected":false},"excerpt":{"rendered":"<p>En convivencia directa con la comunidad estudiantil de la escuela primaria Salvador D\u00edaz Mir\u00f3n, este lunes, la Alcaldesa, Lic. Daniela Griego Ceballos, asisti\u00f3 a los honores a la bandera y realiz\u00f3 un recorrido por las instalaciones del plantel acompa\u00f1ada por el S\u00edndico \u00danico, Dr. Marco Aurelio Mart\u00ednez S\u00e1nchez, y el Secretario del Ayuntamiento, Mtro. V\u00edctor [&hellip;]<\/p>\n","protected":false},"author":2,"featured_media":169895,"comment_status":"closed","ping_status":"closed","sticky":false,"template":"","format":"standard","meta":{"tdm_status":"","tdm_grid_status":"","footnotes":""},"categories":[52572],"tags":[62392,62391,58816,60337,62390,62389],"class_list":{"0":"post-169894","1":"post","2":"type-post","3":"status-publish","4":"format-standard","5":"has-post-thumbnail","7":"category-desdelaatenas","8":"tag-ayuntamiento-de-xalapa-visitas-escolares","9":"tag-captacion-agua-de-lluvia-escuelas-xalapa","10":"tag-daniela-griego-ceballos-xalapa-2026","11":"tag-dia-del-pueblo-xalapa-resultados","12":"tag-infraestructura-educativa-xalapa-abril-2026","13":"tag-primaria-salvador-diaz-miron-rehabilitacion"},"yoast_head":"<!-- This site is optimized with the Yoast SEO plugin v27.4 - https:\/\/yoast.com\/product\/yoast-seo-wordpress\/ -->\n<title>LES CAE DANIELA! - Los pol\u00edticos Veracruz<\/title>\n<meta name=\"robots\" content=\"index, follow, max-snippet:-1, max-image-preview:large, max-video-preview:-1\" \/>\n<link rel=\"canonical\" href=\"https:\/\/lospoliticosveracruz.com\/?p=169894\" \/>\n<meta property=\"og:locale\" content=\"es_ES\" \/>\n<meta property=\"og:type\" content=\"article\" \/>\n<meta property=\"og:title\" content=\"LES CAE DANIELA! - Los pol\u00edticos Veracruz\" \/>\n<meta property=\"og:description\" content=\"En convivencia directa con la comunidad estudiantil de la escuela primaria Salvador D\u00edaz Mir\u00f3n, este lunes, la Alcaldesa, Lic. Daniela Griego Ceballos, asisti\u00f3 a los honores a la bandera y realiz\u00f3 un recorrido por las instalaciones del plantel acompa\u00f1ada por el S\u00edndico \u00danico, Dr. Marco Aurelio Mart\u00ednez S\u00e1nchez, y el Secretario del Ayuntamiento, Mtro. V\u00edctor [&hellip;]\" \/>\n<meta property=\"og:url\" content=\"https:\/\/lospoliticosveracruz.com\/?p=169894\" \/>\n<meta property=\"og:site_name\" content=\"Los pol\u00edticos Veracruz\" \/>\n<meta property=\"article:publisher\" content=\"https:\/\/www.facebook.com\/people\/Notimemes-de-los-Polticos\/61565672886568\/\" \/>\n<meta property=\"article:published_time\" content=\"2026-04-27T18:02:58+00:00\" \/>\n<meta property=\"og:image\" content=\"https:\/\/lospoliticosveracruz.com\/wp-content\/uploads\/2026\/04\/Daniela-8.jpg\" \/>\n\t<meta property=\"og:image:width\" content=\"600\" \/>\n\t<meta property=\"og:image:height\" content=\"320\" \/>\n\t<meta property=\"og:image:type\" content=\"image\/jpeg\" \/>\n<meta name=\"author\" content=\"Lo viste en Los Pol\u00edticos\" \/>\n<meta name=\"twitter:card\" content=\"summary_large_image\" \/>\n<meta name=\"twitter:creator\" content=\"@LosPoliticosVer\" \/>\n<meta name=\"twitter:site\" content=\"@LosPoliticosVer\" \/>\n<meta name=\"twitter:label1\" content=\"Escrito por\" \/>\n\t<meta name=\"twitter:data1\" content=\"Lo viste en Los Pol\u00edticos\" \/>\n\t<meta name=\"twitter:label2\" content=\"Tiempo de lectura\" \/>\n\t<meta name=\"twitter:data2\" content=\"3 minutos\" \/>\n<script type=\"application\/ld+json\" class=\"yoast-schema-graph\">{\"@context\":\"https:\\\/\\\/schema.org\",\"@graph\":[{\"@type\":\"Article\",\"@id\":\"https:\\\/\\\/lospoliticosveracruz.com\\\/?p=169894#article\",\"isPartOf\":{\"@id\":\"https:\\\/\\\/lospoliticosveracruz.com\\\/?p=169894\"},\"author\":{\"name\":\"Lo viste en Los Pol\u00edticos\",\"@id\":\"https:\\\/\\\/lospoliticosveracruz.com\\\/#\\\/schema\\\/person\\\/b8702bb0e538456e6efd07080bf2a4a2\"},\"headline\":\"LES CAE DANIELA!\",\"datePublished\":\"2026-04-27T18:02:58+00:00\",\"mainEntityOfPage\":{\"@id\":\"https:\\\/\\\/lospoliticosveracruz.com\\\/?p=169894\"},\"wordCount\":392,\"publisher\":{\"@id\":\"https:\\\/\\\/lospoliticosveracruz.com\\\/#organization\"},\"image\":{\"@id\":\"https:\\\/\\\/lospoliticosveracruz.com\\\/?p=169894#primaryimage\"},\"thumbnailUrl\":\"https:\\\/\\\/lospoliticosveracruz.com\\\/wp-content\\\/uploads\\\/2026\\\/04\\\/Daniela-8.jpg\",\"keywords\":[\"Ayuntamiento de Xalapa visitas escolares\",\"Captaci\u00f3n agua de lluvia escuelas Xalapa\",\"Daniela Griego Ceballos Xalapa 2026\",\"D\u00eda del Pueblo Xalapa resultados\",\"Infraestructura educativa Xalapa abril 2026\",\"Primaria Salvador D\u00edaz Mir\u00f3n rehabilitaci\u00f3n\"],\"articleSection\":[\"Desde La Atenas\"],\"inLanguage\":\"es\"},{\"@type\":\"WebPage\",\"@id\":\"https:\\\/\\\/lospoliticosveracruz.com\\\/?p=169894\",\"url\":\"https:\\\/\\\/lospoliticosveracruz.com\\\/?p=169894\",\"name\":\"LES CAE DANIELA! - Los pol\u00edticos Veracruz\",\"isPartOf\":{\"@id\":\"https:\\\/\\\/lospoliticosveracruz.com\\\/#website\"},\"primaryImageOfPage\":{\"@id\":\"https:\\\/\\\/lospoliticosveracruz.com\\\/?p=169894#primaryimage\"},\"image\":{\"@id\":\"https:\\\/\\\/lospoliticosveracruz.com\\\/?p=169894#primaryimage\"},\"thumbnailUrl\":\"https:\\\/\\\/lospoliticosveracruz.com\\\/wp-content\\\/uploads\\\/2026\\\/04\\\/Daniela-8.jpg\",\"datePublished\":\"2026-04-27T18:02:58+00:00\",\"breadcrumb\":{\"@id\":\"https:\\\/\\\/lospoliticosveracruz.com\\\/?p=169894#breadcrumb\"},\"inLanguage\":\"es\",\"potentialAction\":[{\"@type\":\"ReadAction\",\"target\":[\"https:\\\/\\\/lospoliticosveracruz.com\\\/?p=169894\"]}]},{\"@type\":\"ImageObject\",\"inLanguage\":\"es\",\"@id\":\"https:\\\/\\\/lospoliticosveracruz.com\\\/?p=169894#primaryimage\",\"url\":\"https:\\\/\\\/lospoliticosveracruz.com\\\/wp-content\\\/uploads\\\/2026\\\/04\\\/Daniela-8.jpg\",\"contentUrl\":\"https:\\\/\\\/lospoliticosveracruz.com\\\/wp-content\\\/uploads\\\/2026\\\/04\\\/Daniela-8.jpg\",\"width\":600,\"height\":320},{\"@type\":\"BreadcrumbList\",\"@id\":\"https:\\\/\\\/lospoliticosveracruz.com\\\/?p=169894#breadcrumb\",\"itemListElement\":[{\"@type\":\"ListItem\",\"position\":1,\"name\":\"Portada\",\"item\":\"https:\\\/\\\/lospoliticosveracruz.com\\\/\"},{\"@type\":\"ListItem\",\"position\":2,\"name\":\"LES CAE DANIELA!\"}]},{\"@type\":\"WebSite\",\"@id\":\"https:\\\/\\\/lospoliticosveracruz.com\\\/#website\",\"url\":\"https:\\\/\\\/lospoliticosveracruz.com\\\/\",\"name\":\"Los pol\u00edticos Veracruz\",\"description\":\"\",\"publisher\":{\"@id\":\"https:\\\/\\\/lospoliticosveracruz.com\\\/#organization\"},\"potentialAction\":[{\"@type\":\"SearchAction\",\"target\":{\"@type\":\"EntryPoint\",\"urlTemplate\":\"https:\\\/\\\/lospoliticosveracruz.com\\\/?s={search_term_string}\"},\"query-input\":{\"@type\":\"PropertyValueSpecification\",\"valueRequired\":true,\"valueName\":\"search_term_string\"}}],\"inLanguage\":\"es\"},{\"@type\":\"Organization\",\"@id\":\"https:\\\/\\\/lospoliticosveracruz.com\\\/#organization\",\"name\":\"Los pol\u00edticos Veracruz\",\"url\":\"https:\\\/\\\/lospoliticosveracruz.com\\\/\",\"logo\":{\"@type\":\"ImageObject\",\"inLanguage\":\"es\",\"@id\":\"https:\\\/\\\/lospoliticosveracruz.com\\\/#\\\/schema\\\/logo\\\/image\\\/\",\"url\":\"https:\\\/\\\/lospoliticosveracruz.com\\\/wp-content\\\/uploads\\\/2025\\\/12\\\/Logo-Nuevo-LOS-POLITICOS-1.jpg\",\"contentUrl\":\"https:\\\/\\\/lospoliticosveracruz.com\\\/wp-content\\\/uploads\\\/2025\\\/12\\\/Logo-Nuevo-LOS-POLITICOS-1.jpg\",\"width\":260,\"height\":70,\"caption\":\"Los pol\u00edticos Veracruz\"},\"image\":{\"@id\":\"https:\\\/\\\/lospoliticosveracruz.com\\\/#\\\/schema\\\/logo\\\/image\\\/\"},\"sameAs\":[\"https:\\\/\\\/www.facebook.com\\\/people\\\/Notimemes-de-los-Polticos\\\/61565672886568\\\/\",\"https:\\\/\\\/x.com\\\/LosPoliticosVer\"]},{\"@type\":\"Person\",\"@id\":\"https:\\\/\\\/lospoliticosveracruz.com\\\/#\\\/schema\\\/person\\\/b8702bb0e538456e6efd07080bf2a4a2\",\"name\":\"Lo viste en Los Pol\u00edticos\",\"image\":{\"@type\":\"ImageObject\",\"inLanguage\":\"es\",\"@id\":\"https:\\\/\\\/secure.gravatar.com\\\/avatar\\\/3a8de04a2656d44082be478bd6c086daa447c4651605818287b9532d3d0bd435?s=96&d=mm&r=g\",\"url\":\"https:\\\/\\\/secure.gravatar.com\\\/avatar\\\/3a8de04a2656d44082be478bd6c086daa447c4651605818287b9532d3d0bd435?s=96&d=mm&r=g\",\"contentUrl\":\"https:\\\/\\\/secure.gravatar.com\\\/avatar\\\/3a8de04a2656d44082be478bd6c086daa447c4651605818287b9532d3d0bd435?s=96&d=mm&r=g\",\"caption\":\"Lo viste en Los Pol\u00edticos\"},\"url\":\"https:\\\/\\\/lospoliticosveracruz.com\\\/?author=2\"}]}<\/script>\n<!-- \/ Yoast SEO plugin. -->","yoast_head_json":{"title":"LES CAE DANIELA! - Los pol\u00edticos Veracruz","robots":{"index":"index","follow":"follow","max-snippet":"max-snippet:-1","max-image-preview":"max-image-preview:large","max-video-preview":"max-video-preview:-1"},"canonical":"https:\/\/lospoliticosveracruz.com\/?p=169894","og_locale":"es_ES","og_type":"article","og_title":"LES CAE DANIELA! - Los pol\u00edticos Veracruz","og_description":"En convivencia directa con la comunidad estudiantil de la escuela primaria Salvador D\u00edaz Mir\u00f3n, este lunes, la Alcaldesa, Lic. Daniela Griego Ceballos, asisti\u00f3 a los honores a la bandera y realiz\u00f3 un recorrido por las instalaciones del plantel acompa\u00f1ada por el S\u00edndico \u00danico, Dr. Marco Aurelio Mart\u00ednez S\u00e1nchez, y el Secretario del Ayuntamiento, Mtro. V\u00edctor [&hellip;]","og_url":"https:\/\/lospoliticosveracruz.com\/?p=169894","og_site_name":"Los pol\u00edticos Veracruz","article_publisher":"https:\/\/www.facebook.com\/people\/Notimemes-de-los-Polticos\/61565672886568\/","article_published_time":"2026-04-27T18:02:58+00:00","og_image":[{"width":600,"height":320,"url":"https:\/\/lospoliticosveracruz.com\/wp-content\/uploads\/2026\/04\/Daniela-8.jpg","type":"image\/jpeg"}],"author":"Lo viste en Los Pol\u00edticos","twitter_card":"summary_large_image","twitter_creator":"@LosPoliticosVer","twitter_site":"@LosPoliticosVer","twitter_misc":{"Escrito por":"Lo viste en Los Pol\u00edticos","Tiempo de lectura":"3 minutos"},"schema":{"@context":"https:\/\/schema.org","@graph":[{"@type":"Article","@id":"https:\/\/lospoliticosveracruz.com\/?p=169894#article","isPartOf":{"@id":"https:\/\/lospoliticosveracruz.com\/?p=169894"},"author":{"name":"Lo viste en Los Pol\u00edticos","@id":"https:\/\/lospoliticosveracruz.com\/#\/schema\/person\/b8702bb0e538456e6efd07080bf2a4a2"},"headline":"LES CAE DANIELA!","datePublished":"2026-04-27T18:02:58+00:00","mainEntityOfPage":{"@id":"https:\/\/lospoliticosveracruz.com\/?p=169894"},"wordCount":392,"publisher":{"@id":"https:\/\/lospoliticosveracruz.com\/#organization"},"image":{"@id":"https:\/\/lospoliticosveracruz.com\/?p=169894#primaryimage"},"thumbnailUrl":"https:\/\/lospoliticosveracruz.com\/wp-content\/uploads\/2026\/04\/Daniela-8.jpg","keywords":["Ayuntamiento de Xalapa visitas escolares","Captaci\u00f3n agua de lluvia escuelas Xalapa","Daniela Griego Ceballos Xalapa 2026","D\u00eda del Pueblo Xalapa resultados","Infraestructura educativa Xalapa abril 2026","Primaria Salvador D\u00edaz Mir\u00f3n rehabilitaci\u00f3n"],"articleSection":["Desde La Atenas"],"inLanguage":"es"},{"@type":"WebPage","@id":"https:\/\/lospoliticosveracruz.com\/?p=169894","url":"https:\/\/lospoliticosveracruz.com\/?p=169894","name":"LES CAE DANIELA! - Los pol\u00edticos Veracruz","isPartOf":{"@id":"https:\/\/lospoliticosveracruz.com\/#website"},"primaryImageOfPage":{"@id":"https:\/\/lospoliticosveracruz.com\/?p=169894#primaryimage"},"image":{"@id":"https:\/\/lospoliticosveracruz.com\/?p=169894#primaryimage"},"thumbnailUrl":"https:\/\/lospoliticosveracruz.com\/wp-content\/uploads\/2026\/04\/Daniela-8.jpg","datePublished":"2026-04-27T18:02:58+00:00","breadcrumb":{"@id":"https:\/\/lospoliticosveracruz.com\/?p=169894#breadcrumb"},"inLanguage":"es","potentialAction":[{"@type":"ReadAction","target":["https:\/\/lospoliticosveracruz.com\/?p=169894"]}]},{"@type":"ImageObject","inLanguage":"es","@id":"https:\/\/lospoliticosveracruz.com\/?p=169894#primaryimage","url":"https:\/\/lospoliticosveracruz.com\/wp-content\/uploads\/2026\/04\/Daniela-8.jpg","contentUrl":"https:\/\/lospoliticosveracruz.com\/wp-content\/uploads\/2026\/04\/Daniela-8.jpg","width":600,"height":320},{"@type":"BreadcrumbList","@id":"https:\/\/lospoliticosveracruz.com\/?p=169894#breadcrumb","itemListElement":[{"@type":"ListItem","position":1,"name":"Portada","item":"https:\/\/lospoliticosveracruz.com\/"},{"@type":"ListItem","position":2,"name":"LES CAE DANIELA!"}]},{"@type":"WebSite","@id":"https:\/\/lospoliticosveracruz.com\/#website","url":"https:\/\/lospoliticosveracruz.com\/","name":"Los pol\u00edticos Veracruz","description":"","publisher":{"@id":"https:\/\/lospoliticosveracruz.com\/#organization"},"potentialAction":[{"@type":"SearchAction","target":{"@type":"EntryPoint","urlTemplate":"https:\/\/lospoliticosveracruz.com\/?s={search_term_string}"},"query-input":{"@type":"PropertyValueSpecification","valueRequired":true,"valueName":"search_term_string"}}],"inLanguage":"es"},{"@type":"Organization","@id":"https:\/\/lospoliticosveracruz.com\/#organization","name":"Los pol\u00edticos Veracruz","url":"https:\/\/lospoliticosveracruz.com\/","logo":{"@type":"ImageObject","inLanguage":"es","@id":"https:\/\/lospoliticosveracruz.com\/#\/schema\/logo\/image\/","url":"https:\/\/lospoliticosveracruz.com\/wp-content\/uploads\/2025\/12\/Logo-Nuevo-LOS-POLITICOS-1.jpg","contentUrl":"https:\/\/lospoliticosveracruz.com\/wp-content\/uploads\/2025\/12\/Logo-Nuevo-LOS-POLITICOS-1.jpg","width":260,"height":70,"caption":"Los pol\u00edticos Veracruz"},"image":{"@id":"https:\/\/lospoliticosveracruz.com\/#\/schema\/logo\/image\/"},"sameAs":["https:\/\/www.facebook.com\/people\/Notimemes-de-los-Polticos\/61565672886568\/","https:\/\/x.com\/LosPoliticosVer"]},{"@type":"Person","@id":"https:\/\/lospoliticosveracruz.com\/#\/schema\/person\/b8702bb0e538456e6efd07080bf2a4a2","name":"Lo viste en Los Pol\u00edticos","image":{"@type":"ImageObject","inLanguage":"es","@id":"https:\/\/secure.gravatar.com\/avatar\/3a8de04a2656d44082be478bd6c086daa447c4651605818287b9532d3d0bd435?s=96&d=mm&r=g","url":"https:\/\/secure.gravatar.com\/avatar\/3a8de04a2656d44082be478bd6c086daa447c4651605818287b9532d3d0bd435?s=96&d=mm&r=g","contentUrl":"https:\/\/secure.gravatar.com\/avatar\/3a8de04a2656d44082be478bd6c086daa447c4651605818287b9532d3d0bd435?s=96&d=mm&r=g","caption":"Lo viste en Los Pol\u00edticos"},"url":"https:\/\/lospoliticosveracruz.com\/?author=2"}]}},"_links":{"self":[{"href":"https:\/\/lospoliticosveracruz.com\/index.php?rest_route=\/wp\/v2\/posts\/169894","targetHints":{"allow":["GET"]}}],"collection":[{"href":"https:\/\/lospoliticosveracruz.com\/index.php?rest_route=\/wp\/v2\/posts"}],"about":[{"href":"https:\/\/lospoliticosveracruz.com\/index.php?rest_route=\/wp\/v2\/types\/post"}],"author":[{"embeddable":true,"href":"https:\/\/lospoliticosveracruz.com\/index.php?rest_route=\/wp\/v2\/users\/2"}],"replies":[{"embeddable":true,"href":"https:\/\/lospoliticosveracruz.com\/index.php?rest_route=%2Fwp%2Fv2%2Fcomments&post=169894"}],"version-history":[{"count":1,"href":"https:\/\/lospoliticosveracruz.com\/index.php?rest_route=\/wp\/v2\/posts\/169894\/revisions"}],"predecessor-version":[{"id":169896,"href":"https:\/\/lospoliticosveracruz.com\/index.php?rest_route=\/wp\/v2\/posts\/169894\/revisions\/169896"}],"wp:featuredmedia":[{"embeddable":true,"href":"https:\/\/lospoliticosveracruz.com\/index.php?rest_route=\/wp\/v2\/media\/169895"}],"wp:attachment":[{"href":"https:\/\/lospoliticosveracruz.com\/index.php?rest_route=%2Fwp%2Fv2%2Fmedia&parent=169894"}],"wp:term":[{"taxonomy":"category","embeddable":true,"href":"https:\/\/lospoliticosveracruz.com\/index.php?rest_route=%2Fwp%2Fv2%2Fcategories&post=169894"},{"taxonomy":"post_tag","embeddable":true,"href":"https:\/\/lospoliticosveracruz.com\/index.php?rest_route=%2Fwp%2Fv2%2Ftags&post=169894"}],"curies":[{"name":"wp","href":"https:\/\/api.w.org\/{rel}","templated":true}]}}