{"id":169902,"date":"2026-04-27T12:32:49","date_gmt":"2026-04-27T18:32:49","guid":{"rendered":"https:\/\/lospoliticosveracruz.com\/?p=169902"},"modified":"2026-04-27T12:32:49","modified_gmt":"2026-04-27T18:32:49","slug":"la-relacion-de-mexico-con-eu-asunto-que-afecta-al-pueblo","status":"publish","type":"post","link":"https:\/\/lospoliticosveracruz.com\/?p=169902","title":{"rendered":"LA RELACI\u00d3N DE M\u00c9XICO CON EU, ASUNTO QUE AFECTA AL PUEBLO"},"content":{"rendered":"\n<p>Jair Clodoaldo Xilotl S\u00e1nchez<\/p>\n\n\n\n<p>A Marcelo Ebrard se le sigue cuestionado el uso de la Embajada de M\u00e9xico en Londres como hotel para su hijo, tuvo que aceptarlo en vivo a nivel nacional desde la ma\u00f1anera, vaya descaro del secretario de econom\u00eda y f\u00edjese, aqu\u00ed s\u00ed, la Presidenta dej\u00f3 que el funcionario se quemara solo, a diferencia de tantas otras veces cuando un responsable deb\u00eda dar la cara Claudia ha salido a defenderlos, a Marcelo no se le midi\u00f3 con la misma vara, cosas de su grilla interna, y debi\u00f3 haber renunciado, le vali\u00f3 una pura y dos con sal.<\/p>\n\n\n\n<p>Por otro lado, agentes de la CIA fallecen en un accidente automovil\u00edstico en Chihuahua; el manejo del tema encona el pleito ideol\u00f3gico en el pa\u00eds; ese divisionismo enfermizo heredado del pasado, contra los panistas todo, si son morenistas nada, en sesiones del Senado, veremos la visita de la gobernadora y c\u00f3mo se comporta los legisladores, espere desgraciadamente cualquier bajeza.<\/p>\n\n\n\n<p>Mientras los morenos no han aceptado la comparecencia de gobernadores de su partido en la misma sede Senatorial, otra vez distinta es la vara.<\/p>\n\n\n\n<p>De tal manera que en aquellos casos que tienen que ver con la relaci\u00f3n con los Estados Unidos de Am\u00e9rica, estando en el horizonte las mesas de negociaci\u00f3n del acuerdo de libre comercio entre ambas naciones, nos tiene en una mala posici\u00f3n.<\/p>\n\n\n\n<p>O \u00bfqu\u00e9 me dice del caso de los sobrinos inc\u00f3modos del exsecretario de la Marina en el sexenio de AMLO?, uno en el bote esperando juicio, el otro reci\u00e9n detenido en calles de la Rep\u00fablica Argentina. Que s\u00ed lo requiere M\u00e9xico, que tambi\u00e9n lo piden los estadounidenses, pues nada m\u00e1s le digo que la buena relaci\u00f3n entre pa\u00edses la tiene Milei, el presidente argentino con el presidente Trump, con Claudia no, menos despu\u00e9s de que la presidenta acudiera al llamado de sus amigos presidentes de Espa\u00f1a, Colombia, Brasil asistir a una cumbre en Barcelona, pronunciando ah\u00ed un discurso a favor de la expresidenta argentina Cristina Fern\u00e1ndez de Kirchner, archienemiga de Javier Milei, vaya momento para nosotros, porque aqu\u00ed todo suma, o resta.<\/p>\n\n\n\n<p>La dependencia de nuestro pa\u00eds en cuestiones comerciales de la econom\u00eda estadounidense es evidente, incluso es necesaria para la estabilidad econ\u00f3mica y social de M\u00e9xico.<\/p>\n\n\n\n<p>A pesar de que desde la d\u00e9cada de los noventa nuestro pa\u00eds cuenta con m\u00e1s de una docena de acuerdos comerciales alrededor del mundo, el \u00fanico que ha prevalecido como rentable y viable es el sostenido con los Estados Unidos y Canad\u00e1. No porque los otros no tuvieran potencial, sino porque a los otros nunca se les dio el \u00e9nfasis que correspond\u00eda para entrelazarnos con aquellas econom\u00edas.<\/p>\n\n\n\n<p>La realidad es que desde entonces el Acuerdo de Libre Comercio de Norteam\u00e9rica ha funcionado, a medias en bien de la poblaci\u00f3n en su conjunto pero con eso ha sido suficiente para hacer que nuestra econom\u00eda creciera, cercana al desarrollo de nuestros vecinos del Norte, ah\u00ed s\u00ed algo nos ha tocado de fortuna.<\/p>\n\n\n\n<p>Hoy, cuando parece importar m\u00e1s la ideolog\u00eda partidista que la econom\u00eda familiar, en nada nos ayuda mantener esas formas disque patrioticas sin argumentos s\u00f3lidos de defensa de la naci\u00f3n.<\/p>\n\n\n\n<p>En cualquier mercado del pa\u00eds que usted visite podr\u00e1 identificar claramente la desaceleraci\u00f3n econ\u00f3mica, las bajas ventas, de la mano de la p\u00e9rdida del poder de compra del dinero, o el incremento de los precios, c\u00f3mo lo quiera ver; nuestra econom\u00eda no se mueve sola, requiere el incentivo del norte pues de todo les vendemos, ya ni se diga de las remesas; ese efecto incluso llega a la tiendita de la esquina devuelto en dinero de uso com\u00fan para usted, para m\u00ed, para todos.<\/p>\n\n\n\n<p>A los ciudadanos nos urge identificar esta debilidad economica y el desempe\u00f1o gubernamental basado en ideolog\u00eda y no en pragmatismo, no es la grilla lo que nos sacara a flote, hablo de la realidad en el bolsillo de todos.<\/p>\n\n\n\n<p>Debemos volver a poner a M\u00e9xico en la competencia mundial o seremos nosotros los ciudadanos, no los pol\u00edticos, los que padeceremos los errores que hoy, los pol\u00edticos desvelados en el gobierno, est\u00e1n imponiendo. Es una estrategia ideol\u00f3gica y no econ\u00f3mica, mientras la gente resiste con lo mismo o con menos, a pesar de la subsidariedad gubernamental y los incrementos que se vuelven nominales de los salarios cuando los precios tambi\u00e9n suben. Un ejemplo de ello es el 2% a las gasolinas que dice el gobierno no aplicar\u00e1 para que los ciudadanos no paguemos un combustible m\u00e1s caro, al oficialismo ya se le olvid\u00f3 que su fundador nos prometi\u00f3 el precio a 10 pesos, hoy se lo recuerdas y se molestan, pero \u00e9l lo dijo.<\/p>\n\n\n\n<p>Vayamos observando est\u00e1s acciones y que en tiempos de elecciones no se nos olvide, est\u00e9 usted a favor o no del resultado de las mismas, la cosa es que sea un ejercicio reflexivo y consciente, y as\u00ed ir dejando de lado las pr\u00e1cticas de siempre en \u00e9pocas electorales.<\/p>\n\n\n\n<p>Hoy m\u00e1s que nunca debemos estar unidos y cada vez menos confrontados, para ello debemos dejar el discurso de odio y dialogar o debatir, es la forma c\u00edvica de convivir.<\/p>\n","protected":false},"excerpt":{"rendered":"<p>Jair Clodoaldo Xilotl S\u00e1nchez A Marcelo Ebrard se le sigue cuestionado el uso de la Embajada de M\u00e9xico en Londres como hotel para su hijo, tuvo que aceptarlo en vivo a nivel nacional desde la ma\u00f1anera, vaya descaro del secretario de econom\u00eda y f\u00edjese, aqu\u00ed s\u00ed, la Presidenta dej\u00f3 que el funcionario se quemara solo, [&hellip;]<\/p>\n","protected":false},"author":2,"featured_media":166404,"comment_status":"closed","ping_status":"closed","sticky":false,"template":"","format":"standard","meta":{"tdm_status":"","tdm_grid_status":"","footnotes":""},"categories":[70],"tags":[62403,62399,62402,62400,62404,62401],"class_list":{"0":"post-169902","1":"post","2":"type-post","3":"status-publish","4":"format-standard","5":"has-post-thumbnail","7":"category-de-opinion","8":"tag-agentes-cia-accidente-chihuahua-senado","9":"tag-claudia-sheinbaum-barcelona-cristina-kirchner","10":"tag-fernando-farias-huachicol-fiscal-argentina","11":"tag-marcelo-ebrard-embajada-londres-escandalo","12":"tag-precio-gasolina-mexico-subsidio-2026","13":"tag-revision-t-mec-julio-2026-trump"},"yoast_head":"<!-- This site is optimized with the Yoast SEO plugin v27.4 - https:\/\/yoast.com\/product\/yoast-seo-wordpress\/ -->\n<title>LA RELACI\u00d3N DE M\u00c9XICO CON EU, ASUNTO QUE AFECTA AL PUEBLO - Los pol\u00edticos Veracruz<\/title>\n<meta name=\"robots\" content=\"index, follow, max-snippet:-1, max-image-preview:large, max-video-preview:-1\" \/>\n<link rel=\"canonical\" href=\"https:\/\/lospoliticosveracruz.com\/?p=169902\" \/>\n<meta property=\"og:locale\" content=\"es_ES\" \/>\n<meta property=\"og:type\" content=\"article\" \/>\n<meta property=\"og:title\" content=\"LA RELACI\u00d3N DE M\u00c9XICO CON EU, ASUNTO QUE AFECTA AL PUEBLO - Los pol\u00edticos Veracruz\" \/>\n<meta property=\"og:description\" content=\"Jair Clodoaldo Xilotl S\u00e1nchez A Marcelo Ebrard se le sigue cuestionado el uso de la Embajada de M\u00e9xico en Londres como hotel para su hijo, tuvo que aceptarlo en vivo a nivel nacional desde la ma\u00f1anera, vaya descaro del secretario de econom\u00eda y f\u00edjese, aqu\u00ed s\u00ed, la Presidenta dej\u00f3 que el funcionario se quemara solo, [&hellip;]\" \/>\n<meta property=\"og:url\" content=\"https:\/\/lospoliticosveracruz.com\/?p=169902\" \/>\n<meta property=\"og:site_name\" content=\"Los pol\u00edticos Veracruz\" \/>\n<meta property=\"article:publisher\" content=\"https:\/\/www.facebook.com\/people\/Notimemes-de-los-Polticos\/61565672886568\/\" \/>\n<meta property=\"article:published_time\" content=\"2026-04-27T18:32:49+00:00\" \/>\n<meta property=\"og:image\" content=\"https:\/\/lospoliticosveracruz.com\/wp-content\/uploads\/2026\/03\/Jair-Clodoaldo-Xilotl-Sanchez.jpg\" \/>\n\t<meta property=\"og:image:width\" content=\"1250\" \/>\n\t<meta property=\"og:image:height\" content=\"667\" \/>\n\t<meta property=\"og:image:type\" content=\"image\/jpeg\" \/>\n<meta name=\"author\" content=\"Lo viste en Los Pol\u00edticos\" \/>\n<meta name=\"twitter:card\" content=\"summary_large_image\" \/>\n<meta name=\"twitter:creator\" content=\"@LosPoliticosVer\" \/>\n<meta name=\"twitter:site\" content=\"@LosPoliticosVer\" \/>\n<meta name=\"twitter:label1\" content=\"Escrito por\" \/>\n\t<meta name=\"twitter:data1\" content=\"Lo viste en Los Pol\u00edticos\" \/>\n\t<meta name=\"twitter:label2\" content=\"Tiempo de lectura\" \/>\n\t<meta name=\"twitter:data2\" content=\"5 minutos\" \/>\n<script type=\"application\/ld+json\" class=\"yoast-schema-graph\">{\"@context\":\"https:\\\/\\\/schema.org\",\"@graph\":[{\"@type\":\"Article\",\"@id\":\"https:\\\/\\\/lospoliticosveracruz.com\\\/?p=169902#article\",\"isPartOf\":{\"@id\":\"https:\\\/\\\/lospoliticosveracruz.com\\\/?p=169902\"},\"author\":{\"name\":\"Lo viste en Los Pol\u00edticos\",\"@id\":\"https:\\\/\\\/lospoliticosveracruz.com\\\/#\\\/schema\\\/person\\\/b8702bb0e538456e6efd07080bf2a4a2\"},\"headline\":\"LA RELACI\u00d3N DE M\u00c9XICO CON EU, ASUNTO QUE AFECTA AL PUEBLO\",\"datePublished\":\"2026-04-27T18:32:49+00:00\",\"mainEntityOfPage\":{\"@id\":\"https:\\\/\\\/lospoliticosveracruz.com\\\/?p=169902\"},\"wordCount\":920,\"publisher\":{\"@id\":\"https:\\\/\\\/lospoliticosveracruz.com\\\/#organization\"},\"image\":{\"@id\":\"https:\\\/\\\/lospoliticosveracruz.com\\\/?p=169902#primaryimage\"},\"thumbnailUrl\":\"https:\\\/\\\/lospoliticosveracruz.com\\\/wp-content\\\/uploads\\\/2026\\\/03\\\/Jair-Clodoaldo-Xilotl-Sanchez.jpg\",\"keywords\":[\"Agentes CIA accidente Chihuahua Senado\",\"Claudia Sheinbaum Barcelona Cristina Kirchner\",\"Fernando Far\u00edas huachicol fiscal Argentina\",\"Marcelo Ebrard embajada Londres esc\u00e1ndalo\",\"Precio gasolina M\u00e9xico subsidio 2026\",\"Revisi\u00f3n T-MEC julio 2026 Trump\"],\"articleSection\":[\"De Opini\u00f3n\"],\"inLanguage\":\"es\"},{\"@type\":\"WebPage\",\"@id\":\"https:\\\/\\\/lospoliticosveracruz.com\\\/?p=169902\",\"url\":\"https:\\\/\\\/lospoliticosveracruz.com\\\/?p=169902\",\"name\":\"LA RELACI\u00d3N DE M\u00c9XICO CON EU, ASUNTO QUE AFECTA AL PUEBLO - Los pol\u00edticos Veracruz\",\"isPartOf\":{\"@id\":\"https:\\\/\\\/lospoliticosveracruz.com\\\/#website\"},\"primaryImageOfPage\":{\"@id\":\"https:\\\/\\\/lospoliticosveracruz.com\\\/?p=169902#primaryimage\"},\"image\":{\"@id\":\"https:\\\/\\\/lospoliticosveracruz.com\\\/?p=169902#primaryimage\"},\"thumbnailUrl\":\"https:\\\/\\\/lospoliticosveracruz.com\\\/wp-content\\\/uploads\\\/2026\\\/03\\\/Jair-Clodoaldo-Xilotl-Sanchez.jpg\",\"datePublished\":\"2026-04-27T18:32:49+00:00\",\"breadcrumb\":{\"@id\":\"https:\\\/\\\/lospoliticosveracruz.com\\\/?p=169902#breadcrumb\"},\"inLanguage\":\"es\",\"potentialAction\":[{\"@type\":\"ReadAction\",\"target\":[\"https:\\\/\\\/lospoliticosveracruz.com\\\/?p=169902\"]}]},{\"@type\":\"ImageObject\",\"inLanguage\":\"es\",\"@id\":\"https:\\\/\\\/lospoliticosveracruz.com\\\/?p=169902#primaryimage\",\"url\":\"https:\\\/\\\/lospoliticosveracruz.com\\\/wp-content\\\/uploads\\\/2026\\\/03\\\/Jair-Clodoaldo-Xilotl-Sanchez.jpg\",\"contentUrl\":\"https:\\\/\\\/lospoliticosveracruz.com\\\/wp-content\\\/uploads\\\/2026\\\/03\\\/Jair-Clodoaldo-Xilotl-Sanchez.jpg\",\"width\":1250,\"height\":667},{\"@type\":\"BreadcrumbList\",\"@id\":\"https:\\\/\\\/lospoliticosveracruz.com\\\/?p=169902#breadcrumb\",\"itemListElement\":[{\"@type\":\"ListItem\",\"position\":1,\"name\":\"Portada\",\"item\":\"https:\\\/\\\/lospoliticosveracruz.com\\\/\"},{\"@type\":\"ListItem\",\"position\":2,\"name\":\"LA RELACI\u00d3N DE M\u00c9XICO CON EU, ASUNTO QUE AFECTA AL PUEBLO\"}]},{\"@type\":\"WebSite\",\"@id\":\"https:\\\/\\\/lospoliticosveracruz.com\\\/#website\",\"url\":\"https:\\\/\\\/lospoliticosveracruz.com\\\/\",\"name\":\"Los pol\u00edticos Veracruz\",\"description\":\"\",\"publisher\":{\"@id\":\"https:\\\/\\\/lospoliticosveracruz.com\\\/#organization\"},\"potentialAction\":[{\"@type\":\"SearchAction\",\"target\":{\"@type\":\"EntryPoint\",\"urlTemplate\":\"https:\\\/\\\/lospoliticosveracruz.com\\\/?s={search_term_string}\"},\"query-input\":{\"@type\":\"PropertyValueSpecification\",\"valueRequired\":true,\"valueName\":\"search_term_string\"}}],\"inLanguage\":\"es\"},{\"@type\":\"Organization\",\"@id\":\"https:\\\/\\\/lospoliticosveracruz.com\\\/#organization\",\"name\":\"Los pol\u00edticos Veracruz\",\"url\":\"https:\\\/\\\/lospoliticosveracruz.com\\\/\",\"logo\":{\"@type\":\"ImageObject\",\"inLanguage\":\"es\",\"@id\":\"https:\\\/\\\/lospoliticosveracruz.com\\\/#\\\/schema\\\/logo\\\/image\\\/\",\"url\":\"https:\\\/\\\/lospoliticosveracruz.com\\\/wp-content\\\/uploads\\\/2025\\\/12\\\/Logo-Nuevo-LOS-POLITICOS-1.jpg\",\"contentUrl\":\"https:\\\/\\\/lospoliticosveracruz.com\\\/wp-content\\\/uploads\\\/2025\\\/12\\\/Logo-Nuevo-LOS-POLITICOS-1.jpg\",\"width\":260,\"height\":70,\"caption\":\"Los pol\u00edticos Veracruz\"},\"image\":{\"@id\":\"https:\\\/\\\/lospoliticosveracruz.com\\\/#\\\/schema\\\/logo\\\/image\\\/\"},\"sameAs\":[\"https:\\\/\\\/www.facebook.com\\\/people\\\/Notimemes-de-los-Polticos\\\/61565672886568\\\/\",\"https:\\\/\\\/x.com\\\/LosPoliticosVer\"]},{\"@type\":\"Person\",\"@id\":\"https:\\\/\\\/lospoliticosveracruz.com\\\/#\\\/schema\\\/person\\\/b8702bb0e538456e6efd07080bf2a4a2\",\"name\":\"Lo viste en Los Pol\u00edticos\",\"image\":{\"@type\":\"ImageObject\",\"inLanguage\":\"es\",\"@id\":\"https:\\\/\\\/secure.gravatar.com\\\/avatar\\\/3a8de04a2656d44082be478bd6c086daa447c4651605818287b9532d3d0bd435?s=96&d=mm&r=g\",\"url\":\"https:\\\/\\\/secure.gravatar.com\\\/avatar\\\/3a8de04a2656d44082be478bd6c086daa447c4651605818287b9532d3d0bd435?s=96&d=mm&r=g\",\"contentUrl\":\"https:\\\/\\\/secure.gravatar.com\\\/avatar\\\/3a8de04a2656d44082be478bd6c086daa447c4651605818287b9532d3d0bd435?s=96&d=mm&r=g\",\"caption\":\"Lo viste en Los Pol\u00edticos\"},\"url\":\"https:\\\/\\\/lospoliticosveracruz.com\\\/?author=2\"}]}<\/script>\n<!-- \/ Yoast SEO plugin. -->","yoast_head_json":{"title":"LA RELACI\u00d3N DE M\u00c9XICO CON EU, ASUNTO QUE AFECTA AL PUEBLO - Los pol\u00edticos Veracruz","robots":{"index":"index","follow":"follow","max-snippet":"max-snippet:-1","max-image-preview":"max-image-preview:large","max-video-preview":"max-video-preview:-1"},"canonical":"https:\/\/lospoliticosveracruz.com\/?p=169902","og_locale":"es_ES","og_type":"article","og_title":"LA RELACI\u00d3N DE M\u00c9XICO CON EU, ASUNTO QUE AFECTA AL PUEBLO - Los pol\u00edticos Veracruz","og_description":"Jair Clodoaldo Xilotl S\u00e1nchez A Marcelo Ebrard se le sigue cuestionado el uso de la Embajada de M\u00e9xico en Londres como hotel para su hijo, tuvo que aceptarlo en vivo a nivel nacional desde la ma\u00f1anera, vaya descaro del secretario de econom\u00eda y f\u00edjese, aqu\u00ed s\u00ed, la Presidenta dej\u00f3 que el funcionario se quemara solo, [&hellip;]","og_url":"https:\/\/lospoliticosveracruz.com\/?p=169902","og_site_name":"Los pol\u00edticos Veracruz","article_publisher":"https:\/\/www.facebook.com\/people\/Notimemes-de-los-Polticos\/61565672886568\/","article_published_time":"2026-04-27T18:32:49+00:00","og_image":[{"width":1250,"height":667,"url":"https:\/\/lospoliticosveracruz.com\/wp-content\/uploads\/2026\/03\/Jair-Clodoaldo-Xilotl-Sanchez.jpg","type":"image\/jpeg"}],"author":"Lo viste en Los Pol\u00edticos","twitter_card":"summary_large_image","twitter_creator":"@LosPoliticosVer","twitter_site":"@LosPoliticosVer","twitter_misc":{"Escrito por":"Lo viste en Los Pol\u00edticos","Tiempo de lectura":"5 minutos"},"schema":{"@context":"https:\/\/schema.org","@graph":[{"@type":"Article","@id":"https:\/\/lospoliticosveracruz.com\/?p=169902#article","isPartOf":{"@id":"https:\/\/lospoliticosveracruz.com\/?p=169902"},"author":{"name":"Lo viste en Los Pol\u00edticos","@id":"https:\/\/lospoliticosveracruz.com\/#\/schema\/person\/b8702bb0e538456e6efd07080bf2a4a2"},"headline":"LA RELACI\u00d3N DE M\u00c9XICO CON EU, ASUNTO QUE AFECTA AL PUEBLO","datePublished":"2026-04-27T18:32:49+00:00","mainEntityOfPage":{"@id":"https:\/\/lospoliticosveracruz.com\/?p=169902"},"wordCount":920,"publisher":{"@id":"https:\/\/lospoliticosveracruz.com\/#organization"},"image":{"@id":"https:\/\/lospoliticosveracruz.com\/?p=169902#primaryimage"},"thumbnailUrl":"https:\/\/lospoliticosveracruz.com\/wp-content\/uploads\/2026\/03\/Jair-Clodoaldo-Xilotl-Sanchez.jpg","keywords":["Agentes CIA accidente Chihuahua Senado","Claudia Sheinbaum Barcelona Cristina Kirchner","Fernando Far\u00edas huachicol fiscal Argentina","Marcelo Ebrard embajada Londres esc\u00e1ndalo","Precio gasolina M\u00e9xico subsidio 2026","Revisi\u00f3n T-MEC julio 2026 Trump"],"articleSection":["De Opini\u00f3n"],"inLanguage":"es"},{"@type":"WebPage","@id":"https:\/\/lospoliticosveracruz.com\/?p=169902","url":"https:\/\/lospoliticosveracruz.com\/?p=169902","name":"LA RELACI\u00d3N DE M\u00c9XICO CON EU, ASUNTO QUE AFECTA AL PUEBLO - Los pol\u00edticos Veracruz","isPartOf":{"@id":"https:\/\/lospoliticosveracruz.com\/#website"},"primaryImageOfPage":{"@id":"https:\/\/lospoliticosveracruz.com\/?p=169902#primaryimage"},"image":{"@id":"https:\/\/lospoliticosveracruz.com\/?p=169902#primaryimage"},"thumbnailUrl":"https:\/\/lospoliticosveracruz.com\/wp-content\/uploads\/2026\/03\/Jair-Clodoaldo-Xilotl-Sanchez.jpg","datePublished":"2026-04-27T18:32:49+00:00","breadcrumb":{"@id":"https:\/\/lospoliticosveracruz.com\/?p=169902#breadcrumb"},"inLanguage":"es","potentialAction":[{"@type":"ReadAction","target":["https:\/\/lospoliticosveracruz.com\/?p=169902"]}]},{"@type":"ImageObject","inLanguage":"es","@id":"https:\/\/lospoliticosveracruz.com\/?p=169902#primaryimage","url":"https:\/\/lospoliticosveracruz.com\/wp-content\/uploads\/2026\/03\/Jair-Clodoaldo-Xilotl-Sanchez.jpg","contentUrl":"https:\/\/lospoliticosveracruz.com\/wp-content\/uploads\/2026\/03\/Jair-Clodoaldo-Xilotl-Sanchez.jpg","width":1250,"height":667},{"@type":"BreadcrumbList","@id":"https:\/\/lospoliticosveracruz.com\/?p=169902#breadcrumb","itemListElement":[{"@type":"ListItem","position":1,"name":"Portada","item":"https:\/\/lospoliticosveracruz.com\/"},{"@type":"ListItem","position":2,"name":"LA RELACI\u00d3N DE M\u00c9XICO CON EU, ASUNTO QUE AFECTA AL PUEBLO"}]},{"@type":"WebSite","@id":"https:\/\/lospoliticosveracruz.com\/#website","url":"https:\/\/lospoliticosveracruz.com\/","name":"Los pol\u00edticos Veracruz","description":"","publisher":{"@id":"https:\/\/lospoliticosveracruz.com\/#organization"},"potentialAction":[{"@type":"SearchAction","target":{"@type":"EntryPoint","urlTemplate":"https:\/\/lospoliticosveracruz.com\/?s={search_term_string}"},"query-input":{"@type":"PropertyValueSpecification","valueRequired":true,"valueName":"search_term_string"}}],"inLanguage":"es"},{"@type":"Organization","@id":"https:\/\/lospoliticosveracruz.com\/#organization","name":"Los pol\u00edticos Veracruz","url":"https:\/\/lospoliticosveracruz.com\/","logo":{"@type":"ImageObject","inLanguage":"es","@id":"https:\/\/lospoliticosveracruz.com\/#\/schema\/logo\/image\/","url":"https:\/\/lospoliticosveracruz.com\/wp-content\/uploads\/2025\/12\/Logo-Nuevo-LOS-POLITICOS-1.jpg","contentUrl":"https:\/\/lospoliticosveracruz.com\/wp-content\/uploads\/2025\/12\/Logo-Nuevo-LOS-POLITICOS-1.jpg","width":260,"height":70,"caption":"Los pol\u00edticos Veracruz"},"image":{"@id":"https:\/\/lospoliticosveracruz.com\/#\/schema\/logo\/image\/"},"sameAs":["https:\/\/www.facebook.com\/people\/Notimemes-de-los-Polticos\/61565672886568\/","https:\/\/x.com\/LosPoliticosVer"]},{"@type":"Person","@id":"https:\/\/lospoliticosveracruz.com\/#\/schema\/person\/b8702bb0e538456e6efd07080bf2a4a2","name":"Lo viste en Los Pol\u00edticos","image":{"@type":"ImageObject","inLanguage":"es","@id":"https:\/\/secure.gravatar.com\/avatar\/3a8de04a2656d44082be478bd6c086daa447c4651605818287b9532d3d0bd435?s=96&d=mm&r=g","url":"https:\/\/secure.gravatar.com\/avatar\/3a8de04a2656d44082be478bd6c086daa447c4651605818287b9532d3d0bd435?s=96&d=mm&r=g","contentUrl":"https:\/\/secure.gravatar.com\/avatar\/3a8de04a2656d44082be478bd6c086daa447c4651605818287b9532d3d0bd435?s=96&d=mm&r=g","caption":"Lo viste en Los Pol\u00edticos"},"url":"https:\/\/lospoliticosveracruz.com\/?author=2"}]}},"_links":{"self":[{"href":"https:\/\/lospoliticosveracruz.com\/index.php?rest_route=\/wp\/v2\/posts\/169902","targetHints":{"allow":["GET"]}}],"collection":[{"href":"https:\/\/lospoliticosveracruz.com\/index.php?rest_route=\/wp\/v2\/posts"}],"about":[{"href":"https:\/\/lospoliticosveracruz.com\/index.php?rest_route=\/wp\/v2\/types\/post"}],"author":[{"embeddable":true,"href":"https:\/\/lospoliticosveracruz.com\/index.php?rest_route=\/wp\/v2\/users\/2"}],"replies":[{"embeddable":true,"href":"https:\/\/lospoliticosveracruz.com\/index.php?rest_route=%2Fwp%2Fv2%2Fcomments&post=169902"}],"version-history":[{"count":1,"href":"https:\/\/lospoliticosveracruz.com\/index.php?rest_route=\/wp\/v2\/posts\/169902\/revisions"}],"predecessor-version":[{"id":169903,"href":"https:\/\/lospoliticosveracruz.com\/index.php?rest_route=\/wp\/v2\/posts\/169902\/revisions\/169903"}],"wp:featuredmedia":[{"embeddable":true,"href":"https:\/\/lospoliticosveracruz.com\/index.php?rest_route=\/wp\/v2\/media\/166404"}],"wp:attachment":[{"href":"https:\/\/lospoliticosveracruz.com\/index.php?rest_route=%2Fwp%2Fv2%2Fmedia&parent=169902"}],"wp:term":[{"taxonomy":"category","embeddable":true,"href":"https:\/\/lospoliticosveracruz.com\/index.php?rest_route=%2Fwp%2Fv2%2Fcategories&post=169902"},{"taxonomy":"post_tag","embeddable":true,"href":"https:\/\/lospoliticosveracruz.com\/index.php?rest_route=%2Fwp%2Fv2%2Ftags&post=169902"}],"curies":[{"name":"wp","href":"https:\/\/api.w.org\/{rel}","templated":true}]}}