{"id":169905,"date":"2026-04-27T13:34:48","date_gmt":"2026-04-27T19:34:48","guid":{"rendered":"https:\/\/lospoliticosveracruz.com\/?p=169905"},"modified":"2026-04-27T13:34:49","modified_gmt":"2026-04-27T19:34:49","slug":"tiroteo-manana-peligrosa-moda-escolar","status":"publish","type":"post","link":"https:\/\/lospoliticosveracruz.com\/?p=169905","title":{"rendered":"TIROTEO MA\u00d1ANA, PELIGROSA MODA ESCOLAR"},"content":{"rendered":"\n<p><\/p>\n\n\n\n<p><strong>Jorge Ram\u00f3n Rizzo<\/strong><\/p>\n\n\n\n<p><em>Focus Group<\/em><\/p>\n\n\n\n<p>Es momento de hablar con nuestros hijos, porque las amenazas de tiroteos en escuelas se han convertido en una moda maligna \u00f3 un peligroso reto viral en plataformas de redes sociales en diversos pa\u00edses de Am\u00e9rica Latina y en M\u00e9xico se manifiesta tambi\u00e9n con cartulinas y pintas de paredes.<\/p>\n\n\n\n<p>Bajo el anonimato, el fen\u00f3meno ahora conocido como el desaf\u00edo del \u00abTiroteo Ma\u00f1ana\u00bb, ha hecho mucho eco en estados de M\u00e9xico y consiste en escribir amagos de masacres en las paredes de los ba\u00f1os de los planteles o difundir mensajes intimidatorios en grupos de mensajer\u00eda y redes sociales para desatar el p\u00e1nico.<\/p>\n\n\n\n<p>Este peligroso reto #TiroteoMa\u00f1ana est\u00e1 provocando p\u00e1nico en comunidades escolares, ante las amenazas de ataques en escuelas de pr\u00e1cticamente todos los estados de M\u00e9xico y en algunos pa\u00edses de Latinoam\u00e9rica en este abril de 2026.<\/p>\n\n\n\n<p>Con al menos 87 casos registrados en los estados de Puebla, Veracruz, Tlaxcala, Baja California, Nuevo Le\u00f3n, Sinaloa y Tabasco, alumnos amenazan con la ejecuci\u00f3n de un tiroteo con escritos en ba\u00f1os o redes para suspender clases, generando operativos escolares y de seguridad. Este desaf\u00edo, que comenz\u00f3 a popularizarse en Estados Unidos desde 2021, y ha cobrado fuerza en pa\u00edses como M\u00e9xico, Chile, Argentina y Paraguay. TikTok y otras redes sociales son las plataformas principales de difusi\u00f3n.<\/p>\n\n\n\n<p>Consiste en escribir amenazas de tiroteo en las paredes de los ba\u00f1os o lanzar mensajes en grupos escolares, a menudo bajo la consigna de que \u00abla escuela va a temblar\u00bb o \u00abtiroteo ma\u00f1ana\u00bb, provocando caos y la cancelaci\u00f3n de actividades. Y aunque las amenazas resultan falsas, generan un miedo real y contundente en la comunidad escolar, afectando la estabilidad emocional de ni\u00f1os, padres y docentes. Lo que ha generado que las autoridades escolares han tenido que activar protocolos de seguridad, incluyendo el \u00aboperativo mochila\u00bb y cateos preventivos, como se ha observado en estados como Nuevo Le\u00f3n.<\/p>\n\n\n\n<p>Despu\u00e9s de los sucedido en Michoac\u00e1n en el mes de marzo, donde un estudiante de 15 a\u00f1os mat\u00f3 a 2 maestras, no se puede tomar a la ligera este tema. Y ya se realizan investigaciones avanzadas por las polic\u00edas cibern\u00e9ticas para identificar a los responsables de lanzar estas amenazas, tratando el tema no como un juego, sino como una conducta delictiva que afecta la convivencia escolar; sin perder de vista que estas \u00abbromitas\u00bb distraen recursos policiacos por la moda o reto que prevalece entre las y los j\u00f3venes.<\/p>\n\n\n\n<p>Expertos aconsejan no difundir los mensajes intimidatorios y fortalecer el di\u00e1logo con nuestros hijos para evitar el efecto contagio y detener la ola de alertas falsas. Este fen\u00f3meno subraya la necesidad de una mayor vigilancia sobre el uso de redes sociales en nuestros hijos y una cultura de prevenci\u00f3n escolar que aborde la salud mental y la seguridad de la comunidad estudiantil.<\/p>\n\n\n\n<p>Aunque por fortuna la inmensa mayor\u00eda de estas alertas resultan ser falsas, hay repercusiones psicol\u00f3gicas, institucionales y legales, que son seriamente reales.<\/p>\n\n\n\n<p>Frenar esta epidemia de falsas alarmas requiere un cambio radical en la forma en que los adultos interactuamos con el consumo digital de los menores e incluso la forma en que platicamos con ellos las noticias que impactan a nuestra sociedad.<\/p>\n\n\n\n<p>Hoy m\u00e1s que nunca los padres debemos supervisar de manera activa e incluso invasiva las redes sociales de nuestros hijos y hablar directamente sobre la gravedad legal de estas conductas.<\/p>\n\n\n\n<p>Instituciones como la Defensor\u00eda del Pueblo, que fue consultada por Focus Group, enfatiza la importancia de no compartir capturas de pantalla de las amenazas en redes para cortar de ra\u00edz el \u00abEfecto Contagio\u00bb y las escuelas necesitan transicionar de la reacci\u00f3n policial a la creaci\u00f3n de canales de comunicaci\u00f3n seguros y de apoyo psicol\u00f3gico para j\u00f3venes en situaciones de vulnerabilidad o b\u00fasqueda desesperada de atenci\u00f3n.<\/p>\n\n\n\n<p>Pero si no hacemos nada en casa, estamos dejando que nuestros hijos corran riesgos mortales por est\u00e1s \u00abmodas malignas\u00bb o \u00abretos virales\u00bb.<\/p>\n\n\n\n<p>*Periodista\/Tlaxcala<\/p>\n","protected":false},"excerpt":{"rendered":"<p>Jorge Ram\u00f3n Rizzo Focus Group Es momento de hablar con nuestros hijos, porque las amenazas de tiroteos en escuelas se han convertido en una moda maligna \u00f3 un peligroso reto viral en plataformas de redes sociales en diversos pa\u00edses de Am\u00e9rica Latina y en M\u00e9xico se manifiesta tambi\u00e9n con cartulinas y pintas de paredes. Bajo [&hellip;]<\/p>\n","protected":false},"author":2,"featured_media":168621,"comment_status":"closed","ping_status":"closed","sticky":false,"template":"","format":"standard","meta":{"tdm_status":"","tdm_grid_status":"","footnotes":""},"categories":[70],"tags":[62407,60712,62409,62405,62408,62406],"class_list":{"0":"post-169905","1":"post","2":"type-post","3":"status-publish","4":"format-standard","5":"has-post-thumbnail","7":"category-de-opinion","8":"tag-amenazas-tiroteo-escuelas-abril-2026","9":"tag-jorge-ramon-rizzo-focus-group","10":"tag-operativo-mochila-y-seguridad-escolar","11":"tag-policia-cibernetica-mexico-retos-virales","12":"tag-prevencion-violencia-escolar-michoacan-marzo","13":"tag-reto-viral-tiroteomanana-mexico-2026"},"yoast_head":"<!-- This site is optimized with the Yoast SEO plugin v27.4 - https:\/\/yoast.com\/product\/yoast-seo-wordpress\/ -->\n<title>TIROTEO MA\u00d1ANA, PELIGROSA MODA ESCOLAR - Los pol\u00edticos Veracruz<\/title>\n<meta name=\"robots\" content=\"index, follow, max-snippet:-1, max-image-preview:large, max-video-preview:-1\" \/>\n<link rel=\"canonical\" href=\"https:\/\/lospoliticosveracruz.com\/?p=169905\" \/>\n<meta property=\"og:locale\" content=\"es_ES\" \/>\n<meta property=\"og:type\" content=\"article\" \/>\n<meta property=\"og:title\" content=\"TIROTEO MA\u00d1ANA, PELIGROSA MODA ESCOLAR - Los pol\u00edticos Veracruz\" \/>\n<meta property=\"og:description\" content=\"Jorge Ram\u00f3n Rizzo Focus Group Es momento de hablar con nuestros hijos, porque las amenazas de tiroteos en escuelas se han convertido en una moda maligna \u00f3 un peligroso reto viral en plataformas de redes sociales en diversos pa\u00edses de Am\u00e9rica Latina y en M\u00e9xico se manifiesta tambi\u00e9n con cartulinas y pintas de paredes. Bajo [&hellip;]\" \/>\n<meta property=\"og:url\" content=\"https:\/\/lospoliticosveracruz.com\/?p=169905\" \/>\n<meta property=\"og:site_name\" content=\"Los pol\u00edticos Veracruz\" \/>\n<meta property=\"article:publisher\" content=\"https:\/\/www.facebook.com\/people\/Notimemes-de-los-Polticos\/61565672886568\/\" \/>\n<meta property=\"article:published_time\" content=\"2026-04-27T19:34:48+00:00\" \/>\n<meta property=\"article:modified_time\" content=\"2026-04-27T19:34:49+00:00\" \/>\n<meta property=\"og:image\" content=\"https:\/\/lospoliticosveracruz.com\/wp-content\/uploads\/2026\/04\/Jorge-Ramn-Rizzo.jpg\" \/>\n\t<meta property=\"og:image:width\" content=\"1250\" \/>\n\t<meta property=\"og:image:height\" content=\"667\" \/>\n\t<meta property=\"og:image:type\" content=\"image\/jpeg\" \/>\n<meta name=\"author\" content=\"Lo viste en Los Pol\u00edticos\" \/>\n<meta name=\"twitter:card\" content=\"summary_large_image\" \/>\n<meta name=\"twitter:creator\" content=\"@LosPoliticosVer\" \/>\n<meta name=\"twitter:site\" content=\"@LosPoliticosVer\" \/>\n<meta name=\"twitter:label1\" content=\"Escrito por\" \/>\n\t<meta name=\"twitter:data1\" content=\"Lo viste en Los Pol\u00edticos\" \/>\n\t<meta name=\"twitter:label2\" content=\"Tiempo de lectura\" \/>\n\t<meta name=\"twitter:data2\" content=\"4 minutos\" \/>\n<script type=\"application\/ld+json\" class=\"yoast-schema-graph\">{\"@context\":\"https:\\\/\\\/schema.org\",\"@graph\":[{\"@type\":\"Article\",\"@id\":\"https:\\\/\\\/lospoliticosveracruz.com\\\/?p=169905#article\",\"isPartOf\":{\"@id\":\"https:\\\/\\\/lospoliticosveracruz.com\\\/?p=169905\"},\"author\":{\"name\":\"Lo viste en Los Pol\u00edticos\",\"@id\":\"https:\\\/\\\/lospoliticosveracruz.com\\\/#\\\/schema\\\/person\\\/b8702bb0e538456e6efd07080bf2a4a2\"},\"headline\":\"TIROTEO MA\u00d1ANA, PELIGROSA MODA ESCOLAR\",\"datePublished\":\"2026-04-27T19:34:48+00:00\",\"dateModified\":\"2026-04-27T19:34:49+00:00\",\"mainEntityOfPage\":{\"@id\":\"https:\\\/\\\/lospoliticosveracruz.com\\\/?p=169905\"},\"wordCount\":698,\"publisher\":{\"@id\":\"https:\\\/\\\/lospoliticosveracruz.com\\\/#organization\"},\"image\":{\"@id\":\"https:\\\/\\\/lospoliticosveracruz.com\\\/?p=169905#primaryimage\"},\"thumbnailUrl\":\"https:\\\/\\\/lospoliticosveracruz.com\\\/wp-content\\\/uploads\\\/2026\\\/04\\\/Jorge-Ramn-Rizzo.jpg\",\"keywords\":[\"Amenazas tiroteo escuelas abril 2026\",\"Jorge Ram\u00f3n Rizzo Focus Group\",\"Operativo mochila y seguridad escolar\",\"Polic\u00eda Cibern\u00e9tica M\u00e9xico retos virales\",\"Prevenci\u00f3n violencia escolar Michoac\u00e1n marzo\",\"Reto viral #TiroteoMa\u00f1ana M\u00e9xico 2026\"],\"articleSection\":[\"De Opini\u00f3n\"],\"inLanguage\":\"es\"},{\"@type\":\"WebPage\",\"@id\":\"https:\\\/\\\/lospoliticosveracruz.com\\\/?p=169905\",\"url\":\"https:\\\/\\\/lospoliticosveracruz.com\\\/?p=169905\",\"name\":\"TIROTEO MA\u00d1ANA, PELIGROSA MODA ESCOLAR - Los pol\u00edticos Veracruz\",\"isPartOf\":{\"@id\":\"https:\\\/\\\/lospoliticosveracruz.com\\\/#website\"},\"primaryImageOfPage\":{\"@id\":\"https:\\\/\\\/lospoliticosveracruz.com\\\/?p=169905#primaryimage\"},\"image\":{\"@id\":\"https:\\\/\\\/lospoliticosveracruz.com\\\/?p=169905#primaryimage\"},\"thumbnailUrl\":\"https:\\\/\\\/lospoliticosveracruz.com\\\/wp-content\\\/uploads\\\/2026\\\/04\\\/Jorge-Ramn-Rizzo.jpg\",\"datePublished\":\"2026-04-27T19:34:48+00:00\",\"dateModified\":\"2026-04-27T19:34:49+00:00\",\"breadcrumb\":{\"@id\":\"https:\\\/\\\/lospoliticosveracruz.com\\\/?p=169905#breadcrumb\"},\"inLanguage\":\"es\",\"potentialAction\":[{\"@type\":\"ReadAction\",\"target\":[\"https:\\\/\\\/lospoliticosveracruz.com\\\/?p=169905\"]}]},{\"@type\":\"ImageObject\",\"inLanguage\":\"es\",\"@id\":\"https:\\\/\\\/lospoliticosveracruz.com\\\/?p=169905#primaryimage\",\"url\":\"https:\\\/\\\/lospoliticosveracruz.com\\\/wp-content\\\/uploads\\\/2026\\\/04\\\/Jorge-Ramn-Rizzo.jpg\",\"contentUrl\":\"https:\\\/\\\/lospoliticosveracruz.com\\\/wp-content\\\/uploads\\\/2026\\\/04\\\/Jorge-Ramn-Rizzo.jpg\",\"width\":1250,\"height\":667},{\"@type\":\"BreadcrumbList\",\"@id\":\"https:\\\/\\\/lospoliticosveracruz.com\\\/?p=169905#breadcrumb\",\"itemListElement\":[{\"@type\":\"ListItem\",\"position\":1,\"name\":\"Portada\",\"item\":\"https:\\\/\\\/lospoliticosveracruz.com\\\/\"},{\"@type\":\"ListItem\",\"position\":2,\"name\":\"TIROTEO MA\u00d1ANA, PELIGROSA MODA ESCOLAR\"}]},{\"@type\":\"WebSite\",\"@id\":\"https:\\\/\\\/lospoliticosveracruz.com\\\/#website\",\"url\":\"https:\\\/\\\/lospoliticosveracruz.com\\\/\",\"name\":\"Los pol\u00edticos Veracruz\",\"description\":\"\",\"publisher\":{\"@id\":\"https:\\\/\\\/lospoliticosveracruz.com\\\/#organization\"},\"potentialAction\":[{\"@type\":\"SearchAction\",\"target\":{\"@type\":\"EntryPoint\",\"urlTemplate\":\"https:\\\/\\\/lospoliticosveracruz.com\\\/?s={search_term_string}\"},\"query-input\":{\"@type\":\"PropertyValueSpecification\",\"valueRequired\":true,\"valueName\":\"search_term_string\"}}],\"inLanguage\":\"es\"},{\"@type\":\"Organization\",\"@id\":\"https:\\\/\\\/lospoliticosveracruz.com\\\/#organization\",\"name\":\"Los pol\u00edticos Veracruz\",\"url\":\"https:\\\/\\\/lospoliticosveracruz.com\\\/\",\"logo\":{\"@type\":\"ImageObject\",\"inLanguage\":\"es\",\"@id\":\"https:\\\/\\\/lospoliticosveracruz.com\\\/#\\\/schema\\\/logo\\\/image\\\/\",\"url\":\"https:\\\/\\\/lospoliticosveracruz.com\\\/wp-content\\\/uploads\\\/2025\\\/12\\\/Logo-Nuevo-LOS-POLITICOS-1.jpg\",\"contentUrl\":\"https:\\\/\\\/lospoliticosveracruz.com\\\/wp-content\\\/uploads\\\/2025\\\/12\\\/Logo-Nuevo-LOS-POLITICOS-1.jpg\",\"width\":260,\"height\":70,\"caption\":\"Los pol\u00edticos Veracruz\"},\"image\":{\"@id\":\"https:\\\/\\\/lospoliticosveracruz.com\\\/#\\\/schema\\\/logo\\\/image\\\/\"},\"sameAs\":[\"https:\\\/\\\/www.facebook.com\\\/people\\\/Notimemes-de-los-Polticos\\\/61565672886568\\\/\",\"https:\\\/\\\/x.com\\\/LosPoliticosVer\"]},{\"@type\":\"Person\",\"@id\":\"https:\\\/\\\/lospoliticosveracruz.com\\\/#\\\/schema\\\/person\\\/b8702bb0e538456e6efd07080bf2a4a2\",\"name\":\"Lo viste en Los Pol\u00edticos\",\"image\":{\"@type\":\"ImageObject\",\"inLanguage\":\"es\",\"@id\":\"https:\\\/\\\/secure.gravatar.com\\\/avatar\\\/3a8de04a2656d44082be478bd6c086daa447c4651605818287b9532d3d0bd435?s=96&d=mm&r=g\",\"url\":\"https:\\\/\\\/secure.gravatar.com\\\/avatar\\\/3a8de04a2656d44082be478bd6c086daa447c4651605818287b9532d3d0bd435?s=96&d=mm&r=g\",\"contentUrl\":\"https:\\\/\\\/secure.gravatar.com\\\/avatar\\\/3a8de04a2656d44082be478bd6c086daa447c4651605818287b9532d3d0bd435?s=96&d=mm&r=g\",\"caption\":\"Lo viste en Los Pol\u00edticos\"},\"url\":\"https:\\\/\\\/lospoliticosveracruz.com\\\/?author=2\"}]}<\/script>\n<!-- \/ Yoast SEO plugin. -->","yoast_head_json":{"title":"TIROTEO MA\u00d1ANA, PELIGROSA MODA ESCOLAR - Los pol\u00edticos Veracruz","robots":{"index":"index","follow":"follow","max-snippet":"max-snippet:-1","max-image-preview":"max-image-preview:large","max-video-preview":"max-video-preview:-1"},"canonical":"https:\/\/lospoliticosveracruz.com\/?p=169905","og_locale":"es_ES","og_type":"article","og_title":"TIROTEO MA\u00d1ANA, PELIGROSA MODA ESCOLAR - Los pol\u00edticos Veracruz","og_description":"Jorge Ram\u00f3n Rizzo Focus Group Es momento de hablar con nuestros hijos, porque las amenazas de tiroteos en escuelas se han convertido en una moda maligna \u00f3 un peligroso reto viral en plataformas de redes sociales en diversos pa\u00edses de Am\u00e9rica Latina y en M\u00e9xico se manifiesta tambi\u00e9n con cartulinas y pintas de paredes. Bajo [&hellip;]","og_url":"https:\/\/lospoliticosveracruz.com\/?p=169905","og_site_name":"Los pol\u00edticos Veracruz","article_publisher":"https:\/\/www.facebook.com\/people\/Notimemes-de-los-Polticos\/61565672886568\/","article_published_time":"2026-04-27T19:34:48+00:00","article_modified_time":"2026-04-27T19:34:49+00:00","og_image":[{"width":1250,"height":667,"url":"https:\/\/lospoliticosveracruz.com\/wp-content\/uploads\/2026\/04\/Jorge-Ramn-Rizzo.jpg","type":"image\/jpeg"}],"author":"Lo viste en Los Pol\u00edticos","twitter_card":"summary_large_image","twitter_creator":"@LosPoliticosVer","twitter_site":"@LosPoliticosVer","twitter_misc":{"Escrito por":"Lo viste en Los Pol\u00edticos","Tiempo de lectura":"4 minutos"},"schema":{"@context":"https:\/\/schema.org","@graph":[{"@type":"Article","@id":"https:\/\/lospoliticosveracruz.com\/?p=169905#article","isPartOf":{"@id":"https:\/\/lospoliticosveracruz.com\/?p=169905"},"author":{"name":"Lo viste en Los Pol\u00edticos","@id":"https:\/\/lospoliticosveracruz.com\/#\/schema\/person\/b8702bb0e538456e6efd07080bf2a4a2"},"headline":"TIROTEO MA\u00d1ANA, PELIGROSA MODA ESCOLAR","datePublished":"2026-04-27T19:34:48+00:00","dateModified":"2026-04-27T19:34:49+00:00","mainEntityOfPage":{"@id":"https:\/\/lospoliticosveracruz.com\/?p=169905"},"wordCount":698,"publisher":{"@id":"https:\/\/lospoliticosveracruz.com\/#organization"},"image":{"@id":"https:\/\/lospoliticosveracruz.com\/?p=169905#primaryimage"},"thumbnailUrl":"https:\/\/lospoliticosveracruz.com\/wp-content\/uploads\/2026\/04\/Jorge-Ramn-Rizzo.jpg","keywords":["Amenazas tiroteo escuelas abril 2026","Jorge Ram\u00f3n Rizzo Focus Group","Operativo mochila y seguridad escolar","Polic\u00eda Cibern\u00e9tica M\u00e9xico retos virales","Prevenci\u00f3n violencia escolar Michoac\u00e1n marzo","Reto viral #TiroteoMa\u00f1ana M\u00e9xico 2026"],"articleSection":["De Opini\u00f3n"],"inLanguage":"es"},{"@type":"WebPage","@id":"https:\/\/lospoliticosveracruz.com\/?p=169905","url":"https:\/\/lospoliticosveracruz.com\/?p=169905","name":"TIROTEO MA\u00d1ANA, PELIGROSA MODA ESCOLAR - Los pol\u00edticos Veracruz","isPartOf":{"@id":"https:\/\/lospoliticosveracruz.com\/#website"},"primaryImageOfPage":{"@id":"https:\/\/lospoliticosveracruz.com\/?p=169905#primaryimage"},"image":{"@id":"https:\/\/lospoliticosveracruz.com\/?p=169905#primaryimage"},"thumbnailUrl":"https:\/\/lospoliticosveracruz.com\/wp-content\/uploads\/2026\/04\/Jorge-Ramn-Rizzo.jpg","datePublished":"2026-04-27T19:34:48+00:00","dateModified":"2026-04-27T19:34:49+00:00","breadcrumb":{"@id":"https:\/\/lospoliticosveracruz.com\/?p=169905#breadcrumb"},"inLanguage":"es","potentialAction":[{"@type":"ReadAction","target":["https:\/\/lospoliticosveracruz.com\/?p=169905"]}]},{"@type":"ImageObject","inLanguage":"es","@id":"https:\/\/lospoliticosveracruz.com\/?p=169905#primaryimage","url":"https:\/\/lospoliticosveracruz.com\/wp-content\/uploads\/2026\/04\/Jorge-Ramn-Rizzo.jpg","contentUrl":"https:\/\/lospoliticosveracruz.com\/wp-content\/uploads\/2026\/04\/Jorge-Ramn-Rizzo.jpg","width":1250,"height":667},{"@type":"BreadcrumbList","@id":"https:\/\/lospoliticosveracruz.com\/?p=169905#breadcrumb","itemListElement":[{"@type":"ListItem","position":1,"name":"Portada","item":"https:\/\/lospoliticosveracruz.com\/"},{"@type":"ListItem","position":2,"name":"TIROTEO MA\u00d1ANA, PELIGROSA MODA ESCOLAR"}]},{"@type":"WebSite","@id":"https:\/\/lospoliticosveracruz.com\/#website","url":"https:\/\/lospoliticosveracruz.com\/","name":"Los pol\u00edticos Veracruz","description":"","publisher":{"@id":"https:\/\/lospoliticosveracruz.com\/#organization"},"potentialAction":[{"@type":"SearchAction","target":{"@type":"EntryPoint","urlTemplate":"https:\/\/lospoliticosveracruz.com\/?s={search_term_string}"},"query-input":{"@type":"PropertyValueSpecification","valueRequired":true,"valueName":"search_term_string"}}],"inLanguage":"es"},{"@type":"Organization","@id":"https:\/\/lospoliticosveracruz.com\/#organization","name":"Los pol\u00edticos Veracruz","url":"https:\/\/lospoliticosveracruz.com\/","logo":{"@type":"ImageObject","inLanguage":"es","@id":"https:\/\/lospoliticosveracruz.com\/#\/schema\/logo\/image\/","url":"https:\/\/lospoliticosveracruz.com\/wp-content\/uploads\/2025\/12\/Logo-Nuevo-LOS-POLITICOS-1.jpg","contentUrl":"https:\/\/lospoliticosveracruz.com\/wp-content\/uploads\/2025\/12\/Logo-Nuevo-LOS-POLITICOS-1.jpg","width":260,"height":70,"caption":"Los pol\u00edticos Veracruz"},"image":{"@id":"https:\/\/lospoliticosveracruz.com\/#\/schema\/logo\/image\/"},"sameAs":["https:\/\/www.facebook.com\/people\/Notimemes-de-los-Polticos\/61565672886568\/","https:\/\/x.com\/LosPoliticosVer"]},{"@type":"Person","@id":"https:\/\/lospoliticosveracruz.com\/#\/schema\/person\/b8702bb0e538456e6efd07080bf2a4a2","name":"Lo viste en Los Pol\u00edticos","image":{"@type":"ImageObject","inLanguage":"es","@id":"https:\/\/secure.gravatar.com\/avatar\/3a8de04a2656d44082be478bd6c086daa447c4651605818287b9532d3d0bd435?s=96&d=mm&r=g","url":"https:\/\/secure.gravatar.com\/avatar\/3a8de04a2656d44082be478bd6c086daa447c4651605818287b9532d3d0bd435?s=96&d=mm&r=g","contentUrl":"https:\/\/secure.gravatar.com\/avatar\/3a8de04a2656d44082be478bd6c086daa447c4651605818287b9532d3d0bd435?s=96&d=mm&r=g","caption":"Lo viste en Los Pol\u00edticos"},"url":"https:\/\/lospoliticosveracruz.com\/?author=2"}]}},"_links":{"self":[{"href":"https:\/\/lospoliticosveracruz.com\/index.php?rest_route=\/wp\/v2\/posts\/169905","targetHints":{"allow":["GET"]}}],"collection":[{"href":"https:\/\/lospoliticosveracruz.com\/index.php?rest_route=\/wp\/v2\/posts"}],"about":[{"href":"https:\/\/lospoliticosveracruz.com\/index.php?rest_route=\/wp\/v2\/types\/post"}],"author":[{"embeddable":true,"href":"https:\/\/lospoliticosveracruz.com\/index.php?rest_route=\/wp\/v2\/users\/2"}],"replies":[{"embeddable":true,"href":"https:\/\/lospoliticosveracruz.com\/index.php?rest_route=%2Fwp%2Fv2%2Fcomments&post=169905"}],"version-history":[{"count":1,"href":"https:\/\/lospoliticosveracruz.com\/index.php?rest_route=\/wp\/v2\/posts\/169905\/revisions"}],"predecessor-version":[{"id":169906,"href":"https:\/\/lospoliticosveracruz.com\/index.php?rest_route=\/wp\/v2\/posts\/169905\/revisions\/169906"}],"wp:featuredmedia":[{"embeddable":true,"href":"https:\/\/lospoliticosveracruz.com\/index.php?rest_route=\/wp\/v2\/media\/168621"}],"wp:attachment":[{"href":"https:\/\/lospoliticosveracruz.com\/index.php?rest_route=%2Fwp%2Fv2%2Fmedia&parent=169905"}],"wp:term":[{"taxonomy":"category","embeddable":true,"href":"https:\/\/lospoliticosveracruz.com\/index.php?rest_route=%2Fwp%2Fv2%2Fcategories&post=169905"},{"taxonomy":"post_tag","embeddable":true,"href":"https:\/\/lospoliticosveracruz.com\/index.php?rest_route=%2Fwp%2Fv2%2Ftags&post=169905"}],"curies":[{"name":"wp","href":"https:\/\/api.w.org\/{rel}","templated":true}]}}