{"id":169907,"date":"2026-04-27T13:46:14","date_gmt":"2026-04-27T19:46:14","guid":{"rendered":"https:\/\/lospoliticosveracruz.com\/?p=169907"},"modified":"2026-04-27T13:46:15","modified_gmt":"2026-04-27T19:46:15","slug":"aun-no-tocamos-el-infierno","status":"publish","type":"post","link":"https:\/\/lospoliticosveracruz.com\/?p=169907","title":{"rendered":"A\u00daN NO TOCAMOS EL INFIERNO!"},"content":{"rendered":"\n<p><strong>Angeles Gonz\u00e1lez Ceballos<\/strong><\/p>\n\n\n\n<p>A pesar de las altas temperaturas que se han registrado en los \u00faltimos d\u00edas a consecuencia de la ola de calor que se presenta a lo largo y ancho de la Entidad, no se han superado los valores hist\u00f3ricos en las estaciones.<\/p>\n\n\n\n<p>As\u00ed lo inform\u00f3 la jefa de Hidrometeorolog\u00eda de la Comisi\u00f3n Nacional del Agua (CONAGUA), Jessica Luna Lagunes, quien destac\u00f3 que la ola de calor persiste en la zona centro de Veracruz.<\/p>\n\n\n\n<p>Ah\u00ed ya se cumplen varios d\u00edas consecutivos con temperaturas \u00a8extremas\u00a8, mientras que en el norte y sur del Estado, a pesar de los valores altos, a\u00fan no se alcanzan los tres d\u00edas seguidos por arriba del percentil 99, como lo establece el SMN para definir este evento.<\/p>\n\n\n\n<p>\u00a8En palabras sencillas, el percentil 99 es una referencia de calor poco com\u00fan: son temperaturas que casi no se presentan. Es decir, no basta con que haga calor, tiene que ser m\u00e1s alto de lo normal y mantenerse varios d\u00edas\u00a8, explic\u00f3.<\/p>\n\n\n\n<p>Con base en los registros de la CONAGUA, en El Higo, la temperatura m\u00e1xima fue de 42 grados Celsius, lo mismo que en el Olivo, perteneciente al municipio de P\u00e1nuco y Tierra Blanca, donde el registro es por los mismos valores.<\/p>\n\n\n\n<p>En la estaci\u00f3n de Garro, en el municipio de Isla, el term\u00f3metro lleg\u00f3 a los 41 grados, lo mismo que en Los Hules, en el municipio de Chalma y Plat\u00f3n S\u00e1nchez y de ah\u00ed van descendiendo las temperaturas.<\/p>\n\n\n\n<p>En Cardel, perteneciente al municipio de La Antigua, la temperatura alcanz\u00f3 los 37 grados, mientras que en el observatorio de Boca del R\u00edo, el term\u00f3metro marc\u00f3 35.2, en Orizaba 33.5, Xalapa 33.5.<\/p>\n\n\n\n<p>En tanto que en la localidad de Zalayeta, perteneciente al municipio de Perote, donde gran parte del a\u00f1o hace fr\u00edo, la temperatura alcanz\u00f3 los 30 grados, mientras que en Altotonga y Naolinco fue de 29 grados Celsius.<\/p>\n","protected":false},"excerpt":{"rendered":"<p>Angeles Gonz\u00e1lez Ceballos A pesar de las altas temperaturas que se han registrado en los \u00faltimos d\u00edas a consecuencia de la ola de calor que se presenta a lo largo y ancho de la Entidad, no se han superado los valores hist\u00f3ricos en las estaciones. As\u00ed lo inform\u00f3 la jefa de Hidrometeorolog\u00eda de la Comisi\u00f3n [&hellip;]<\/p>\n","protected":false},"author":2,"featured_media":169908,"comment_status":"closed","ping_status":"closed","sticky":false,"template":"","format":"standard","meta":{"tdm_status":"","tdm_grid_status":"","footnotes":""},"categories":[6446],"tags":[62413,62410,62415,62412,62411,62414],"class_list":{"0":"post-169907","1":"post","2":"type-post","3":"status-publish","4":"format-standard","5":"has-post-thumbnail","7":"category-la-nota","8":"tag-jessica-luna-lagunes-clima-veracruz","9":"tag-ola-de-calor-veracruz-abril-2026","10":"tag-percentil-99-calor-extremo-smn","11":"tag-pronostico-del-tiempo-veracruz-2026","12":"tag-temperaturas-maximas-conagua-veracruz-hoy","13":"tag-tierra-blanca-42-grados-calor"},"yoast_head":"<!-- This site is optimized with the Yoast SEO plugin v27.4 - https:\/\/yoast.com\/product\/yoast-seo-wordpress\/ -->\n<title>A\u00daN NO TOCAMOS EL INFIERNO! - Los pol\u00edticos Veracruz<\/title>\n<meta name=\"robots\" content=\"index, follow, max-snippet:-1, max-image-preview:large, max-video-preview:-1\" \/>\n<link rel=\"canonical\" href=\"https:\/\/lospoliticosveracruz.com\/?p=169907\" \/>\n<meta property=\"og:locale\" content=\"es_ES\" \/>\n<meta property=\"og:type\" content=\"article\" \/>\n<meta property=\"og:title\" content=\"A\u00daN NO TOCAMOS EL INFIERNO! - Los pol\u00edticos Veracruz\" \/>\n<meta property=\"og:description\" content=\"Angeles Gonz\u00e1lez Ceballos A pesar de las altas temperaturas que se han registrado en los \u00faltimos d\u00edas a consecuencia de la ola de calor que se presenta a lo largo y ancho de la Entidad, no se han superado los valores hist\u00f3ricos en las estaciones. As\u00ed lo inform\u00f3 la jefa de Hidrometeorolog\u00eda de la Comisi\u00f3n [&hellip;]\" \/>\n<meta property=\"og:url\" content=\"https:\/\/lospoliticosveracruz.com\/?p=169907\" \/>\n<meta property=\"og:site_name\" content=\"Los pol\u00edticos Veracruz\" \/>\n<meta property=\"article:publisher\" content=\"https:\/\/www.facebook.com\/people\/Notimemes-de-los-Polticos\/61565672886568\/\" \/>\n<meta property=\"article:published_time\" content=\"2026-04-27T19:46:14+00:00\" \/>\n<meta property=\"article:modified_time\" content=\"2026-04-27T19:46:15+00:00\" \/>\n<meta property=\"og:image\" content=\"https:\/\/lospoliticosveracruz.com\/wp-content\/uploads\/2026\/04\/conagua.jpg\" \/>\n\t<meta property=\"og:image:width\" content=\"600\" \/>\n\t<meta property=\"og:image:height\" content=\"320\" \/>\n\t<meta property=\"og:image:type\" content=\"image\/jpeg\" \/>\n<meta name=\"author\" content=\"Lo viste en Los Pol\u00edticos\" \/>\n<meta name=\"twitter:card\" content=\"summary_large_image\" \/>\n<meta name=\"twitter:creator\" content=\"@LosPoliticosVer\" \/>\n<meta name=\"twitter:site\" content=\"@LosPoliticosVer\" \/>\n<meta name=\"twitter:label1\" content=\"Escrito por\" \/>\n\t<meta name=\"twitter:data1\" content=\"Lo viste en Los Pol\u00edticos\" \/>\n\t<meta name=\"twitter:label2\" content=\"Tiempo de lectura\" \/>\n\t<meta name=\"twitter:data2\" content=\"2 minutos\" \/>\n<script type=\"application\/ld+json\" class=\"yoast-schema-graph\">{\"@context\":\"https:\\\/\\\/schema.org\",\"@graph\":[{\"@type\":\"Article\",\"@id\":\"https:\\\/\\\/lospoliticosveracruz.com\\\/?p=169907#article\",\"isPartOf\":{\"@id\":\"https:\\\/\\\/lospoliticosveracruz.com\\\/?p=169907\"},\"author\":{\"name\":\"Lo viste en Los Pol\u00edticos\",\"@id\":\"https:\\\/\\\/lospoliticosveracruz.com\\\/#\\\/schema\\\/person\\\/b8702bb0e538456e6efd07080bf2a4a2\"},\"headline\":\"A\u00daN NO TOCAMOS EL INFIERNO!\",\"datePublished\":\"2026-04-27T19:46:14+00:00\",\"dateModified\":\"2026-04-27T19:46:15+00:00\",\"mainEntityOfPage\":{\"@id\":\"https:\\\/\\\/lospoliticosveracruz.com\\\/?p=169907\"},\"wordCount\":329,\"publisher\":{\"@id\":\"https:\\\/\\\/lospoliticosveracruz.com\\\/#organization\"},\"image\":{\"@id\":\"https:\\\/\\\/lospoliticosveracruz.com\\\/?p=169907#primaryimage\"},\"thumbnailUrl\":\"https:\\\/\\\/lospoliticosveracruz.com\\\/wp-content\\\/uploads\\\/2026\\\/04\\\/conagua.jpg\",\"keywords\":[\"Jessica Luna Lagunes clima Veracruz\",\"Ola de calor Veracruz abril 2026\",\"Percentil 99 calor extremo SMN\",\"Pron\u00f3stico del tiempo Veracruz 2026\",\"Temperaturas m\u00e1ximas CONAGUA Veracruz hoy\",\"Tierra Blanca 42 grados calor\"],\"articleSection\":[\"La Nota\"],\"inLanguage\":\"es\"},{\"@type\":\"WebPage\",\"@id\":\"https:\\\/\\\/lospoliticosveracruz.com\\\/?p=169907\",\"url\":\"https:\\\/\\\/lospoliticosveracruz.com\\\/?p=169907\",\"name\":\"A\u00daN NO TOCAMOS EL INFIERNO! - Los pol\u00edticos Veracruz\",\"isPartOf\":{\"@id\":\"https:\\\/\\\/lospoliticosveracruz.com\\\/#website\"},\"primaryImageOfPage\":{\"@id\":\"https:\\\/\\\/lospoliticosveracruz.com\\\/?p=169907#primaryimage\"},\"image\":{\"@id\":\"https:\\\/\\\/lospoliticosveracruz.com\\\/?p=169907#primaryimage\"},\"thumbnailUrl\":\"https:\\\/\\\/lospoliticosveracruz.com\\\/wp-content\\\/uploads\\\/2026\\\/04\\\/conagua.jpg\",\"datePublished\":\"2026-04-27T19:46:14+00:00\",\"dateModified\":\"2026-04-27T19:46:15+00:00\",\"breadcrumb\":{\"@id\":\"https:\\\/\\\/lospoliticosveracruz.com\\\/?p=169907#breadcrumb\"},\"inLanguage\":\"es\",\"potentialAction\":[{\"@type\":\"ReadAction\",\"target\":[\"https:\\\/\\\/lospoliticosveracruz.com\\\/?p=169907\"]}]},{\"@type\":\"ImageObject\",\"inLanguage\":\"es\",\"@id\":\"https:\\\/\\\/lospoliticosveracruz.com\\\/?p=169907#primaryimage\",\"url\":\"https:\\\/\\\/lospoliticosveracruz.com\\\/wp-content\\\/uploads\\\/2026\\\/04\\\/conagua.jpg\",\"contentUrl\":\"https:\\\/\\\/lospoliticosveracruz.com\\\/wp-content\\\/uploads\\\/2026\\\/04\\\/conagua.jpg\",\"width\":600,\"height\":320},{\"@type\":\"BreadcrumbList\",\"@id\":\"https:\\\/\\\/lospoliticosveracruz.com\\\/?p=169907#breadcrumb\",\"itemListElement\":[{\"@type\":\"ListItem\",\"position\":1,\"name\":\"Portada\",\"item\":\"https:\\\/\\\/lospoliticosveracruz.com\\\/\"},{\"@type\":\"ListItem\",\"position\":2,\"name\":\"A\u00daN NO TOCAMOS EL INFIERNO!\"}]},{\"@type\":\"WebSite\",\"@id\":\"https:\\\/\\\/lospoliticosveracruz.com\\\/#website\",\"url\":\"https:\\\/\\\/lospoliticosveracruz.com\\\/\",\"name\":\"Los pol\u00edticos Veracruz\",\"description\":\"\",\"publisher\":{\"@id\":\"https:\\\/\\\/lospoliticosveracruz.com\\\/#organization\"},\"potentialAction\":[{\"@type\":\"SearchAction\",\"target\":{\"@type\":\"EntryPoint\",\"urlTemplate\":\"https:\\\/\\\/lospoliticosveracruz.com\\\/?s={search_term_string}\"},\"query-input\":{\"@type\":\"PropertyValueSpecification\",\"valueRequired\":true,\"valueName\":\"search_term_string\"}}],\"inLanguage\":\"es\"},{\"@type\":\"Organization\",\"@id\":\"https:\\\/\\\/lospoliticosveracruz.com\\\/#organization\",\"name\":\"Los pol\u00edticos Veracruz\",\"url\":\"https:\\\/\\\/lospoliticosveracruz.com\\\/\",\"logo\":{\"@type\":\"ImageObject\",\"inLanguage\":\"es\",\"@id\":\"https:\\\/\\\/lospoliticosveracruz.com\\\/#\\\/schema\\\/logo\\\/image\\\/\",\"url\":\"https:\\\/\\\/lospoliticosveracruz.com\\\/wp-content\\\/uploads\\\/2025\\\/12\\\/Logo-Nuevo-LOS-POLITICOS-1.jpg\",\"contentUrl\":\"https:\\\/\\\/lospoliticosveracruz.com\\\/wp-content\\\/uploads\\\/2025\\\/12\\\/Logo-Nuevo-LOS-POLITICOS-1.jpg\",\"width\":260,\"height\":70,\"caption\":\"Los pol\u00edticos Veracruz\"},\"image\":{\"@id\":\"https:\\\/\\\/lospoliticosveracruz.com\\\/#\\\/schema\\\/logo\\\/image\\\/\"},\"sameAs\":[\"https:\\\/\\\/www.facebook.com\\\/people\\\/Notimemes-de-los-Polticos\\\/61565672886568\\\/\",\"https:\\\/\\\/x.com\\\/LosPoliticosVer\"]},{\"@type\":\"Person\",\"@id\":\"https:\\\/\\\/lospoliticosveracruz.com\\\/#\\\/schema\\\/person\\\/b8702bb0e538456e6efd07080bf2a4a2\",\"name\":\"Lo viste en Los Pol\u00edticos\",\"image\":{\"@type\":\"ImageObject\",\"inLanguage\":\"es\",\"@id\":\"https:\\\/\\\/secure.gravatar.com\\\/avatar\\\/3a8de04a2656d44082be478bd6c086daa447c4651605818287b9532d3d0bd435?s=96&d=mm&r=g\",\"url\":\"https:\\\/\\\/secure.gravatar.com\\\/avatar\\\/3a8de04a2656d44082be478bd6c086daa447c4651605818287b9532d3d0bd435?s=96&d=mm&r=g\",\"contentUrl\":\"https:\\\/\\\/secure.gravatar.com\\\/avatar\\\/3a8de04a2656d44082be478bd6c086daa447c4651605818287b9532d3d0bd435?s=96&d=mm&r=g\",\"caption\":\"Lo viste en Los Pol\u00edticos\"},\"url\":\"https:\\\/\\\/lospoliticosveracruz.com\\\/?author=2\"}]}<\/script>\n<!-- \/ Yoast SEO plugin. -->","yoast_head_json":{"title":"A\u00daN NO TOCAMOS EL INFIERNO! - Los pol\u00edticos Veracruz","robots":{"index":"index","follow":"follow","max-snippet":"max-snippet:-1","max-image-preview":"max-image-preview:large","max-video-preview":"max-video-preview:-1"},"canonical":"https:\/\/lospoliticosveracruz.com\/?p=169907","og_locale":"es_ES","og_type":"article","og_title":"A\u00daN NO TOCAMOS EL INFIERNO! - Los pol\u00edticos Veracruz","og_description":"Angeles Gonz\u00e1lez Ceballos A pesar de las altas temperaturas que se han registrado en los \u00faltimos d\u00edas a consecuencia de la ola de calor que se presenta a lo largo y ancho de la Entidad, no se han superado los valores hist\u00f3ricos en las estaciones. As\u00ed lo inform\u00f3 la jefa de Hidrometeorolog\u00eda de la Comisi\u00f3n [&hellip;]","og_url":"https:\/\/lospoliticosveracruz.com\/?p=169907","og_site_name":"Los pol\u00edticos Veracruz","article_publisher":"https:\/\/www.facebook.com\/people\/Notimemes-de-los-Polticos\/61565672886568\/","article_published_time":"2026-04-27T19:46:14+00:00","article_modified_time":"2026-04-27T19:46:15+00:00","og_image":[{"width":600,"height":320,"url":"https:\/\/lospoliticosveracruz.com\/wp-content\/uploads\/2026\/04\/conagua.jpg","type":"image\/jpeg"}],"author":"Lo viste en Los Pol\u00edticos","twitter_card":"summary_large_image","twitter_creator":"@LosPoliticosVer","twitter_site":"@LosPoliticosVer","twitter_misc":{"Escrito por":"Lo viste en Los Pol\u00edticos","Tiempo de lectura":"2 minutos"},"schema":{"@context":"https:\/\/schema.org","@graph":[{"@type":"Article","@id":"https:\/\/lospoliticosveracruz.com\/?p=169907#article","isPartOf":{"@id":"https:\/\/lospoliticosveracruz.com\/?p=169907"},"author":{"name":"Lo viste en Los Pol\u00edticos","@id":"https:\/\/lospoliticosveracruz.com\/#\/schema\/person\/b8702bb0e538456e6efd07080bf2a4a2"},"headline":"A\u00daN NO TOCAMOS EL INFIERNO!","datePublished":"2026-04-27T19:46:14+00:00","dateModified":"2026-04-27T19:46:15+00:00","mainEntityOfPage":{"@id":"https:\/\/lospoliticosveracruz.com\/?p=169907"},"wordCount":329,"publisher":{"@id":"https:\/\/lospoliticosveracruz.com\/#organization"},"image":{"@id":"https:\/\/lospoliticosveracruz.com\/?p=169907#primaryimage"},"thumbnailUrl":"https:\/\/lospoliticosveracruz.com\/wp-content\/uploads\/2026\/04\/conagua.jpg","keywords":["Jessica Luna Lagunes clima Veracruz","Ola de calor Veracruz abril 2026","Percentil 99 calor extremo SMN","Pron\u00f3stico del tiempo Veracruz 2026","Temperaturas m\u00e1ximas CONAGUA Veracruz hoy","Tierra Blanca 42 grados calor"],"articleSection":["La Nota"],"inLanguage":"es"},{"@type":"WebPage","@id":"https:\/\/lospoliticosveracruz.com\/?p=169907","url":"https:\/\/lospoliticosveracruz.com\/?p=169907","name":"A\u00daN NO TOCAMOS EL INFIERNO! - Los pol\u00edticos Veracruz","isPartOf":{"@id":"https:\/\/lospoliticosveracruz.com\/#website"},"primaryImageOfPage":{"@id":"https:\/\/lospoliticosveracruz.com\/?p=169907#primaryimage"},"image":{"@id":"https:\/\/lospoliticosveracruz.com\/?p=169907#primaryimage"},"thumbnailUrl":"https:\/\/lospoliticosveracruz.com\/wp-content\/uploads\/2026\/04\/conagua.jpg","datePublished":"2026-04-27T19:46:14+00:00","dateModified":"2026-04-27T19:46:15+00:00","breadcrumb":{"@id":"https:\/\/lospoliticosveracruz.com\/?p=169907#breadcrumb"},"inLanguage":"es","potentialAction":[{"@type":"ReadAction","target":["https:\/\/lospoliticosveracruz.com\/?p=169907"]}]},{"@type":"ImageObject","inLanguage":"es","@id":"https:\/\/lospoliticosveracruz.com\/?p=169907#primaryimage","url":"https:\/\/lospoliticosveracruz.com\/wp-content\/uploads\/2026\/04\/conagua.jpg","contentUrl":"https:\/\/lospoliticosveracruz.com\/wp-content\/uploads\/2026\/04\/conagua.jpg","width":600,"height":320},{"@type":"BreadcrumbList","@id":"https:\/\/lospoliticosveracruz.com\/?p=169907#breadcrumb","itemListElement":[{"@type":"ListItem","position":1,"name":"Portada","item":"https:\/\/lospoliticosveracruz.com\/"},{"@type":"ListItem","position":2,"name":"A\u00daN NO TOCAMOS EL INFIERNO!"}]},{"@type":"WebSite","@id":"https:\/\/lospoliticosveracruz.com\/#website","url":"https:\/\/lospoliticosveracruz.com\/","name":"Los pol\u00edticos Veracruz","description":"","publisher":{"@id":"https:\/\/lospoliticosveracruz.com\/#organization"},"potentialAction":[{"@type":"SearchAction","target":{"@type":"EntryPoint","urlTemplate":"https:\/\/lospoliticosveracruz.com\/?s={search_term_string}"},"query-input":{"@type":"PropertyValueSpecification","valueRequired":true,"valueName":"search_term_string"}}],"inLanguage":"es"},{"@type":"Organization","@id":"https:\/\/lospoliticosveracruz.com\/#organization","name":"Los pol\u00edticos Veracruz","url":"https:\/\/lospoliticosveracruz.com\/","logo":{"@type":"ImageObject","inLanguage":"es","@id":"https:\/\/lospoliticosveracruz.com\/#\/schema\/logo\/image\/","url":"https:\/\/lospoliticosveracruz.com\/wp-content\/uploads\/2025\/12\/Logo-Nuevo-LOS-POLITICOS-1.jpg","contentUrl":"https:\/\/lospoliticosveracruz.com\/wp-content\/uploads\/2025\/12\/Logo-Nuevo-LOS-POLITICOS-1.jpg","width":260,"height":70,"caption":"Los pol\u00edticos Veracruz"},"image":{"@id":"https:\/\/lospoliticosveracruz.com\/#\/schema\/logo\/image\/"},"sameAs":["https:\/\/www.facebook.com\/people\/Notimemes-de-los-Polticos\/61565672886568\/","https:\/\/x.com\/LosPoliticosVer"]},{"@type":"Person","@id":"https:\/\/lospoliticosveracruz.com\/#\/schema\/person\/b8702bb0e538456e6efd07080bf2a4a2","name":"Lo viste en Los Pol\u00edticos","image":{"@type":"ImageObject","inLanguage":"es","@id":"https:\/\/secure.gravatar.com\/avatar\/3a8de04a2656d44082be478bd6c086daa447c4651605818287b9532d3d0bd435?s=96&d=mm&r=g","url":"https:\/\/secure.gravatar.com\/avatar\/3a8de04a2656d44082be478bd6c086daa447c4651605818287b9532d3d0bd435?s=96&d=mm&r=g","contentUrl":"https:\/\/secure.gravatar.com\/avatar\/3a8de04a2656d44082be478bd6c086daa447c4651605818287b9532d3d0bd435?s=96&d=mm&r=g","caption":"Lo viste en Los Pol\u00edticos"},"url":"https:\/\/lospoliticosveracruz.com\/?author=2"}]}},"_links":{"self":[{"href":"https:\/\/lospoliticosveracruz.com\/index.php?rest_route=\/wp\/v2\/posts\/169907","targetHints":{"allow":["GET"]}}],"collection":[{"href":"https:\/\/lospoliticosveracruz.com\/index.php?rest_route=\/wp\/v2\/posts"}],"about":[{"href":"https:\/\/lospoliticosveracruz.com\/index.php?rest_route=\/wp\/v2\/types\/post"}],"author":[{"embeddable":true,"href":"https:\/\/lospoliticosveracruz.com\/index.php?rest_route=\/wp\/v2\/users\/2"}],"replies":[{"embeddable":true,"href":"https:\/\/lospoliticosveracruz.com\/index.php?rest_route=%2Fwp%2Fv2%2Fcomments&post=169907"}],"version-history":[{"count":1,"href":"https:\/\/lospoliticosveracruz.com\/index.php?rest_route=\/wp\/v2\/posts\/169907\/revisions"}],"predecessor-version":[{"id":169909,"href":"https:\/\/lospoliticosveracruz.com\/index.php?rest_route=\/wp\/v2\/posts\/169907\/revisions\/169909"}],"wp:featuredmedia":[{"embeddable":true,"href":"https:\/\/lospoliticosveracruz.com\/index.php?rest_route=\/wp\/v2\/media\/169908"}],"wp:attachment":[{"href":"https:\/\/lospoliticosveracruz.com\/index.php?rest_route=%2Fwp%2Fv2%2Fmedia&parent=169907"}],"wp:term":[{"taxonomy":"category","embeddable":true,"href":"https:\/\/lospoliticosveracruz.com\/index.php?rest_route=%2Fwp%2Fv2%2Fcategories&post=169907"},{"taxonomy":"post_tag","embeddable":true,"href":"https:\/\/lospoliticosveracruz.com\/index.php?rest_route=%2Fwp%2Fv2%2Ftags&post=169907"}],"curies":[{"name":"wp","href":"https:\/\/api.w.org\/{rel}","templated":true}]}}