{"id":169910,"date":"2026-04-27T14:02:00","date_gmt":"2026-04-27T20:02:00","guid":{"rendered":"https:\/\/lospoliticosveracruz.com\/?p=169910"},"modified":"2026-04-27T14:02:01","modified_gmt":"2026-04-27T20:02:01","slug":"le-dan-luz-verde-al-pmd-poza-rica","status":"publish","type":"post","link":"https:\/\/lospoliticosveracruz.com\/?p=169910","title":{"rendered":"LE DAN LUZ VERDE AL PMD-POZA RICA"},"content":{"rendered":"\n<p>Poza Rica: En un paso clave para el rumbo del municipio, el Comit\u00e9 de Planeaci\u00f3n para el Desarrollo Municipal (COPLADEMUN), en coordinaci\u00f3n con la Presidenta Municipal, Adanely Rodr\u00edguez, aprob\u00f3 el Plan Municipal de Desarrollo, documento rector que marcar\u00e1 las acciones y pol\u00edticas p\u00fablicas de la actual administraci\u00f3n.<\/p>\n\n\n\n<p>Durante la sesi\u00f3n, encabezada por la alcaldesa en su car\u00e1cter de presidenta del COPLADEMUN, se valid\u00f3 este instrumento construido a partir de un amplio ejercicio participativo, lo que permiti\u00f3 consolidar una planeaci\u00f3n responsable, incluyente y con visi\u00f3n de futuro para Poza Rica.<\/p>\n\n\n\n<p>El COPLADEMUN est\u00e1 integrado por ciudadanos pozarricenses expertos en distintos \u00e1mbitos, quienes reconocieron que este plan representa una oportunidad real para superar deudas hist\u00f3ricas que por a\u00f1os han tenido los gobiernos municipales con la ciudadan\u00eda.<\/p>\n\n\n\n<p>Este plan es resultado de un proceso de cuatro meses de trabajo, en el que se llevaron a cabo foros de consulta ciudadana, reuniones con directores de \u00e1rea y un an\u00e1lisis integral basado en investigaci\u00f3n documental sobre la situaci\u00f3n actual del municipio. A partir de este diagn\u00f3stico, se definieron las estrategias y acciones que guiar\u00e1n el desarrollo de la ciudad durante los pr\u00f3ximos cuatro a\u00f1os.<\/p>\n\n\n\n<p>Con esta aprobaci\u00f3n, el documento ser\u00e1 turnado al Cabildo para su an\u00e1lisis y validaci\u00f3n, y posteriormente enviado al Congreso del Estado para su aprobaci\u00f3n definitiva, conforme a la normatividad vigente.<\/p>\n\n\n\n<p>Asimismo, se destac\u00f3 que el Plan Municipal de Desarrollo contempla un mecanismo de actualizaci\u00f3n en el segundo a\u00f1o de gobierno, lo que permitir\u00e1 evaluar los avances alcanzados, ajustar metas y fortalecer las acciones para cumplir con los objetivos planteados en beneficio de la ciudadan\u00eda.<\/p>\n\n\n\n<p>El Gobierno de Poza Rica, encabezado por la Presidenta Municipal Adanely Rodr\u00edguez, reafirma as\u00ed su compromiso con una planeaci\u00f3n ordenada, transparente y basada en la participaci\u00f3n ciudadana, que permita construir un municipio con mejores oportunidades y mayor bienestar para todas y todos.<\/p>\n","protected":false},"excerpt":{"rendered":"<p>Poza Rica: En un paso clave para el rumbo del municipio, el Comit\u00e9 de Planeaci\u00f3n para el Desarrollo Municipal (COPLADEMUN), en coordinaci\u00f3n con la Presidenta Municipal, Adanely Rodr\u00edguez, aprob\u00f3 el Plan Municipal de Desarrollo, documento rector que marcar\u00e1 las acciones y pol\u00edticas p\u00fablicas de la actual administraci\u00f3n. Durante la sesi\u00f3n, encabezada por la alcaldesa en [&hellip;]<\/p>\n","protected":false},"author":2,"featured_media":169911,"comment_status":"closed","ping_status":"closed","sticky":false,"template":"","format":"standard","meta":{"tdm_status":"","tdm_grid_status":"","footnotes":""},"categories":[73],"tags":[61049,62417,62416,62419,54484,62418],"class_list":{"0":"post-169910","1":"post","2":"type-post","3":"status-publish","4":"format-standard","5":"has-post-thumbnail","7":"category-de-boleto","8":"tag-adanely-rodriguez-poza-rica-2026","9":"tag-consulta-ciudadana-poza-rica-pmd","10":"tag-coplademun-poza-rica-aprobacion","11":"tag-gobierno-de-poza-rica-adanely","12":"tag-plan-municipal-de-desarrollo-poza-rica","13":"tag-planeacion-urbana-poza-rica-2026"},"yoast_head":"<!-- This site is optimized with the Yoast SEO plugin v27.4 - https:\/\/yoast.com\/product\/yoast-seo-wordpress\/ -->\n<title>LE DAN LUZ VERDE AL PMD-POZA RICA - Los pol\u00edticos Veracruz<\/title>\n<meta name=\"robots\" content=\"index, follow, max-snippet:-1, max-image-preview:large, max-video-preview:-1\" \/>\n<link rel=\"canonical\" href=\"https:\/\/lospoliticosveracruz.com\/?p=169910\" \/>\n<meta property=\"og:locale\" content=\"es_ES\" \/>\n<meta property=\"og:type\" content=\"article\" \/>\n<meta property=\"og:title\" content=\"LE DAN LUZ VERDE AL PMD-POZA RICA - Los pol\u00edticos Veracruz\" \/>\n<meta property=\"og:description\" content=\"Poza Rica: En un paso clave para el rumbo del municipio, el Comit\u00e9 de Planeaci\u00f3n para el Desarrollo Municipal (COPLADEMUN), en coordinaci\u00f3n con la Presidenta Municipal, Adanely Rodr\u00edguez, aprob\u00f3 el Plan Municipal de Desarrollo, documento rector que marcar\u00e1 las acciones y pol\u00edticas p\u00fablicas de la actual administraci\u00f3n. Durante la sesi\u00f3n, encabezada por la alcaldesa en [&hellip;]\" \/>\n<meta property=\"og:url\" content=\"https:\/\/lospoliticosveracruz.com\/?p=169910\" \/>\n<meta property=\"og:site_name\" content=\"Los pol\u00edticos Veracruz\" \/>\n<meta property=\"article:publisher\" content=\"https:\/\/www.facebook.com\/people\/Notimemes-de-los-Polticos\/61565672886568\/\" \/>\n<meta property=\"article:published_time\" content=\"2026-04-27T20:02:00+00:00\" \/>\n<meta property=\"article:modified_time\" content=\"2026-04-27T20:02:01+00:00\" \/>\n<meta property=\"og:image\" content=\"https:\/\/lospoliticosveracruz.com\/wp-content\/uploads\/2026\/04\/PR-3.jpg\" \/>\n\t<meta property=\"og:image:width\" content=\"600\" \/>\n\t<meta property=\"og:image:height\" content=\"320\" \/>\n\t<meta property=\"og:image:type\" content=\"image\/jpeg\" \/>\n<meta name=\"author\" content=\"Lo viste en Los Pol\u00edticos\" \/>\n<meta name=\"twitter:card\" content=\"summary_large_image\" \/>\n<meta name=\"twitter:creator\" content=\"@LosPoliticosVer\" \/>\n<meta name=\"twitter:site\" content=\"@LosPoliticosVer\" \/>\n<meta name=\"twitter:label1\" content=\"Escrito por\" \/>\n\t<meta name=\"twitter:data1\" content=\"Lo viste en Los Pol\u00edticos\" \/>\n\t<meta name=\"twitter:label2\" content=\"Tiempo de lectura\" \/>\n\t<meta name=\"twitter:data2\" content=\"2 minutos\" \/>\n<script type=\"application\/ld+json\" class=\"yoast-schema-graph\">{\"@context\":\"https:\\\/\\\/schema.org\",\"@graph\":[{\"@type\":\"Article\",\"@id\":\"https:\\\/\\\/lospoliticosveracruz.com\\\/?p=169910#article\",\"isPartOf\":{\"@id\":\"https:\\\/\\\/lospoliticosveracruz.com\\\/?p=169910\"},\"author\":{\"name\":\"Lo viste en Los Pol\u00edticos\",\"@id\":\"https:\\\/\\\/lospoliticosveracruz.com\\\/#\\\/schema\\\/person\\\/b8702bb0e538456e6efd07080bf2a4a2\"},\"headline\":\"LE DAN LUZ VERDE AL PMD-POZA RICA\",\"datePublished\":\"2026-04-27T20:02:00+00:00\",\"dateModified\":\"2026-04-27T20:02:01+00:00\",\"mainEntityOfPage\":{\"@id\":\"https:\\\/\\\/lospoliticosveracruz.com\\\/?p=169910\"},\"wordCount\":342,\"publisher\":{\"@id\":\"https:\\\/\\\/lospoliticosveracruz.com\\\/#organization\"},\"image\":{\"@id\":\"https:\\\/\\\/lospoliticosveracruz.com\\\/?p=169910#primaryimage\"},\"thumbnailUrl\":\"https:\\\/\\\/lospoliticosveracruz.com\\\/wp-content\\\/uploads\\\/2026\\\/04\\\/PR-3.jpg\",\"keywords\":[\"Adanely Rodr\u00edguez Poza Rica 2026\",\"Consulta ciudadana Poza Rica PMD\",\"COPLADEMUN Poza Rica aprobaci\u00f3n\",\"Gobierno de Poza Rica Adanely\",\"Plan Municipal de Desarrollo Poza Rica\",\"Planeaci\u00f3n urbana Poza Rica 2026\"],\"articleSection\":[\"De Boleto\"],\"inLanguage\":\"es\"},{\"@type\":\"WebPage\",\"@id\":\"https:\\\/\\\/lospoliticosveracruz.com\\\/?p=169910\",\"url\":\"https:\\\/\\\/lospoliticosveracruz.com\\\/?p=169910\",\"name\":\"LE DAN LUZ VERDE AL PMD-POZA RICA - Los pol\u00edticos Veracruz\",\"isPartOf\":{\"@id\":\"https:\\\/\\\/lospoliticosveracruz.com\\\/#website\"},\"primaryImageOfPage\":{\"@id\":\"https:\\\/\\\/lospoliticosveracruz.com\\\/?p=169910#primaryimage\"},\"image\":{\"@id\":\"https:\\\/\\\/lospoliticosveracruz.com\\\/?p=169910#primaryimage\"},\"thumbnailUrl\":\"https:\\\/\\\/lospoliticosveracruz.com\\\/wp-content\\\/uploads\\\/2026\\\/04\\\/PR-3.jpg\",\"datePublished\":\"2026-04-27T20:02:00+00:00\",\"dateModified\":\"2026-04-27T20:02:01+00:00\",\"breadcrumb\":{\"@id\":\"https:\\\/\\\/lospoliticosveracruz.com\\\/?p=169910#breadcrumb\"},\"inLanguage\":\"es\",\"potentialAction\":[{\"@type\":\"ReadAction\",\"target\":[\"https:\\\/\\\/lospoliticosveracruz.com\\\/?p=169910\"]}]},{\"@type\":\"ImageObject\",\"inLanguage\":\"es\",\"@id\":\"https:\\\/\\\/lospoliticosveracruz.com\\\/?p=169910#primaryimage\",\"url\":\"https:\\\/\\\/lospoliticosveracruz.com\\\/wp-content\\\/uploads\\\/2026\\\/04\\\/PR-3.jpg\",\"contentUrl\":\"https:\\\/\\\/lospoliticosveracruz.com\\\/wp-content\\\/uploads\\\/2026\\\/04\\\/PR-3.jpg\",\"width\":600,\"height\":320},{\"@type\":\"BreadcrumbList\",\"@id\":\"https:\\\/\\\/lospoliticosveracruz.com\\\/?p=169910#breadcrumb\",\"itemListElement\":[{\"@type\":\"ListItem\",\"position\":1,\"name\":\"Portada\",\"item\":\"https:\\\/\\\/lospoliticosveracruz.com\\\/\"},{\"@type\":\"ListItem\",\"position\":2,\"name\":\"LE DAN LUZ VERDE AL PMD-POZA RICA\"}]},{\"@type\":\"WebSite\",\"@id\":\"https:\\\/\\\/lospoliticosveracruz.com\\\/#website\",\"url\":\"https:\\\/\\\/lospoliticosveracruz.com\\\/\",\"name\":\"Los pol\u00edticos Veracruz\",\"description\":\"\",\"publisher\":{\"@id\":\"https:\\\/\\\/lospoliticosveracruz.com\\\/#organization\"},\"potentialAction\":[{\"@type\":\"SearchAction\",\"target\":{\"@type\":\"EntryPoint\",\"urlTemplate\":\"https:\\\/\\\/lospoliticosveracruz.com\\\/?s={search_term_string}\"},\"query-input\":{\"@type\":\"PropertyValueSpecification\",\"valueRequired\":true,\"valueName\":\"search_term_string\"}}],\"inLanguage\":\"es\"},{\"@type\":\"Organization\",\"@id\":\"https:\\\/\\\/lospoliticosveracruz.com\\\/#organization\",\"name\":\"Los pol\u00edticos Veracruz\",\"url\":\"https:\\\/\\\/lospoliticosveracruz.com\\\/\",\"logo\":{\"@type\":\"ImageObject\",\"inLanguage\":\"es\",\"@id\":\"https:\\\/\\\/lospoliticosveracruz.com\\\/#\\\/schema\\\/logo\\\/image\\\/\",\"url\":\"https:\\\/\\\/lospoliticosveracruz.com\\\/wp-content\\\/uploads\\\/2025\\\/12\\\/Logo-Nuevo-LOS-POLITICOS-1.jpg\",\"contentUrl\":\"https:\\\/\\\/lospoliticosveracruz.com\\\/wp-content\\\/uploads\\\/2025\\\/12\\\/Logo-Nuevo-LOS-POLITICOS-1.jpg\",\"width\":260,\"height\":70,\"caption\":\"Los pol\u00edticos Veracruz\"},\"image\":{\"@id\":\"https:\\\/\\\/lospoliticosveracruz.com\\\/#\\\/schema\\\/logo\\\/image\\\/\"},\"sameAs\":[\"https:\\\/\\\/www.facebook.com\\\/people\\\/Notimemes-de-los-Polticos\\\/61565672886568\\\/\",\"https:\\\/\\\/x.com\\\/LosPoliticosVer\"]},{\"@type\":\"Person\",\"@id\":\"https:\\\/\\\/lospoliticosveracruz.com\\\/#\\\/schema\\\/person\\\/b8702bb0e538456e6efd07080bf2a4a2\",\"name\":\"Lo viste en Los Pol\u00edticos\",\"image\":{\"@type\":\"ImageObject\",\"inLanguage\":\"es\",\"@id\":\"https:\\\/\\\/secure.gravatar.com\\\/avatar\\\/3a8de04a2656d44082be478bd6c086daa447c4651605818287b9532d3d0bd435?s=96&d=mm&r=g\",\"url\":\"https:\\\/\\\/secure.gravatar.com\\\/avatar\\\/3a8de04a2656d44082be478bd6c086daa447c4651605818287b9532d3d0bd435?s=96&d=mm&r=g\",\"contentUrl\":\"https:\\\/\\\/secure.gravatar.com\\\/avatar\\\/3a8de04a2656d44082be478bd6c086daa447c4651605818287b9532d3d0bd435?s=96&d=mm&r=g\",\"caption\":\"Lo viste en Los Pol\u00edticos\"},\"url\":\"https:\\\/\\\/lospoliticosveracruz.com\\\/?author=2\"}]}<\/script>\n<!-- \/ Yoast SEO plugin. -->","yoast_head_json":{"title":"LE DAN LUZ VERDE AL PMD-POZA RICA - Los pol\u00edticos Veracruz","robots":{"index":"index","follow":"follow","max-snippet":"max-snippet:-1","max-image-preview":"max-image-preview:large","max-video-preview":"max-video-preview:-1"},"canonical":"https:\/\/lospoliticosveracruz.com\/?p=169910","og_locale":"es_ES","og_type":"article","og_title":"LE DAN LUZ VERDE AL PMD-POZA RICA - Los pol\u00edticos Veracruz","og_description":"Poza Rica: En un paso clave para el rumbo del municipio, el Comit\u00e9 de Planeaci\u00f3n para el Desarrollo Municipal (COPLADEMUN), en coordinaci\u00f3n con la Presidenta Municipal, Adanely Rodr\u00edguez, aprob\u00f3 el Plan Municipal de Desarrollo, documento rector que marcar\u00e1 las acciones y pol\u00edticas p\u00fablicas de la actual administraci\u00f3n. Durante la sesi\u00f3n, encabezada por la alcaldesa en [&hellip;]","og_url":"https:\/\/lospoliticosveracruz.com\/?p=169910","og_site_name":"Los pol\u00edticos Veracruz","article_publisher":"https:\/\/www.facebook.com\/people\/Notimemes-de-los-Polticos\/61565672886568\/","article_published_time":"2026-04-27T20:02:00+00:00","article_modified_time":"2026-04-27T20:02:01+00:00","og_image":[{"width":600,"height":320,"url":"https:\/\/lospoliticosveracruz.com\/wp-content\/uploads\/2026\/04\/PR-3.jpg","type":"image\/jpeg"}],"author":"Lo viste en Los Pol\u00edticos","twitter_card":"summary_large_image","twitter_creator":"@LosPoliticosVer","twitter_site":"@LosPoliticosVer","twitter_misc":{"Escrito por":"Lo viste en Los Pol\u00edticos","Tiempo de lectura":"2 minutos"},"schema":{"@context":"https:\/\/schema.org","@graph":[{"@type":"Article","@id":"https:\/\/lospoliticosveracruz.com\/?p=169910#article","isPartOf":{"@id":"https:\/\/lospoliticosveracruz.com\/?p=169910"},"author":{"name":"Lo viste en Los Pol\u00edticos","@id":"https:\/\/lospoliticosveracruz.com\/#\/schema\/person\/b8702bb0e538456e6efd07080bf2a4a2"},"headline":"LE DAN LUZ VERDE AL PMD-POZA RICA","datePublished":"2026-04-27T20:02:00+00:00","dateModified":"2026-04-27T20:02:01+00:00","mainEntityOfPage":{"@id":"https:\/\/lospoliticosveracruz.com\/?p=169910"},"wordCount":342,"publisher":{"@id":"https:\/\/lospoliticosveracruz.com\/#organization"},"image":{"@id":"https:\/\/lospoliticosveracruz.com\/?p=169910#primaryimage"},"thumbnailUrl":"https:\/\/lospoliticosveracruz.com\/wp-content\/uploads\/2026\/04\/PR-3.jpg","keywords":["Adanely Rodr\u00edguez Poza Rica 2026","Consulta ciudadana Poza Rica PMD","COPLADEMUN Poza Rica aprobaci\u00f3n","Gobierno de Poza Rica Adanely","Plan Municipal de Desarrollo Poza Rica","Planeaci\u00f3n urbana Poza Rica 2026"],"articleSection":["De Boleto"],"inLanguage":"es"},{"@type":"WebPage","@id":"https:\/\/lospoliticosveracruz.com\/?p=169910","url":"https:\/\/lospoliticosveracruz.com\/?p=169910","name":"LE DAN LUZ VERDE AL PMD-POZA RICA - Los pol\u00edticos Veracruz","isPartOf":{"@id":"https:\/\/lospoliticosveracruz.com\/#website"},"primaryImageOfPage":{"@id":"https:\/\/lospoliticosveracruz.com\/?p=169910#primaryimage"},"image":{"@id":"https:\/\/lospoliticosveracruz.com\/?p=169910#primaryimage"},"thumbnailUrl":"https:\/\/lospoliticosveracruz.com\/wp-content\/uploads\/2026\/04\/PR-3.jpg","datePublished":"2026-04-27T20:02:00+00:00","dateModified":"2026-04-27T20:02:01+00:00","breadcrumb":{"@id":"https:\/\/lospoliticosveracruz.com\/?p=169910#breadcrumb"},"inLanguage":"es","potentialAction":[{"@type":"ReadAction","target":["https:\/\/lospoliticosveracruz.com\/?p=169910"]}]},{"@type":"ImageObject","inLanguage":"es","@id":"https:\/\/lospoliticosveracruz.com\/?p=169910#primaryimage","url":"https:\/\/lospoliticosveracruz.com\/wp-content\/uploads\/2026\/04\/PR-3.jpg","contentUrl":"https:\/\/lospoliticosveracruz.com\/wp-content\/uploads\/2026\/04\/PR-3.jpg","width":600,"height":320},{"@type":"BreadcrumbList","@id":"https:\/\/lospoliticosveracruz.com\/?p=169910#breadcrumb","itemListElement":[{"@type":"ListItem","position":1,"name":"Portada","item":"https:\/\/lospoliticosveracruz.com\/"},{"@type":"ListItem","position":2,"name":"LE DAN LUZ VERDE AL PMD-POZA RICA"}]},{"@type":"WebSite","@id":"https:\/\/lospoliticosveracruz.com\/#website","url":"https:\/\/lospoliticosveracruz.com\/","name":"Los pol\u00edticos Veracruz","description":"","publisher":{"@id":"https:\/\/lospoliticosveracruz.com\/#organization"},"potentialAction":[{"@type":"SearchAction","target":{"@type":"EntryPoint","urlTemplate":"https:\/\/lospoliticosveracruz.com\/?s={search_term_string}"},"query-input":{"@type":"PropertyValueSpecification","valueRequired":true,"valueName":"search_term_string"}}],"inLanguage":"es"},{"@type":"Organization","@id":"https:\/\/lospoliticosveracruz.com\/#organization","name":"Los pol\u00edticos Veracruz","url":"https:\/\/lospoliticosveracruz.com\/","logo":{"@type":"ImageObject","inLanguage":"es","@id":"https:\/\/lospoliticosveracruz.com\/#\/schema\/logo\/image\/","url":"https:\/\/lospoliticosveracruz.com\/wp-content\/uploads\/2025\/12\/Logo-Nuevo-LOS-POLITICOS-1.jpg","contentUrl":"https:\/\/lospoliticosveracruz.com\/wp-content\/uploads\/2025\/12\/Logo-Nuevo-LOS-POLITICOS-1.jpg","width":260,"height":70,"caption":"Los pol\u00edticos Veracruz"},"image":{"@id":"https:\/\/lospoliticosveracruz.com\/#\/schema\/logo\/image\/"},"sameAs":["https:\/\/www.facebook.com\/people\/Notimemes-de-los-Polticos\/61565672886568\/","https:\/\/x.com\/LosPoliticosVer"]},{"@type":"Person","@id":"https:\/\/lospoliticosveracruz.com\/#\/schema\/person\/b8702bb0e538456e6efd07080bf2a4a2","name":"Lo viste en Los Pol\u00edticos","image":{"@type":"ImageObject","inLanguage":"es","@id":"https:\/\/secure.gravatar.com\/avatar\/3a8de04a2656d44082be478bd6c086daa447c4651605818287b9532d3d0bd435?s=96&d=mm&r=g","url":"https:\/\/secure.gravatar.com\/avatar\/3a8de04a2656d44082be478bd6c086daa447c4651605818287b9532d3d0bd435?s=96&d=mm&r=g","contentUrl":"https:\/\/secure.gravatar.com\/avatar\/3a8de04a2656d44082be478bd6c086daa447c4651605818287b9532d3d0bd435?s=96&d=mm&r=g","caption":"Lo viste en Los Pol\u00edticos"},"url":"https:\/\/lospoliticosveracruz.com\/?author=2"}]}},"_links":{"self":[{"href":"https:\/\/lospoliticosveracruz.com\/index.php?rest_route=\/wp\/v2\/posts\/169910","targetHints":{"allow":["GET"]}}],"collection":[{"href":"https:\/\/lospoliticosveracruz.com\/index.php?rest_route=\/wp\/v2\/posts"}],"about":[{"href":"https:\/\/lospoliticosveracruz.com\/index.php?rest_route=\/wp\/v2\/types\/post"}],"author":[{"embeddable":true,"href":"https:\/\/lospoliticosveracruz.com\/index.php?rest_route=\/wp\/v2\/users\/2"}],"replies":[{"embeddable":true,"href":"https:\/\/lospoliticosveracruz.com\/index.php?rest_route=%2Fwp%2Fv2%2Fcomments&post=169910"}],"version-history":[{"count":1,"href":"https:\/\/lospoliticosveracruz.com\/index.php?rest_route=\/wp\/v2\/posts\/169910\/revisions"}],"predecessor-version":[{"id":169912,"href":"https:\/\/lospoliticosveracruz.com\/index.php?rest_route=\/wp\/v2\/posts\/169910\/revisions\/169912"}],"wp:featuredmedia":[{"embeddable":true,"href":"https:\/\/lospoliticosveracruz.com\/index.php?rest_route=\/wp\/v2\/media\/169911"}],"wp:attachment":[{"href":"https:\/\/lospoliticosveracruz.com\/index.php?rest_route=%2Fwp%2Fv2%2Fmedia&parent=169910"}],"wp:term":[{"taxonomy":"category","embeddable":true,"href":"https:\/\/lospoliticosveracruz.com\/index.php?rest_route=%2Fwp%2Fv2%2Fcategories&post=169910"},{"taxonomy":"post_tag","embeddable":true,"href":"https:\/\/lospoliticosveracruz.com\/index.php?rest_route=%2Fwp%2Fv2%2Ftags&post=169910"}],"curies":[{"name":"wp","href":"https:\/\/api.w.org\/{rel}","templated":true}]}}