{"id":169913,"date":"2026-04-27T14:04:07","date_gmt":"2026-04-27T20:04:07","guid":{"rendered":"https:\/\/lospoliticosveracruz.com\/?p=169913"},"modified":"2026-04-27T14:04:08","modified_gmt":"2026-04-27T20:04:08","slug":"vayanse-por-la-sombrita","status":"publish","type":"post","link":"https:\/\/lospoliticosveracruz.com\/?p=169913","title":{"rendered":"V\u00c1YANSE POR LA SOMBRITA!"},"content":{"rendered":"\n<p><\/p>\n\n\n\n<p>La alcaldesa de Veracruz, Rosa Mar\u00eda Hern\u00e1ndez Espejo, exhorta a la poblaci\u00f3n a cuidarse ante el ambiente caluroso que prevalecer\u00e1 durante la semana, con temperaturas de hasta 38\u00b0C, mantenerse hidratados, evitar la exposici\u00f3n prolongada al sol y proteger especialmente a ni\u00f1as, ni\u00f1os, personas adultas mayores y poblaci\u00f3n vulnerable.<\/p>\n\n\n\n<p>Pide a la ciudadan\u00eda tomar precauciones para prevenir golpes de calor, utilizando ropa ligera y de colores claros, evitando actividades f\u00edsicas al aire libre en horas de mayor intensidad t\u00e9rmica, procurando permanecer en lugares frescos o ventilados para reducir riesgos a la salud.<\/p>\n\n\n\n<p>De igual forma, les recomienda mantenerse atentos a los avisos oficiales de Protecci\u00f3n Civil municipal, ya que hacia el fin de semana podr\u00eda presentarse un cambio en las condiciones del tiempo por la llegada de un frente fr\u00edo, con descenso de temperatura, viento del norte y probabilidad de lluvias.<\/p>\n\n\n\n<p>Tel\u00e9fonos de emergencia:<br>\u2022\u2060 \u2060Atenci\u00f3n de 8:00 a 18:00 horas: 229 200 2270, 229 200 2271<br>\u2022\u2060 \u2060Atenci\u00f3n 24 horas: 229 200 2275, 229 200 2276, 911<\/p>\n","protected":false},"excerpt":{"rendered":"<p>La alcaldesa de Veracruz, Rosa Mar\u00eda Hern\u00e1ndez Espejo, exhorta a la poblaci\u00f3n a cuidarse ante el ambiente caluroso que prevalecer\u00e1 durante la semana, con temperaturas de hasta 38\u00b0C, mantenerse hidratados, evitar la exposici\u00f3n prolongada al sol y proteger especialmente a ni\u00f1as, ni\u00f1os, personas adultas mayores y poblaci\u00f3n vulnerable. Pide a la ciudadan\u00eda tomar precauciones para [&hellip;]<\/p>\n","protected":false},"author":2,"featured_media":169914,"comment_status":"closed","ping_status":"closed","sticky":false,"template":"","format":"standard","meta":{"tdm_status":"","tdm_grid_status":"","footnotes":""},"categories":[56121],"tags":[62424,62422,62420,62423,62421,57512],"class_list":{"0":"post-169913","1":"post","2":"type-post","3":"status-publish","4":"format-standard","5":"has-post-thumbnail","7":"category-desde-jarochilandia","8":"tag-clima-veracruz-38-grados","9":"tag-frente-frio-veracruz-fin-de-semana","10":"tag-ola-de-calor-veracruz-2026-hoy","11":"tag-prevencion-golpe-de-calor-veracruz","12":"tag-rosa-maria-hernandez-espejo-recomendaciones","13":"tag-telefonos-emergencia-proteccion-civil-veracruz"},"yoast_head":"<!-- This site is optimized with the Yoast SEO plugin v27.4 - https:\/\/yoast.com\/product\/yoast-seo-wordpress\/ -->\n<title>V\u00c1YANSE POR LA SOMBRITA! - Los pol\u00edticos Veracruz<\/title>\n<meta name=\"robots\" content=\"index, follow, max-snippet:-1, max-image-preview:large, max-video-preview:-1\" \/>\n<link rel=\"canonical\" href=\"https:\/\/lospoliticosveracruz.com\/?p=169913\" \/>\n<meta property=\"og:locale\" content=\"es_ES\" \/>\n<meta property=\"og:type\" content=\"article\" \/>\n<meta property=\"og:title\" content=\"V\u00c1YANSE POR LA SOMBRITA! - Los pol\u00edticos Veracruz\" \/>\n<meta property=\"og:description\" content=\"La alcaldesa de Veracruz, Rosa Mar\u00eda Hern\u00e1ndez Espejo, exhorta a la poblaci\u00f3n a cuidarse ante el ambiente caluroso que prevalecer\u00e1 durante la semana, con temperaturas de hasta 38\u00b0C, mantenerse hidratados, evitar la exposici\u00f3n prolongada al sol y proteger especialmente a ni\u00f1as, ni\u00f1os, personas adultas mayores y poblaci\u00f3n vulnerable. Pide a la ciudadan\u00eda tomar precauciones para [&hellip;]\" \/>\n<meta property=\"og:url\" content=\"https:\/\/lospoliticosveracruz.com\/?p=169913\" \/>\n<meta property=\"og:site_name\" content=\"Los pol\u00edticos Veracruz\" \/>\n<meta property=\"article:publisher\" content=\"https:\/\/www.facebook.com\/people\/Notimemes-de-los-Polticos\/61565672886568\/\" \/>\n<meta property=\"article:published_time\" content=\"2026-04-27T20:04:07+00:00\" \/>\n<meta property=\"article:modified_time\" content=\"2026-04-27T20:04:08+00:00\" \/>\n<meta property=\"og:image\" content=\"https:\/\/lospoliticosveracruz.com\/wp-content\/uploads\/2026\/04\/Puerto-ola-de-calor.jpg\" \/>\n\t<meta property=\"og:image:width\" content=\"600\" \/>\n\t<meta property=\"og:image:height\" content=\"320\" \/>\n\t<meta property=\"og:image:type\" content=\"image\/jpeg\" \/>\n<meta name=\"author\" content=\"Lo viste en Los Pol\u00edticos\" \/>\n<meta name=\"twitter:card\" content=\"summary_large_image\" \/>\n<meta name=\"twitter:creator\" content=\"@LosPoliticosVer\" \/>\n<meta name=\"twitter:site\" content=\"@LosPoliticosVer\" \/>\n<meta name=\"twitter:label1\" content=\"Escrito por\" \/>\n\t<meta name=\"twitter:data1\" content=\"Lo viste en Los Pol\u00edticos\" \/>\n\t<meta name=\"twitter:label2\" content=\"Tiempo de lectura\" \/>\n\t<meta name=\"twitter:data2\" content=\"1 minuto\" \/>\n<script type=\"application\/ld+json\" class=\"yoast-schema-graph\">{\"@context\":\"https:\\\/\\\/schema.org\",\"@graph\":[{\"@type\":\"Article\",\"@id\":\"https:\\\/\\\/lospoliticosveracruz.com\\\/?p=169913#article\",\"isPartOf\":{\"@id\":\"https:\\\/\\\/lospoliticosveracruz.com\\\/?p=169913\"},\"author\":{\"name\":\"Lo viste en Los Pol\u00edticos\",\"@id\":\"https:\\\/\\\/lospoliticosveracruz.com\\\/#\\\/schema\\\/person\\\/b8702bb0e538456e6efd07080bf2a4a2\"},\"headline\":\"V\u00c1YANSE POR LA SOMBRITA!\",\"datePublished\":\"2026-04-27T20:04:07+00:00\",\"dateModified\":\"2026-04-27T20:04:08+00:00\",\"mainEntityOfPage\":{\"@id\":\"https:\\\/\\\/lospoliticosveracruz.com\\\/?p=169913\"},\"wordCount\":170,\"publisher\":{\"@id\":\"https:\\\/\\\/lospoliticosveracruz.com\\\/#organization\"},\"image\":{\"@id\":\"https:\\\/\\\/lospoliticosveracruz.com\\\/?p=169913#primaryimage\"},\"thumbnailUrl\":\"https:\\\/\\\/lospoliticosveracruz.com\\\/wp-content\\\/uploads\\\/2026\\\/04\\\/Puerto-ola-de-calor.jpg\",\"keywords\":[\"Clima Veracruz 38 grados\",\"Frente fr\u00edo Veracruz fin de semana\",\"Ola de calor Veracruz 2026 hoy\",\"Prevenci\u00f3n golpe de calor Veracruz\",\"Rosa Mar\u00eda Hern\u00e1ndez Espejo recomendaciones\",\"tel\u00e9fonos emergencia Protecci\u00f3n Civil Veracruz\"],\"articleSection\":[\"DESDE JAROCHILANDIA\"],\"inLanguage\":\"es\"},{\"@type\":\"WebPage\",\"@id\":\"https:\\\/\\\/lospoliticosveracruz.com\\\/?p=169913\",\"url\":\"https:\\\/\\\/lospoliticosveracruz.com\\\/?p=169913\",\"name\":\"V\u00c1YANSE POR LA SOMBRITA! - Los pol\u00edticos Veracruz\",\"isPartOf\":{\"@id\":\"https:\\\/\\\/lospoliticosveracruz.com\\\/#website\"},\"primaryImageOfPage\":{\"@id\":\"https:\\\/\\\/lospoliticosveracruz.com\\\/?p=169913#primaryimage\"},\"image\":{\"@id\":\"https:\\\/\\\/lospoliticosveracruz.com\\\/?p=169913#primaryimage\"},\"thumbnailUrl\":\"https:\\\/\\\/lospoliticosveracruz.com\\\/wp-content\\\/uploads\\\/2026\\\/04\\\/Puerto-ola-de-calor.jpg\",\"datePublished\":\"2026-04-27T20:04:07+00:00\",\"dateModified\":\"2026-04-27T20:04:08+00:00\",\"breadcrumb\":{\"@id\":\"https:\\\/\\\/lospoliticosveracruz.com\\\/?p=169913#breadcrumb\"},\"inLanguage\":\"es\",\"potentialAction\":[{\"@type\":\"ReadAction\",\"target\":[\"https:\\\/\\\/lospoliticosveracruz.com\\\/?p=169913\"]}]},{\"@type\":\"ImageObject\",\"inLanguage\":\"es\",\"@id\":\"https:\\\/\\\/lospoliticosveracruz.com\\\/?p=169913#primaryimage\",\"url\":\"https:\\\/\\\/lospoliticosveracruz.com\\\/wp-content\\\/uploads\\\/2026\\\/04\\\/Puerto-ola-de-calor.jpg\",\"contentUrl\":\"https:\\\/\\\/lospoliticosveracruz.com\\\/wp-content\\\/uploads\\\/2026\\\/04\\\/Puerto-ola-de-calor.jpg\",\"width\":600,\"height\":320},{\"@type\":\"BreadcrumbList\",\"@id\":\"https:\\\/\\\/lospoliticosveracruz.com\\\/?p=169913#breadcrumb\",\"itemListElement\":[{\"@type\":\"ListItem\",\"position\":1,\"name\":\"Portada\",\"item\":\"https:\\\/\\\/lospoliticosveracruz.com\\\/\"},{\"@type\":\"ListItem\",\"position\":2,\"name\":\"V\u00c1YANSE POR LA SOMBRITA!\"}]},{\"@type\":\"WebSite\",\"@id\":\"https:\\\/\\\/lospoliticosveracruz.com\\\/#website\",\"url\":\"https:\\\/\\\/lospoliticosveracruz.com\\\/\",\"name\":\"Los pol\u00edticos Veracruz\",\"description\":\"\",\"publisher\":{\"@id\":\"https:\\\/\\\/lospoliticosveracruz.com\\\/#organization\"},\"potentialAction\":[{\"@type\":\"SearchAction\",\"target\":{\"@type\":\"EntryPoint\",\"urlTemplate\":\"https:\\\/\\\/lospoliticosveracruz.com\\\/?s={search_term_string}\"},\"query-input\":{\"@type\":\"PropertyValueSpecification\",\"valueRequired\":true,\"valueName\":\"search_term_string\"}}],\"inLanguage\":\"es\"},{\"@type\":\"Organization\",\"@id\":\"https:\\\/\\\/lospoliticosveracruz.com\\\/#organization\",\"name\":\"Los pol\u00edticos Veracruz\",\"url\":\"https:\\\/\\\/lospoliticosveracruz.com\\\/\",\"logo\":{\"@type\":\"ImageObject\",\"inLanguage\":\"es\",\"@id\":\"https:\\\/\\\/lospoliticosveracruz.com\\\/#\\\/schema\\\/logo\\\/image\\\/\",\"url\":\"https:\\\/\\\/lospoliticosveracruz.com\\\/wp-content\\\/uploads\\\/2025\\\/12\\\/Logo-Nuevo-LOS-POLITICOS-1.jpg\",\"contentUrl\":\"https:\\\/\\\/lospoliticosveracruz.com\\\/wp-content\\\/uploads\\\/2025\\\/12\\\/Logo-Nuevo-LOS-POLITICOS-1.jpg\",\"width\":260,\"height\":70,\"caption\":\"Los pol\u00edticos Veracruz\"},\"image\":{\"@id\":\"https:\\\/\\\/lospoliticosveracruz.com\\\/#\\\/schema\\\/logo\\\/image\\\/\"},\"sameAs\":[\"https:\\\/\\\/www.facebook.com\\\/people\\\/Notimemes-de-los-Polticos\\\/61565672886568\\\/\",\"https:\\\/\\\/x.com\\\/LosPoliticosVer\"]},{\"@type\":\"Person\",\"@id\":\"https:\\\/\\\/lospoliticosveracruz.com\\\/#\\\/schema\\\/person\\\/b8702bb0e538456e6efd07080bf2a4a2\",\"name\":\"Lo viste en Los Pol\u00edticos\",\"image\":{\"@type\":\"ImageObject\",\"inLanguage\":\"es\",\"@id\":\"https:\\\/\\\/secure.gravatar.com\\\/avatar\\\/3a8de04a2656d44082be478bd6c086daa447c4651605818287b9532d3d0bd435?s=96&d=mm&r=g\",\"url\":\"https:\\\/\\\/secure.gravatar.com\\\/avatar\\\/3a8de04a2656d44082be478bd6c086daa447c4651605818287b9532d3d0bd435?s=96&d=mm&r=g\",\"contentUrl\":\"https:\\\/\\\/secure.gravatar.com\\\/avatar\\\/3a8de04a2656d44082be478bd6c086daa447c4651605818287b9532d3d0bd435?s=96&d=mm&r=g\",\"caption\":\"Lo viste en Los Pol\u00edticos\"},\"url\":\"https:\\\/\\\/lospoliticosveracruz.com\\\/?author=2\"}]}<\/script>\n<!-- \/ Yoast SEO plugin. -->","yoast_head_json":{"title":"V\u00c1YANSE POR LA SOMBRITA! - Los pol\u00edticos Veracruz","robots":{"index":"index","follow":"follow","max-snippet":"max-snippet:-1","max-image-preview":"max-image-preview:large","max-video-preview":"max-video-preview:-1"},"canonical":"https:\/\/lospoliticosveracruz.com\/?p=169913","og_locale":"es_ES","og_type":"article","og_title":"V\u00c1YANSE POR LA SOMBRITA! - Los pol\u00edticos Veracruz","og_description":"La alcaldesa de Veracruz, Rosa Mar\u00eda Hern\u00e1ndez Espejo, exhorta a la poblaci\u00f3n a cuidarse ante el ambiente caluroso que prevalecer\u00e1 durante la semana, con temperaturas de hasta 38\u00b0C, mantenerse hidratados, evitar la exposici\u00f3n prolongada al sol y proteger especialmente a ni\u00f1as, ni\u00f1os, personas adultas mayores y poblaci\u00f3n vulnerable. Pide a la ciudadan\u00eda tomar precauciones para [&hellip;]","og_url":"https:\/\/lospoliticosveracruz.com\/?p=169913","og_site_name":"Los pol\u00edticos Veracruz","article_publisher":"https:\/\/www.facebook.com\/people\/Notimemes-de-los-Polticos\/61565672886568\/","article_published_time":"2026-04-27T20:04:07+00:00","article_modified_time":"2026-04-27T20:04:08+00:00","og_image":[{"width":600,"height":320,"url":"https:\/\/lospoliticosveracruz.com\/wp-content\/uploads\/2026\/04\/Puerto-ola-de-calor.jpg","type":"image\/jpeg"}],"author":"Lo viste en Los Pol\u00edticos","twitter_card":"summary_large_image","twitter_creator":"@LosPoliticosVer","twitter_site":"@LosPoliticosVer","twitter_misc":{"Escrito por":"Lo viste en Los Pol\u00edticos","Tiempo de lectura":"1 minuto"},"schema":{"@context":"https:\/\/schema.org","@graph":[{"@type":"Article","@id":"https:\/\/lospoliticosveracruz.com\/?p=169913#article","isPartOf":{"@id":"https:\/\/lospoliticosveracruz.com\/?p=169913"},"author":{"name":"Lo viste en Los Pol\u00edticos","@id":"https:\/\/lospoliticosveracruz.com\/#\/schema\/person\/b8702bb0e538456e6efd07080bf2a4a2"},"headline":"V\u00c1YANSE POR LA SOMBRITA!","datePublished":"2026-04-27T20:04:07+00:00","dateModified":"2026-04-27T20:04:08+00:00","mainEntityOfPage":{"@id":"https:\/\/lospoliticosveracruz.com\/?p=169913"},"wordCount":170,"publisher":{"@id":"https:\/\/lospoliticosveracruz.com\/#organization"},"image":{"@id":"https:\/\/lospoliticosveracruz.com\/?p=169913#primaryimage"},"thumbnailUrl":"https:\/\/lospoliticosveracruz.com\/wp-content\/uploads\/2026\/04\/Puerto-ola-de-calor.jpg","keywords":["Clima Veracruz 38 grados","Frente fr\u00edo Veracruz fin de semana","Ola de calor Veracruz 2026 hoy","Prevenci\u00f3n golpe de calor Veracruz","Rosa Mar\u00eda Hern\u00e1ndez Espejo recomendaciones","tel\u00e9fonos emergencia Protecci\u00f3n Civil Veracruz"],"articleSection":["DESDE JAROCHILANDIA"],"inLanguage":"es"},{"@type":"WebPage","@id":"https:\/\/lospoliticosveracruz.com\/?p=169913","url":"https:\/\/lospoliticosveracruz.com\/?p=169913","name":"V\u00c1YANSE POR LA SOMBRITA! - Los pol\u00edticos Veracruz","isPartOf":{"@id":"https:\/\/lospoliticosveracruz.com\/#website"},"primaryImageOfPage":{"@id":"https:\/\/lospoliticosveracruz.com\/?p=169913#primaryimage"},"image":{"@id":"https:\/\/lospoliticosveracruz.com\/?p=169913#primaryimage"},"thumbnailUrl":"https:\/\/lospoliticosveracruz.com\/wp-content\/uploads\/2026\/04\/Puerto-ola-de-calor.jpg","datePublished":"2026-04-27T20:04:07+00:00","dateModified":"2026-04-27T20:04:08+00:00","breadcrumb":{"@id":"https:\/\/lospoliticosveracruz.com\/?p=169913#breadcrumb"},"inLanguage":"es","potentialAction":[{"@type":"ReadAction","target":["https:\/\/lospoliticosveracruz.com\/?p=169913"]}]},{"@type":"ImageObject","inLanguage":"es","@id":"https:\/\/lospoliticosveracruz.com\/?p=169913#primaryimage","url":"https:\/\/lospoliticosveracruz.com\/wp-content\/uploads\/2026\/04\/Puerto-ola-de-calor.jpg","contentUrl":"https:\/\/lospoliticosveracruz.com\/wp-content\/uploads\/2026\/04\/Puerto-ola-de-calor.jpg","width":600,"height":320},{"@type":"BreadcrumbList","@id":"https:\/\/lospoliticosveracruz.com\/?p=169913#breadcrumb","itemListElement":[{"@type":"ListItem","position":1,"name":"Portada","item":"https:\/\/lospoliticosveracruz.com\/"},{"@type":"ListItem","position":2,"name":"V\u00c1YANSE POR LA SOMBRITA!"}]},{"@type":"WebSite","@id":"https:\/\/lospoliticosveracruz.com\/#website","url":"https:\/\/lospoliticosveracruz.com\/","name":"Los pol\u00edticos Veracruz","description":"","publisher":{"@id":"https:\/\/lospoliticosveracruz.com\/#organization"},"potentialAction":[{"@type":"SearchAction","target":{"@type":"EntryPoint","urlTemplate":"https:\/\/lospoliticosveracruz.com\/?s={search_term_string}"},"query-input":{"@type":"PropertyValueSpecification","valueRequired":true,"valueName":"search_term_string"}}],"inLanguage":"es"},{"@type":"Organization","@id":"https:\/\/lospoliticosveracruz.com\/#organization","name":"Los pol\u00edticos Veracruz","url":"https:\/\/lospoliticosveracruz.com\/","logo":{"@type":"ImageObject","inLanguage":"es","@id":"https:\/\/lospoliticosveracruz.com\/#\/schema\/logo\/image\/","url":"https:\/\/lospoliticosveracruz.com\/wp-content\/uploads\/2025\/12\/Logo-Nuevo-LOS-POLITICOS-1.jpg","contentUrl":"https:\/\/lospoliticosveracruz.com\/wp-content\/uploads\/2025\/12\/Logo-Nuevo-LOS-POLITICOS-1.jpg","width":260,"height":70,"caption":"Los pol\u00edticos Veracruz"},"image":{"@id":"https:\/\/lospoliticosveracruz.com\/#\/schema\/logo\/image\/"},"sameAs":["https:\/\/www.facebook.com\/people\/Notimemes-de-los-Polticos\/61565672886568\/","https:\/\/x.com\/LosPoliticosVer"]},{"@type":"Person","@id":"https:\/\/lospoliticosveracruz.com\/#\/schema\/person\/b8702bb0e538456e6efd07080bf2a4a2","name":"Lo viste en Los Pol\u00edticos","image":{"@type":"ImageObject","inLanguage":"es","@id":"https:\/\/secure.gravatar.com\/avatar\/3a8de04a2656d44082be478bd6c086daa447c4651605818287b9532d3d0bd435?s=96&d=mm&r=g","url":"https:\/\/secure.gravatar.com\/avatar\/3a8de04a2656d44082be478bd6c086daa447c4651605818287b9532d3d0bd435?s=96&d=mm&r=g","contentUrl":"https:\/\/secure.gravatar.com\/avatar\/3a8de04a2656d44082be478bd6c086daa447c4651605818287b9532d3d0bd435?s=96&d=mm&r=g","caption":"Lo viste en Los Pol\u00edticos"},"url":"https:\/\/lospoliticosveracruz.com\/?author=2"}]}},"_links":{"self":[{"href":"https:\/\/lospoliticosveracruz.com\/index.php?rest_route=\/wp\/v2\/posts\/169913","targetHints":{"allow":["GET"]}}],"collection":[{"href":"https:\/\/lospoliticosveracruz.com\/index.php?rest_route=\/wp\/v2\/posts"}],"about":[{"href":"https:\/\/lospoliticosveracruz.com\/index.php?rest_route=\/wp\/v2\/types\/post"}],"author":[{"embeddable":true,"href":"https:\/\/lospoliticosveracruz.com\/index.php?rest_route=\/wp\/v2\/users\/2"}],"replies":[{"embeddable":true,"href":"https:\/\/lospoliticosveracruz.com\/index.php?rest_route=%2Fwp%2Fv2%2Fcomments&post=169913"}],"version-history":[{"count":1,"href":"https:\/\/lospoliticosveracruz.com\/index.php?rest_route=\/wp\/v2\/posts\/169913\/revisions"}],"predecessor-version":[{"id":169915,"href":"https:\/\/lospoliticosveracruz.com\/index.php?rest_route=\/wp\/v2\/posts\/169913\/revisions\/169915"}],"wp:featuredmedia":[{"embeddable":true,"href":"https:\/\/lospoliticosveracruz.com\/index.php?rest_route=\/wp\/v2\/media\/169914"}],"wp:attachment":[{"href":"https:\/\/lospoliticosveracruz.com\/index.php?rest_route=%2Fwp%2Fv2%2Fmedia&parent=169913"}],"wp:term":[{"taxonomy":"category","embeddable":true,"href":"https:\/\/lospoliticosveracruz.com\/index.php?rest_route=%2Fwp%2Fv2%2Fcategories&post=169913"},{"taxonomy":"post_tag","embeddable":true,"href":"https:\/\/lospoliticosveracruz.com\/index.php?rest_route=%2Fwp%2Fv2%2Ftags&post=169913"}],"curies":[{"name":"wp","href":"https:\/\/api.w.org\/{rel}","templated":true}]}}