{"id":169916,"date":"2026-04-27T16:00:00","date_gmt":"2026-04-27T22:00:00","guid":{"rendered":"https:\/\/lospoliticosveracruz.com\/?p=169916"},"modified":"2026-04-27T16:00:01","modified_gmt":"2026-04-27T22:00:01","slug":"dialogo-y-transparencia","status":"publish","type":"post","link":"https:\/\/lospoliticosveracruz.com\/?p=169916","title":{"rendered":"DI\u00c1LOGO Y TRANSPARENCIA!"},"content":{"rendered":"\n<p>San Andr\u00e9s Tuxtla: Este lunes, el cuerpo edilicio de la ciudad, encabez\u00f3 la Segunda Sesi\u00f3n de Cabildo Abierto para abordar con di\u00e1logo y transparencia el tema de Tr\u00e1nsito y Vialidad.&nbsp;<\/p>\n\n\n\n<p>Para continuar fortaleciendo los lazos de comunicaci\u00f3n y atenci\u00f3n a la ciudadan\u00eda, se escuch\u00f3 en Sala de Cabildos a la poblaci\u00f3n previamente registrada para participar con su exposici\u00f3n de problem\u00e1ticas o comentarios hacia el Gobierno Municipal y las acciones aplicadas, en el tema correspondiente. &nbsp;<\/p>\n\n\n\n<p>Dentro de lo expuesto, los participantes manifestaron su agradecimiento al presidente municipal Rafa Fararoni Maga\u00f1a por los cambios en la circulaci\u00f3n vial que se han venido realizando desde el inicio de la administraci\u00f3n en el centro de la ciudad, as\u00ed como la liberaci\u00f3n de las calles Bernardo Pe\u00f1a y Manuel A. de la Cabada.&nbsp;<\/p>\n\n\n\n<p>Tambi\u00e9n, reconocieron cada labor aplicada en la imagen urbana que embellecen las arterias principales, el orden establecido para el estacionamiento de motocicletas y destacaron el programa de retiro de Autos Maceta con lo cual se da mayor seguridad a las personas en las colonias donde ya fueron retirados.&nbsp;<\/p>\n\n\n\n<p>Asimismo, un representante de las colonias Bosque Fovissste, Emiliano Zapata y Villa San Andr\u00e9s, expuso que el cambio de vialidad en la calle Ejidatarios ha generado conflicto vial en la zona, por lo que solicit\u00f3 al cabildo la revisi\u00f3n del tema, al igual que la intervenci\u00f3n de la administraci\u00f3n por el retiro de una parada de autobuses debido a la construcci\u00f3n de una gasolinera en la zona.&nbsp;<\/p>\n\n\n\n<p>En esta segunda sesi\u00f3n de cabildo abierto, solicitaron al Ayuntamiento mantener los operativos de revisi\u00f3n de motos y veh\u00edculos por parte de la delegaci\u00f3n de Tr\u00e1nsito y Vialidad, as\u00ed como un operativo carrusel en la entrada y salida de escuelas para un mejor flujo vehicular en horas pico.&nbsp;<\/p>\n\n\n\n<p>Antes de la clausura de este ejercicio de transparencia entre sociedad y gobierno, el presidente municipal agradeci\u00f3 cada comentario expuesto durante la sesi\u00f3n, lo cual abona a la mejora de acciones en el municipio, y refrend\u00f3 su postura de acercar su administraci\u00f3n a la gente con di\u00e1logo y soluciones.&nbsp;<\/p>\n\n\n\n<p>Participaron en la sesi\u00f3n las y los ciudadanos: Karla Daniela Seba Toto, Jaqueline Cobaxin Mart\u00ednez, Alan Jafet Cobaxin Temich, Mar\u00eda de los \u00c1ngeles Coba Aguirre, y Le\u00f3n Magno Agust\u00edn Francisco Flores Oca\u00f1a.<\/p>\n","protected":false},"excerpt":{"rendered":"<p>San Andr\u00e9s Tuxtla: Este lunes, el cuerpo edilicio de la ciudad, encabez\u00f3 la Segunda Sesi\u00f3n de Cabildo Abierto para abordar con di\u00e1logo y transparencia el tema de Tr\u00e1nsito y Vialidad.&nbsp; Para continuar fortaleciendo los lazos de comunicaci\u00f3n y atenci\u00f3n a la ciudadan\u00eda, se escuch\u00f3 en Sala de Cabildos a la poblaci\u00f3n previamente registrada para participar [&hellip;]<\/p>\n","protected":false},"author":2,"featured_media":169917,"comment_status":"closed","ping_status":"closed","sticky":false,"template":"","format":"standard","meta":{"tdm_status":"","tdm_grid_status":"","footnotes":""},"categories":[56120],"tags":[62425,62427,62429,62426,62428],"class_list":{"0":"post-169916","1":"post","2":"type-post","3":"status-publish","4":"format-standard","5":"has-post-thumbnail","7":"category-desde-la-suiza-veracruzana","8":"tag-cabildo-abierto-san-andres-tuxtla-2026","9":"tag-operativo-carrusel-escuelas-san-andres","10":"tag-problemas-viales-bosque-fovissste-tuxtla","11":"tag-rafa-fararoni-vialidad-y-transito","12":"tag-retiro-autos-maceta-san-andres-tuxtla"},"yoast_head":"<!-- This site is optimized with the Yoast SEO plugin v27.4 - https:\/\/yoast.com\/product\/yoast-seo-wordpress\/ -->\n<title>DI\u00c1LOGO Y TRANSPARENCIA! - Los pol\u00edticos Veracruz<\/title>\n<meta name=\"robots\" content=\"index, follow, max-snippet:-1, max-image-preview:large, max-video-preview:-1\" \/>\n<link rel=\"canonical\" href=\"https:\/\/lospoliticosveracruz.com\/?p=169916\" \/>\n<meta property=\"og:locale\" content=\"es_ES\" \/>\n<meta property=\"og:type\" content=\"article\" \/>\n<meta property=\"og:title\" content=\"DI\u00c1LOGO Y TRANSPARENCIA! - Los pol\u00edticos Veracruz\" \/>\n<meta property=\"og:description\" content=\"San Andr\u00e9s Tuxtla: Este lunes, el cuerpo edilicio de la ciudad, encabez\u00f3 la Segunda Sesi\u00f3n de Cabildo Abierto para abordar con di\u00e1logo y transparencia el tema de Tr\u00e1nsito y Vialidad.&nbsp; Para continuar fortaleciendo los lazos de comunicaci\u00f3n y atenci\u00f3n a la ciudadan\u00eda, se escuch\u00f3 en Sala de Cabildos a la poblaci\u00f3n previamente registrada para participar [&hellip;]\" \/>\n<meta property=\"og:url\" content=\"https:\/\/lospoliticosveracruz.com\/?p=169916\" \/>\n<meta property=\"og:site_name\" content=\"Los pol\u00edticos Veracruz\" \/>\n<meta property=\"article:publisher\" content=\"https:\/\/www.facebook.com\/people\/Notimemes-de-los-Polticos\/61565672886568\/\" \/>\n<meta property=\"article:published_time\" content=\"2026-04-27T22:00:00+00:00\" \/>\n<meta property=\"article:modified_time\" content=\"2026-04-27T22:00:01+00:00\" \/>\n<meta property=\"og:image\" content=\"https:\/\/lospoliticosveracruz.com\/wp-content\/uploads\/2026\/04\/IMG_5415.jpeg\" \/>\n\t<meta property=\"og:image:width\" content=\"600\" \/>\n\t<meta property=\"og:image:height\" content=\"320\" \/>\n\t<meta property=\"og:image:type\" content=\"image\/jpeg\" \/>\n<meta name=\"author\" content=\"Lo viste en Los Pol\u00edticos\" \/>\n<meta name=\"twitter:card\" content=\"summary_large_image\" \/>\n<meta name=\"twitter:creator\" content=\"@LosPoliticosVer\" \/>\n<meta name=\"twitter:site\" content=\"@LosPoliticosVer\" \/>\n<meta name=\"twitter:label1\" content=\"Escrito por\" \/>\n\t<meta name=\"twitter:data1\" content=\"Lo viste en Los Pol\u00edticos\" \/>\n\t<meta name=\"twitter:label2\" content=\"Tiempo de lectura\" \/>\n\t<meta name=\"twitter:data2\" content=\"2 minutos\" \/>\n<script type=\"application\/ld+json\" class=\"yoast-schema-graph\">{\"@context\":\"https:\\\/\\\/schema.org\",\"@graph\":[{\"@type\":\"Article\",\"@id\":\"https:\\\/\\\/lospoliticosveracruz.com\\\/?p=169916#article\",\"isPartOf\":{\"@id\":\"https:\\\/\\\/lospoliticosveracruz.com\\\/?p=169916\"},\"author\":{\"name\":\"Lo viste en Los Pol\u00edticos\",\"@id\":\"https:\\\/\\\/lospoliticosveracruz.com\\\/#\\\/schema\\\/person\\\/b8702bb0e538456e6efd07080bf2a4a2\"},\"headline\":\"DI\u00c1LOGO Y TRANSPARENCIA!\",\"datePublished\":\"2026-04-27T22:00:00+00:00\",\"dateModified\":\"2026-04-27T22:00:01+00:00\",\"mainEntityOfPage\":{\"@id\":\"https:\\\/\\\/lospoliticosveracruz.com\\\/?p=169916\"},\"wordCount\":418,\"publisher\":{\"@id\":\"https:\\\/\\\/lospoliticosveracruz.com\\\/#organization\"},\"image\":{\"@id\":\"https:\\\/\\\/lospoliticosveracruz.com\\\/?p=169916#primaryimage\"},\"thumbnailUrl\":\"https:\\\/\\\/lospoliticosveracruz.com\\\/wp-content\\\/uploads\\\/2026\\\/04\\\/IMG_5415.jpeg\",\"keywords\":[\"Cabildo Abierto San Andr\u00e9s Tuxtla 2026\",\"Operativo carrusel escuelas San Andr\u00e9s\",\"Problemas viales Bosque Fovissste Tuxtla\",\"Rafa Fararoni vialidad y tr\u00e1nsito\",\"Retiro autos maceta San Andr\u00e9s Tuxtla\"],\"articleSection\":[\"DESDE LA SUIZA VERACRUZANA\"],\"inLanguage\":\"es\"},{\"@type\":\"WebPage\",\"@id\":\"https:\\\/\\\/lospoliticosveracruz.com\\\/?p=169916\",\"url\":\"https:\\\/\\\/lospoliticosveracruz.com\\\/?p=169916\",\"name\":\"DI\u00c1LOGO Y TRANSPARENCIA! - Los pol\u00edticos Veracruz\",\"isPartOf\":{\"@id\":\"https:\\\/\\\/lospoliticosveracruz.com\\\/#website\"},\"primaryImageOfPage\":{\"@id\":\"https:\\\/\\\/lospoliticosveracruz.com\\\/?p=169916#primaryimage\"},\"image\":{\"@id\":\"https:\\\/\\\/lospoliticosveracruz.com\\\/?p=169916#primaryimage\"},\"thumbnailUrl\":\"https:\\\/\\\/lospoliticosveracruz.com\\\/wp-content\\\/uploads\\\/2026\\\/04\\\/IMG_5415.jpeg\",\"datePublished\":\"2026-04-27T22:00:00+00:00\",\"dateModified\":\"2026-04-27T22:00:01+00:00\",\"breadcrumb\":{\"@id\":\"https:\\\/\\\/lospoliticosveracruz.com\\\/?p=169916#breadcrumb\"},\"inLanguage\":\"es\",\"potentialAction\":[{\"@type\":\"ReadAction\",\"target\":[\"https:\\\/\\\/lospoliticosveracruz.com\\\/?p=169916\"]}]},{\"@type\":\"ImageObject\",\"inLanguage\":\"es\",\"@id\":\"https:\\\/\\\/lospoliticosveracruz.com\\\/?p=169916#primaryimage\",\"url\":\"https:\\\/\\\/lospoliticosveracruz.com\\\/wp-content\\\/uploads\\\/2026\\\/04\\\/IMG_5415.jpeg\",\"contentUrl\":\"https:\\\/\\\/lospoliticosveracruz.com\\\/wp-content\\\/uploads\\\/2026\\\/04\\\/IMG_5415.jpeg\",\"width\":600,\"height\":320},{\"@type\":\"BreadcrumbList\",\"@id\":\"https:\\\/\\\/lospoliticosveracruz.com\\\/?p=169916#breadcrumb\",\"itemListElement\":[{\"@type\":\"ListItem\",\"position\":1,\"name\":\"Portada\",\"item\":\"https:\\\/\\\/lospoliticosveracruz.com\\\/\"},{\"@type\":\"ListItem\",\"position\":2,\"name\":\"DI\u00c1LOGO Y TRANSPARENCIA!\"}]},{\"@type\":\"WebSite\",\"@id\":\"https:\\\/\\\/lospoliticosveracruz.com\\\/#website\",\"url\":\"https:\\\/\\\/lospoliticosveracruz.com\\\/\",\"name\":\"Los pol\u00edticos Veracruz\",\"description\":\"\",\"publisher\":{\"@id\":\"https:\\\/\\\/lospoliticosveracruz.com\\\/#organization\"},\"potentialAction\":[{\"@type\":\"SearchAction\",\"target\":{\"@type\":\"EntryPoint\",\"urlTemplate\":\"https:\\\/\\\/lospoliticosveracruz.com\\\/?s={search_term_string}\"},\"query-input\":{\"@type\":\"PropertyValueSpecification\",\"valueRequired\":true,\"valueName\":\"search_term_string\"}}],\"inLanguage\":\"es\"},{\"@type\":\"Organization\",\"@id\":\"https:\\\/\\\/lospoliticosveracruz.com\\\/#organization\",\"name\":\"Los pol\u00edticos Veracruz\",\"url\":\"https:\\\/\\\/lospoliticosveracruz.com\\\/\",\"logo\":{\"@type\":\"ImageObject\",\"inLanguage\":\"es\",\"@id\":\"https:\\\/\\\/lospoliticosveracruz.com\\\/#\\\/schema\\\/logo\\\/image\\\/\",\"url\":\"https:\\\/\\\/lospoliticosveracruz.com\\\/wp-content\\\/uploads\\\/2025\\\/12\\\/Logo-Nuevo-LOS-POLITICOS-1.jpg\",\"contentUrl\":\"https:\\\/\\\/lospoliticosveracruz.com\\\/wp-content\\\/uploads\\\/2025\\\/12\\\/Logo-Nuevo-LOS-POLITICOS-1.jpg\",\"width\":260,\"height\":70,\"caption\":\"Los pol\u00edticos Veracruz\"},\"image\":{\"@id\":\"https:\\\/\\\/lospoliticosveracruz.com\\\/#\\\/schema\\\/logo\\\/image\\\/\"},\"sameAs\":[\"https:\\\/\\\/www.facebook.com\\\/people\\\/Notimemes-de-los-Polticos\\\/61565672886568\\\/\",\"https:\\\/\\\/x.com\\\/LosPoliticosVer\"]},{\"@type\":\"Person\",\"@id\":\"https:\\\/\\\/lospoliticosveracruz.com\\\/#\\\/schema\\\/person\\\/b8702bb0e538456e6efd07080bf2a4a2\",\"name\":\"Lo viste en Los Pol\u00edticos\",\"image\":{\"@type\":\"ImageObject\",\"inLanguage\":\"es\",\"@id\":\"https:\\\/\\\/secure.gravatar.com\\\/avatar\\\/3a8de04a2656d44082be478bd6c086daa447c4651605818287b9532d3d0bd435?s=96&d=mm&r=g\",\"url\":\"https:\\\/\\\/secure.gravatar.com\\\/avatar\\\/3a8de04a2656d44082be478bd6c086daa447c4651605818287b9532d3d0bd435?s=96&d=mm&r=g\",\"contentUrl\":\"https:\\\/\\\/secure.gravatar.com\\\/avatar\\\/3a8de04a2656d44082be478bd6c086daa447c4651605818287b9532d3d0bd435?s=96&d=mm&r=g\",\"caption\":\"Lo viste en Los Pol\u00edticos\"},\"url\":\"https:\\\/\\\/lospoliticosveracruz.com\\\/?author=2\"}]}<\/script>\n<!-- \/ Yoast SEO plugin. -->","yoast_head_json":{"title":"DI\u00c1LOGO Y TRANSPARENCIA! - Los pol\u00edticos Veracruz","robots":{"index":"index","follow":"follow","max-snippet":"max-snippet:-1","max-image-preview":"max-image-preview:large","max-video-preview":"max-video-preview:-1"},"canonical":"https:\/\/lospoliticosveracruz.com\/?p=169916","og_locale":"es_ES","og_type":"article","og_title":"DI\u00c1LOGO Y TRANSPARENCIA! - Los pol\u00edticos Veracruz","og_description":"San Andr\u00e9s Tuxtla: Este lunes, el cuerpo edilicio de la ciudad, encabez\u00f3 la Segunda Sesi\u00f3n de Cabildo Abierto para abordar con di\u00e1logo y transparencia el tema de Tr\u00e1nsito y Vialidad.&nbsp; Para continuar fortaleciendo los lazos de comunicaci\u00f3n y atenci\u00f3n a la ciudadan\u00eda, se escuch\u00f3 en Sala de Cabildos a la poblaci\u00f3n previamente registrada para participar [&hellip;]","og_url":"https:\/\/lospoliticosveracruz.com\/?p=169916","og_site_name":"Los pol\u00edticos Veracruz","article_publisher":"https:\/\/www.facebook.com\/people\/Notimemes-de-los-Polticos\/61565672886568\/","article_published_time":"2026-04-27T22:00:00+00:00","article_modified_time":"2026-04-27T22:00:01+00:00","og_image":[{"width":600,"height":320,"url":"https:\/\/lospoliticosveracruz.com\/wp-content\/uploads\/2026\/04\/IMG_5415.jpeg","type":"image\/jpeg"}],"author":"Lo viste en Los Pol\u00edticos","twitter_card":"summary_large_image","twitter_creator":"@LosPoliticosVer","twitter_site":"@LosPoliticosVer","twitter_misc":{"Escrito por":"Lo viste en Los Pol\u00edticos","Tiempo de lectura":"2 minutos"},"schema":{"@context":"https:\/\/schema.org","@graph":[{"@type":"Article","@id":"https:\/\/lospoliticosveracruz.com\/?p=169916#article","isPartOf":{"@id":"https:\/\/lospoliticosveracruz.com\/?p=169916"},"author":{"name":"Lo viste en Los Pol\u00edticos","@id":"https:\/\/lospoliticosveracruz.com\/#\/schema\/person\/b8702bb0e538456e6efd07080bf2a4a2"},"headline":"DI\u00c1LOGO Y TRANSPARENCIA!","datePublished":"2026-04-27T22:00:00+00:00","dateModified":"2026-04-27T22:00:01+00:00","mainEntityOfPage":{"@id":"https:\/\/lospoliticosveracruz.com\/?p=169916"},"wordCount":418,"publisher":{"@id":"https:\/\/lospoliticosveracruz.com\/#organization"},"image":{"@id":"https:\/\/lospoliticosveracruz.com\/?p=169916#primaryimage"},"thumbnailUrl":"https:\/\/lospoliticosveracruz.com\/wp-content\/uploads\/2026\/04\/IMG_5415.jpeg","keywords":["Cabildo Abierto San Andr\u00e9s Tuxtla 2026","Operativo carrusel escuelas San Andr\u00e9s","Problemas viales Bosque Fovissste Tuxtla","Rafa Fararoni vialidad y tr\u00e1nsito","Retiro autos maceta San Andr\u00e9s Tuxtla"],"articleSection":["DESDE LA SUIZA VERACRUZANA"],"inLanguage":"es"},{"@type":"WebPage","@id":"https:\/\/lospoliticosveracruz.com\/?p=169916","url":"https:\/\/lospoliticosveracruz.com\/?p=169916","name":"DI\u00c1LOGO Y TRANSPARENCIA! - Los pol\u00edticos Veracruz","isPartOf":{"@id":"https:\/\/lospoliticosveracruz.com\/#website"},"primaryImageOfPage":{"@id":"https:\/\/lospoliticosveracruz.com\/?p=169916#primaryimage"},"image":{"@id":"https:\/\/lospoliticosveracruz.com\/?p=169916#primaryimage"},"thumbnailUrl":"https:\/\/lospoliticosveracruz.com\/wp-content\/uploads\/2026\/04\/IMG_5415.jpeg","datePublished":"2026-04-27T22:00:00+00:00","dateModified":"2026-04-27T22:00:01+00:00","breadcrumb":{"@id":"https:\/\/lospoliticosveracruz.com\/?p=169916#breadcrumb"},"inLanguage":"es","potentialAction":[{"@type":"ReadAction","target":["https:\/\/lospoliticosveracruz.com\/?p=169916"]}]},{"@type":"ImageObject","inLanguage":"es","@id":"https:\/\/lospoliticosveracruz.com\/?p=169916#primaryimage","url":"https:\/\/lospoliticosveracruz.com\/wp-content\/uploads\/2026\/04\/IMG_5415.jpeg","contentUrl":"https:\/\/lospoliticosveracruz.com\/wp-content\/uploads\/2026\/04\/IMG_5415.jpeg","width":600,"height":320},{"@type":"BreadcrumbList","@id":"https:\/\/lospoliticosveracruz.com\/?p=169916#breadcrumb","itemListElement":[{"@type":"ListItem","position":1,"name":"Portada","item":"https:\/\/lospoliticosveracruz.com\/"},{"@type":"ListItem","position":2,"name":"DI\u00c1LOGO Y TRANSPARENCIA!"}]},{"@type":"WebSite","@id":"https:\/\/lospoliticosveracruz.com\/#website","url":"https:\/\/lospoliticosveracruz.com\/","name":"Los pol\u00edticos Veracruz","description":"","publisher":{"@id":"https:\/\/lospoliticosveracruz.com\/#organization"},"potentialAction":[{"@type":"SearchAction","target":{"@type":"EntryPoint","urlTemplate":"https:\/\/lospoliticosveracruz.com\/?s={search_term_string}"},"query-input":{"@type":"PropertyValueSpecification","valueRequired":true,"valueName":"search_term_string"}}],"inLanguage":"es"},{"@type":"Organization","@id":"https:\/\/lospoliticosveracruz.com\/#organization","name":"Los pol\u00edticos Veracruz","url":"https:\/\/lospoliticosveracruz.com\/","logo":{"@type":"ImageObject","inLanguage":"es","@id":"https:\/\/lospoliticosveracruz.com\/#\/schema\/logo\/image\/","url":"https:\/\/lospoliticosveracruz.com\/wp-content\/uploads\/2025\/12\/Logo-Nuevo-LOS-POLITICOS-1.jpg","contentUrl":"https:\/\/lospoliticosveracruz.com\/wp-content\/uploads\/2025\/12\/Logo-Nuevo-LOS-POLITICOS-1.jpg","width":260,"height":70,"caption":"Los pol\u00edticos Veracruz"},"image":{"@id":"https:\/\/lospoliticosveracruz.com\/#\/schema\/logo\/image\/"},"sameAs":["https:\/\/www.facebook.com\/people\/Notimemes-de-los-Polticos\/61565672886568\/","https:\/\/x.com\/LosPoliticosVer"]},{"@type":"Person","@id":"https:\/\/lospoliticosveracruz.com\/#\/schema\/person\/b8702bb0e538456e6efd07080bf2a4a2","name":"Lo viste en Los Pol\u00edticos","image":{"@type":"ImageObject","inLanguage":"es","@id":"https:\/\/secure.gravatar.com\/avatar\/3a8de04a2656d44082be478bd6c086daa447c4651605818287b9532d3d0bd435?s=96&d=mm&r=g","url":"https:\/\/secure.gravatar.com\/avatar\/3a8de04a2656d44082be478bd6c086daa447c4651605818287b9532d3d0bd435?s=96&d=mm&r=g","contentUrl":"https:\/\/secure.gravatar.com\/avatar\/3a8de04a2656d44082be478bd6c086daa447c4651605818287b9532d3d0bd435?s=96&d=mm&r=g","caption":"Lo viste en Los Pol\u00edticos"},"url":"https:\/\/lospoliticosveracruz.com\/?author=2"}]}},"_links":{"self":[{"href":"https:\/\/lospoliticosveracruz.com\/index.php?rest_route=\/wp\/v2\/posts\/169916","targetHints":{"allow":["GET"]}}],"collection":[{"href":"https:\/\/lospoliticosveracruz.com\/index.php?rest_route=\/wp\/v2\/posts"}],"about":[{"href":"https:\/\/lospoliticosveracruz.com\/index.php?rest_route=\/wp\/v2\/types\/post"}],"author":[{"embeddable":true,"href":"https:\/\/lospoliticosveracruz.com\/index.php?rest_route=\/wp\/v2\/users\/2"}],"replies":[{"embeddable":true,"href":"https:\/\/lospoliticosveracruz.com\/index.php?rest_route=%2Fwp%2Fv2%2Fcomments&post=169916"}],"version-history":[{"count":1,"href":"https:\/\/lospoliticosveracruz.com\/index.php?rest_route=\/wp\/v2\/posts\/169916\/revisions"}],"predecessor-version":[{"id":169918,"href":"https:\/\/lospoliticosveracruz.com\/index.php?rest_route=\/wp\/v2\/posts\/169916\/revisions\/169918"}],"wp:featuredmedia":[{"embeddable":true,"href":"https:\/\/lospoliticosveracruz.com\/index.php?rest_route=\/wp\/v2\/media\/169917"}],"wp:attachment":[{"href":"https:\/\/lospoliticosveracruz.com\/index.php?rest_route=%2Fwp%2Fv2%2Fmedia&parent=169916"}],"wp:term":[{"taxonomy":"category","embeddable":true,"href":"https:\/\/lospoliticosveracruz.com\/index.php?rest_route=%2Fwp%2Fv2%2Fcategories&post=169916"},{"taxonomy":"post_tag","embeddable":true,"href":"https:\/\/lospoliticosveracruz.com\/index.php?rest_route=%2Fwp%2Fv2%2Ftags&post=169916"}],"curies":[{"name":"wp","href":"https:\/\/api.w.org\/{rel}","templated":true}]}}