{"id":169931,"date":"2026-04-27T18:14:20","date_gmt":"2026-04-28T00:14:20","guid":{"rendered":"https:\/\/lospoliticosveracruz.com\/?p=169931"},"modified":"2026-04-27T18:14:21","modified_gmt":"2026-04-28T00:14:21","slug":"iluminaran-las-fuentes","status":"publish","type":"post","link":"https:\/\/lospoliticosveracruz.com\/?p=169931","title":{"rendered":"ILUMINAR\u00c1N LAS FUENTES!"},"content":{"rendered":"<div class=\"wp-block-image\">\n<figure class=\"alignleft size-large is-resized\"><a href=\"https:\/\/lospoliticosveracruz.com\/wp-content\/uploads\/2026\/04\/LOSPOLITICOS_336X280PX_-01-e1776274861670.jpg\"><img loading=\"lazy\" decoding=\"async\" width=\"1024\" height=\"854\" src=\"https:\/\/lospoliticosveracruz.com\/wp-content\/uploads\/2026\/04\/LOSPOLITICOS_336X280PX_-01-1024x854.jpg\" alt=\"\" class=\"wp-image-168800\" style=\"aspect-ratio:1.1990751813760663;width:390px;height:auto\"\/><\/a><\/figure>\n<\/div>\n\n\n<p>En atenci\u00f3n a un reporte ciudadano, el Ayuntamiento de Xalapa, a trav\u00e9s del Departamento de Conservaci\u00f3n y Mantenimiento de Alumbrado P\u00fablico, intervino el sistema de iluminaci\u00f3n del fraccionamiento Las Fuentes.<\/p>\n\n\n\n<p>Tras la inspecci\u00f3n realizada, se determin\u00f3 ejecutar trabajos correctivos para sustituir infraestructura da\u00f1ada, dar mantenimiento del circuito el\u00e9ctrico y mejorar la operaci\u00f3n.<\/p>\n\n\n\n<p>El reporte que se atiende corresponde al acceso principal del lugar, con una longitud aproximada de un kil\u00f3metro, donde se ubican 58 luminarias.<\/p>\n\n\n\n<p>En respuesta, la Direcci\u00f3n de Alumbrado P\u00fablico comision\u00f3 una cuadrilla que realiz\u00f3 la evaluaci\u00f3n f\u00edsica y las maniobras necesarias con el objetivo de restablecer el servicio.<\/p>\n\n\n\n<p>Como resultado, se detect\u00f3 un cortocircuito en la l\u00ednea principal de alimentaci\u00f3n, lo que provoca la interrupci\u00f3n del suministro el\u00e9ctrico en distintos puntos de iluminaci\u00f3n.<\/p>\n\n\n\n<p>Adem\u00e1s, se identificaron da\u00f1os en la red subterr\u00e1nea, con tramos colapsados, fracturados y con humedad, condiciones que afectan el cableado y generan fallas recurrentes.<\/p>\n\n\n\n<p>De tal forma, se concluy\u00f3 que no es viable realizar intervenciones parciales. Por ello, se ejecutar\u00e1n acciones integrales para renovar la infraestructura afectada y fortalecer el funcionamiento del sistema.<\/p>\n\n\n\n<p>Entre los trabajos programados se contempla el retiro de cableado deteriorado, conexiones irregulares y ductos en desuso.<\/p>\n\n\n\n<p>Asimismo, se realizar\u00e1n excavaciones en los tramos afectados para sustituir las l\u00edneas el\u00e9ctricas e instalar nueva canalizaci\u00f3n con materiales m\u00e1s resistentes, que protejan el cableado y prolonguen su vida \u00fatil.<\/p>\n\n\n\n<p>Tambi\u00e9n se llevar\u00e1 a cabo la reorganizaci\u00f3n del circuito mediante la instalaci\u00f3n de un sistema de control que optimice el encendido autom\u00e1tico, facilite el mantenimiento y reduzca afectaciones ante posibles fallas.<\/p>\n\n\n\n<p>Complementariamente, se efectuar\u00e1 el tendido de nuevo cableado, la reconexi\u00f3n de las 58 luminarias y las pruebas finales para verificar su \u00f3ptima operatividad.<\/p>\n\n\n\n<p>El proyecto costar\u00e1 inicialmente 300 mil pesos, mismo que se desarrollar\u00e1 durante al menos tres semanas. Esta acci\u00f3n contribuir\u00e1 a mejorar la seguridad de las familias de la zona.<\/p>\n","protected":false},"excerpt":{"rendered":"<p>En atenci\u00f3n a un reporte ciudadano, el Ayuntamiento de Xalapa, a trav\u00e9s del Departamento de Conservaci\u00f3n y Mantenimiento de Alumbrado P\u00fablico, intervino el sistema de iluminaci\u00f3n del fraccionamiento Las Fuentes. Tras la inspecci\u00f3n realizada, se determin\u00f3 ejecutar trabajos correctivos para sustituir infraestructura da\u00f1ada, dar mantenimiento del circuito el\u00e9ctrico y mejorar la operaci\u00f3n. El reporte que [&hellip;]<\/p>\n","protected":false},"author":2,"featured_media":169932,"comment_status":"closed","ping_status":"closed","sticky":false,"template":"","format":"standard","meta":{"tdm_status":"","tdm_grid_status":"","footnotes":""},"categories":[52572],"tags":[62451,62454,62453,62452,62455],"class_list":{"0":"post-169931","1":"post","2":"type-post","3":"status-publish","4":"format-standard","5":"has-post-thumbnail","7":"category-desdelaatenas","8":"tag-alumbrado-publico-xalapa-las-fuentes-2026","9":"tag-fallas-electricas-red-subterranea-xalapa","10":"tag-inversion-alumbrado-fraccionamiento-las-fuentes","11":"tag-reparacion-luminarias-xalapa-reporte-ciudadano","12":"tag-seguridad-vial-las-fuentes-xalapa-hoy"},"yoast_head":"<!-- This site is optimized with the Yoast SEO plugin v27.4 - https:\/\/yoast.com\/product\/yoast-seo-wordpress\/ -->\n<title>ILUMINAR\u00c1N LAS FUENTES! - Los pol\u00edticos Veracruz<\/title>\n<meta name=\"robots\" content=\"index, follow, max-snippet:-1, max-image-preview:large, max-video-preview:-1\" \/>\n<link rel=\"canonical\" href=\"https:\/\/lospoliticosveracruz.com\/?p=169931\" \/>\n<meta property=\"og:locale\" content=\"es_ES\" \/>\n<meta property=\"og:type\" content=\"article\" \/>\n<meta property=\"og:title\" content=\"ILUMINAR\u00c1N LAS FUENTES! - Los pol\u00edticos Veracruz\" \/>\n<meta property=\"og:description\" content=\"En atenci\u00f3n a un reporte ciudadano, el Ayuntamiento de Xalapa, a trav\u00e9s del Departamento de Conservaci\u00f3n y Mantenimiento de Alumbrado P\u00fablico, intervino el sistema de iluminaci\u00f3n del fraccionamiento Las Fuentes. Tras la inspecci\u00f3n realizada, se determin\u00f3 ejecutar trabajos correctivos para sustituir infraestructura da\u00f1ada, dar mantenimiento del circuito el\u00e9ctrico y mejorar la operaci\u00f3n. El reporte que [&hellip;]\" \/>\n<meta property=\"og:url\" content=\"https:\/\/lospoliticosveracruz.com\/?p=169931\" \/>\n<meta property=\"og:site_name\" content=\"Los pol\u00edticos Veracruz\" \/>\n<meta property=\"article:publisher\" content=\"https:\/\/www.facebook.com\/people\/Notimemes-de-los-Polticos\/61565672886568\/\" \/>\n<meta property=\"article:published_time\" content=\"2026-04-28T00:14:20+00:00\" \/>\n<meta property=\"article:modified_time\" content=\"2026-04-28T00:14:21+00:00\" \/>\n<meta property=\"og:image\" content=\"https:\/\/lospoliticosveracruz.com\/wp-content\/uploads\/2026\/04\/Luminarias-las-Fuentes.jpg\" \/>\n\t<meta property=\"og:image:width\" content=\"600\" \/>\n\t<meta property=\"og:image:height\" content=\"320\" \/>\n\t<meta property=\"og:image:type\" content=\"image\/jpeg\" \/>\n<meta name=\"author\" content=\"Lo viste en Los Pol\u00edticos\" \/>\n<meta name=\"twitter:card\" content=\"summary_large_image\" \/>\n<meta name=\"twitter:creator\" content=\"@LosPoliticosVer\" \/>\n<meta name=\"twitter:site\" content=\"@LosPoliticosVer\" \/>\n<meta name=\"twitter:label1\" content=\"Escrito por\" \/>\n\t<meta name=\"twitter:data1\" content=\"Lo viste en Los Pol\u00edticos\" \/>\n\t<meta name=\"twitter:label2\" content=\"Tiempo de lectura\" \/>\n\t<meta name=\"twitter:data2\" content=\"2 minutos\" \/>\n<script type=\"application\/ld+json\" class=\"yoast-schema-graph\">{\"@context\":\"https:\\\/\\\/schema.org\",\"@graph\":[{\"@type\":\"Article\",\"@id\":\"https:\\\/\\\/lospoliticosveracruz.com\\\/?p=169931#article\",\"isPartOf\":{\"@id\":\"https:\\\/\\\/lospoliticosveracruz.com\\\/?p=169931\"},\"author\":{\"name\":\"Lo viste en Los Pol\u00edticos\",\"@id\":\"https:\\\/\\\/lospoliticosveracruz.com\\\/#\\\/schema\\\/person\\\/b8702bb0e538456e6efd07080bf2a4a2\"},\"headline\":\"ILUMINAR\u00c1N LAS FUENTES!\",\"datePublished\":\"2026-04-28T00:14:20+00:00\",\"dateModified\":\"2026-04-28T00:14:21+00:00\",\"mainEntityOfPage\":{\"@id\":\"https:\\\/\\\/lospoliticosveracruz.com\\\/?p=169931\"},\"wordCount\":344,\"publisher\":{\"@id\":\"https:\\\/\\\/lospoliticosveracruz.com\\\/#organization\"},\"image\":{\"@id\":\"https:\\\/\\\/lospoliticosveracruz.com\\\/?p=169931#primaryimage\"},\"thumbnailUrl\":\"https:\\\/\\\/lospoliticosveracruz.com\\\/wp-content\\\/uploads\\\/2026\\\/04\\\/Luminarias-las-Fuentes.jpg\",\"keywords\":[\"Alumbrado P\u00fablico Xalapa Las Fuentes 2026\",\"Fallas el\u00e9ctricas red subterr\u00e1nea Xalapa\",\"Inversi\u00f3n alumbrado fraccionamiento Las Fuentes\",\"Reparaci\u00f3n luminarias Xalapa reporte ciudadano\",\"Seguridad vial Las Fuentes Xalapa hoy\"],\"articleSection\":[\"Desde La Atenas\"],\"inLanguage\":\"es\"},{\"@type\":\"WebPage\",\"@id\":\"https:\\\/\\\/lospoliticosveracruz.com\\\/?p=169931\",\"url\":\"https:\\\/\\\/lospoliticosveracruz.com\\\/?p=169931\",\"name\":\"ILUMINAR\u00c1N LAS FUENTES! - Los pol\u00edticos Veracruz\",\"isPartOf\":{\"@id\":\"https:\\\/\\\/lospoliticosveracruz.com\\\/#website\"},\"primaryImageOfPage\":{\"@id\":\"https:\\\/\\\/lospoliticosveracruz.com\\\/?p=169931#primaryimage\"},\"image\":{\"@id\":\"https:\\\/\\\/lospoliticosveracruz.com\\\/?p=169931#primaryimage\"},\"thumbnailUrl\":\"https:\\\/\\\/lospoliticosveracruz.com\\\/wp-content\\\/uploads\\\/2026\\\/04\\\/Luminarias-las-Fuentes.jpg\",\"datePublished\":\"2026-04-28T00:14:20+00:00\",\"dateModified\":\"2026-04-28T00:14:21+00:00\",\"breadcrumb\":{\"@id\":\"https:\\\/\\\/lospoliticosveracruz.com\\\/?p=169931#breadcrumb\"},\"inLanguage\":\"es\",\"potentialAction\":[{\"@type\":\"ReadAction\",\"target\":[\"https:\\\/\\\/lospoliticosveracruz.com\\\/?p=169931\"]}]},{\"@type\":\"ImageObject\",\"inLanguage\":\"es\",\"@id\":\"https:\\\/\\\/lospoliticosveracruz.com\\\/?p=169931#primaryimage\",\"url\":\"https:\\\/\\\/lospoliticosveracruz.com\\\/wp-content\\\/uploads\\\/2026\\\/04\\\/Luminarias-las-Fuentes.jpg\",\"contentUrl\":\"https:\\\/\\\/lospoliticosveracruz.com\\\/wp-content\\\/uploads\\\/2026\\\/04\\\/Luminarias-las-Fuentes.jpg\",\"width\":600,\"height\":320},{\"@type\":\"BreadcrumbList\",\"@id\":\"https:\\\/\\\/lospoliticosveracruz.com\\\/?p=169931#breadcrumb\",\"itemListElement\":[{\"@type\":\"ListItem\",\"position\":1,\"name\":\"Portada\",\"item\":\"https:\\\/\\\/lospoliticosveracruz.com\\\/\"},{\"@type\":\"ListItem\",\"position\":2,\"name\":\"ILUMINAR\u00c1N LAS FUENTES!\"}]},{\"@type\":\"WebSite\",\"@id\":\"https:\\\/\\\/lospoliticosveracruz.com\\\/#website\",\"url\":\"https:\\\/\\\/lospoliticosveracruz.com\\\/\",\"name\":\"Los pol\u00edticos Veracruz\",\"description\":\"\",\"publisher\":{\"@id\":\"https:\\\/\\\/lospoliticosveracruz.com\\\/#organization\"},\"potentialAction\":[{\"@type\":\"SearchAction\",\"target\":{\"@type\":\"EntryPoint\",\"urlTemplate\":\"https:\\\/\\\/lospoliticosveracruz.com\\\/?s={search_term_string}\"},\"query-input\":{\"@type\":\"PropertyValueSpecification\",\"valueRequired\":true,\"valueName\":\"search_term_string\"}}],\"inLanguage\":\"es\"},{\"@type\":\"Organization\",\"@id\":\"https:\\\/\\\/lospoliticosveracruz.com\\\/#organization\",\"name\":\"Los pol\u00edticos Veracruz\",\"url\":\"https:\\\/\\\/lospoliticosveracruz.com\\\/\",\"logo\":{\"@type\":\"ImageObject\",\"inLanguage\":\"es\",\"@id\":\"https:\\\/\\\/lospoliticosveracruz.com\\\/#\\\/schema\\\/logo\\\/image\\\/\",\"url\":\"https:\\\/\\\/lospoliticosveracruz.com\\\/wp-content\\\/uploads\\\/2025\\\/12\\\/Logo-Nuevo-LOS-POLITICOS-1.jpg\",\"contentUrl\":\"https:\\\/\\\/lospoliticosveracruz.com\\\/wp-content\\\/uploads\\\/2025\\\/12\\\/Logo-Nuevo-LOS-POLITICOS-1.jpg\",\"width\":260,\"height\":70,\"caption\":\"Los pol\u00edticos Veracruz\"},\"image\":{\"@id\":\"https:\\\/\\\/lospoliticosveracruz.com\\\/#\\\/schema\\\/logo\\\/image\\\/\"},\"sameAs\":[\"https:\\\/\\\/www.facebook.com\\\/people\\\/Notimemes-de-los-Polticos\\\/61565672886568\\\/\",\"https:\\\/\\\/x.com\\\/LosPoliticosVer\"]},{\"@type\":\"Person\",\"@id\":\"https:\\\/\\\/lospoliticosveracruz.com\\\/#\\\/schema\\\/person\\\/b8702bb0e538456e6efd07080bf2a4a2\",\"name\":\"Lo viste en Los Pol\u00edticos\",\"image\":{\"@type\":\"ImageObject\",\"inLanguage\":\"es\",\"@id\":\"https:\\\/\\\/secure.gravatar.com\\\/avatar\\\/3a8de04a2656d44082be478bd6c086daa447c4651605818287b9532d3d0bd435?s=96&d=mm&r=g\",\"url\":\"https:\\\/\\\/secure.gravatar.com\\\/avatar\\\/3a8de04a2656d44082be478bd6c086daa447c4651605818287b9532d3d0bd435?s=96&d=mm&r=g\",\"contentUrl\":\"https:\\\/\\\/secure.gravatar.com\\\/avatar\\\/3a8de04a2656d44082be478bd6c086daa447c4651605818287b9532d3d0bd435?s=96&d=mm&r=g\",\"caption\":\"Lo viste en Los Pol\u00edticos\"},\"url\":\"https:\\\/\\\/lospoliticosveracruz.com\\\/?author=2\"}]}<\/script>\n<!-- \/ Yoast SEO plugin. -->","yoast_head_json":{"title":"ILUMINAR\u00c1N LAS FUENTES! - Los pol\u00edticos Veracruz","robots":{"index":"index","follow":"follow","max-snippet":"max-snippet:-1","max-image-preview":"max-image-preview:large","max-video-preview":"max-video-preview:-1"},"canonical":"https:\/\/lospoliticosveracruz.com\/?p=169931","og_locale":"es_ES","og_type":"article","og_title":"ILUMINAR\u00c1N LAS FUENTES! - Los pol\u00edticos Veracruz","og_description":"En atenci\u00f3n a un reporte ciudadano, el Ayuntamiento de Xalapa, a trav\u00e9s del Departamento de Conservaci\u00f3n y Mantenimiento de Alumbrado P\u00fablico, intervino el sistema de iluminaci\u00f3n del fraccionamiento Las Fuentes. Tras la inspecci\u00f3n realizada, se determin\u00f3 ejecutar trabajos correctivos para sustituir infraestructura da\u00f1ada, dar mantenimiento del circuito el\u00e9ctrico y mejorar la operaci\u00f3n. El reporte que [&hellip;]","og_url":"https:\/\/lospoliticosveracruz.com\/?p=169931","og_site_name":"Los pol\u00edticos Veracruz","article_publisher":"https:\/\/www.facebook.com\/people\/Notimemes-de-los-Polticos\/61565672886568\/","article_published_time":"2026-04-28T00:14:20+00:00","article_modified_time":"2026-04-28T00:14:21+00:00","og_image":[{"width":600,"height":320,"url":"https:\/\/lospoliticosveracruz.com\/wp-content\/uploads\/2026\/04\/Luminarias-las-Fuentes.jpg","type":"image\/jpeg"}],"author":"Lo viste en Los Pol\u00edticos","twitter_card":"summary_large_image","twitter_creator":"@LosPoliticosVer","twitter_site":"@LosPoliticosVer","twitter_misc":{"Escrito por":"Lo viste en Los Pol\u00edticos","Tiempo de lectura":"2 minutos"},"schema":{"@context":"https:\/\/schema.org","@graph":[{"@type":"Article","@id":"https:\/\/lospoliticosveracruz.com\/?p=169931#article","isPartOf":{"@id":"https:\/\/lospoliticosveracruz.com\/?p=169931"},"author":{"name":"Lo viste en Los Pol\u00edticos","@id":"https:\/\/lospoliticosveracruz.com\/#\/schema\/person\/b8702bb0e538456e6efd07080bf2a4a2"},"headline":"ILUMINAR\u00c1N LAS FUENTES!","datePublished":"2026-04-28T00:14:20+00:00","dateModified":"2026-04-28T00:14:21+00:00","mainEntityOfPage":{"@id":"https:\/\/lospoliticosveracruz.com\/?p=169931"},"wordCount":344,"publisher":{"@id":"https:\/\/lospoliticosveracruz.com\/#organization"},"image":{"@id":"https:\/\/lospoliticosveracruz.com\/?p=169931#primaryimage"},"thumbnailUrl":"https:\/\/lospoliticosveracruz.com\/wp-content\/uploads\/2026\/04\/Luminarias-las-Fuentes.jpg","keywords":["Alumbrado P\u00fablico Xalapa Las Fuentes 2026","Fallas el\u00e9ctricas red subterr\u00e1nea Xalapa","Inversi\u00f3n alumbrado fraccionamiento Las Fuentes","Reparaci\u00f3n luminarias Xalapa reporte ciudadano","Seguridad vial Las Fuentes Xalapa hoy"],"articleSection":["Desde La Atenas"],"inLanguage":"es"},{"@type":"WebPage","@id":"https:\/\/lospoliticosveracruz.com\/?p=169931","url":"https:\/\/lospoliticosveracruz.com\/?p=169931","name":"ILUMINAR\u00c1N LAS FUENTES! - Los pol\u00edticos Veracruz","isPartOf":{"@id":"https:\/\/lospoliticosveracruz.com\/#website"},"primaryImageOfPage":{"@id":"https:\/\/lospoliticosveracruz.com\/?p=169931#primaryimage"},"image":{"@id":"https:\/\/lospoliticosveracruz.com\/?p=169931#primaryimage"},"thumbnailUrl":"https:\/\/lospoliticosveracruz.com\/wp-content\/uploads\/2026\/04\/Luminarias-las-Fuentes.jpg","datePublished":"2026-04-28T00:14:20+00:00","dateModified":"2026-04-28T00:14:21+00:00","breadcrumb":{"@id":"https:\/\/lospoliticosveracruz.com\/?p=169931#breadcrumb"},"inLanguage":"es","potentialAction":[{"@type":"ReadAction","target":["https:\/\/lospoliticosveracruz.com\/?p=169931"]}]},{"@type":"ImageObject","inLanguage":"es","@id":"https:\/\/lospoliticosveracruz.com\/?p=169931#primaryimage","url":"https:\/\/lospoliticosveracruz.com\/wp-content\/uploads\/2026\/04\/Luminarias-las-Fuentes.jpg","contentUrl":"https:\/\/lospoliticosveracruz.com\/wp-content\/uploads\/2026\/04\/Luminarias-las-Fuentes.jpg","width":600,"height":320},{"@type":"BreadcrumbList","@id":"https:\/\/lospoliticosveracruz.com\/?p=169931#breadcrumb","itemListElement":[{"@type":"ListItem","position":1,"name":"Portada","item":"https:\/\/lospoliticosveracruz.com\/"},{"@type":"ListItem","position":2,"name":"ILUMINAR\u00c1N LAS FUENTES!"}]},{"@type":"WebSite","@id":"https:\/\/lospoliticosveracruz.com\/#website","url":"https:\/\/lospoliticosveracruz.com\/","name":"Los pol\u00edticos Veracruz","description":"","publisher":{"@id":"https:\/\/lospoliticosveracruz.com\/#organization"},"potentialAction":[{"@type":"SearchAction","target":{"@type":"EntryPoint","urlTemplate":"https:\/\/lospoliticosveracruz.com\/?s={search_term_string}"},"query-input":{"@type":"PropertyValueSpecification","valueRequired":true,"valueName":"search_term_string"}}],"inLanguage":"es"},{"@type":"Organization","@id":"https:\/\/lospoliticosveracruz.com\/#organization","name":"Los pol\u00edticos Veracruz","url":"https:\/\/lospoliticosveracruz.com\/","logo":{"@type":"ImageObject","inLanguage":"es","@id":"https:\/\/lospoliticosveracruz.com\/#\/schema\/logo\/image\/","url":"https:\/\/lospoliticosveracruz.com\/wp-content\/uploads\/2025\/12\/Logo-Nuevo-LOS-POLITICOS-1.jpg","contentUrl":"https:\/\/lospoliticosveracruz.com\/wp-content\/uploads\/2025\/12\/Logo-Nuevo-LOS-POLITICOS-1.jpg","width":260,"height":70,"caption":"Los pol\u00edticos Veracruz"},"image":{"@id":"https:\/\/lospoliticosveracruz.com\/#\/schema\/logo\/image\/"},"sameAs":["https:\/\/www.facebook.com\/people\/Notimemes-de-los-Polticos\/61565672886568\/","https:\/\/x.com\/LosPoliticosVer"]},{"@type":"Person","@id":"https:\/\/lospoliticosveracruz.com\/#\/schema\/person\/b8702bb0e538456e6efd07080bf2a4a2","name":"Lo viste en Los Pol\u00edticos","image":{"@type":"ImageObject","inLanguage":"es","@id":"https:\/\/secure.gravatar.com\/avatar\/3a8de04a2656d44082be478bd6c086daa447c4651605818287b9532d3d0bd435?s=96&d=mm&r=g","url":"https:\/\/secure.gravatar.com\/avatar\/3a8de04a2656d44082be478bd6c086daa447c4651605818287b9532d3d0bd435?s=96&d=mm&r=g","contentUrl":"https:\/\/secure.gravatar.com\/avatar\/3a8de04a2656d44082be478bd6c086daa447c4651605818287b9532d3d0bd435?s=96&d=mm&r=g","caption":"Lo viste en Los Pol\u00edticos"},"url":"https:\/\/lospoliticosveracruz.com\/?author=2"}]}},"_links":{"self":[{"href":"https:\/\/lospoliticosveracruz.com\/index.php?rest_route=\/wp\/v2\/posts\/169931","targetHints":{"allow":["GET"]}}],"collection":[{"href":"https:\/\/lospoliticosveracruz.com\/index.php?rest_route=\/wp\/v2\/posts"}],"about":[{"href":"https:\/\/lospoliticosveracruz.com\/index.php?rest_route=\/wp\/v2\/types\/post"}],"author":[{"embeddable":true,"href":"https:\/\/lospoliticosveracruz.com\/index.php?rest_route=\/wp\/v2\/users\/2"}],"replies":[{"embeddable":true,"href":"https:\/\/lospoliticosveracruz.com\/index.php?rest_route=%2Fwp%2Fv2%2Fcomments&post=169931"}],"version-history":[{"count":2,"href":"https:\/\/lospoliticosveracruz.com\/index.php?rest_route=\/wp\/v2\/posts\/169931\/revisions"}],"predecessor-version":[{"id":169934,"href":"https:\/\/lospoliticosveracruz.com\/index.php?rest_route=\/wp\/v2\/posts\/169931\/revisions\/169934"}],"wp:featuredmedia":[{"embeddable":true,"href":"https:\/\/lospoliticosveracruz.com\/index.php?rest_route=\/wp\/v2\/media\/169932"}],"wp:attachment":[{"href":"https:\/\/lospoliticosveracruz.com\/index.php?rest_route=%2Fwp%2Fv2%2Fmedia&parent=169931"}],"wp:term":[{"taxonomy":"category","embeddable":true,"href":"https:\/\/lospoliticosveracruz.com\/index.php?rest_route=%2Fwp%2Fv2%2Fcategories&post=169931"},{"taxonomy":"post_tag","embeddable":true,"href":"https:\/\/lospoliticosveracruz.com\/index.php?rest_route=%2Fwp%2Fv2%2Ftags&post=169931"}],"curies":[{"name":"wp","href":"https:\/\/api.w.org\/{rel}","templated":true}]}}