{"id":169935,"date":"2026-04-27T18:34:16","date_gmt":"2026-04-28T00:34:16","guid":{"rendered":"https:\/\/lospoliticosveracruz.com\/?p=169935"},"modified":"2026-04-27T18:34:17","modified_gmt":"2026-04-28T00:34:17","slug":"zepeta-como-rock-star","status":"publish","type":"post","link":"https:\/\/lospoliticosveracruz.com\/?p=169935","title":{"rendered":"ZEPETA, COMO ROCK STAR!"},"content":{"rendered":"\n<p><\/p>\n\n\n\n<p>Con una demostraci\u00f3n de poder de convocatoria, unidad y un respaldo total de la militancia, Esteban Ram\u00edrez Zepeta concluy\u00f3 con \u00e9xito rotundo la jornada de Asambleas Informativas en las regiones centro y norte del estado, reafirmando que el movimiento de la Cuarta Transformaci\u00f3n se construye y defiende a ras de suelo, y no desde los escritorios.<br>Durante los intensos recorridos, que arrancaron con gran fuerza y actitud desde el viernes en Banderilla, se registr\u00f3 un lleno total que continu\u00f3 durante el fin de semana en los municipios de Teocelo, Tlacolulan, Ixhuatl\u00e1n de Madero, Chicontepec, Espinal (Entabladero) y Zozocolco. En estos encuentros, destac\u00f3 la gran participaci\u00f3n de los pueblos originarios y de una base militante organizada que mantiene viva la revoluci\u00f3n de las conciencias en el Totonacapan, la Huasteca y la zona monta\u00f1osa.<br>El mensaje principal del dirigente durante esta gira fue contundente: cerrar filas, mantener el trabajo permanente en las calles de cada comunidad y no ceder ni un mil\u00edmetro.<br>La ruta de la Transformaci\u00f3n no se detiene manteniendo el firme compromiso de recorrer todo el estado para escuchar y organizar al pueblo veracruzano, Esteban Ram\u00edrez Zepeta anunci\u00f3 la agenda oficial para la nueva Gira Estatal que abarcar\u00e1 desde la zona centro hasta el sur de la entidad durante esta misma semana:<br>\u2022\u2060 \u2060Jueves 30 de abril:<br>\u2022\u2060 \u2060Rafael Lucio (11:30 hrs. | Sal\u00f3n Social de Rafael Lucio)<br>\u2022\u2060 \u2060Carrillo Puerto (15:30 hrs. | Calle 4 y Av. 1, en la antena de Telmex)<br>\u2022\u2060 \u2060Viernes 1 de mayo:<br>\u2022\u2060 \u2060Acultzingo (11:30 hrs. | Sal\u00f3n Social de Tecamalucan)<br>\u2022\u2060 \u2060Chacaltianguis (15:30 hrs. | Sal\u00f3n Ejidal La Campesina)<br>\u2022\u2060 \u2060S\u00e1bado 2 de mayo:<br>\u2022\u2060 \u2060Soconusco (11:30 hrs. | Asociaci\u00f3n Ganadera)<br>\u2022\u2060 \u2060Nanchital (15:30 hrs. | Auditorio Municipal)<br>Con esta nueva etapa de la gira, el movimiento demuestra que su base es s\u00f3lida, leal y se mantiene en constante movilizaci\u00f3n en cada rinc\u00f3n de Veracruz.<\/p>\n","protected":false},"excerpt":{"rendered":"<p>Con una demostraci\u00f3n de poder de convocatoria, unidad y un respaldo total de la militancia, Esteban Ram\u00edrez Zepeta concluy\u00f3 con \u00e9xito rotundo la jornada de Asambleas Informativas en las regiones centro y norte del estado, reafirmando que el movimiento de la Cuarta Transformaci\u00f3n se construye y defiende a ras de suelo, y no desde los [&hellip;]<\/p>\n","protected":false},"author":2,"featured_media":169936,"comment_status":"closed","ping_status":"closed","sticky":false,"template":"","format":"standard","meta":{"tdm_status":"","tdm_grid_status":"","footnotes":""},"categories":[73],"tags":[61627,62458,49176,62460,62457,62459],"class_list":{"0":"post-169935","1":"post","2":"type-post","3":"status-publish","4":"format-standard","5":"has-post-thumbnail","7":"category-de-boleto","8":"tag-asambleas-informativas-morena-veracruz-hoy","9":"tag-dirigente-morena-veracruz-rafael-lucio","10":"tag-esteban-ramirez-zepeta-morena-veracruz","11":"tag-esteban-ramirez-zepeta-nanchital-asamblea","12":"tag-gira-estatal-morena-abril-2026","13":"tag-morena-veracruz-pueblos-originarios-apoyo"},"yoast_head":"<!-- This site is optimized with the Yoast SEO plugin v27.4 - https:\/\/yoast.com\/product\/yoast-seo-wordpress\/ -->\n<title>ZEPETA, COMO ROCK STAR! - Los pol\u00edticos Veracruz<\/title>\n<meta name=\"robots\" content=\"index, follow, max-snippet:-1, max-image-preview:large, max-video-preview:-1\" \/>\n<link rel=\"canonical\" href=\"https:\/\/lospoliticosveracruz.com\/?p=169935\" \/>\n<meta property=\"og:locale\" content=\"es_ES\" \/>\n<meta property=\"og:type\" content=\"article\" \/>\n<meta property=\"og:title\" content=\"ZEPETA, COMO ROCK STAR! - Los pol\u00edticos Veracruz\" \/>\n<meta property=\"og:description\" content=\"Con una demostraci\u00f3n de poder de convocatoria, unidad y un respaldo total de la militancia, Esteban Ram\u00edrez Zepeta concluy\u00f3 con \u00e9xito rotundo la jornada de Asambleas Informativas en las regiones centro y norte del estado, reafirmando que el movimiento de la Cuarta Transformaci\u00f3n se construye y defiende a ras de suelo, y no desde los [&hellip;]\" \/>\n<meta property=\"og:url\" content=\"https:\/\/lospoliticosveracruz.com\/?p=169935\" \/>\n<meta property=\"og:site_name\" content=\"Los pol\u00edticos Veracruz\" \/>\n<meta property=\"article:publisher\" content=\"https:\/\/www.facebook.com\/people\/Notimemes-de-los-Polticos\/61565672886568\/\" \/>\n<meta property=\"article:published_time\" content=\"2026-04-28T00:34:16+00:00\" \/>\n<meta property=\"article:modified_time\" content=\"2026-04-28T00:34:17+00:00\" \/>\n<meta property=\"og:image\" content=\"https:\/\/lospoliticosveracruz.com\/wp-content\/uploads\/2026\/04\/Zepeta-5.jpg\" \/>\n\t<meta property=\"og:image:width\" content=\"600\" \/>\n\t<meta property=\"og:image:height\" content=\"320\" \/>\n\t<meta property=\"og:image:type\" content=\"image\/jpeg\" \/>\n<meta name=\"author\" content=\"Lo viste en Los Pol\u00edticos\" \/>\n<meta name=\"twitter:card\" content=\"summary_large_image\" \/>\n<meta name=\"twitter:creator\" content=\"@LosPoliticosVer\" \/>\n<meta name=\"twitter:site\" content=\"@LosPoliticosVer\" \/>\n<meta name=\"twitter:label1\" content=\"Escrito por\" \/>\n\t<meta name=\"twitter:data1\" content=\"Lo viste en Los Pol\u00edticos\" \/>\n\t<meta name=\"twitter:label2\" content=\"Tiempo de lectura\" \/>\n\t<meta name=\"twitter:data2\" content=\"2 minutos\" \/>\n<script type=\"application\/ld+json\" class=\"yoast-schema-graph\">{\"@context\":\"https:\\\/\\\/schema.org\",\"@graph\":[{\"@type\":\"Article\",\"@id\":\"https:\\\/\\\/lospoliticosveracruz.com\\\/?p=169935#article\",\"isPartOf\":{\"@id\":\"https:\\\/\\\/lospoliticosveracruz.com\\\/?p=169935\"},\"author\":{\"name\":\"Lo viste en Los Pol\u00edticos\",\"@id\":\"https:\\\/\\\/lospoliticosveracruz.com\\\/#\\\/schema\\\/person\\\/b8702bb0e538456e6efd07080bf2a4a2\"},\"headline\":\"ZEPETA, COMO ROCK STAR!\",\"datePublished\":\"2026-04-28T00:34:16+00:00\",\"dateModified\":\"2026-04-28T00:34:17+00:00\",\"mainEntityOfPage\":{\"@id\":\"https:\\\/\\\/lospoliticosveracruz.com\\\/?p=169935\"},\"wordCount\":309,\"publisher\":{\"@id\":\"https:\\\/\\\/lospoliticosveracruz.com\\\/#organization\"},\"image\":{\"@id\":\"https:\\\/\\\/lospoliticosveracruz.com\\\/?p=169935#primaryimage\"},\"thumbnailUrl\":\"https:\\\/\\\/lospoliticosveracruz.com\\\/wp-content\\\/uploads\\\/2026\\\/04\\\/Zepeta-5.jpg\",\"keywords\":[\"Asambleas informativas MORENA Veracruz hoy\",\"Dirigente Morena Veracruz Rafael Lucio\",\"Esteban Ram\u00edrez Zepeta MORENA Veracruz\",\"Esteban Ram\u00edrez Zepeta Nanchital asamblea\",\"Gira estatal Morena abril 2026\",\"Morena Veracruz pueblos originarios apoyo\"],\"articleSection\":[\"De Boleto\"],\"inLanguage\":\"es\"},{\"@type\":\"WebPage\",\"@id\":\"https:\\\/\\\/lospoliticosveracruz.com\\\/?p=169935\",\"url\":\"https:\\\/\\\/lospoliticosveracruz.com\\\/?p=169935\",\"name\":\"ZEPETA, COMO ROCK STAR! - Los pol\u00edticos Veracruz\",\"isPartOf\":{\"@id\":\"https:\\\/\\\/lospoliticosveracruz.com\\\/#website\"},\"primaryImageOfPage\":{\"@id\":\"https:\\\/\\\/lospoliticosveracruz.com\\\/?p=169935#primaryimage\"},\"image\":{\"@id\":\"https:\\\/\\\/lospoliticosveracruz.com\\\/?p=169935#primaryimage\"},\"thumbnailUrl\":\"https:\\\/\\\/lospoliticosveracruz.com\\\/wp-content\\\/uploads\\\/2026\\\/04\\\/Zepeta-5.jpg\",\"datePublished\":\"2026-04-28T00:34:16+00:00\",\"dateModified\":\"2026-04-28T00:34:17+00:00\",\"breadcrumb\":{\"@id\":\"https:\\\/\\\/lospoliticosveracruz.com\\\/?p=169935#breadcrumb\"},\"inLanguage\":\"es\",\"potentialAction\":[{\"@type\":\"ReadAction\",\"target\":[\"https:\\\/\\\/lospoliticosveracruz.com\\\/?p=169935\"]}]},{\"@type\":\"ImageObject\",\"inLanguage\":\"es\",\"@id\":\"https:\\\/\\\/lospoliticosveracruz.com\\\/?p=169935#primaryimage\",\"url\":\"https:\\\/\\\/lospoliticosveracruz.com\\\/wp-content\\\/uploads\\\/2026\\\/04\\\/Zepeta-5.jpg\",\"contentUrl\":\"https:\\\/\\\/lospoliticosveracruz.com\\\/wp-content\\\/uploads\\\/2026\\\/04\\\/Zepeta-5.jpg\",\"width\":600,\"height\":320},{\"@type\":\"BreadcrumbList\",\"@id\":\"https:\\\/\\\/lospoliticosveracruz.com\\\/?p=169935#breadcrumb\",\"itemListElement\":[{\"@type\":\"ListItem\",\"position\":1,\"name\":\"Portada\",\"item\":\"https:\\\/\\\/lospoliticosveracruz.com\\\/\"},{\"@type\":\"ListItem\",\"position\":2,\"name\":\"ZEPETA, COMO ROCK STAR!\"}]},{\"@type\":\"WebSite\",\"@id\":\"https:\\\/\\\/lospoliticosveracruz.com\\\/#website\",\"url\":\"https:\\\/\\\/lospoliticosveracruz.com\\\/\",\"name\":\"Los pol\u00edticos Veracruz\",\"description\":\"\",\"publisher\":{\"@id\":\"https:\\\/\\\/lospoliticosveracruz.com\\\/#organization\"},\"potentialAction\":[{\"@type\":\"SearchAction\",\"target\":{\"@type\":\"EntryPoint\",\"urlTemplate\":\"https:\\\/\\\/lospoliticosveracruz.com\\\/?s={search_term_string}\"},\"query-input\":{\"@type\":\"PropertyValueSpecification\",\"valueRequired\":true,\"valueName\":\"search_term_string\"}}],\"inLanguage\":\"es\"},{\"@type\":\"Organization\",\"@id\":\"https:\\\/\\\/lospoliticosveracruz.com\\\/#organization\",\"name\":\"Los pol\u00edticos Veracruz\",\"url\":\"https:\\\/\\\/lospoliticosveracruz.com\\\/\",\"logo\":{\"@type\":\"ImageObject\",\"inLanguage\":\"es\",\"@id\":\"https:\\\/\\\/lospoliticosveracruz.com\\\/#\\\/schema\\\/logo\\\/image\\\/\",\"url\":\"https:\\\/\\\/lospoliticosveracruz.com\\\/wp-content\\\/uploads\\\/2025\\\/12\\\/Logo-Nuevo-LOS-POLITICOS-1.jpg\",\"contentUrl\":\"https:\\\/\\\/lospoliticosveracruz.com\\\/wp-content\\\/uploads\\\/2025\\\/12\\\/Logo-Nuevo-LOS-POLITICOS-1.jpg\",\"width\":260,\"height\":70,\"caption\":\"Los pol\u00edticos Veracruz\"},\"image\":{\"@id\":\"https:\\\/\\\/lospoliticosveracruz.com\\\/#\\\/schema\\\/logo\\\/image\\\/\"},\"sameAs\":[\"https:\\\/\\\/www.facebook.com\\\/people\\\/Notimemes-de-los-Polticos\\\/61565672886568\\\/\",\"https:\\\/\\\/x.com\\\/LosPoliticosVer\"]},{\"@type\":\"Person\",\"@id\":\"https:\\\/\\\/lospoliticosveracruz.com\\\/#\\\/schema\\\/person\\\/b8702bb0e538456e6efd07080bf2a4a2\",\"name\":\"Lo viste en Los Pol\u00edticos\",\"image\":{\"@type\":\"ImageObject\",\"inLanguage\":\"es\",\"@id\":\"https:\\\/\\\/secure.gravatar.com\\\/avatar\\\/3a8de04a2656d44082be478bd6c086daa447c4651605818287b9532d3d0bd435?s=96&d=mm&r=g\",\"url\":\"https:\\\/\\\/secure.gravatar.com\\\/avatar\\\/3a8de04a2656d44082be478bd6c086daa447c4651605818287b9532d3d0bd435?s=96&d=mm&r=g\",\"contentUrl\":\"https:\\\/\\\/secure.gravatar.com\\\/avatar\\\/3a8de04a2656d44082be478bd6c086daa447c4651605818287b9532d3d0bd435?s=96&d=mm&r=g\",\"caption\":\"Lo viste en Los Pol\u00edticos\"},\"url\":\"https:\\\/\\\/lospoliticosveracruz.com\\\/?author=2\"}]}<\/script>\n<!-- \/ Yoast SEO plugin. -->","yoast_head_json":{"title":"ZEPETA, COMO ROCK STAR! - Los pol\u00edticos Veracruz","robots":{"index":"index","follow":"follow","max-snippet":"max-snippet:-1","max-image-preview":"max-image-preview:large","max-video-preview":"max-video-preview:-1"},"canonical":"https:\/\/lospoliticosveracruz.com\/?p=169935","og_locale":"es_ES","og_type":"article","og_title":"ZEPETA, COMO ROCK STAR! - Los pol\u00edticos Veracruz","og_description":"Con una demostraci\u00f3n de poder de convocatoria, unidad y un respaldo total de la militancia, Esteban Ram\u00edrez Zepeta concluy\u00f3 con \u00e9xito rotundo la jornada de Asambleas Informativas en las regiones centro y norte del estado, reafirmando que el movimiento de la Cuarta Transformaci\u00f3n se construye y defiende a ras de suelo, y no desde los [&hellip;]","og_url":"https:\/\/lospoliticosveracruz.com\/?p=169935","og_site_name":"Los pol\u00edticos Veracruz","article_publisher":"https:\/\/www.facebook.com\/people\/Notimemes-de-los-Polticos\/61565672886568\/","article_published_time":"2026-04-28T00:34:16+00:00","article_modified_time":"2026-04-28T00:34:17+00:00","og_image":[{"width":600,"height":320,"url":"https:\/\/lospoliticosveracruz.com\/wp-content\/uploads\/2026\/04\/Zepeta-5.jpg","type":"image\/jpeg"}],"author":"Lo viste en Los Pol\u00edticos","twitter_card":"summary_large_image","twitter_creator":"@LosPoliticosVer","twitter_site":"@LosPoliticosVer","twitter_misc":{"Escrito por":"Lo viste en Los Pol\u00edticos","Tiempo de lectura":"2 minutos"},"schema":{"@context":"https:\/\/schema.org","@graph":[{"@type":"Article","@id":"https:\/\/lospoliticosveracruz.com\/?p=169935#article","isPartOf":{"@id":"https:\/\/lospoliticosveracruz.com\/?p=169935"},"author":{"name":"Lo viste en Los Pol\u00edticos","@id":"https:\/\/lospoliticosveracruz.com\/#\/schema\/person\/b8702bb0e538456e6efd07080bf2a4a2"},"headline":"ZEPETA, COMO ROCK STAR!","datePublished":"2026-04-28T00:34:16+00:00","dateModified":"2026-04-28T00:34:17+00:00","mainEntityOfPage":{"@id":"https:\/\/lospoliticosveracruz.com\/?p=169935"},"wordCount":309,"publisher":{"@id":"https:\/\/lospoliticosveracruz.com\/#organization"},"image":{"@id":"https:\/\/lospoliticosveracruz.com\/?p=169935#primaryimage"},"thumbnailUrl":"https:\/\/lospoliticosveracruz.com\/wp-content\/uploads\/2026\/04\/Zepeta-5.jpg","keywords":["Asambleas informativas MORENA Veracruz hoy","Dirigente Morena Veracruz Rafael Lucio","Esteban Ram\u00edrez Zepeta MORENA Veracruz","Esteban Ram\u00edrez Zepeta Nanchital asamblea","Gira estatal Morena abril 2026","Morena Veracruz pueblos originarios apoyo"],"articleSection":["De Boleto"],"inLanguage":"es"},{"@type":"WebPage","@id":"https:\/\/lospoliticosveracruz.com\/?p=169935","url":"https:\/\/lospoliticosveracruz.com\/?p=169935","name":"ZEPETA, COMO ROCK STAR! - Los pol\u00edticos Veracruz","isPartOf":{"@id":"https:\/\/lospoliticosveracruz.com\/#website"},"primaryImageOfPage":{"@id":"https:\/\/lospoliticosveracruz.com\/?p=169935#primaryimage"},"image":{"@id":"https:\/\/lospoliticosveracruz.com\/?p=169935#primaryimage"},"thumbnailUrl":"https:\/\/lospoliticosveracruz.com\/wp-content\/uploads\/2026\/04\/Zepeta-5.jpg","datePublished":"2026-04-28T00:34:16+00:00","dateModified":"2026-04-28T00:34:17+00:00","breadcrumb":{"@id":"https:\/\/lospoliticosveracruz.com\/?p=169935#breadcrumb"},"inLanguage":"es","potentialAction":[{"@type":"ReadAction","target":["https:\/\/lospoliticosveracruz.com\/?p=169935"]}]},{"@type":"ImageObject","inLanguage":"es","@id":"https:\/\/lospoliticosveracruz.com\/?p=169935#primaryimage","url":"https:\/\/lospoliticosveracruz.com\/wp-content\/uploads\/2026\/04\/Zepeta-5.jpg","contentUrl":"https:\/\/lospoliticosveracruz.com\/wp-content\/uploads\/2026\/04\/Zepeta-5.jpg","width":600,"height":320},{"@type":"BreadcrumbList","@id":"https:\/\/lospoliticosveracruz.com\/?p=169935#breadcrumb","itemListElement":[{"@type":"ListItem","position":1,"name":"Portada","item":"https:\/\/lospoliticosveracruz.com\/"},{"@type":"ListItem","position":2,"name":"ZEPETA, COMO ROCK STAR!"}]},{"@type":"WebSite","@id":"https:\/\/lospoliticosveracruz.com\/#website","url":"https:\/\/lospoliticosveracruz.com\/","name":"Los pol\u00edticos Veracruz","description":"","publisher":{"@id":"https:\/\/lospoliticosveracruz.com\/#organization"},"potentialAction":[{"@type":"SearchAction","target":{"@type":"EntryPoint","urlTemplate":"https:\/\/lospoliticosveracruz.com\/?s={search_term_string}"},"query-input":{"@type":"PropertyValueSpecification","valueRequired":true,"valueName":"search_term_string"}}],"inLanguage":"es"},{"@type":"Organization","@id":"https:\/\/lospoliticosveracruz.com\/#organization","name":"Los pol\u00edticos Veracruz","url":"https:\/\/lospoliticosveracruz.com\/","logo":{"@type":"ImageObject","inLanguage":"es","@id":"https:\/\/lospoliticosveracruz.com\/#\/schema\/logo\/image\/","url":"https:\/\/lospoliticosveracruz.com\/wp-content\/uploads\/2025\/12\/Logo-Nuevo-LOS-POLITICOS-1.jpg","contentUrl":"https:\/\/lospoliticosveracruz.com\/wp-content\/uploads\/2025\/12\/Logo-Nuevo-LOS-POLITICOS-1.jpg","width":260,"height":70,"caption":"Los pol\u00edticos Veracruz"},"image":{"@id":"https:\/\/lospoliticosveracruz.com\/#\/schema\/logo\/image\/"},"sameAs":["https:\/\/www.facebook.com\/people\/Notimemes-de-los-Polticos\/61565672886568\/","https:\/\/x.com\/LosPoliticosVer"]},{"@type":"Person","@id":"https:\/\/lospoliticosveracruz.com\/#\/schema\/person\/b8702bb0e538456e6efd07080bf2a4a2","name":"Lo viste en Los Pol\u00edticos","image":{"@type":"ImageObject","inLanguage":"es","@id":"https:\/\/secure.gravatar.com\/avatar\/3a8de04a2656d44082be478bd6c086daa447c4651605818287b9532d3d0bd435?s=96&d=mm&r=g","url":"https:\/\/secure.gravatar.com\/avatar\/3a8de04a2656d44082be478bd6c086daa447c4651605818287b9532d3d0bd435?s=96&d=mm&r=g","contentUrl":"https:\/\/secure.gravatar.com\/avatar\/3a8de04a2656d44082be478bd6c086daa447c4651605818287b9532d3d0bd435?s=96&d=mm&r=g","caption":"Lo viste en Los Pol\u00edticos"},"url":"https:\/\/lospoliticosveracruz.com\/?author=2"}]}},"_links":{"self":[{"href":"https:\/\/lospoliticosveracruz.com\/index.php?rest_route=\/wp\/v2\/posts\/169935","targetHints":{"allow":["GET"]}}],"collection":[{"href":"https:\/\/lospoliticosveracruz.com\/index.php?rest_route=\/wp\/v2\/posts"}],"about":[{"href":"https:\/\/lospoliticosveracruz.com\/index.php?rest_route=\/wp\/v2\/types\/post"}],"author":[{"embeddable":true,"href":"https:\/\/lospoliticosveracruz.com\/index.php?rest_route=\/wp\/v2\/users\/2"}],"replies":[{"embeddable":true,"href":"https:\/\/lospoliticosveracruz.com\/index.php?rest_route=%2Fwp%2Fv2%2Fcomments&post=169935"}],"version-history":[{"count":1,"href":"https:\/\/lospoliticosveracruz.com\/index.php?rest_route=\/wp\/v2\/posts\/169935\/revisions"}],"predecessor-version":[{"id":169937,"href":"https:\/\/lospoliticosveracruz.com\/index.php?rest_route=\/wp\/v2\/posts\/169935\/revisions\/169937"}],"wp:featuredmedia":[{"embeddable":true,"href":"https:\/\/lospoliticosveracruz.com\/index.php?rest_route=\/wp\/v2\/media\/169936"}],"wp:attachment":[{"href":"https:\/\/lospoliticosveracruz.com\/index.php?rest_route=%2Fwp%2Fv2%2Fmedia&parent=169935"}],"wp:term":[{"taxonomy":"category","embeddable":true,"href":"https:\/\/lospoliticosveracruz.com\/index.php?rest_route=%2Fwp%2Fv2%2Fcategories&post=169935"},{"taxonomy":"post_tag","embeddable":true,"href":"https:\/\/lospoliticosveracruz.com\/index.php?rest_route=%2Fwp%2Fv2%2Ftags&post=169935"}],"curies":[{"name":"wp","href":"https:\/\/api.w.org\/{rel}","templated":true}]}}