{"id":169941,"date":"2026-04-27T18:57:12","date_gmt":"2026-04-28T00:57:12","guid":{"rendered":"https:\/\/lospoliticosveracruz.com\/?p=169941"},"modified":"2026-04-27T18:57:13","modified_gmt":"2026-04-28T00:57:13","slug":"trump-cuando-el-discurso-de-odio-aterriza","status":"publish","type":"post","link":"https:\/\/lospoliticosveracruz.com\/?p=169941","title":{"rendered":"TRUMP: CUANDO EL DISCURSO DE ODIO ATERRIZA"},"content":{"rendered":"\n<p><strong>Vicente Luna Hern\u00e1ndez<\/strong><\/p>\n\n\n\n<p>Lo cierto es que en pol\u00edtica como en la vida misma hay que adaptarse a las condiciones y circunstancias que se van presentando, sean estas negativas o positivas, la inteligencia radica en minimizar y potenciar los efectos de cada una de ellas, esa \u201creceta\u201d la tiene muy bien aprendida el mandatario de Estados Unidos.<br>Diversos medios de comunicaci\u00f3n de la potencia del norte dan cuenta del escenario adverso que presuntamente se respira contra Trump, las pr\u00f3ximas elecciones legislativas que se llevar\u00e1n a cabo en Noviembre pr\u00f3ximo se\u00f1alan el riesgo que los Republicanos tengan un resultado adverso ante los Dem\u00f3cratas y solo hay un responsable directo: Donald Trump.<br>M\u00e1s all\u00e1 de las simpat\u00edas o rechazo a su gobierno y a su pol\u00edtica exterior, lo cierto es que hasta el momento ni Rusia, ni China han confrontarlo a Estados Unidos ante las acciones directas que a llevado a cabo contra sus aliados, la prudencia se ha impuesto pero seguramente algo estar\u00e1n tramando para impedir ser avasallados \u2013 como potencias mundiales &#8211; por el gigante del norte.<br>Es una realidad que Trump le ha sacado \u201cprovecho\u201d a los atentados contra su vida y a la seguridad f\u00edsica de algunos de sus seguidores e incluso de sus colaboradores que han sufrido ataques incluso mortales, la \u201cvictimizaci\u00f3n\u201d como un patriota que defiende la Grandeza de Estados Unidos es la bandera con la cual se enrolla todo \u201cpopulista\u201d para consolidar su proyecto de gobierno, todo lo malo del pa\u00eds est\u00e1 encarnado en aquellos que est\u00e1n en contra de su gobierno y todo lo \u201cbueno\u201d para su pa\u00eds\u2026 m\u00e1s que su gobierno lo representa el mandatario populista y en ese aspecto Trump es un genio.<br>Ante los lamentables hechos violentos que sacudieron la Cena con Corresponsales de la Casa Blanca y que solo dejaron gritos, sustos, tal vez alg\u00fan o alguna desmayada pero se logr\u00f3 inmovilizar al atacante y responsable de los disparos que expusieron las medidas flexibles y relajadas que rodean un evento que cuenta con la presencia del presidente de una potencia como EU, seguramente que m\u00e1s de un integrante del Servicio Secreto tom\u00f3 nota de lo que NO se debe hacer ni permitir en estas clases de eventos multitudinarios.<br>Afortunadamente el atacante no logr\u00f3 su objetivo principal, sin embargo, en un contexto de guerra donde EU est\u00e1 involucrado contra Ir\u00e1n, en un escenario donde EU depuso de un presidente en funciones \u2013 Nicol\u00e1s Maduro -, mantiene un frente abierto con Cuba y Colombia y seguramente la \u201canimadversi\u00f3n\u201d de organizaciones del narcotr\u00e1fico declaradas por su gobierno como Terroristas, se requiere un trabajo de inteligencia, prevenci\u00f3n y seguridad nacional digno de la principal o una de las principales potencias en el mundo.<br>Los acontecimientos ocurridos el S\u00e1bado 25 de Abril no pueden ni deben ser vistos con indiferencia o lejanos por el gobierno de M\u00e9xico, cuando hay un atentado contra el presidente vecino seguramente este hecho tendr\u00e1 un impacto de diferentes maneras en la relaci\u00f3n pol\u00edtica, de seguridad, comercial, entre otros factores de convivencia entre dos pa\u00edses vecinos, \u00bfhasta donde es responsable Trump con su discurso polarizante de estos actos violentos?<br>Lo cierto es que mientras la clase gobernante &#8211; de cualquier pa\u00eds &#8211; lanza un discurso de odio, de ofensas y ataques contra sectores sociales que no comparten ni apoyan sus pol\u00edticas p\u00fablicas desde la comodidad de una mesa, tarde o temprano ese discurso aterriza en territorio con funestas consecuencias.<br>El gobernante y todo pol\u00edtico con poder debe estar consiente de sus responsabilidades y fuerza de sus palabras y discursos incendiarios en busca del aplauso f\u00e1cil para \u201cendulzar\u201d a su base social, todo pol\u00edtico debe estar consciente que pensar diferente es la riqueza cultural y pol\u00edtica de toda naci\u00f3n democr\u00e1tica, aquellos que piensan diferente al gobernante en turno, no son enemigos ni quieren incendiar a la Naci\u00f3n, simplemente tienen otra visi\u00f3n de pa\u00eds y todo se debe dirimir en las urnas en el momento en que se lleven a cabo los procesos electorales con las garant\u00edas democr\u00e1ticas que le den una legitimidad y autoridad moral a los ganadores, sin embargo, ignorar aquellos que no alcanzaron una victoria electoral pero representan un sector de poblaci\u00f3n, es uno de los pasos que llevan a la ingobernabilidad social que a nadie beneficia.<br>La lecci\u00f3n de los hechos ocurridos en EU es que nadie est\u00e1 exento de un ataque por diferencias ideol\u00f3gicas y pol\u00edticas, as\u00ed como tambi\u00e9n de la responsabilidad social \u2013 m\u00e1s all\u00e1 de sus pol\u00edticas p\u00fablicas &#8211; que tiene una o un gobernantes en el manejo de su discurso para justificar su gobierno, no se puede hablar a nombre de todo un pueblo cuando existe una parte de ese pueblo que no coincide con su gobierno y rechaza la simulaci\u00f3n, la corrupci\u00f3n la impunidad, el doble discurso y la soberbia de quienes ejercen el poder y manejan los recursos p\u00fablicos como si fueran de su propiedad personal, \u00bfqui\u00e9n puede decidir qui\u00e9n es pueblo y qui\u00e9n no? \u00bfEs la demagogia burda pero eficaz en pulsar cuerdas sensibles en ciertos sectores de la poblaci\u00f3n el mayor riesgo contra la Reconciliaci\u00f3n Nacional de cualquier naci\u00f3n?<br>P.D.- Con el \u00e1nimo que nuestro vecino este libre de toda \u201cenfermedad\u201d para que no contagie a nuestro pa\u00eds\u2026Escribir\u00e9 otro d\u00eda.<\/p>\n","protected":false},"excerpt":{"rendered":"<p>Vicente Luna Hern\u00e1ndez Lo cierto es que en pol\u00edtica como en la vida misma hay que adaptarse a las condiciones y circunstancias que se van presentando, sean estas negativas o positivas, la inteligencia radica en minimizar y potenciar los efectos de cada una de ellas, esa \u201creceta\u201d la tiene muy bien aprendida el mandatario de [&hellip;]<\/p>\n","protected":false},"author":2,"featured_media":141415,"comment_status":"closed","ping_status":"closed","sticky":false,"template":"","format":"standard","meta":{"tdm_status":"","tdm_grid_status":"","footnotes":""},"categories":[70],"tags":[62470,62471,62469,62472,62468,62467],"class_list":{"0":"post-169941","1":"post","2":"type-post","3":"status-publish","4":"format-standard","5":"has-post-thumbnail","7":"category-de-opinion","8":"tag-atentado-trump-cena-corresponsales-2026","9":"tag-discurso-de-odio-y-polarizacion-politica","10":"tag-elecciones-legislativas-eu-noviembre-2026","11":"tag-populismo-y-victimizacion-donald-trump","12":"tag-seguridad-nacional-estados-unidos-iran-maduro","13":"tag-vicente-luna-hernandez-columna-opinion"},"yoast_head":"<!-- This site is optimized with the Yoast SEO plugin v27.4 - https:\/\/yoast.com\/product\/yoast-seo-wordpress\/ -->\n<title>TRUMP: CUANDO EL DISCURSO DE ODIO ATERRIZA - Los pol\u00edticos Veracruz<\/title>\n<meta name=\"robots\" content=\"index, follow, max-snippet:-1, max-image-preview:large, max-video-preview:-1\" \/>\n<link rel=\"canonical\" href=\"https:\/\/lospoliticosveracruz.com\/?p=169941\" \/>\n<meta property=\"og:locale\" content=\"es_ES\" \/>\n<meta property=\"og:type\" content=\"article\" \/>\n<meta property=\"og:title\" content=\"TRUMP: CUANDO EL DISCURSO DE ODIO ATERRIZA - Los pol\u00edticos Veracruz\" \/>\n<meta property=\"og:description\" content=\"Vicente Luna Hern\u00e1ndez Lo cierto es que en pol\u00edtica como en la vida misma hay que adaptarse a las condiciones y circunstancias que se van presentando, sean estas negativas o positivas, la inteligencia radica en minimizar y potenciar los efectos de cada una de ellas, esa \u201creceta\u201d la tiene muy bien aprendida el mandatario de [&hellip;]\" \/>\n<meta property=\"og:url\" content=\"https:\/\/lospoliticosveracruz.com\/?p=169941\" \/>\n<meta property=\"og:site_name\" content=\"Los pol\u00edticos Veracruz\" \/>\n<meta property=\"article:publisher\" content=\"https:\/\/www.facebook.com\/people\/Notimemes-de-los-Polticos\/61565672886568\/\" \/>\n<meta property=\"article:published_time\" content=\"2026-04-28T00:57:12+00:00\" \/>\n<meta property=\"article:modified_time\" content=\"2026-04-28T00:57:13+00:00\" \/>\n<meta property=\"og:image\" content=\"https:\/\/lospoliticosveracruz.com\/wp-content\/uploads\/2025\/04\/Vicente-Luna-Hernandez.jpg\" \/>\n\t<meta property=\"og:image:width\" content=\"1250\" \/>\n\t<meta property=\"og:image:height\" content=\"667\" \/>\n\t<meta property=\"og:image:type\" content=\"image\/jpeg\" \/>\n<meta name=\"author\" content=\"Lo viste en Los Pol\u00edticos\" \/>\n<meta name=\"twitter:card\" content=\"summary_large_image\" \/>\n<meta name=\"twitter:creator\" content=\"@LosPoliticosVer\" \/>\n<meta name=\"twitter:site\" content=\"@LosPoliticosVer\" \/>\n<meta name=\"twitter:label1\" content=\"Escrito por\" \/>\n\t<meta name=\"twitter:data1\" content=\"Lo viste en Los Pol\u00edticos\" \/>\n\t<meta name=\"twitter:label2\" content=\"Tiempo de lectura\" \/>\n\t<meta name=\"twitter:data2\" content=\"5 minutos\" \/>\n<script type=\"application\/ld+json\" class=\"yoast-schema-graph\">{\"@context\":\"https:\\\/\\\/schema.org\",\"@graph\":[{\"@type\":\"Article\",\"@id\":\"https:\\\/\\\/lospoliticosveracruz.com\\\/?p=169941#article\",\"isPartOf\":{\"@id\":\"https:\\\/\\\/lospoliticosveracruz.com\\\/?p=169941\"},\"author\":{\"name\":\"Lo viste en Los Pol\u00edticos\",\"@id\":\"https:\\\/\\\/lospoliticosveracruz.com\\\/#\\\/schema\\\/person\\\/b8702bb0e538456e6efd07080bf2a4a2\"},\"headline\":\"TRUMP: CUANDO EL DISCURSO DE ODIO ATERRIZA\",\"datePublished\":\"2026-04-28T00:57:12+00:00\",\"dateModified\":\"2026-04-28T00:57:13+00:00\",\"mainEntityOfPage\":{\"@id\":\"https:\\\/\\\/lospoliticosveracruz.com\\\/?p=169941\"},\"wordCount\":938,\"publisher\":{\"@id\":\"https:\\\/\\\/lospoliticosveracruz.com\\\/#organization\"},\"image\":{\"@id\":\"https:\\\/\\\/lospoliticosveracruz.com\\\/?p=169941#primaryimage\"},\"thumbnailUrl\":\"https:\\\/\\\/lospoliticosveracruz.com\\\/wp-content\\\/uploads\\\/2025\\\/04\\\/Vicente-Luna-Hernandez.jpg\",\"keywords\":[\"Atentado Trump Cena Corresponsales 2026\",\"Discurso de odio y polarizaci\u00f3n pol\u00edtica\",\"Elecciones legislativas EU noviembre 2026\",\"Populismo y victimizaci\u00f3n Donald Trump\",\"Seguridad nacional Estados Unidos Ir\u00e1n Maduro\",\"Vicente Luna Hern\u00e1ndez columna opini\u00f3n\"],\"articleSection\":[\"De Opini\u00f3n\"],\"inLanguage\":\"es\"},{\"@type\":\"WebPage\",\"@id\":\"https:\\\/\\\/lospoliticosveracruz.com\\\/?p=169941\",\"url\":\"https:\\\/\\\/lospoliticosveracruz.com\\\/?p=169941\",\"name\":\"TRUMP: CUANDO EL DISCURSO DE ODIO ATERRIZA - Los pol\u00edticos Veracruz\",\"isPartOf\":{\"@id\":\"https:\\\/\\\/lospoliticosveracruz.com\\\/#website\"},\"primaryImageOfPage\":{\"@id\":\"https:\\\/\\\/lospoliticosveracruz.com\\\/?p=169941#primaryimage\"},\"image\":{\"@id\":\"https:\\\/\\\/lospoliticosveracruz.com\\\/?p=169941#primaryimage\"},\"thumbnailUrl\":\"https:\\\/\\\/lospoliticosveracruz.com\\\/wp-content\\\/uploads\\\/2025\\\/04\\\/Vicente-Luna-Hernandez.jpg\",\"datePublished\":\"2026-04-28T00:57:12+00:00\",\"dateModified\":\"2026-04-28T00:57:13+00:00\",\"breadcrumb\":{\"@id\":\"https:\\\/\\\/lospoliticosveracruz.com\\\/?p=169941#breadcrumb\"},\"inLanguage\":\"es\",\"potentialAction\":[{\"@type\":\"ReadAction\",\"target\":[\"https:\\\/\\\/lospoliticosveracruz.com\\\/?p=169941\"]}]},{\"@type\":\"ImageObject\",\"inLanguage\":\"es\",\"@id\":\"https:\\\/\\\/lospoliticosveracruz.com\\\/?p=169941#primaryimage\",\"url\":\"https:\\\/\\\/lospoliticosveracruz.com\\\/wp-content\\\/uploads\\\/2025\\\/04\\\/Vicente-Luna-Hernandez.jpg\",\"contentUrl\":\"https:\\\/\\\/lospoliticosveracruz.com\\\/wp-content\\\/uploads\\\/2025\\\/04\\\/Vicente-Luna-Hernandez.jpg\",\"width\":1250,\"height\":667},{\"@type\":\"BreadcrumbList\",\"@id\":\"https:\\\/\\\/lospoliticosveracruz.com\\\/?p=169941#breadcrumb\",\"itemListElement\":[{\"@type\":\"ListItem\",\"position\":1,\"name\":\"Portada\",\"item\":\"https:\\\/\\\/lospoliticosveracruz.com\\\/\"},{\"@type\":\"ListItem\",\"position\":2,\"name\":\"TRUMP: CUANDO EL DISCURSO DE ODIO ATERRIZA\"}]},{\"@type\":\"WebSite\",\"@id\":\"https:\\\/\\\/lospoliticosveracruz.com\\\/#website\",\"url\":\"https:\\\/\\\/lospoliticosveracruz.com\\\/\",\"name\":\"Los pol\u00edticos Veracruz\",\"description\":\"\",\"publisher\":{\"@id\":\"https:\\\/\\\/lospoliticosveracruz.com\\\/#organization\"},\"potentialAction\":[{\"@type\":\"SearchAction\",\"target\":{\"@type\":\"EntryPoint\",\"urlTemplate\":\"https:\\\/\\\/lospoliticosveracruz.com\\\/?s={search_term_string}\"},\"query-input\":{\"@type\":\"PropertyValueSpecification\",\"valueRequired\":true,\"valueName\":\"search_term_string\"}}],\"inLanguage\":\"es\"},{\"@type\":\"Organization\",\"@id\":\"https:\\\/\\\/lospoliticosveracruz.com\\\/#organization\",\"name\":\"Los pol\u00edticos Veracruz\",\"url\":\"https:\\\/\\\/lospoliticosveracruz.com\\\/\",\"logo\":{\"@type\":\"ImageObject\",\"inLanguage\":\"es\",\"@id\":\"https:\\\/\\\/lospoliticosveracruz.com\\\/#\\\/schema\\\/logo\\\/image\\\/\",\"url\":\"https:\\\/\\\/lospoliticosveracruz.com\\\/wp-content\\\/uploads\\\/2025\\\/12\\\/Logo-Nuevo-LOS-POLITICOS-1.jpg\",\"contentUrl\":\"https:\\\/\\\/lospoliticosveracruz.com\\\/wp-content\\\/uploads\\\/2025\\\/12\\\/Logo-Nuevo-LOS-POLITICOS-1.jpg\",\"width\":260,\"height\":70,\"caption\":\"Los pol\u00edticos Veracruz\"},\"image\":{\"@id\":\"https:\\\/\\\/lospoliticosveracruz.com\\\/#\\\/schema\\\/logo\\\/image\\\/\"},\"sameAs\":[\"https:\\\/\\\/www.facebook.com\\\/people\\\/Notimemes-de-los-Polticos\\\/61565672886568\\\/\",\"https:\\\/\\\/x.com\\\/LosPoliticosVer\"]},{\"@type\":\"Person\",\"@id\":\"https:\\\/\\\/lospoliticosveracruz.com\\\/#\\\/schema\\\/person\\\/b8702bb0e538456e6efd07080bf2a4a2\",\"name\":\"Lo viste en Los Pol\u00edticos\",\"image\":{\"@type\":\"ImageObject\",\"inLanguage\":\"es\",\"@id\":\"https:\\\/\\\/secure.gravatar.com\\\/avatar\\\/3a8de04a2656d44082be478bd6c086daa447c4651605818287b9532d3d0bd435?s=96&d=mm&r=g\",\"url\":\"https:\\\/\\\/secure.gravatar.com\\\/avatar\\\/3a8de04a2656d44082be478bd6c086daa447c4651605818287b9532d3d0bd435?s=96&d=mm&r=g\",\"contentUrl\":\"https:\\\/\\\/secure.gravatar.com\\\/avatar\\\/3a8de04a2656d44082be478bd6c086daa447c4651605818287b9532d3d0bd435?s=96&d=mm&r=g\",\"caption\":\"Lo viste en Los Pol\u00edticos\"},\"url\":\"https:\\\/\\\/lospoliticosveracruz.com\\\/?author=2\"}]}<\/script>\n<!-- \/ Yoast SEO plugin. -->","yoast_head_json":{"title":"TRUMP: CUANDO EL DISCURSO DE ODIO ATERRIZA - Los pol\u00edticos Veracruz","robots":{"index":"index","follow":"follow","max-snippet":"max-snippet:-1","max-image-preview":"max-image-preview:large","max-video-preview":"max-video-preview:-1"},"canonical":"https:\/\/lospoliticosveracruz.com\/?p=169941","og_locale":"es_ES","og_type":"article","og_title":"TRUMP: CUANDO EL DISCURSO DE ODIO ATERRIZA - Los pol\u00edticos Veracruz","og_description":"Vicente Luna Hern\u00e1ndez Lo cierto es que en pol\u00edtica como en la vida misma hay que adaptarse a las condiciones y circunstancias que se van presentando, sean estas negativas o positivas, la inteligencia radica en minimizar y potenciar los efectos de cada una de ellas, esa \u201creceta\u201d la tiene muy bien aprendida el mandatario de [&hellip;]","og_url":"https:\/\/lospoliticosveracruz.com\/?p=169941","og_site_name":"Los pol\u00edticos Veracruz","article_publisher":"https:\/\/www.facebook.com\/people\/Notimemes-de-los-Polticos\/61565672886568\/","article_published_time":"2026-04-28T00:57:12+00:00","article_modified_time":"2026-04-28T00:57:13+00:00","og_image":[{"width":1250,"height":667,"url":"https:\/\/lospoliticosveracruz.com\/wp-content\/uploads\/2025\/04\/Vicente-Luna-Hernandez.jpg","type":"image\/jpeg"}],"author":"Lo viste en Los Pol\u00edticos","twitter_card":"summary_large_image","twitter_creator":"@LosPoliticosVer","twitter_site":"@LosPoliticosVer","twitter_misc":{"Escrito por":"Lo viste en Los Pol\u00edticos","Tiempo de lectura":"5 minutos"},"schema":{"@context":"https:\/\/schema.org","@graph":[{"@type":"Article","@id":"https:\/\/lospoliticosveracruz.com\/?p=169941#article","isPartOf":{"@id":"https:\/\/lospoliticosveracruz.com\/?p=169941"},"author":{"name":"Lo viste en Los Pol\u00edticos","@id":"https:\/\/lospoliticosveracruz.com\/#\/schema\/person\/b8702bb0e538456e6efd07080bf2a4a2"},"headline":"TRUMP: CUANDO EL DISCURSO DE ODIO ATERRIZA","datePublished":"2026-04-28T00:57:12+00:00","dateModified":"2026-04-28T00:57:13+00:00","mainEntityOfPage":{"@id":"https:\/\/lospoliticosveracruz.com\/?p=169941"},"wordCount":938,"publisher":{"@id":"https:\/\/lospoliticosveracruz.com\/#organization"},"image":{"@id":"https:\/\/lospoliticosveracruz.com\/?p=169941#primaryimage"},"thumbnailUrl":"https:\/\/lospoliticosveracruz.com\/wp-content\/uploads\/2025\/04\/Vicente-Luna-Hernandez.jpg","keywords":["Atentado Trump Cena Corresponsales 2026","Discurso de odio y polarizaci\u00f3n pol\u00edtica","Elecciones legislativas EU noviembre 2026","Populismo y victimizaci\u00f3n Donald Trump","Seguridad nacional Estados Unidos Ir\u00e1n Maduro","Vicente Luna Hern\u00e1ndez columna opini\u00f3n"],"articleSection":["De Opini\u00f3n"],"inLanguage":"es"},{"@type":"WebPage","@id":"https:\/\/lospoliticosveracruz.com\/?p=169941","url":"https:\/\/lospoliticosveracruz.com\/?p=169941","name":"TRUMP: CUANDO EL DISCURSO DE ODIO ATERRIZA - Los pol\u00edticos Veracruz","isPartOf":{"@id":"https:\/\/lospoliticosveracruz.com\/#website"},"primaryImageOfPage":{"@id":"https:\/\/lospoliticosveracruz.com\/?p=169941#primaryimage"},"image":{"@id":"https:\/\/lospoliticosveracruz.com\/?p=169941#primaryimage"},"thumbnailUrl":"https:\/\/lospoliticosveracruz.com\/wp-content\/uploads\/2025\/04\/Vicente-Luna-Hernandez.jpg","datePublished":"2026-04-28T00:57:12+00:00","dateModified":"2026-04-28T00:57:13+00:00","breadcrumb":{"@id":"https:\/\/lospoliticosveracruz.com\/?p=169941#breadcrumb"},"inLanguage":"es","potentialAction":[{"@type":"ReadAction","target":["https:\/\/lospoliticosveracruz.com\/?p=169941"]}]},{"@type":"ImageObject","inLanguage":"es","@id":"https:\/\/lospoliticosveracruz.com\/?p=169941#primaryimage","url":"https:\/\/lospoliticosveracruz.com\/wp-content\/uploads\/2025\/04\/Vicente-Luna-Hernandez.jpg","contentUrl":"https:\/\/lospoliticosveracruz.com\/wp-content\/uploads\/2025\/04\/Vicente-Luna-Hernandez.jpg","width":1250,"height":667},{"@type":"BreadcrumbList","@id":"https:\/\/lospoliticosveracruz.com\/?p=169941#breadcrumb","itemListElement":[{"@type":"ListItem","position":1,"name":"Portada","item":"https:\/\/lospoliticosveracruz.com\/"},{"@type":"ListItem","position":2,"name":"TRUMP: CUANDO EL DISCURSO DE ODIO ATERRIZA"}]},{"@type":"WebSite","@id":"https:\/\/lospoliticosveracruz.com\/#website","url":"https:\/\/lospoliticosveracruz.com\/","name":"Los pol\u00edticos Veracruz","description":"","publisher":{"@id":"https:\/\/lospoliticosveracruz.com\/#organization"},"potentialAction":[{"@type":"SearchAction","target":{"@type":"EntryPoint","urlTemplate":"https:\/\/lospoliticosveracruz.com\/?s={search_term_string}"},"query-input":{"@type":"PropertyValueSpecification","valueRequired":true,"valueName":"search_term_string"}}],"inLanguage":"es"},{"@type":"Organization","@id":"https:\/\/lospoliticosveracruz.com\/#organization","name":"Los pol\u00edticos Veracruz","url":"https:\/\/lospoliticosveracruz.com\/","logo":{"@type":"ImageObject","inLanguage":"es","@id":"https:\/\/lospoliticosveracruz.com\/#\/schema\/logo\/image\/","url":"https:\/\/lospoliticosveracruz.com\/wp-content\/uploads\/2025\/12\/Logo-Nuevo-LOS-POLITICOS-1.jpg","contentUrl":"https:\/\/lospoliticosveracruz.com\/wp-content\/uploads\/2025\/12\/Logo-Nuevo-LOS-POLITICOS-1.jpg","width":260,"height":70,"caption":"Los pol\u00edticos Veracruz"},"image":{"@id":"https:\/\/lospoliticosveracruz.com\/#\/schema\/logo\/image\/"},"sameAs":["https:\/\/www.facebook.com\/people\/Notimemes-de-los-Polticos\/61565672886568\/","https:\/\/x.com\/LosPoliticosVer"]},{"@type":"Person","@id":"https:\/\/lospoliticosveracruz.com\/#\/schema\/person\/b8702bb0e538456e6efd07080bf2a4a2","name":"Lo viste en Los Pol\u00edticos","image":{"@type":"ImageObject","inLanguage":"es","@id":"https:\/\/secure.gravatar.com\/avatar\/3a8de04a2656d44082be478bd6c086daa447c4651605818287b9532d3d0bd435?s=96&d=mm&r=g","url":"https:\/\/secure.gravatar.com\/avatar\/3a8de04a2656d44082be478bd6c086daa447c4651605818287b9532d3d0bd435?s=96&d=mm&r=g","contentUrl":"https:\/\/secure.gravatar.com\/avatar\/3a8de04a2656d44082be478bd6c086daa447c4651605818287b9532d3d0bd435?s=96&d=mm&r=g","caption":"Lo viste en Los Pol\u00edticos"},"url":"https:\/\/lospoliticosveracruz.com\/?author=2"}]}},"_links":{"self":[{"href":"https:\/\/lospoliticosveracruz.com\/index.php?rest_route=\/wp\/v2\/posts\/169941","targetHints":{"allow":["GET"]}}],"collection":[{"href":"https:\/\/lospoliticosveracruz.com\/index.php?rest_route=\/wp\/v2\/posts"}],"about":[{"href":"https:\/\/lospoliticosveracruz.com\/index.php?rest_route=\/wp\/v2\/types\/post"}],"author":[{"embeddable":true,"href":"https:\/\/lospoliticosveracruz.com\/index.php?rest_route=\/wp\/v2\/users\/2"}],"replies":[{"embeddable":true,"href":"https:\/\/lospoliticosveracruz.com\/index.php?rest_route=%2Fwp%2Fv2%2Fcomments&post=169941"}],"version-history":[{"count":1,"href":"https:\/\/lospoliticosveracruz.com\/index.php?rest_route=\/wp\/v2\/posts\/169941\/revisions"}],"predecessor-version":[{"id":169942,"href":"https:\/\/lospoliticosveracruz.com\/index.php?rest_route=\/wp\/v2\/posts\/169941\/revisions\/169942"}],"wp:featuredmedia":[{"embeddable":true,"href":"https:\/\/lospoliticosveracruz.com\/index.php?rest_route=\/wp\/v2\/media\/141415"}],"wp:attachment":[{"href":"https:\/\/lospoliticosveracruz.com\/index.php?rest_route=%2Fwp%2Fv2%2Fmedia&parent=169941"}],"wp:term":[{"taxonomy":"category","embeddable":true,"href":"https:\/\/lospoliticosveracruz.com\/index.php?rest_route=%2Fwp%2Fv2%2Fcategories&post=169941"},{"taxonomy":"post_tag","embeddable":true,"href":"https:\/\/lospoliticosveracruz.com\/index.php?rest_route=%2Fwp%2Fv2%2Ftags&post=169941"}],"curies":[{"name":"wp","href":"https:\/\/api.w.org\/{rel}","templated":true}]}}