{"id":169946,"date":"2026-04-27T20:14:26","date_gmt":"2026-04-28T02:14:26","guid":{"rendered":"https:\/\/lospoliticosveracruz.com\/?p=169946"},"modified":"2026-04-27T20:14:27","modified_gmt":"2026-04-28T02:14:27","slug":"bienvenidos-calores-adios-bajas-temperaturas","status":"publish","type":"post","link":"https:\/\/lospoliticosveracruz.com\/?p=169946","title":{"rendered":"BIENVENIDOS CALORES, ADI\u00d3S BAJAS TEMPERATURAS"},"content":{"rendered":"\n<p><strong>Jos\u00e9 Luis Enr\u00edquez Ambell<br><\/strong><em>Caf\u00e9 de Ma\u00f1ana<br><\/em><\/p>\n\n\n\n<p>Los frentes fr\u00edos se ausentar\u00e1n en unos d\u00edas, con la llegada de temperaturas altas &#8211; calores &#8211; y con los incendios forestales que se har\u00e1n presentes, y estos impactos habr\u00e1n de provocar la posibilidad de destrucci\u00f3n de ecosistemas y la degradaci\u00f3n del suelo, as\u00ed como una mala calidad del aire y el aumento de los riesgos a la salud humana y animal.<\/p>\n\n\n\n<p>Es inevitable aceptar que todo el cambio clim\u00e1tico intensifica estos fen\u00f3menos, aumentando la frecuencia de incendios y la inestabilidad atmosf\u00e9rica, esto a decir de especialistas.<\/p>\n\n\n\n<p>Las consecuencias de estos cambios impactan primero en la salud humana, generando deshidrataci\u00f3n, golpes de calor e infartos, mientras que desde el factor \u00abhumo\u00bb por incendios forestales deteriora la calidad del aire, causando problemas respiratorios severos en la mayor\u00eda de las veces.<\/p>\n\n\n\n<p>Cabe decir que los incendios forestales destruyen la flora y la fauna, provocando p\u00e9rdidas en la biodiversidad, y adem\u00e1s da\u00f1an la estructura del suelo al reducir su capacidad de absorci\u00f3n de agua y nutrientes vitales.<\/p>\n\n\n\n<p>La interacci\u00f3n de factores es clara: los frentes fr\u00edos traen vientos fuertes que avivan los incendios, mientras que la masa de aire c\u00e1lida y seca previa al frente aumenta el riesgo entre la poblaci\u00f3n. Esto incluso da\u00f1a la infraestructura de servicios por la ca\u00edda de \u00e1rboles, cortes de energ\u00eda y la quema de pastizales, entre otros efectos.<\/p>\n\n\n\n<p>Por ello, las autoridades de los tres niveles de gobierno &#8211; muy en especial la Secreta de Protecci\u00f3n Civil de Veracruz &#8211; recomiendan asumir medidas preventivas como no realizar fogatas en d\u00edas secos o con viento y tratar de extinguir completamente cualquier fuente de fuego con agua y tierra.<\/p>\n\n\n\n<p>Tambi\u00e9n se sugiere evitar la exposici\u00f3n prolongada al sol durante olas de calor, mantenerse hidratado y proteger a grupos vulnerables, especialmente a los menores de edad, adultos mayores y personas con enfermedades cr\u00f3nicas.<\/p>\n\n\n\n<p>As\u00ed pues, ante la temporada de calor y olas de calor en nuestra entidad, autoridades de la SPC (Secretar\u00eda de Protecci\u00f3n Civil) y del Sector Salud, advierten y recomiendan el hidratarse constantemente con agua, evitar exponerse al sol entre las 11:00 y 16:00 horas, usar ropa clara y ligera, y protegerse a los grupos vulnerables (ni\u00f1os y adultos mayores).<\/p>\n\n\n\n<p>Ambos sectores de gobierno, exhortan a prevenir los golpes de calor y las enfermedades gastrointestinales por la r\u00e1pida descomposici\u00f3n de alimentos, entre otros tipos de riesgos.<\/p>\n\n\n\n<p><strong>DE SOBREMESA<\/strong><\/p>\n\n\n\n<p>El gabinete de la Gobernadora Roc\u00edo Nahle habr\u00e1 de seguir en constante evaluaci\u00f3n y revisi\u00f3n.<\/p>\n\n\n\n<p>\u201cEl que avisa no enga\u00f1a\u201d, pues el 1 de diciembre de 2024, al asumir el Poder Ejecutivo en Veracruz, Roc\u00edo Nahle fue clara al advertir que todo su gabinete estar\u00eda bajo una evaluaci\u00f3n permanente para garantizar resultados, eficiencia y compromiso en favor de la poblaci\u00f3n.<\/p>\n\n\n\n<p>No fue casual que en enero de 2025, durante una gira de trabajo dentro de los primeros cien d\u00edas de gobierno, se\u00f1alara que recib\u00eda quejas sobre algunos servidores p\u00fablicos, lo que le indicaba que algo no estaba funcionando de manera correcta.<\/p>\n\n\n\n<p>En el primer tercio de su primer a\u00f1o de gobierno acept\u00f3 que habr\u00eda cambios, y as\u00ed ocurri\u00f3 con la Secretar\u00eda de Turismo, donde \u201cNena\u201d de la Reguera fue relevada por Igor Roj\u00ed, quien dej\u00f3 su curul para incorporarse al Ejecutivo.<\/p>\n\n\n\n<p>Desde un inicio, Roc\u00edo Nahle ha mantenido una clara revisi\u00f3n continua para fortalecer su administraci\u00f3n. En su momento expres\u00f3: \u201cQuien no pueda o no quiera, ni modo\u201d, dejando claro que habr\u00e1 ajustes para quienes no cumplan expectativas, aunque tambi\u00e9n reconociendo trayectorias y reubicando perfiles en otros espacios institucionales.<\/p>\n\n\n\n<p>Nahle ha promovido un gabinete legal y ampliado paritario, con mujeres y hombres de perfiles t\u00e9cnicos y pol\u00edticos s\u00f3lidos, a quienes ha exhortado a trabajar con transparencia, responsabilidad y cercan\u00eda con la poblaci\u00f3n.<\/p>\n\n\n\n<p><strong>UN CAF\u00c9 LECHERO LIGHT<\/strong><\/p>\n\n\n\n<p>En ese sentido, en la SIOP hay qui\u00e9nes aseguran ya se detalla el borrador del proceso entrega recepci\u00f3n para el relevo del Ing. V\u00edctor David Palacios, de qui\u00e9n se dice deja la Subsecretaria de Obras P\u00fablicas y Comunicaciones y la llegada del actual Subsecretario de Administraci\u00f3n y Finanzas, el Ing. H\u00e9ctor Ruiz a esa \u00e1rea, y todo con la fecha del d\u00eda \u00faltimo de este mes de abril o sea, de resultar verdad el rumor, pues no tardando.<\/p>\n\n\n\n<p>Y el director para el an\u00e1lisis de mercado, C.P. Jos\u00e9 Fel\u00edcito G\u00f3mez Moral y el director de administraci\u00f3n y servicios, Dr. Arturo Garc\u00eda M\u00e1rquez, ser\u00eda uno de ellos quien relevase a H\u00e9ctor Ru\u00edz, seg\u00fan radio pasillo y radio bemba de la SIOP.<\/p>\n\n\n\n<p>\u00a1ES CUANTO!<\/p>\n\n\n\n<p>enriquezambell@gmail.com;<br>enamjl62@gmail.com<\/p>\n","protected":false},"excerpt":{"rendered":"<p>Jos\u00e9 Luis Enr\u00edquez AmbellCaf\u00e9 de Ma\u00f1ana Los frentes fr\u00edos se ausentar\u00e1n en unos d\u00edas, con la llegada de temperaturas altas &#8211; calores &#8211; y con los incendios forestales que se har\u00e1n presentes, y estos impactos habr\u00e1n de provocar la posibilidad de destrucci\u00f3n de ecosistemas y la degradaci\u00f3n del suelo, as\u00ed como una mala calidad del [&hellip;]<\/p>\n","protected":false},"author":2,"featured_media":141435,"comment_status":"closed","ping_status":"closed","sticky":false,"template":"","format":"standard","meta":{"tdm_status":"","tdm_grid_status":"","footnotes":""},"categories":[70],"tags":[62481,49022,62410,62478,62480,62479],"class_list":{"0":"post-169946","1":"post","2":"type-post","3":"status-publish","4":"format-standard","5":"has-post-thumbnail","7":"category-de-opinion","8":"tag-hector-ruiz-subsecretaria-administracion-veracruz","9":"tag-jose-luis-enriquez-ambell-cafe-de-manana","10":"tag-ola-de-calor-veracruz-abril-2026","11":"tag-prevencion-incendios-forestales-veracruz-spc","12":"tag-relevo-victor-david-palacios-siop","13":"tag-rocio-nahle-cambios-gabinete-siop"},"yoast_head":"<!-- This site is optimized with the Yoast SEO plugin v27.4 - https:\/\/yoast.com\/product\/yoast-seo-wordpress\/ -->\n<title>BIENVENIDOS CALORES, ADI\u00d3S BAJAS TEMPERATURAS - Los pol\u00edticos Veracruz<\/title>\n<meta name=\"robots\" content=\"index, follow, max-snippet:-1, max-image-preview:large, max-video-preview:-1\" \/>\n<link rel=\"canonical\" href=\"https:\/\/lospoliticosveracruz.com\/?p=169946\" \/>\n<meta property=\"og:locale\" content=\"es_ES\" \/>\n<meta property=\"og:type\" content=\"article\" \/>\n<meta property=\"og:title\" content=\"BIENVENIDOS CALORES, ADI\u00d3S BAJAS TEMPERATURAS - Los pol\u00edticos Veracruz\" \/>\n<meta property=\"og:description\" content=\"Jos\u00e9 Luis Enr\u00edquez AmbellCaf\u00e9 de Ma\u00f1ana Los frentes fr\u00edos se ausentar\u00e1n en unos d\u00edas, con la llegada de temperaturas altas &#8211; calores &#8211; y con los incendios forestales que se har\u00e1n presentes, y estos impactos habr\u00e1n de provocar la posibilidad de destrucci\u00f3n de ecosistemas y la degradaci\u00f3n del suelo, as\u00ed como una mala calidad del [&hellip;]\" \/>\n<meta property=\"og:url\" content=\"https:\/\/lospoliticosveracruz.com\/?p=169946\" \/>\n<meta property=\"og:site_name\" content=\"Los pol\u00edticos Veracruz\" \/>\n<meta property=\"article:publisher\" content=\"https:\/\/www.facebook.com\/people\/Notimemes-de-los-Polticos\/61565672886568\/\" \/>\n<meta property=\"article:published_time\" content=\"2026-04-28T02:14:26+00:00\" \/>\n<meta property=\"article:modified_time\" content=\"2026-04-28T02:14:27+00:00\" \/>\n<meta property=\"og:image\" content=\"https:\/\/lospoliticosveracruz.com\/wp-content\/uploads\/2025\/04\/Ambell.jpg\" \/>\n\t<meta property=\"og:image:width\" content=\"1250\" \/>\n\t<meta property=\"og:image:height\" content=\"667\" \/>\n\t<meta property=\"og:image:type\" content=\"image\/jpeg\" \/>\n<meta name=\"author\" content=\"Lo viste en Los Pol\u00edticos\" \/>\n<meta name=\"twitter:card\" content=\"summary_large_image\" \/>\n<meta name=\"twitter:creator\" content=\"@LosPoliticosVer\" \/>\n<meta name=\"twitter:site\" content=\"@LosPoliticosVer\" \/>\n<meta name=\"twitter:label1\" content=\"Escrito por\" \/>\n\t<meta name=\"twitter:data1\" content=\"Lo viste en Los Pol\u00edticos\" \/>\n\t<meta name=\"twitter:label2\" content=\"Tiempo de lectura\" \/>\n\t<meta name=\"twitter:data2\" content=\"4 minutos\" \/>\n<script type=\"application\/ld+json\" class=\"yoast-schema-graph\">{\"@context\":\"https:\\\/\\\/schema.org\",\"@graph\":[{\"@type\":\"Article\",\"@id\":\"https:\\\/\\\/lospoliticosveracruz.com\\\/?p=169946#article\",\"isPartOf\":{\"@id\":\"https:\\\/\\\/lospoliticosveracruz.com\\\/?p=169946\"},\"author\":{\"name\":\"Lo viste en Los Pol\u00edticos\",\"@id\":\"https:\\\/\\\/lospoliticosveracruz.com\\\/#\\\/schema\\\/person\\\/b8702bb0e538456e6efd07080bf2a4a2\"},\"headline\":\"BIENVENIDOS CALORES, ADI\u00d3S BAJAS TEMPERATURAS\",\"datePublished\":\"2026-04-28T02:14:26+00:00\",\"dateModified\":\"2026-04-28T02:14:27+00:00\",\"mainEntityOfPage\":{\"@id\":\"https:\\\/\\\/lospoliticosveracruz.com\\\/?p=169946\"},\"wordCount\":830,\"publisher\":{\"@id\":\"https:\\\/\\\/lospoliticosveracruz.com\\\/#organization\"},\"image\":{\"@id\":\"https:\\\/\\\/lospoliticosveracruz.com\\\/?p=169946#primaryimage\"},\"thumbnailUrl\":\"https:\\\/\\\/lospoliticosveracruz.com\\\/wp-content\\\/uploads\\\/2025\\\/04\\\/Ambell.jpg\",\"keywords\":[\"H\u00e9ctor Ruiz subsecretar\u00eda administraci\u00f3n Veracruz\",\"Jos\u00e9 Luis Enr\u00edquez Ambell Caf\u00e9 de Ma\u00f1ana\",\"Ola de calor Veracruz abril 2026\",\"Prevenci\u00f3n incendios forestales Veracruz SPC\",\"Relevo V\u00edctor David Palacios SIOP\",\"Roc\u00edo Nahle cambios gabinete SIOP\"],\"articleSection\":[\"De Opini\u00f3n\"],\"inLanguage\":\"es\"},{\"@type\":\"WebPage\",\"@id\":\"https:\\\/\\\/lospoliticosveracruz.com\\\/?p=169946\",\"url\":\"https:\\\/\\\/lospoliticosveracruz.com\\\/?p=169946\",\"name\":\"BIENVENIDOS CALORES, ADI\u00d3S BAJAS TEMPERATURAS - Los pol\u00edticos Veracruz\",\"isPartOf\":{\"@id\":\"https:\\\/\\\/lospoliticosveracruz.com\\\/#website\"},\"primaryImageOfPage\":{\"@id\":\"https:\\\/\\\/lospoliticosveracruz.com\\\/?p=169946#primaryimage\"},\"image\":{\"@id\":\"https:\\\/\\\/lospoliticosveracruz.com\\\/?p=169946#primaryimage\"},\"thumbnailUrl\":\"https:\\\/\\\/lospoliticosveracruz.com\\\/wp-content\\\/uploads\\\/2025\\\/04\\\/Ambell.jpg\",\"datePublished\":\"2026-04-28T02:14:26+00:00\",\"dateModified\":\"2026-04-28T02:14:27+00:00\",\"breadcrumb\":{\"@id\":\"https:\\\/\\\/lospoliticosveracruz.com\\\/?p=169946#breadcrumb\"},\"inLanguage\":\"es\",\"potentialAction\":[{\"@type\":\"ReadAction\",\"target\":[\"https:\\\/\\\/lospoliticosveracruz.com\\\/?p=169946\"]}]},{\"@type\":\"ImageObject\",\"inLanguage\":\"es\",\"@id\":\"https:\\\/\\\/lospoliticosveracruz.com\\\/?p=169946#primaryimage\",\"url\":\"https:\\\/\\\/lospoliticosveracruz.com\\\/wp-content\\\/uploads\\\/2025\\\/04\\\/Ambell.jpg\",\"contentUrl\":\"https:\\\/\\\/lospoliticosveracruz.com\\\/wp-content\\\/uploads\\\/2025\\\/04\\\/Ambell.jpg\",\"width\":1250,\"height\":667},{\"@type\":\"BreadcrumbList\",\"@id\":\"https:\\\/\\\/lospoliticosveracruz.com\\\/?p=169946#breadcrumb\",\"itemListElement\":[{\"@type\":\"ListItem\",\"position\":1,\"name\":\"Portada\",\"item\":\"https:\\\/\\\/lospoliticosveracruz.com\\\/\"},{\"@type\":\"ListItem\",\"position\":2,\"name\":\"BIENVENIDOS CALORES, ADI\u00d3S BAJAS TEMPERATURAS\"}]},{\"@type\":\"WebSite\",\"@id\":\"https:\\\/\\\/lospoliticosveracruz.com\\\/#website\",\"url\":\"https:\\\/\\\/lospoliticosveracruz.com\\\/\",\"name\":\"Los pol\u00edticos Veracruz\",\"description\":\"\",\"publisher\":{\"@id\":\"https:\\\/\\\/lospoliticosveracruz.com\\\/#organization\"},\"potentialAction\":[{\"@type\":\"SearchAction\",\"target\":{\"@type\":\"EntryPoint\",\"urlTemplate\":\"https:\\\/\\\/lospoliticosveracruz.com\\\/?s={search_term_string}\"},\"query-input\":{\"@type\":\"PropertyValueSpecification\",\"valueRequired\":true,\"valueName\":\"search_term_string\"}}],\"inLanguage\":\"es\"},{\"@type\":\"Organization\",\"@id\":\"https:\\\/\\\/lospoliticosveracruz.com\\\/#organization\",\"name\":\"Los pol\u00edticos Veracruz\",\"url\":\"https:\\\/\\\/lospoliticosveracruz.com\\\/\",\"logo\":{\"@type\":\"ImageObject\",\"inLanguage\":\"es\",\"@id\":\"https:\\\/\\\/lospoliticosveracruz.com\\\/#\\\/schema\\\/logo\\\/image\\\/\",\"url\":\"https:\\\/\\\/lospoliticosveracruz.com\\\/wp-content\\\/uploads\\\/2025\\\/12\\\/Logo-Nuevo-LOS-POLITICOS-1.jpg\",\"contentUrl\":\"https:\\\/\\\/lospoliticosveracruz.com\\\/wp-content\\\/uploads\\\/2025\\\/12\\\/Logo-Nuevo-LOS-POLITICOS-1.jpg\",\"width\":260,\"height\":70,\"caption\":\"Los pol\u00edticos Veracruz\"},\"image\":{\"@id\":\"https:\\\/\\\/lospoliticosveracruz.com\\\/#\\\/schema\\\/logo\\\/image\\\/\"},\"sameAs\":[\"https:\\\/\\\/www.facebook.com\\\/people\\\/Notimemes-de-los-Polticos\\\/61565672886568\\\/\",\"https:\\\/\\\/x.com\\\/LosPoliticosVer\"]},{\"@type\":\"Person\",\"@id\":\"https:\\\/\\\/lospoliticosveracruz.com\\\/#\\\/schema\\\/person\\\/b8702bb0e538456e6efd07080bf2a4a2\",\"name\":\"Lo viste en Los Pol\u00edticos\",\"image\":{\"@type\":\"ImageObject\",\"inLanguage\":\"es\",\"@id\":\"https:\\\/\\\/secure.gravatar.com\\\/avatar\\\/3a8de04a2656d44082be478bd6c086daa447c4651605818287b9532d3d0bd435?s=96&d=mm&r=g\",\"url\":\"https:\\\/\\\/secure.gravatar.com\\\/avatar\\\/3a8de04a2656d44082be478bd6c086daa447c4651605818287b9532d3d0bd435?s=96&d=mm&r=g\",\"contentUrl\":\"https:\\\/\\\/secure.gravatar.com\\\/avatar\\\/3a8de04a2656d44082be478bd6c086daa447c4651605818287b9532d3d0bd435?s=96&d=mm&r=g\",\"caption\":\"Lo viste en Los Pol\u00edticos\"},\"url\":\"https:\\\/\\\/lospoliticosveracruz.com\\\/?author=2\"}]}<\/script>\n<!-- \/ Yoast SEO plugin. -->","yoast_head_json":{"title":"BIENVENIDOS CALORES, ADI\u00d3S BAJAS TEMPERATURAS - Los pol\u00edticos Veracruz","robots":{"index":"index","follow":"follow","max-snippet":"max-snippet:-1","max-image-preview":"max-image-preview:large","max-video-preview":"max-video-preview:-1"},"canonical":"https:\/\/lospoliticosveracruz.com\/?p=169946","og_locale":"es_ES","og_type":"article","og_title":"BIENVENIDOS CALORES, ADI\u00d3S BAJAS TEMPERATURAS - Los pol\u00edticos Veracruz","og_description":"Jos\u00e9 Luis Enr\u00edquez AmbellCaf\u00e9 de Ma\u00f1ana Los frentes fr\u00edos se ausentar\u00e1n en unos d\u00edas, con la llegada de temperaturas altas &#8211; calores &#8211; y con los incendios forestales que se har\u00e1n presentes, y estos impactos habr\u00e1n de provocar la posibilidad de destrucci\u00f3n de ecosistemas y la degradaci\u00f3n del suelo, as\u00ed como una mala calidad del [&hellip;]","og_url":"https:\/\/lospoliticosveracruz.com\/?p=169946","og_site_name":"Los pol\u00edticos Veracruz","article_publisher":"https:\/\/www.facebook.com\/people\/Notimemes-de-los-Polticos\/61565672886568\/","article_published_time":"2026-04-28T02:14:26+00:00","article_modified_time":"2026-04-28T02:14:27+00:00","og_image":[{"width":1250,"height":667,"url":"https:\/\/lospoliticosveracruz.com\/wp-content\/uploads\/2025\/04\/Ambell.jpg","type":"image\/jpeg"}],"author":"Lo viste en Los Pol\u00edticos","twitter_card":"summary_large_image","twitter_creator":"@LosPoliticosVer","twitter_site":"@LosPoliticosVer","twitter_misc":{"Escrito por":"Lo viste en Los Pol\u00edticos","Tiempo de lectura":"4 minutos"},"schema":{"@context":"https:\/\/schema.org","@graph":[{"@type":"Article","@id":"https:\/\/lospoliticosveracruz.com\/?p=169946#article","isPartOf":{"@id":"https:\/\/lospoliticosveracruz.com\/?p=169946"},"author":{"name":"Lo viste en Los Pol\u00edticos","@id":"https:\/\/lospoliticosveracruz.com\/#\/schema\/person\/b8702bb0e538456e6efd07080bf2a4a2"},"headline":"BIENVENIDOS CALORES, ADI\u00d3S BAJAS TEMPERATURAS","datePublished":"2026-04-28T02:14:26+00:00","dateModified":"2026-04-28T02:14:27+00:00","mainEntityOfPage":{"@id":"https:\/\/lospoliticosveracruz.com\/?p=169946"},"wordCount":830,"publisher":{"@id":"https:\/\/lospoliticosveracruz.com\/#organization"},"image":{"@id":"https:\/\/lospoliticosveracruz.com\/?p=169946#primaryimage"},"thumbnailUrl":"https:\/\/lospoliticosveracruz.com\/wp-content\/uploads\/2025\/04\/Ambell.jpg","keywords":["H\u00e9ctor Ruiz subsecretar\u00eda administraci\u00f3n Veracruz","Jos\u00e9 Luis Enr\u00edquez Ambell Caf\u00e9 de Ma\u00f1ana","Ola de calor Veracruz abril 2026","Prevenci\u00f3n incendios forestales Veracruz SPC","Relevo V\u00edctor David Palacios SIOP","Roc\u00edo Nahle cambios gabinete SIOP"],"articleSection":["De Opini\u00f3n"],"inLanguage":"es"},{"@type":"WebPage","@id":"https:\/\/lospoliticosveracruz.com\/?p=169946","url":"https:\/\/lospoliticosveracruz.com\/?p=169946","name":"BIENVENIDOS CALORES, ADI\u00d3S BAJAS TEMPERATURAS - Los pol\u00edticos Veracruz","isPartOf":{"@id":"https:\/\/lospoliticosveracruz.com\/#website"},"primaryImageOfPage":{"@id":"https:\/\/lospoliticosveracruz.com\/?p=169946#primaryimage"},"image":{"@id":"https:\/\/lospoliticosveracruz.com\/?p=169946#primaryimage"},"thumbnailUrl":"https:\/\/lospoliticosveracruz.com\/wp-content\/uploads\/2025\/04\/Ambell.jpg","datePublished":"2026-04-28T02:14:26+00:00","dateModified":"2026-04-28T02:14:27+00:00","breadcrumb":{"@id":"https:\/\/lospoliticosveracruz.com\/?p=169946#breadcrumb"},"inLanguage":"es","potentialAction":[{"@type":"ReadAction","target":["https:\/\/lospoliticosveracruz.com\/?p=169946"]}]},{"@type":"ImageObject","inLanguage":"es","@id":"https:\/\/lospoliticosveracruz.com\/?p=169946#primaryimage","url":"https:\/\/lospoliticosveracruz.com\/wp-content\/uploads\/2025\/04\/Ambell.jpg","contentUrl":"https:\/\/lospoliticosveracruz.com\/wp-content\/uploads\/2025\/04\/Ambell.jpg","width":1250,"height":667},{"@type":"BreadcrumbList","@id":"https:\/\/lospoliticosveracruz.com\/?p=169946#breadcrumb","itemListElement":[{"@type":"ListItem","position":1,"name":"Portada","item":"https:\/\/lospoliticosveracruz.com\/"},{"@type":"ListItem","position":2,"name":"BIENVENIDOS CALORES, ADI\u00d3S BAJAS TEMPERATURAS"}]},{"@type":"WebSite","@id":"https:\/\/lospoliticosveracruz.com\/#website","url":"https:\/\/lospoliticosveracruz.com\/","name":"Los pol\u00edticos Veracruz","description":"","publisher":{"@id":"https:\/\/lospoliticosveracruz.com\/#organization"},"potentialAction":[{"@type":"SearchAction","target":{"@type":"EntryPoint","urlTemplate":"https:\/\/lospoliticosveracruz.com\/?s={search_term_string}"},"query-input":{"@type":"PropertyValueSpecification","valueRequired":true,"valueName":"search_term_string"}}],"inLanguage":"es"},{"@type":"Organization","@id":"https:\/\/lospoliticosveracruz.com\/#organization","name":"Los pol\u00edticos Veracruz","url":"https:\/\/lospoliticosveracruz.com\/","logo":{"@type":"ImageObject","inLanguage":"es","@id":"https:\/\/lospoliticosveracruz.com\/#\/schema\/logo\/image\/","url":"https:\/\/lospoliticosveracruz.com\/wp-content\/uploads\/2025\/12\/Logo-Nuevo-LOS-POLITICOS-1.jpg","contentUrl":"https:\/\/lospoliticosveracruz.com\/wp-content\/uploads\/2025\/12\/Logo-Nuevo-LOS-POLITICOS-1.jpg","width":260,"height":70,"caption":"Los pol\u00edticos Veracruz"},"image":{"@id":"https:\/\/lospoliticosveracruz.com\/#\/schema\/logo\/image\/"},"sameAs":["https:\/\/www.facebook.com\/people\/Notimemes-de-los-Polticos\/61565672886568\/","https:\/\/x.com\/LosPoliticosVer"]},{"@type":"Person","@id":"https:\/\/lospoliticosveracruz.com\/#\/schema\/person\/b8702bb0e538456e6efd07080bf2a4a2","name":"Lo viste en Los Pol\u00edticos","image":{"@type":"ImageObject","inLanguage":"es","@id":"https:\/\/secure.gravatar.com\/avatar\/3a8de04a2656d44082be478bd6c086daa447c4651605818287b9532d3d0bd435?s=96&d=mm&r=g","url":"https:\/\/secure.gravatar.com\/avatar\/3a8de04a2656d44082be478bd6c086daa447c4651605818287b9532d3d0bd435?s=96&d=mm&r=g","contentUrl":"https:\/\/secure.gravatar.com\/avatar\/3a8de04a2656d44082be478bd6c086daa447c4651605818287b9532d3d0bd435?s=96&d=mm&r=g","caption":"Lo viste en Los Pol\u00edticos"},"url":"https:\/\/lospoliticosveracruz.com\/?author=2"}]}},"_links":{"self":[{"href":"https:\/\/lospoliticosveracruz.com\/index.php?rest_route=\/wp\/v2\/posts\/169946","targetHints":{"allow":["GET"]}}],"collection":[{"href":"https:\/\/lospoliticosveracruz.com\/index.php?rest_route=\/wp\/v2\/posts"}],"about":[{"href":"https:\/\/lospoliticosveracruz.com\/index.php?rest_route=\/wp\/v2\/types\/post"}],"author":[{"embeddable":true,"href":"https:\/\/lospoliticosveracruz.com\/index.php?rest_route=\/wp\/v2\/users\/2"}],"replies":[{"embeddable":true,"href":"https:\/\/lospoliticosveracruz.com\/index.php?rest_route=%2Fwp%2Fv2%2Fcomments&post=169946"}],"version-history":[{"count":1,"href":"https:\/\/lospoliticosveracruz.com\/index.php?rest_route=\/wp\/v2\/posts\/169946\/revisions"}],"predecessor-version":[{"id":169947,"href":"https:\/\/lospoliticosveracruz.com\/index.php?rest_route=\/wp\/v2\/posts\/169946\/revisions\/169947"}],"wp:featuredmedia":[{"embeddable":true,"href":"https:\/\/lospoliticosveracruz.com\/index.php?rest_route=\/wp\/v2\/media\/141435"}],"wp:attachment":[{"href":"https:\/\/lospoliticosveracruz.com\/index.php?rest_route=%2Fwp%2Fv2%2Fmedia&parent=169946"}],"wp:term":[{"taxonomy":"category","embeddable":true,"href":"https:\/\/lospoliticosveracruz.com\/index.php?rest_route=%2Fwp%2Fv2%2Fcategories&post=169946"},{"taxonomy":"post_tag","embeddable":true,"href":"https:\/\/lospoliticosveracruz.com\/index.php?rest_route=%2Fwp%2Fv2%2Ftags&post=169946"}],"curies":[{"name":"wp","href":"https:\/\/api.w.org\/{rel}","templated":true}]}}