{"id":169951,"date":"2026-04-27T21:39:40","date_gmt":"2026-04-28T03:39:40","guid":{"rendered":"https:\/\/lospoliticosveracruz.com\/?p=169951"},"modified":"2026-04-27T21:39:41","modified_gmt":"2026-04-28T03:39:41","slug":"empleo-en-retroceso","status":"publish","type":"post","link":"https:\/\/lospoliticosveracruz.com\/?p=169951","title":{"rendered":"EMPLEO EN RETROCESO"},"content":{"rendered":"\n<p><\/p>\n\n\n\n<p><strong>Carlos Miguel Acosta Bravo<br><\/strong><em>Impronta<\/em><\/p>\n\n\n\n<p>La ca\u00edda de 227 mil empleos en el primer trimestre no es un dato aislado, es una se\u00f1al de enfriamiento econ\u00f3mico, precarizaci\u00f3n y desigualdad que golpea con mayor fuerza a las mujeres. El reciente reporte de la Encuesta Nacional de Ocupaci\u00f3n y Empleo (ENOE), elaborado por el INEGI, encendi\u00f3 una alerta que no deber\u00eda pasar desapercibida, entre enero y marzo, M\u00e9xico perdi\u00f3 227 mil empleos, en lo que representa la peor ca\u00edda para un primer trimestre desde 2009.<br>No se trata de una simple variaci\u00f3n estacional. Lo que revelan los datos es un freno en el ritmo del mercado laboral, una se\u00f1al temprana de que la econom\u00eda comienza a desacelerarse y, con ello, a restringir oportunidades.<br>El primer elemento a considerar es el contexto. Durante los \u00faltimos a\u00f1os, el empleo en M\u00e9xico hab\u00eda mostrado resiliencia, incluso tras la pandemia. Sin embargo, esta ca\u00edda apunta a un fen\u00f3meno m\u00e1s profundo, el enfriamiento de la actividad econ\u00f3mica. Cuando las empresas contratan menos o recortan personal, no es por casualidad, sino por expectativas de menor crecimiento, consumo debilitado o incertidumbre.<br>Pero hay un dato a\u00fan m\u00e1s revelador, la contracci\u00f3n afect\u00f3 tanto al empleo formal como al informal. En un pa\u00eds donde m\u00e1s de la mitad de la poblaci\u00f3n ocupada sobrevive en la informalidad, esto implica algo m\u00e1s grave, ni siquiera el autoempleo est\u00e1 funcionando como red de contenci\u00f3n. Es decir, no solo hay menos empleos, sino menos alternativas para generarlos.<br>El golpe m\u00e1s duro lo recibieron las mujeres. De las 227 mil plazas perdidas, 189 mil correspondieron a trabajadoras. La cifra no solo es desproporcionada, es estructural.<br>Cuando el mercado laboral se contrae, las mujeres suelen ser las primeras en salir. Esto se explica por m\u00faltiples factores, su alta participaci\u00f3n en sectores vulnerables como servicios y comercio, la persistente desigualdad salarial y la carga de cuidados no remunerados que a\u00fan recae mayoritariamente sobre ellas.<br>No es un fen\u00f3meno nuevo, pero s\u00ed preocupante. Cada crisis o ajuste econ\u00f3mico profundiza una brecha que el discurso oficial insiste en minimizar.<br>No es solo cu\u00e1ntos empleos, sino cu\u00e1les, otro \u00e1ngulo clave es la calidad del empleo. La ca\u00edda no ocurre en un vac\u00edo, se da en un contexto donde el crecimiento laboral reciente ha estado marcado por la informalidad y los bajos ingresos.<br>As\u00ed, la pregunta no es \u00fanicamente cu\u00e1ntos empleos se perdieron, sino qu\u00e9 tipo de empleos est\u00e1n desapareciendo y cu\u00e1les \u2014si acaso\u2014 los sustituyen. Si el mercado elimina plazas formales y no genera alternativas dignas, el resultado es una mayor pobreza la que se genera.<br>Una advertencia que no debe ignorarse, comparar esta ca\u00edda con la de 2009 no es menor. Aquel a\u00f1o estuvo marcado por una crisis global. Hoy, sin un colapso financiero evidente, el mercado laboral mexicano muestra una fragilidad similar. Eso deber\u00eda encender se\u00f1ales de alerta en la pol\u00edtica econ\u00f3mica.<br>Porque detr\u00e1s de cada cifra hay un impacto real, familias con menos ingresos, consumo debilitado y mayor vulnerabilidad social. El empleo no es solo un indicador econ\u00f3mico; es el principal sost\u00e9n de millones de hogares.<br>El fondo del problema, la lectura de este reporte es clara. M\u00e9xico enfrenta un mercado laboral que sigue siendo altamente dependiente del ciclo econ\u00f3mico, profundamente informal y estructuralmente desigual.<br>La ca\u00edda de 227 mil empleos no es el problema en s\u00ed mismo. Es el s\u00edntoma de algo m\u00e1s grande, un modelo que genera empleo, s\u00ed, pero no necesariamente estabilidad, inclusi\u00f3n ni bienestar.<br>Ignorar esta se\u00f1al ser\u00eda un error. Porque cuando el empleo se debilita, lo que est\u00e1 en juego no es solo la econom\u00eda, sino la cohesi\u00f3n social del pa\u00eds.<br>Comente u opine a:<br>cacostabravo@yahoo.com.mx<br>Maestro en Comunicaci\u00f3n por la Universidad Iberoamericana. Form\u00f3 parte del cuerpo acad\u00e9mico en comunicaci\u00f3n en la Ibero y en la Universidad An\u00e1huac, campus norte CDMX.<\/p>\n","protected":false},"excerpt":{"rendered":"<p>Carlos Miguel Acosta BravoImpronta La ca\u00edda de 227 mil empleos en el primer trimestre no es un dato aislado, es una se\u00f1al de enfriamiento econ\u00f3mico, precarizaci\u00f3n y desigualdad que golpea con mayor fuerza a las mujeres. El reciente reporte de la Encuesta Nacional de Ocupaci\u00f3n y Empleo (ENOE), elaborado por el INEGI, encendi\u00f3 una alerta [&hellip;]<\/p>\n","protected":false},"author":2,"featured_media":141377,"comment_status":"closed","ping_status":"closed","sticky":false,"template":"","format":"standard","meta":{"tdm_status":"","tdm_grid_status":"","footnotes":""},"categories":[70],"tags":[62487,62486,49024,62489,62488,62490],"class_list":{"0":"post-169951","1":"post","2":"type-post","3":"status-publish","4":"format-standard","5":"has-post-thumbnail","7":"category-de-opinion","8":"tag-brecha-laboral-de-genero-mexico-2026","9":"tag-caida-empleo-mexico-primer-trimestre-2026","10":"tag-carlos-miguel-acosta-bravo-impronta","11":"tag-crisis-empleo-informal-inegi-enoe","12":"tag-desaceleracion-economica-mexico-mercado-laboral","13":"tag-peor-caida-empleo-desde-2009"},"yoast_head":"<!-- This site is optimized with the Yoast SEO plugin v27.4 - https:\/\/yoast.com\/product\/yoast-seo-wordpress\/ -->\n<title>EMPLEO EN RETROCESO - Los pol\u00edticos Veracruz<\/title>\n<meta name=\"robots\" content=\"index, follow, max-snippet:-1, max-image-preview:large, max-video-preview:-1\" \/>\n<link rel=\"canonical\" href=\"https:\/\/lospoliticosveracruz.com\/?p=169951\" \/>\n<meta property=\"og:locale\" content=\"es_ES\" \/>\n<meta property=\"og:type\" content=\"article\" \/>\n<meta property=\"og:title\" content=\"EMPLEO EN RETROCESO - Los pol\u00edticos Veracruz\" \/>\n<meta property=\"og:description\" content=\"Carlos Miguel Acosta BravoImpronta La ca\u00edda de 227 mil empleos en el primer trimestre no es un dato aislado, es una se\u00f1al de enfriamiento econ\u00f3mico, precarizaci\u00f3n y desigualdad que golpea con mayor fuerza a las mujeres. El reciente reporte de la Encuesta Nacional de Ocupaci\u00f3n y Empleo (ENOE), elaborado por el INEGI, encendi\u00f3 una alerta [&hellip;]\" \/>\n<meta property=\"og:url\" content=\"https:\/\/lospoliticosveracruz.com\/?p=169951\" \/>\n<meta property=\"og:site_name\" content=\"Los pol\u00edticos Veracruz\" \/>\n<meta property=\"article:publisher\" content=\"https:\/\/www.facebook.com\/people\/Notimemes-de-los-Polticos\/61565672886568\/\" \/>\n<meta property=\"article:published_time\" content=\"2026-04-28T03:39:40+00:00\" \/>\n<meta property=\"article:modified_time\" content=\"2026-04-28T03:39:41+00:00\" \/>\n<meta property=\"og:image\" content=\"https:\/\/lospoliticosveracruz.com\/wp-content\/uploads\/2025\/04\/Carlos-Miguel-Acosta-Bravo.jpg\" \/>\n\t<meta property=\"og:image:width\" content=\"1250\" \/>\n\t<meta property=\"og:image:height\" content=\"667\" \/>\n\t<meta property=\"og:image:type\" content=\"image\/jpeg\" \/>\n<meta name=\"author\" content=\"Lo viste en Los Pol\u00edticos\" \/>\n<meta name=\"twitter:card\" content=\"summary_large_image\" \/>\n<meta name=\"twitter:creator\" content=\"@LosPoliticosVer\" \/>\n<meta name=\"twitter:site\" content=\"@LosPoliticosVer\" \/>\n<meta name=\"twitter:label1\" content=\"Escrito por\" \/>\n\t<meta name=\"twitter:data1\" content=\"Lo viste en Los Pol\u00edticos\" \/>\n\t<meta name=\"twitter:label2\" content=\"Tiempo de lectura\" \/>\n\t<meta name=\"twitter:data2\" content=\"4 minutos\" \/>\n<script type=\"application\/ld+json\" class=\"yoast-schema-graph\">{\"@context\":\"https:\\\/\\\/schema.org\",\"@graph\":[{\"@type\":\"Article\",\"@id\":\"https:\\\/\\\/lospoliticosveracruz.com\\\/?p=169951#article\",\"isPartOf\":{\"@id\":\"https:\\\/\\\/lospoliticosveracruz.com\\\/?p=169951\"},\"author\":{\"name\":\"Lo viste en Los Pol\u00edticos\",\"@id\":\"https:\\\/\\\/lospoliticosveracruz.com\\\/#\\\/schema\\\/person\\\/b8702bb0e538456e6efd07080bf2a4a2\"},\"headline\":\"EMPLEO EN RETROCESO\",\"datePublished\":\"2026-04-28T03:39:40+00:00\",\"dateModified\":\"2026-04-28T03:39:41+00:00\",\"mainEntityOfPage\":{\"@id\":\"https:\\\/\\\/lospoliticosveracruz.com\\\/?p=169951\"},\"wordCount\":689,\"publisher\":{\"@id\":\"https:\\\/\\\/lospoliticosveracruz.com\\\/#organization\"},\"image\":{\"@id\":\"https:\\\/\\\/lospoliticosveracruz.com\\\/?p=169951#primaryimage\"},\"thumbnailUrl\":\"https:\\\/\\\/lospoliticosveracruz.com\\\/wp-content\\\/uploads\\\/2025\\\/04\\\/Carlos-Miguel-Acosta-Bravo.jpg\",\"keywords\":[\"Brecha laboral de g\u00e9nero M\u00e9xico 2026\",\"Ca\u00edda empleo M\u00e9xico primer trimestre 2026\",\"Carlos Miguel Acosta Bravo Impronta\",\"Crisis empleo informal INEGI ENOE\",\"Desaceleraci\u00f3n econ\u00f3mica M\u00e9xico mercado laboral\",\"Peor ca\u00edda empleo desde 2009\"],\"articleSection\":[\"De Opini\u00f3n\"],\"inLanguage\":\"es\"},{\"@type\":\"WebPage\",\"@id\":\"https:\\\/\\\/lospoliticosveracruz.com\\\/?p=169951\",\"url\":\"https:\\\/\\\/lospoliticosveracruz.com\\\/?p=169951\",\"name\":\"EMPLEO EN RETROCESO - Los pol\u00edticos Veracruz\",\"isPartOf\":{\"@id\":\"https:\\\/\\\/lospoliticosveracruz.com\\\/#website\"},\"primaryImageOfPage\":{\"@id\":\"https:\\\/\\\/lospoliticosveracruz.com\\\/?p=169951#primaryimage\"},\"image\":{\"@id\":\"https:\\\/\\\/lospoliticosveracruz.com\\\/?p=169951#primaryimage\"},\"thumbnailUrl\":\"https:\\\/\\\/lospoliticosveracruz.com\\\/wp-content\\\/uploads\\\/2025\\\/04\\\/Carlos-Miguel-Acosta-Bravo.jpg\",\"datePublished\":\"2026-04-28T03:39:40+00:00\",\"dateModified\":\"2026-04-28T03:39:41+00:00\",\"breadcrumb\":{\"@id\":\"https:\\\/\\\/lospoliticosveracruz.com\\\/?p=169951#breadcrumb\"},\"inLanguage\":\"es\",\"potentialAction\":[{\"@type\":\"ReadAction\",\"target\":[\"https:\\\/\\\/lospoliticosveracruz.com\\\/?p=169951\"]}]},{\"@type\":\"ImageObject\",\"inLanguage\":\"es\",\"@id\":\"https:\\\/\\\/lospoliticosveracruz.com\\\/?p=169951#primaryimage\",\"url\":\"https:\\\/\\\/lospoliticosveracruz.com\\\/wp-content\\\/uploads\\\/2025\\\/04\\\/Carlos-Miguel-Acosta-Bravo.jpg\",\"contentUrl\":\"https:\\\/\\\/lospoliticosveracruz.com\\\/wp-content\\\/uploads\\\/2025\\\/04\\\/Carlos-Miguel-Acosta-Bravo.jpg\",\"width\":1250,\"height\":667},{\"@type\":\"BreadcrumbList\",\"@id\":\"https:\\\/\\\/lospoliticosveracruz.com\\\/?p=169951#breadcrumb\",\"itemListElement\":[{\"@type\":\"ListItem\",\"position\":1,\"name\":\"Portada\",\"item\":\"https:\\\/\\\/lospoliticosveracruz.com\\\/\"},{\"@type\":\"ListItem\",\"position\":2,\"name\":\"EMPLEO EN RETROCESO\"}]},{\"@type\":\"WebSite\",\"@id\":\"https:\\\/\\\/lospoliticosveracruz.com\\\/#website\",\"url\":\"https:\\\/\\\/lospoliticosveracruz.com\\\/\",\"name\":\"Los pol\u00edticos Veracruz\",\"description\":\"\",\"publisher\":{\"@id\":\"https:\\\/\\\/lospoliticosveracruz.com\\\/#organization\"},\"potentialAction\":[{\"@type\":\"SearchAction\",\"target\":{\"@type\":\"EntryPoint\",\"urlTemplate\":\"https:\\\/\\\/lospoliticosveracruz.com\\\/?s={search_term_string}\"},\"query-input\":{\"@type\":\"PropertyValueSpecification\",\"valueRequired\":true,\"valueName\":\"search_term_string\"}}],\"inLanguage\":\"es\"},{\"@type\":\"Organization\",\"@id\":\"https:\\\/\\\/lospoliticosveracruz.com\\\/#organization\",\"name\":\"Los pol\u00edticos Veracruz\",\"url\":\"https:\\\/\\\/lospoliticosveracruz.com\\\/\",\"logo\":{\"@type\":\"ImageObject\",\"inLanguage\":\"es\",\"@id\":\"https:\\\/\\\/lospoliticosveracruz.com\\\/#\\\/schema\\\/logo\\\/image\\\/\",\"url\":\"https:\\\/\\\/lospoliticosveracruz.com\\\/wp-content\\\/uploads\\\/2025\\\/12\\\/Logo-Nuevo-LOS-POLITICOS-1.jpg\",\"contentUrl\":\"https:\\\/\\\/lospoliticosveracruz.com\\\/wp-content\\\/uploads\\\/2025\\\/12\\\/Logo-Nuevo-LOS-POLITICOS-1.jpg\",\"width\":260,\"height\":70,\"caption\":\"Los pol\u00edticos Veracruz\"},\"image\":{\"@id\":\"https:\\\/\\\/lospoliticosveracruz.com\\\/#\\\/schema\\\/logo\\\/image\\\/\"},\"sameAs\":[\"https:\\\/\\\/www.facebook.com\\\/people\\\/Notimemes-de-los-Polticos\\\/61565672886568\\\/\",\"https:\\\/\\\/x.com\\\/LosPoliticosVer\"]},{\"@type\":\"Person\",\"@id\":\"https:\\\/\\\/lospoliticosveracruz.com\\\/#\\\/schema\\\/person\\\/b8702bb0e538456e6efd07080bf2a4a2\",\"name\":\"Lo viste en Los Pol\u00edticos\",\"image\":{\"@type\":\"ImageObject\",\"inLanguage\":\"es\",\"@id\":\"https:\\\/\\\/secure.gravatar.com\\\/avatar\\\/3a8de04a2656d44082be478bd6c086daa447c4651605818287b9532d3d0bd435?s=96&d=mm&r=g\",\"url\":\"https:\\\/\\\/secure.gravatar.com\\\/avatar\\\/3a8de04a2656d44082be478bd6c086daa447c4651605818287b9532d3d0bd435?s=96&d=mm&r=g\",\"contentUrl\":\"https:\\\/\\\/secure.gravatar.com\\\/avatar\\\/3a8de04a2656d44082be478bd6c086daa447c4651605818287b9532d3d0bd435?s=96&d=mm&r=g\",\"caption\":\"Lo viste en Los Pol\u00edticos\"},\"url\":\"https:\\\/\\\/lospoliticosveracruz.com\\\/?author=2\"}]}<\/script>\n<!-- \/ Yoast SEO plugin. -->","yoast_head_json":{"title":"EMPLEO EN RETROCESO - Los pol\u00edticos Veracruz","robots":{"index":"index","follow":"follow","max-snippet":"max-snippet:-1","max-image-preview":"max-image-preview:large","max-video-preview":"max-video-preview:-1"},"canonical":"https:\/\/lospoliticosveracruz.com\/?p=169951","og_locale":"es_ES","og_type":"article","og_title":"EMPLEO EN RETROCESO - Los pol\u00edticos Veracruz","og_description":"Carlos Miguel Acosta BravoImpronta La ca\u00edda de 227 mil empleos en el primer trimestre no es un dato aislado, es una se\u00f1al de enfriamiento econ\u00f3mico, precarizaci\u00f3n y desigualdad que golpea con mayor fuerza a las mujeres. El reciente reporte de la Encuesta Nacional de Ocupaci\u00f3n y Empleo (ENOE), elaborado por el INEGI, encendi\u00f3 una alerta [&hellip;]","og_url":"https:\/\/lospoliticosveracruz.com\/?p=169951","og_site_name":"Los pol\u00edticos Veracruz","article_publisher":"https:\/\/www.facebook.com\/people\/Notimemes-de-los-Polticos\/61565672886568\/","article_published_time":"2026-04-28T03:39:40+00:00","article_modified_time":"2026-04-28T03:39:41+00:00","og_image":[{"width":1250,"height":667,"url":"https:\/\/lospoliticosveracruz.com\/wp-content\/uploads\/2025\/04\/Carlos-Miguel-Acosta-Bravo.jpg","type":"image\/jpeg"}],"author":"Lo viste en Los Pol\u00edticos","twitter_card":"summary_large_image","twitter_creator":"@LosPoliticosVer","twitter_site":"@LosPoliticosVer","twitter_misc":{"Escrito por":"Lo viste en Los Pol\u00edticos","Tiempo de lectura":"4 minutos"},"schema":{"@context":"https:\/\/schema.org","@graph":[{"@type":"Article","@id":"https:\/\/lospoliticosveracruz.com\/?p=169951#article","isPartOf":{"@id":"https:\/\/lospoliticosveracruz.com\/?p=169951"},"author":{"name":"Lo viste en Los Pol\u00edticos","@id":"https:\/\/lospoliticosveracruz.com\/#\/schema\/person\/b8702bb0e538456e6efd07080bf2a4a2"},"headline":"EMPLEO EN RETROCESO","datePublished":"2026-04-28T03:39:40+00:00","dateModified":"2026-04-28T03:39:41+00:00","mainEntityOfPage":{"@id":"https:\/\/lospoliticosveracruz.com\/?p=169951"},"wordCount":689,"publisher":{"@id":"https:\/\/lospoliticosveracruz.com\/#organization"},"image":{"@id":"https:\/\/lospoliticosveracruz.com\/?p=169951#primaryimage"},"thumbnailUrl":"https:\/\/lospoliticosveracruz.com\/wp-content\/uploads\/2025\/04\/Carlos-Miguel-Acosta-Bravo.jpg","keywords":["Brecha laboral de g\u00e9nero M\u00e9xico 2026","Ca\u00edda empleo M\u00e9xico primer trimestre 2026","Carlos Miguel Acosta Bravo Impronta","Crisis empleo informal INEGI ENOE","Desaceleraci\u00f3n econ\u00f3mica M\u00e9xico mercado laboral","Peor ca\u00edda empleo desde 2009"],"articleSection":["De Opini\u00f3n"],"inLanguage":"es"},{"@type":"WebPage","@id":"https:\/\/lospoliticosveracruz.com\/?p=169951","url":"https:\/\/lospoliticosveracruz.com\/?p=169951","name":"EMPLEO EN RETROCESO - Los pol\u00edticos Veracruz","isPartOf":{"@id":"https:\/\/lospoliticosveracruz.com\/#website"},"primaryImageOfPage":{"@id":"https:\/\/lospoliticosveracruz.com\/?p=169951#primaryimage"},"image":{"@id":"https:\/\/lospoliticosveracruz.com\/?p=169951#primaryimage"},"thumbnailUrl":"https:\/\/lospoliticosveracruz.com\/wp-content\/uploads\/2025\/04\/Carlos-Miguel-Acosta-Bravo.jpg","datePublished":"2026-04-28T03:39:40+00:00","dateModified":"2026-04-28T03:39:41+00:00","breadcrumb":{"@id":"https:\/\/lospoliticosveracruz.com\/?p=169951#breadcrumb"},"inLanguage":"es","potentialAction":[{"@type":"ReadAction","target":["https:\/\/lospoliticosveracruz.com\/?p=169951"]}]},{"@type":"ImageObject","inLanguage":"es","@id":"https:\/\/lospoliticosveracruz.com\/?p=169951#primaryimage","url":"https:\/\/lospoliticosveracruz.com\/wp-content\/uploads\/2025\/04\/Carlos-Miguel-Acosta-Bravo.jpg","contentUrl":"https:\/\/lospoliticosveracruz.com\/wp-content\/uploads\/2025\/04\/Carlos-Miguel-Acosta-Bravo.jpg","width":1250,"height":667},{"@type":"BreadcrumbList","@id":"https:\/\/lospoliticosveracruz.com\/?p=169951#breadcrumb","itemListElement":[{"@type":"ListItem","position":1,"name":"Portada","item":"https:\/\/lospoliticosveracruz.com\/"},{"@type":"ListItem","position":2,"name":"EMPLEO EN RETROCESO"}]},{"@type":"WebSite","@id":"https:\/\/lospoliticosveracruz.com\/#website","url":"https:\/\/lospoliticosveracruz.com\/","name":"Los pol\u00edticos Veracruz","description":"","publisher":{"@id":"https:\/\/lospoliticosveracruz.com\/#organization"},"potentialAction":[{"@type":"SearchAction","target":{"@type":"EntryPoint","urlTemplate":"https:\/\/lospoliticosveracruz.com\/?s={search_term_string}"},"query-input":{"@type":"PropertyValueSpecification","valueRequired":true,"valueName":"search_term_string"}}],"inLanguage":"es"},{"@type":"Organization","@id":"https:\/\/lospoliticosveracruz.com\/#organization","name":"Los pol\u00edticos Veracruz","url":"https:\/\/lospoliticosveracruz.com\/","logo":{"@type":"ImageObject","inLanguage":"es","@id":"https:\/\/lospoliticosveracruz.com\/#\/schema\/logo\/image\/","url":"https:\/\/lospoliticosveracruz.com\/wp-content\/uploads\/2025\/12\/Logo-Nuevo-LOS-POLITICOS-1.jpg","contentUrl":"https:\/\/lospoliticosveracruz.com\/wp-content\/uploads\/2025\/12\/Logo-Nuevo-LOS-POLITICOS-1.jpg","width":260,"height":70,"caption":"Los pol\u00edticos Veracruz"},"image":{"@id":"https:\/\/lospoliticosveracruz.com\/#\/schema\/logo\/image\/"},"sameAs":["https:\/\/www.facebook.com\/people\/Notimemes-de-los-Polticos\/61565672886568\/","https:\/\/x.com\/LosPoliticosVer"]},{"@type":"Person","@id":"https:\/\/lospoliticosveracruz.com\/#\/schema\/person\/b8702bb0e538456e6efd07080bf2a4a2","name":"Lo viste en Los Pol\u00edticos","image":{"@type":"ImageObject","inLanguage":"es","@id":"https:\/\/secure.gravatar.com\/avatar\/3a8de04a2656d44082be478bd6c086daa447c4651605818287b9532d3d0bd435?s=96&d=mm&r=g","url":"https:\/\/secure.gravatar.com\/avatar\/3a8de04a2656d44082be478bd6c086daa447c4651605818287b9532d3d0bd435?s=96&d=mm&r=g","contentUrl":"https:\/\/secure.gravatar.com\/avatar\/3a8de04a2656d44082be478bd6c086daa447c4651605818287b9532d3d0bd435?s=96&d=mm&r=g","caption":"Lo viste en Los Pol\u00edticos"},"url":"https:\/\/lospoliticosveracruz.com\/?author=2"}]}},"_links":{"self":[{"href":"https:\/\/lospoliticosveracruz.com\/index.php?rest_route=\/wp\/v2\/posts\/169951","targetHints":{"allow":["GET"]}}],"collection":[{"href":"https:\/\/lospoliticosveracruz.com\/index.php?rest_route=\/wp\/v2\/posts"}],"about":[{"href":"https:\/\/lospoliticosveracruz.com\/index.php?rest_route=\/wp\/v2\/types\/post"}],"author":[{"embeddable":true,"href":"https:\/\/lospoliticosveracruz.com\/index.php?rest_route=\/wp\/v2\/users\/2"}],"replies":[{"embeddable":true,"href":"https:\/\/lospoliticosveracruz.com\/index.php?rest_route=%2Fwp%2Fv2%2Fcomments&post=169951"}],"version-history":[{"count":1,"href":"https:\/\/lospoliticosveracruz.com\/index.php?rest_route=\/wp\/v2\/posts\/169951\/revisions"}],"predecessor-version":[{"id":169952,"href":"https:\/\/lospoliticosveracruz.com\/index.php?rest_route=\/wp\/v2\/posts\/169951\/revisions\/169952"}],"wp:featuredmedia":[{"embeddable":true,"href":"https:\/\/lospoliticosveracruz.com\/index.php?rest_route=\/wp\/v2\/media\/141377"}],"wp:attachment":[{"href":"https:\/\/lospoliticosveracruz.com\/index.php?rest_route=%2Fwp%2Fv2%2Fmedia&parent=169951"}],"wp:term":[{"taxonomy":"category","embeddable":true,"href":"https:\/\/lospoliticosveracruz.com\/index.php?rest_route=%2Fwp%2Fv2%2Fcategories&post=169951"},{"taxonomy":"post_tag","embeddable":true,"href":"https:\/\/lospoliticosveracruz.com\/index.php?rest_route=%2Fwp%2Fv2%2Ftags&post=169951"}],"curies":[{"name":"wp","href":"https:\/\/api.w.org\/{rel}","templated":true}]}}