{"id":169955,"date":"2026-04-28T05:45:11","date_gmt":"2026-04-28T11:45:11","guid":{"rendered":"https:\/\/lospoliticosveracruz.com\/?p=169955"},"modified":"2026-04-28T05:45:12","modified_gmt":"2026-04-28T11:45:12","slug":"un-lugar-entre-distinguidos-traidores","status":"publish","type":"post","link":"https:\/\/lospoliticosveracruz.com\/?p=169955","title":{"rendered":"UN LUGAR ENTRE DISTINGUIDOS TRAIDORES"},"content":{"rendered":"\n<p><strong>Bernardo Guti\u00e9rrez Parra<\/strong><br><em>Desde el Caf\u00e9<\/em><br>La primera ocasi\u00f3n que escuch\u00e9 sobre la cancelaci\u00f3n de visas del gobierno norteamericano a los Yunes Linares- M\u00e1rquez, fue en 2024. Poco despu\u00e9s de que Miguel \u00c1ngel Yunes M\u00e1rquez diera su voto a favor de la pol\u00e9mica y controvertida reforma al Poder Judicial que L\u00f3pez Obrador le hered\u00f3 a Claudia Sheinbaum.<\/p>\n\n\n\n<p>De hecho, circula un audio donde presuntamente Miguel \u00c1ngel padre le estar\u00eda diciendo a un tal Esteban. \u201cYo quisiera comentarte Esteban porque nos est\u00e1 afectando en el tema migratorio, ya me cancelaron la visa a mi y le quieren cancelar la visa a Miguel (su hijo). El tema est\u00e1 bien delicado, entonces \u00e9chame una llamada \u00bfno?\u201d.<\/p>\n\n\n\n<p>El audio, que apenas hasta ayer fue desmentido por Miguel \u00c1ngel junior, se supone que es un mensaje de voz que el exgobernador habr\u00eda dejado en el tel\u00e9fono de Esteban Moctezuma, embajador de nuestro pa\u00eds en Estados Unidos.<\/p>\n\n\n\n<p>El 2024 fue un a\u00f1o negro para los Yunes ya que al votar a favor de la reforma judicial se convirtieron en autom\u00e1tico en traidores a la patria, estigma con el que cargar\u00e1n hasta despu\u00e9s de que Dios los llame a cuentas. Y de ribete fueron expulsados del PAN.<\/p>\n\n\n\n<p>Pero en 2025 el jefe del clan se dio tiempo para pasar unas vacaciones en el exclusivo club de playa Conca del Sogno ubicado en la Bah\u00eda de Recommone, cerca de la isla de Capri, degustando langosta y bebiendo champa\u00f1a de 2 mil euros (o 40 mil pesos el pomo).<\/p>\n\n\n\n<p>Y c\u00f3mo no festejar por esos rumbos si gracias al voto de su hijo y a la intermediaci\u00f3n del entonces poderoso legislador de Morena, Ad\u00e1n Augusto L\u00f3pez, libr\u00f3 la c\u00e1rcel porque le fueron retiradas varias acusaciones penales que estaban en la Fiscal\u00eda General de la Rep\u00fablica listas para ser movidas.<\/p>\n\n\n\n<p>Pero hace seis d\u00edas, el periodista Joaqu\u00edn L\u00f3pez D\u00f3riga dijo que el gobierno de Estados Unidos tom\u00f3 la decisi\u00f3n de cancelar las visas de ingreso a su territorio a Miguel \u00c1ngel Yunes Linares y a sus hijos.<\/p>\n\n\n\n<p>\u201cPara que Washington tome una medida de esta naturaleza, tiene que ser por algo gordo\u201d, se\u00f1al\u00f3 el periodista. \u00bfY qu\u00e9 ser\u00e1 lo gordo? Lavado de dinero, para empezar.<\/p>\n\n\n\n<p>Abordado ayer por los reporteros, Miguel \u00c1ngel Yunes M\u00e1rquez se mostr\u00f3 reacio a tocar el tema: \u201cNo tiene sentido. Tengo mi visa normal\u2026 acabo de ir a Estados Unidos en enero, as\u00ed te lo pongo\u201d y remat\u00f3 diciendo que el audio del 2024 fue hecho con inteligencia artificial.<\/p>\n\n\n\n<p>Lo cierto es que est\u00e1n entrampados.<\/p>\n\n\n\n<p>Aqu\u00ed en M\u00e9xico el respiro judicial que les dio Morena no es eterno y all\u00e1 de aquel lado del Bravo la justicia norteamericana es tan perseverante como obstinada y terca.<\/p>\n\n\n\n<p>\u00bfA qui\u00e9n van a recurrir en demanda de apoyo? \u00bfA Esteban Moctezuma que pr\u00e1cticamente ya dej\u00f3 de ser embajador? \u00bfA Ad\u00e1n Augusto que est\u00e1 luchando contra sus propios demonios? \u00bfA Claudia Sheinbaum o a L\u00f3pez Obrador? Por Dios\u2026<\/p>\n\n\n\n<p>En Morena aprendieron bien la lecci\u00f3n (\u00bfde Maquiavelo?) que dice: \u201cAl traidor atr\u00e1elo a tus terrenos, aprov\u00e9chate de \u00e9l, hal\u00e1galo con canonj\u00edas y cuando ya no te sirva des\u00e9chalo sin miramientos\u201d.<\/p>\n\n\n\n<p>Los Yunes le sirvieron a los morenos para obtener el voto 86 que les hac\u00eda falta y alcanzar la mayor\u00eda calificada que abri\u00f3 las puertas a la Reforma Judicial. Y una vez que obtuvieron ese voto \u00f3rale\u2026 a volar.<\/p>\n\n\n\n<p>Y se convirtieron en desechables.<\/p>\n\n\n\n<p>Pol\u00edticamente hablando no son ni la sombra de lo que fueron cuando el jefe del clan lleg\u00f3 a ser el amo y se\u00f1or de los bastiones de Veracruz y Boca del R\u00edo.<\/p>\n\n\n\n<p>Acusados de traici\u00f3n, echados de su partido, mal vistos por los duros de Morena, apestados para los veracruzanos, sin peso pol\u00edtico en ninguna parte y con probables persecuciones judiciales \u00bfqu\u00e9 futuro les espera?<\/p>\n\n\n\n<p>Un lugar en el basurero de la historia a lado de Judas, Fouch\u00e9 y Victoriano Huerta entre otros distinguidos traidores. No creo que lo que han hecho les d\u00e9 para m\u00e1s.<\/p>\n\n\n\n<p>\u00bfO sugieres otro sitio, lector?<\/p>\n\n\n\n<p>bernagup28@gmail.com<\/p>\n\n\n\n<p><\/p>\n","protected":false},"excerpt":{"rendered":"<p>Bernardo Guti\u00e9rrez ParraDesde el Caf\u00e9La primera ocasi\u00f3n que escuch\u00e9 sobre la cancelaci\u00f3n de visas del gobierno norteamericano a los Yunes Linares- M\u00e1rquez, fue en 2024. Poco despu\u00e9s de que Miguel \u00c1ngel Yunes M\u00e1rquez diera su voto a favor de la pol\u00e9mica y controvertida reforma al Poder Judicial que L\u00f3pez Obrador le hered\u00f3 a Claudia Sheinbaum. [&hellip;]<\/p>\n","protected":false},"author":2,"featured_media":141479,"comment_status":"closed","ping_status":"closed","sticky":false,"template":"","format":"standard","meta":{"tdm_status":"","tdm_grid_status":"","footnotes":""},"categories":[70],"tags":[47920,618,9627,13217,26718,536,195],"class_list":{"0":"post-169955","1":"post","2":"type-post","3":"status-publish","4":"format-standard","5":"has-post-thumbnail","7":"category-de-opinion","8":"tag-adan-augusto-lopez-hernandez","9":"tag-andres-manuel-lopez-obrador","10":"tag-claudia-sheinbaum","11":"tag-esteban-moctezuma-barragan","12":"tag-miguel-angel-yunes-linares-2","13":"tag-miguel-angel-yunes-marquez","14":"tag-veracruz"},"yoast_head":"<!-- This site is optimized with the Yoast SEO plugin v27.4 - https:\/\/yoast.com\/product\/yoast-seo-wordpress\/ -->\n<title>UN LUGAR ENTRE DISTINGUIDOS TRAIDORES - Los pol\u00edticos Veracruz<\/title>\n<meta name=\"robots\" content=\"index, follow, max-snippet:-1, max-image-preview:large, max-video-preview:-1\" \/>\n<link rel=\"canonical\" href=\"https:\/\/lospoliticosveracruz.com\/?p=169955\" \/>\n<meta property=\"og:locale\" content=\"es_ES\" \/>\n<meta property=\"og:type\" content=\"article\" \/>\n<meta property=\"og:title\" content=\"UN LUGAR ENTRE DISTINGUIDOS TRAIDORES - Los pol\u00edticos Veracruz\" \/>\n<meta property=\"og:description\" content=\"Bernardo Guti\u00e9rrez ParraDesde el Caf\u00e9La primera ocasi\u00f3n que escuch\u00e9 sobre la cancelaci\u00f3n de visas del gobierno norteamericano a los Yunes Linares- M\u00e1rquez, fue en 2024. Poco despu\u00e9s de que Miguel \u00c1ngel Yunes M\u00e1rquez diera su voto a favor de la pol\u00e9mica y controvertida reforma al Poder Judicial que L\u00f3pez Obrador le hered\u00f3 a Claudia Sheinbaum. [&hellip;]\" \/>\n<meta property=\"og:url\" content=\"https:\/\/lospoliticosveracruz.com\/?p=169955\" \/>\n<meta property=\"og:site_name\" content=\"Los pol\u00edticos Veracruz\" \/>\n<meta property=\"article:publisher\" content=\"https:\/\/www.facebook.com\/people\/Notimemes-de-los-Polticos\/61565672886568\/\" \/>\n<meta property=\"article:published_time\" content=\"2026-04-28T11:45:11+00:00\" \/>\n<meta property=\"article:modified_time\" content=\"2026-04-28T11:45:12+00:00\" \/>\n<meta property=\"og:image\" content=\"https:\/\/lospoliticosveracruz.com\/wp-content\/uploads\/2025\/04\/Bernardo-Gutierrez-Parra.jpg\" \/>\n\t<meta property=\"og:image:width\" content=\"1250\" \/>\n\t<meta property=\"og:image:height\" content=\"667\" \/>\n\t<meta property=\"og:image:type\" content=\"image\/jpeg\" \/>\n<meta name=\"author\" content=\"Lo viste en Los Pol\u00edticos\" \/>\n<meta name=\"twitter:card\" content=\"summary_large_image\" \/>\n<meta name=\"twitter:creator\" content=\"@LosPoliticosVer\" \/>\n<meta name=\"twitter:site\" content=\"@LosPoliticosVer\" \/>\n<meta name=\"twitter:label1\" content=\"Escrito por\" \/>\n\t<meta name=\"twitter:data1\" content=\"Lo viste en Los Pol\u00edticos\" \/>\n\t<meta name=\"twitter:label2\" content=\"Tiempo de lectura\" \/>\n\t<meta name=\"twitter:data2\" content=\"4 minutos\" \/>\n<script type=\"application\/ld+json\" class=\"yoast-schema-graph\">{\"@context\":\"https:\\\/\\\/schema.org\",\"@graph\":[{\"@type\":\"Article\",\"@id\":\"https:\\\/\\\/lospoliticosveracruz.com\\\/?p=169955#article\",\"isPartOf\":{\"@id\":\"https:\\\/\\\/lospoliticosveracruz.com\\\/?p=169955\"},\"author\":{\"name\":\"Lo viste en Los Pol\u00edticos\",\"@id\":\"https:\\\/\\\/lospoliticosveracruz.com\\\/#\\\/schema\\\/person\\\/b8702bb0e538456e6efd07080bf2a4a2\"},\"headline\":\"UN LUGAR ENTRE DISTINGUIDOS TRAIDORES\",\"datePublished\":\"2026-04-28T11:45:11+00:00\",\"dateModified\":\"2026-04-28T11:45:12+00:00\",\"mainEntityOfPage\":{\"@id\":\"https:\\\/\\\/lospoliticosveracruz.com\\\/?p=169955\"},\"wordCount\":716,\"publisher\":{\"@id\":\"https:\\\/\\\/lospoliticosveracruz.com\\\/#organization\"},\"image\":{\"@id\":\"https:\\\/\\\/lospoliticosveracruz.com\\\/?p=169955#primaryimage\"},\"thumbnailUrl\":\"https:\\\/\\\/lospoliticosveracruz.com\\\/wp-content\\\/uploads\\\/2025\\\/04\\\/Bernardo-Gutierrez-Parra.jpg\",\"keywords\":[\"Ad\u00e1n Augusto L\u00f3pez Hern\u00e1ndez\",\"Andr\u00e9s Manuel L\u00f3pez Obrador\",\"Claudia Sheinbaum\",\"Esteban Moctezuma Barrag\u00e1n\",\"Miguel \u00c1ngel Yunes Linares\",\"Miguel \u00c1ngel Yunes M\u00e1rquez\",\"Veracruz\"],\"articleSection\":[\"De Opini\u00f3n\"],\"inLanguage\":\"es\"},{\"@type\":\"WebPage\",\"@id\":\"https:\\\/\\\/lospoliticosveracruz.com\\\/?p=169955\",\"url\":\"https:\\\/\\\/lospoliticosveracruz.com\\\/?p=169955\",\"name\":\"UN LUGAR ENTRE DISTINGUIDOS TRAIDORES - Los pol\u00edticos Veracruz\",\"isPartOf\":{\"@id\":\"https:\\\/\\\/lospoliticosveracruz.com\\\/#website\"},\"primaryImageOfPage\":{\"@id\":\"https:\\\/\\\/lospoliticosveracruz.com\\\/?p=169955#primaryimage\"},\"image\":{\"@id\":\"https:\\\/\\\/lospoliticosveracruz.com\\\/?p=169955#primaryimage\"},\"thumbnailUrl\":\"https:\\\/\\\/lospoliticosveracruz.com\\\/wp-content\\\/uploads\\\/2025\\\/04\\\/Bernardo-Gutierrez-Parra.jpg\",\"datePublished\":\"2026-04-28T11:45:11+00:00\",\"dateModified\":\"2026-04-28T11:45:12+00:00\",\"breadcrumb\":{\"@id\":\"https:\\\/\\\/lospoliticosveracruz.com\\\/?p=169955#breadcrumb\"},\"inLanguage\":\"es\",\"potentialAction\":[{\"@type\":\"ReadAction\",\"target\":[\"https:\\\/\\\/lospoliticosveracruz.com\\\/?p=169955\"]}]},{\"@type\":\"ImageObject\",\"inLanguage\":\"es\",\"@id\":\"https:\\\/\\\/lospoliticosveracruz.com\\\/?p=169955#primaryimage\",\"url\":\"https:\\\/\\\/lospoliticosveracruz.com\\\/wp-content\\\/uploads\\\/2025\\\/04\\\/Bernardo-Gutierrez-Parra.jpg\",\"contentUrl\":\"https:\\\/\\\/lospoliticosveracruz.com\\\/wp-content\\\/uploads\\\/2025\\\/04\\\/Bernardo-Gutierrez-Parra.jpg\",\"width\":1250,\"height\":667},{\"@type\":\"BreadcrumbList\",\"@id\":\"https:\\\/\\\/lospoliticosveracruz.com\\\/?p=169955#breadcrumb\",\"itemListElement\":[{\"@type\":\"ListItem\",\"position\":1,\"name\":\"Portada\",\"item\":\"https:\\\/\\\/lospoliticosveracruz.com\\\/\"},{\"@type\":\"ListItem\",\"position\":2,\"name\":\"UN LUGAR ENTRE DISTINGUIDOS TRAIDORES\"}]},{\"@type\":\"WebSite\",\"@id\":\"https:\\\/\\\/lospoliticosveracruz.com\\\/#website\",\"url\":\"https:\\\/\\\/lospoliticosveracruz.com\\\/\",\"name\":\"Los pol\u00edticos Veracruz\",\"description\":\"\",\"publisher\":{\"@id\":\"https:\\\/\\\/lospoliticosveracruz.com\\\/#organization\"},\"potentialAction\":[{\"@type\":\"SearchAction\",\"target\":{\"@type\":\"EntryPoint\",\"urlTemplate\":\"https:\\\/\\\/lospoliticosveracruz.com\\\/?s={search_term_string}\"},\"query-input\":{\"@type\":\"PropertyValueSpecification\",\"valueRequired\":true,\"valueName\":\"search_term_string\"}}],\"inLanguage\":\"es\"},{\"@type\":\"Organization\",\"@id\":\"https:\\\/\\\/lospoliticosveracruz.com\\\/#organization\",\"name\":\"Los pol\u00edticos Veracruz\",\"url\":\"https:\\\/\\\/lospoliticosveracruz.com\\\/\",\"logo\":{\"@type\":\"ImageObject\",\"inLanguage\":\"es\",\"@id\":\"https:\\\/\\\/lospoliticosveracruz.com\\\/#\\\/schema\\\/logo\\\/image\\\/\",\"url\":\"https:\\\/\\\/lospoliticosveracruz.com\\\/wp-content\\\/uploads\\\/2025\\\/12\\\/Logo-Nuevo-LOS-POLITICOS-1.jpg\",\"contentUrl\":\"https:\\\/\\\/lospoliticosveracruz.com\\\/wp-content\\\/uploads\\\/2025\\\/12\\\/Logo-Nuevo-LOS-POLITICOS-1.jpg\",\"width\":260,\"height\":70,\"caption\":\"Los pol\u00edticos Veracruz\"},\"image\":{\"@id\":\"https:\\\/\\\/lospoliticosveracruz.com\\\/#\\\/schema\\\/logo\\\/image\\\/\"},\"sameAs\":[\"https:\\\/\\\/www.facebook.com\\\/people\\\/Notimemes-de-los-Polticos\\\/61565672886568\\\/\",\"https:\\\/\\\/x.com\\\/LosPoliticosVer\"]},{\"@type\":\"Person\",\"@id\":\"https:\\\/\\\/lospoliticosveracruz.com\\\/#\\\/schema\\\/person\\\/b8702bb0e538456e6efd07080bf2a4a2\",\"name\":\"Lo viste en Los Pol\u00edticos\",\"image\":{\"@type\":\"ImageObject\",\"inLanguage\":\"es\",\"@id\":\"https:\\\/\\\/secure.gravatar.com\\\/avatar\\\/3a8de04a2656d44082be478bd6c086daa447c4651605818287b9532d3d0bd435?s=96&d=mm&r=g\",\"url\":\"https:\\\/\\\/secure.gravatar.com\\\/avatar\\\/3a8de04a2656d44082be478bd6c086daa447c4651605818287b9532d3d0bd435?s=96&d=mm&r=g\",\"contentUrl\":\"https:\\\/\\\/secure.gravatar.com\\\/avatar\\\/3a8de04a2656d44082be478bd6c086daa447c4651605818287b9532d3d0bd435?s=96&d=mm&r=g\",\"caption\":\"Lo viste en Los Pol\u00edticos\"},\"url\":\"https:\\\/\\\/lospoliticosveracruz.com\\\/?author=2\"}]}<\/script>\n<!-- \/ Yoast SEO plugin. -->","yoast_head_json":{"title":"UN LUGAR ENTRE DISTINGUIDOS TRAIDORES - Los pol\u00edticos Veracruz","robots":{"index":"index","follow":"follow","max-snippet":"max-snippet:-1","max-image-preview":"max-image-preview:large","max-video-preview":"max-video-preview:-1"},"canonical":"https:\/\/lospoliticosveracruz.com\/?p=169955","og_locale":"es_ES","og_type":"article","og_title":"UN LUGAR ENTRE DISTINGUIDOS TRAIDORES - Los pol\u00edticos Veracruz","og_description":"Bernardo Guti\u00e9rrez ParraDesde el Caf\u00e9La primera ocasi\u00f3n que escuch\u00e9 sobre la cancelaci\u00f3n de visas del gobierno norteamericano a los Yunes Linares- M\u00e1rquez, fue en 2024. Poco despu\u00e9s de que Miguel \u00c1ngel Yunes M\u00e1rquez diera su voto a favor de la pol\u00e9mica y controvertida reforma al Poder Judicial que L\u00f3pez Obrador le hered\u00f3 a Claudia Sheinbaum. [&hellip;]","og_url":"https:\/\/lospoliticosveracruz.com\/?p=169955","og_site_name":"Los pol\u00edticos Veracruz","article_publisher":"https:\/\/www.facebook.com\/people\/Notimemes-de-los-Polticos\/61565672886568\/","article_published_time":"2026-04-28T11:45:11+00:00","article_modified_time":"2026-04-28T11:45:12+00:00","og_image":[{"width":1250,"height":667,"url":"https:\/\/lospoliticosveracruz.com\/wp-content\/uploads\/2025\/04\/Bernardo-Gutierrez-Parra.jpg","type":"image\/jpeg"}],"author":"Lo viste en Los Pol\u00edticos","twitter_card":"summary_large_image","twitter_creator":"@LosPoliticosVer","twitter_site":"@LosPoliticosVer","twitter_misc":{"Escrito por":"Lo viste en Los Pol\u00edticos","Tiempo de lectura":"4 minutos"},"schema":{"@context":"https:\/\/schema.org","@graph":[{"@type":"Article","@id":"https:\/\/lospoliticosveracruz.com\/?p=169955#article","isPartOf":{"@id":"https:\/\/lospoliticosveracruz.com\/?p=169955"},"author":{"name":"Lo viste en Los Pol\u00edticos","@id":"https:\/\/lospoliticosveracruz.com\/#\/schema\/person\/b8702bb0e538456e6efd07080bf2a4a2"},"headline":"UN LUGAR ENTRE DISTINGUIDOS TRAIDORES","datePublished":"2026-04-28T11:45:11+00:00","dateModified":"2026-04-28T11:45:12+00:00","mainEntityOfPage":{"@id":"https:\/\/lospoliticosveracruz.com\/?p=169955"},"wordCount":716,"publisher":{"@id":"https:\/\/lospoliticosveracruz.com\/#organization"},"image":{"@id":"https:\/\/lospoliticosveracruz.com\/?p=169955#primaryimage"},"thumbnailUrl":"https:\/\/lospoliticosveracruz.com\/wp-content\/uploads\/2025\/04\/Bernardo-Gutierrez-Parra.jpg","keywords":["Ad\u00e1n Augusto L\u00f3pez Hern\u00e1ndez","Andr\u00e9s Manuel L\u00f3pez Obrador","Claudia Sheinbaum","Esteban Moctezuma Barrag\u00e1n","Miguel \u00c1ngel Yunes Linares","Miguel \u00c1ngel Yunes M\u00e1rquez","Veracruz"],"articleSection":["De Opini\u00f3n"],"inLanguage":"es"},{"@type":"WebPage","@id":"https:\/\/lospoliticosveracruz.com\/?p=169955","url":"https:\/\/lospoliticosveracruz.com\/?p=169955","name":"UN LUGAR ENTRE DISTINGUIDOS TRAIDORES - Los pol\u00edticos Veracruz","isPartOf":{"@id":"https:\/\/lospoliticosveracruz.com\/#website"},"primaryImageOfPage":{"@id":"https:\/\/lospoliticosveracruz.com\/?p=169955#primaryimage"},"image":{"@id":"https:\/\/lospoliticosveracruz.com\/?p=169955#primaryimage"},"thumbnailUrl":"https:\/\/lospoliticosveracruz.com\/wp-content\/uploads\/2025\/04\/Bernardo-Gutierrez-Parra.jpg","datePublished":"2026-04-28T11:45:11+00:00","dateModified":"2026-04-28T11:45:12+00:00","breadcrumb":{"@id":"https:\/\/lospoliticosveracruz.com\/?p=169955#breadcrumb"},"inLanguage":"es","potentialAction":[{"@type":"ReadAction","target":["https:\/\/lospoliticosveracruz.com\/?p=169955"]}]},{"@type":"ImageObject","inLanguage":"es","@id":"https:\/\/lospoliticosveracruz.com\/?p=169955#primaryimage","url":"https:\/\/lospoliticosveracruz.com\/wp-content\/uploads\/2025\/04\/Bernardo-Gutierrez-Parra.jpg","contentUrl":"https:\/\/lospoliticosveracruz.com\/wp-content\/uploads\/2025\/04\/Bernardo-Gutierrez-Parra.jpg","width":1250,"height":667},{"@type":"BreadcrumbList","@id":"https:\/\/lospoliticosveracruz.com\/?p=169955#breadcrumb","itemListElement":[{"@type":"ListItem","position":1,"name":"Portada","item":"https:\/\/lospoliticosveracruz.com\/"},{"@type":"ListItem","position":2,"name":"UN LUGAR ENTRE DISTINGUIDOS TRAIDORES"}]},{"@type":"WebSite","@id":"https:\/\/lospoliticosveracruz.com\/#website","url":"https:\/\/lospoliticosveracruz.com\/","name":"Los pol\u00edticos Veracruz","description":"","publisher":{"@id":"https:\/\/lospoliticosveracruz.com\/#organization"},"potentialAction":[{"@type":"SearchAction","target":{"@type":"EntryPoint","urlTemplate":"https:\/\/lospoliticosveracruz.com\/?s={search_term_string}"},"query-input":{"@type":"PropertyValueSpecification","valueRequired":true,"valueName":"search_term_string"}}],"inLanguage":"es"},{"@type":"Organization","@id":"https:\/\/lospoliticosveracruz.com\/#organization","name":"Los pol\u00edticos Veracruz","url":"https:\/\/lospoliticosveracruz.com\/","logo":{"@type":"ImageObject","inLanguage":"es","@id":"https:\/\/lospoliticosveracruz.com\/#\/schema\/logo\/image\/","url":"https:\/\/lospoliticosveracruz.com\/wp-content\/uploads\/2025\/12\/Logo-Nuevo-LOS-POLITICOS-1.jpg","contentUrl":"https:\/\/lospoliticosveracruz.com\/wp-content\/uploads\/2025\/12\/Logo-Nuevo-LOS-POLITICOS-1.jpg","width":260,"height":70,"caption":"Los pol\u00edticos Veracruz"},"image":{"@id":"https:\/\/lospoliticosveracruz.com\/#\/schema\/logo\/image\/"},"sameAs":["https:\/\/www.facebook.com\/people\/Notimemes-de-los-Polticos\/61565672886568\/","https:\/\/x.com\/LosPoliticosVer"]},{"@type":"Person","@id":"https:\/\/lospoliticosveracruz.com\/#\/schema\/person\/b8702bb0e538456e6efd07080bf2a4a2","name":"Lo viste en Los Pol\u00edticos","image":{"@type":"ImageObject","inLanguage":"es","@id":"https:\/\/secure.gravatar.com\/avatar\/3a8de04a2656d44082be478bd6c086daa447c4651605818287b9532d3d0bd435?s=96&d=mm&r=g","url":"https:\/\/secure.gravatar.com\/avatar\/3a8de04a2656d44082be478bd6c086daa447c4651605818287b9532d3d0bd435?s=96&d=mm&r=g","contentUrl":"https:\/\/secure.gravatar.com\/avatar\/3a8de04a2656d44082be478bd6c086daa447c4651605818287b9532d3d0bd435?s=96&d=mm&r=g","caption":"Lo viste en Los Pol\u00edticos"},"url":"https:\/\/lospoliticosveracruz.com\/?author=2"}]}},"_links":{"self":[{"href":"https:\/\/lospoliticosveracruz.com\/index.php?rest_route=\/wp\/v2\/posts\/169955","targetHints":{"allow":["GET"]}}],"collection":[{"href":"https:\/\/lospoliticosveracruz.com\/index.php?rest_route=\/wp\/v2\/posts"}],"about":[{"href":"https:\/\/lospoliticosveracruz.com\/index.php?rest_route=\/wp\/v2\/types\/post"}],"author":[{"embeddable":true,"href":"https:\/\/lospoliticosveracruz.com\/index.php?rest_route=\/wp\/v2\/users\/2"}],"replies":[{"embeddable":true,"href":"https:\/\/lospoliticosveracruz.com\/index.php?rest_route=%2Fwp%2Fv2%2Fcomments&post=169955"}],"version-history":[{"count":1,"href":"https:\/\/lospoliticosveracruz.com\/index.php?rest_route=\/wp\/v2\/posts\/169955\/revisions"}],"predecessor-version":[{"id":169956,"href":"https:\/\/lospoliticosveracruz.com\/index.php?rest_route=\/wp\/v2\/posts\/169955\/revisions\/169956"}],"wp:featuredmedia":[{"embeddable":true,"href":"https:\/\/lospoliticosveracruz.com\/index.php?rest_route=\/wp\/v2\/media\/141479"}],"wp:attachment":[{"href":"https:\/\/lospoliticosveracruz.com\/index.php?rest_route=%2Fwp%2Fv2%2Fmedia&parent=169955"}],"wp:term":[{"taxonomy":"category","embeddable":true,"href":"https:\/\/lospoliticosveracruz.com\/index.php?rest_route=%2Fwp%2Fv2%2Fcategories&post=169955"},{"taxonomy":"post_tag","embeddable":true,"href":"https:\/\/lospoliticosveracruz.com\/index.php?rest_route=%2Fwp%2Fv2%2Ftags&post=169955"}],"curies":[{"name":"wp","href":"https:\/\/api.w.org\/{rel}","templated":true}]}}