{"id":169957,"date":"2026-04-28T06:13:25","date_gmt":"2026-04-28T12:13:25","guid":{"rendered":"https:\/\/lospoliticosveracruz.com\/?p=169957"},"modified":"2026-04-28T06:13:26","modified_gmt":"2026-04-28T12:13:26","slug":"la-gorda-y-el-dictamen","status":"publish","type":"post","link":"https:\/\/lospoliticosveracruz.com\/?p=169957","title":{"rendered":"LA GORDA Y EL DICTAMEN"},"content":{"rendered":"\n<p><strong>Omar Z\u00fa\u00f1iga<\/strong><br><em>De Primera Mano<\/em><\/p>\n\n\n\n<p>La semana pasada estuvieron circulando en redes sociales videos y fotograf\u00edas &nbsp;(que posteriormente convirtieron en videos) de una boda en el marco de la celebraci\u00f3n de la feria de Sevilla 2026.<\/p>\n\n\n\n<p>Result\u00f3 que&nbsp;las fotos resultaron ser de la sobrina de&nbsp;<strong>Bertha Rosal\u00eda Ahued Malpica<\/strong>&nbsp;la&nbsp;<strong>Gorda Ahued<\/strong>, cuya familia es propietaria (heredera, claro que s\u00ed) de el peri\u00f3dico El Dictamen de Veracruz.<\/p>\n\n\n\n<p>El Dictamen es nada m\u00e1s el decano de la prensa nacional: no hay peri\u00f3dico m\u00e1s viejo que este en todo el pa\u00eds, no El Universal o Exc\u00e9lsior.<\/p>\n\n\n\n<p>La familia Malpica es heredera de una tradici\u00f3n period\u00edstica, pero tambi\u00e9n de recursos, vulgo, siempre han tenido dinero.<\/p>\n\n\n\n<p>*****<\/p>\n\n\n\n<p>No se trata de defender lo indefendible, sin embargo, la boda fue de su sobrina, hija de su hermana&nbsp;Karime. La joven tiene padre tambi\u00e9n, por si ocupan\u2026<\/p>\n\n\n\n<p>Alguien empez\u00f3 a hacer cuentas de lo gastado en la mentada boda, que si le preguntan al novio, no fue gasto, fue inversi\u00f3n, al final se casa porque quiere.<\/p>\n\n\n\n<p>Investigando por aqu\u00ed y por all\u00e1,&nbsp;no fueron los 335 mil euros los invertidos en aquella boda seguro fueron m\u00e1s, sin embargo lo realmente importante es la importancia de la familia, para tener el grado de incidir en un festejo del calibre de la Feria de Sevilla.<\/p>\n\n\n\n<p>Y s\u00ed, lo que se invirti\u00f3 en esa boda, fue por parte de la familia del novio y aunque si hubiera sido de la novia, pues merecido tambi\u00e9n y si tiene los recursos para hacerlo, felicidades. Las hijas merecen eso y m\u00e1s y eso lo entender\u00e1 un padre con hijas.<\/p>\n\n\n\n<p>*****<\/p>\n\n\n\n<p>Lo realmente importante resulta la polarizaci\u00f3n de la sociedad, originada en el sexenio pasado, por&nbsp;<strong>Andr\u00e9s Manuel L\u00f3pez Obrador<\/strong>, quien empez\u00f3 a acu\u00f1ar t\u00e9rminos como fif\u00eds, neoliberales, conservadores y tambi\u00e9n es el Ner\u00f3n de&nbsp;Macuspana el que acu\u00f1\u00f3 frases tan miserables como: \u201cel pueblo no debe ser&nbsp;aspiracionista&nbsp;y vivir con lo que tiene\u201d.<\/p>\n\n\n\n<p>Y frases de este tipo para justificar el terrible trabajo realizado con pr\u00e1cticamente cero crecimiento del PIB durante todo su sexenio.<\/p>\n\n\n\n<p>*****<\/p>\n\n\n\n<p>Ese es el legado que dej\u00f3 el Ner\u00f3n de Macuspana, hoy descansando tranquilamente viviendo del erario, viendo arder al pa\u00eds desde La Chingada, recibiendo lo que le dan sus hijos, buenos para nada, que lo \u00fanico que hicieron fue servirse del pa\u00eds&nbsp;y convertirse en los nuevos millonarios.&nbsp;<\/p>\n\n\n\n<p>Hoy esa herencia de polarizaci\u00f3n es la que ataca a quien no piensa como ellos, que incluso no vive igual que ellos, a pesar de la herencia recibida y de una vida que es p\u00fablica hace generaciones.<\/p>\n\n\n\n<p>No son nuevos ricos, como&nbsp;<strong><em>Changole\u00f3n<\/em><\/strong><strong>&nbsp;Noro\u00f1a<\/strong>(<strong>Lili T\u00e9llez<\/strong>&nbsp;dixit), que se dice de izquierda y cobra con la derecha y cuya riqueza le ha sido imposible justificar.<\/p>\n\n\n\n<p>*****<\/p>\n\n\n\n<p>Y basta con echar una ojeada al&nbsp;origen de los infundios, para saber que todo esto viene de Boca del R\u00edo.<\/p>\n\n\n\n<p>Lo dicho, el \u00e9xito no se perdona.<\/p>\n\n\n\n<p>\u00a1Qu\u00e9 barbaridad!<\/p>\n\n\n\n<p>deprimera.mano2020@gmail.com<\/p>\n","protected":false},"excerpt":{"rendered":"<p>Omar Z\u00fa\u00f1igaDe Primera Mano La semana pasada estuvieron circulando en redes sociales videos y fotograf\u00edas &nbsp;(que posteriormente convirtieron en videos) de una boda en el marco de la celebraci\u00f3n de la feria de Sevilla 2026. Result\u00f3 que&nbsp;las fotos resultaron ser de la sobrina de&nbsp;Bertha Rosal\u00eda Ahued Malpica&nbsp;la&nbsp;Gorda Ahued, cuya familia es propietaria (heredera, claro que [&hellip;]<\/p>\n","protected":false},"author":2,"featured_media":141427,"comment_status":"closed","ping_status":"closed","sticky":false,"template":"","format":"standard","meta":{"tdm_status":"","tdm_grid_status":"","footnotes":""},"categories":[70],"tags":[618,40563,1026,195],"class_list":{"0":"post-169957","1":"post","2":"type-post","3":"status-publish","4":"format-standard","5":"has-post-thumbnail","7":"category-de-opinion","8":"tag-andres-manuel-lopez-obrador","9":"tag-bertha-ahued","10":"tag-morena","11":"tag-veracruz"},"yoast_head":"<!-- This site is optimized with the Yoast SEO plugin v27.4 - https:\/\/yoast.com\/product\/yoast-seo-wordpress\/ -->\n<title>LA GORDA Y EL DICTAMEN - Los pol\u00edticos Veracruz<\/title>\n<meta name=\"robots\" content=\"index, follow, max-snippet:-1, max-image-preview:large, max-video-preview:-1\" \/>\n<link rel=\"canonical\" href=\"https:\/\/lospoliticosveracruz.com\/?p=169957\" \/>\n<meta property=\"og:locale\" content=\"es_ES\" \/>\n<meta property=\"og:type\" content=\"article\" \/>\n<meta property=\"og:title\" content=\"LA GORDA Y EL DICTAMEN - Los pol\u00edticos Veracruz\" \/>\n<meta property=\"og:description\" content=\"Omar Z\u00fa\u00f1igaDe Primera Mano La semana pasada estuvieron circulando en redes sociales videos y fotograf\u00edas &nbsp;(que posteriormente convirtieron en videos) de una boda en el marco de la celebraci\u00f3n de la feria de Sevilla 2026. Result\u00f3 que&nbsp;las fotos resultaron ser de la sobrina de&nbsp;Bertha Rosal\u00eda Ahued Malpica&nbsp;la&nbsp;Gorda Ahued, cuya familia es propietaria (heredera, claro que [&hellip;]\" \/>\n<meta property=\"og:url\" content=\"https:\/\/lospoliticosveracruz.com\/?p=169957\" \/>\n<meta property=\"og:site_name\" content=\"Los pol\u00edticos Veracruz\" \/>\n<meta property=\"article:publisher\" content=\"https:\/\/www.facebook.com\/people\/Notimemes-de-los-Polticos\/61565672886568\/\" \/>\n<meta property=\"article:published_time\" content=\"2026-04-28T12:13:25+00:00\" \/>\n<meta property=\"article:modified_time\" content=\"2026-04-28T12:13:26+00:00\" \/>\n<meta property=\"og:image\" content=\"https:\/\/lospoliticosveracruz.com\/wp-content\/uploads\/2025\/04\/Omar-Zuniga.jpg\" \/>\n\t<meta property=\"og:image:width\" content=\"1250\" \/>\n\t<meta property=\"og:image:height\" content=\"667\" \/>\n\t<meta property=\"og:image:type\" content=\"image\/jpeg\" \/>\n<meta name=\"author\" content=\"Lo viste en Los Pol\u00edticos\" \/>\n<meta name=\"twitter:card\" content=\"summary_large_image\" \/>\n<meta name=\"twitter:creator\" content=\"@LosPoliticosVer\" \/>\n<meta name=\"twitter:site\" content=\"@LosPoliticosVer\" \/>\n<meta name=\"twitter:label1\" content=\"Escrito por\" \/>\n\t<meta name=\"twitter:data1\" content=\"Lo viste en Los Pol\u00edticos\" \/>\n\t<meta name=\"twitter:label2\" content=\"Tiempo de lectura\" \/>\n\t<meta name=\"twitter:data2\" content=\"3 minutos\" \/>\n<script type=\"application\/ld+json\" class=\"yoast-schema-graph\">{\"@context\":\"https:\\\/\\\/schema.org\",\"@graph\":[{\"@type\":\"Article\",\"@id\":\"https:\\\/\\\/lospoliticosveracruz.com\\\/?p=169957#article\",\"isPartOf\":{\"@id\":\"https:\\\/\\\/lospoliticosveracruz.com\\\/?p=169957\"},\"author\":{\"name\":\"Lo viste en Los Pol\u00edticos\",\"@id\":\"https:\\\/\\\/lospoliticosveracruz.com\\\/#\\\/schema\\\/person\\\/b8702bb0e538456e6efd07080bf2a4a2\"},\"headline\":\"LA GORDA Y EL DICTAMEN\",\"datePublished\":\"2026-04-28T12:13:25+00:00\",\"dateModified\":\"2026-04-28T12:13:26+00:00\",\"mainEntityOfPage\":{\"@id\":\"https:\\\/\\\/lospoliticosveracruz.com\\\/?p=169957\"},\"wordCount\":545,\"publisher\":{\"@id\":\"https:\\\/\\\/lospoliticosveracruz.com\\\/#organization\"},\"image\":{\"@id\":\"https:\\\/\\\/lospoliticosveracruz.com\\\/?p=169957#primaryimage\"},\"thumbnailUrl\":\"https:\\\/\\\/lospoliticosveracruz.com\\\/wp-content\\\/uploads\\\/2025\\\/04\\\/Omar-Zuniga.jpg\",\"keywords\":[\"Andr\u00e9s Manuel L\u00f3pez Obrador\",\"Bertha Ahued\",\"Morena\",\"Veracruz\"],\"articleSection\":[\"De Opini\u00f3n\"],\"inLanguage\":\"es\"},{\"@type\":\"WebPage\",\"@id\":\"https:\\\/\\\/lospoliticosveracruz.com\\\/?p=169957\",\"url\":\"https:\\\/\\\/lospoliticosveracruz.com\\\/?p=169957\",\"name\":\"LA GORDA Y EL DICTAMEN - Los pol\u00edticos Veracruz\",\"isPartOf\":{\"@id\":\"https:\\\/\\\/lospoliticosveracruz.com\\\/#website\"},\"primaryImageOfPage\":{\"@id\":\"https:\\\/\\\/lospoliticosveracruz.com\\\/?p=169957#primaryimage\"},\"image\":{\"@id\":\"https:\\\/\\\/lospoliticosveracruz.com\\\/?p=169957#primaryimage\"},\"thumbnailUrl\":\"https:\\\/\\\/lospoliticosveracruz.com\\\/wp-content\\\/uploads\\\/2025\\\/04\\\/Omar-Zuniga.jpg\",\"datePublished\":\"2026-04-28T12:13:25+00:00\",\"dateModified\":\"2026-04-28T12:13:26+00:00\",\"breadcrumb\":{\"@id\":\"https:\\\/\\\/lospoliticosveracruz.com\\\/?p=169957#breadcrumb\"},\"inLanguage\":\"es\",\"potentialAction\":[{\"@type\":\"ReadAction\",\"target\":[\"https:\\\/\\\/lospoliticosveracruz.com\\\/?p=169957\"]}]},{\"@type\":\"ImageObject\",\"inLanguage\":\"es\",\"@id\":\"https:\\\/\\\/lospoliticosveracruz.com\\\/?p=169957#primaryimage\",\"url\":\"https:\\\/\\\/lospoliticosveracruz.com\\\/wp-content\\\/uploads\\\/2025\\\/04\\\/Omar-Zuniga.jpg\",\"contentUrl\":\"https:\\\/\\\/lospoliticosveracruz.com\\\/wp-content\\\/uploads\\\/2025\\\/04\\\/Omar-Zuniga.jpg\",\"width\":1250,\"height\":667},{\"@type\":\"BreadcrumbList\",\"@id\":\"https:\\\/\\\/lospoliticosveracruz.com\\\/?p=169957#breadcrumb\",\"itemListElement\":[{\"@type\":\"ListItem\",\"position\":1,\"name\":\"Portada\",\"item\":\"https:\\\/\\\/lospoliticosveracruz.com\\\/\"},{\"@type\":\"ListItem\",\"position\":2,\"name\":\"LA GORDA Y EL DICTAMEN\"}]},{\"@type\":\"WebSite\",\"@id\":\"https:\\\/\\\/lospoliticosveracruz.com\\\/#website\",\"url\":\"https:\\\/\\\/lospoliticosveracruz.com\\\/\",\"name\":\"Los pol\u00edticos Veracruz\",\"description\":\"\",\"publisher\":{\"@id\":\"https:\\\/\\\/lospoliticosveracruz.com\\\/#organization\"},\"potentialAction\":[{\"@type\":\"SearchAction\",\"target\":{\"@type\":\"EntryPoint\",\"urlTemplate\":\"https:\\\/\\\/lospoliticosveracruz.com\\\/?s={search_term_string}\"},\"query-input\":{\"@type\":\"PropertyValueSpecification\",\"valueRequired\":true,\"valueName\":\"search_term_string\"}}],\"inLanguage\":\"es\"},{\"@type\":\"Organization\",\"@id\":\"https:\\\/\\\/lospoliticosveracruz.com\\\/#organization\",\"name\":\"Los pol\u00edticos Veracruz\",\"url\":\"https:\\\/\\\/lospoliticosveracruz.com\\\/\",\"logo\":{\"@type\":\"ImageObject\",\"inLanguage\":\"es\",\"@id\":\"https:\\\/\\\/lospoliticosveracruz.com\\\/#\\\/schema\\\/logo\\\/image\\\/\",\"url\":\"https:\\\/\\\/lospoliticosveracruz.com\\\/wp-content\\\/uploads\\\/2025\\\/12\\\/Logo-Nuevo-LOS-POLITICOS-1.jpg\",\"contentUrl\":\"https:\\\/\\\/lospoliticosveracruz.com\\\/wp-content\\\/uploads\\\/2025\\\/12\\\/Logo-Nuevo-LOS-POLITICOS-1.jpg\",\"width\":260,\"height\":70,\"caption\":\"Los pol\u00edticos Veracruz\"},\"image\":{\"@id\":\"https:\\\/\\\/lospoliticosveracruz.com\\\/#\\\/schema\\\/logo\\\/image\\\/\"},\"sameAs\":[\"https:\\\/\\\/www.facebook.com\\\/people\\\/Notimemes-de-los-Polticos\\\/61565672886568\\\/\",\"https:\\\/\\\/x.com\\\/LosPoliticosVer\"]},{\"@type\":\"Person\",\"@id\":\"https:\\\/\\\/lospoliticosveracruz.com\\\/#\\\/schema\\\/person\\\/b8702bb0e538456e6efd07080bf2a4a2\",\"name\":\"Lo viste en Los Pol\u00edticos\",\"image\":{\"@type\":\"ImageObject\",\"inLanguage\":\"es\",\"@id\":\"https:\\\/\\\/secure.gravatar.com\\\/avatar\\\/3a8de04a2656d44082be478bd6c086daa447c4651605818287b9532d3d0bd435?s=96&d=mm&r=g\",\"url\":\"https:\\\/\\\/secure.gravatar.com\\\/avatar\\\/3a8de04a2656d44082be478bd6c086daa447c4651605818287b9532d3d0bd435?s=96&d=mm&r=g\",\"contentUrl\":\"https:\\\/\\\/secure.gravatar.com\\\/avatar\\\/3a8de04a2656d44082be478bd6c086daa447c4651605818287b9532d3d0bd435?s=96&d=mm&r=g\",\"caption\":\"Lo viste en Los Pol\u00edticos\"},\"url\":\"https:\\\/\\\/lospoliticosveracruz.com\\\/?author=2\"}]}<\/script>\n<!-- \/ Yoast SEO plugin. -->","yoast_head_json":{"title":"LA GORDA Y EL DICTAMEN - Los pol\u00edticos Veracruz","robots":{"index":"index","follow":"follow","max-snippet":"max-snippet:-1","max-image-preview":"max-image-preview:large","max-video-preview":"max-video-preview:-1"},"canonical":"https:\/\/lospoliticosveracruz.com\/?p=169957","og_locale":"es_ES","og_type":"article","og_title":"LA GORDA Y EL DICTAMEN - Los pol\u00edticos Veracruz","og_description":"Omar Z\u00fa\u00f1igaDe Primera Mano La semana pasada estuvieron circulando en redes sociales videos y fotograf\u00edas &nbsp;(que posteriormente convirtieron en videos) de una boda en el marco de la celebraci\u00f3n de la feria de Sevilla 2026. Result\u00f3 que&nbsp;las fotos resultaron ser de la sobrina de&nbsp;Bertha Rosal\u00eda Ahued Malpica&nbsp;la&nbsp;Gorda Ahued, cuya familia es propietaria (heredera, claro que [&hellip;]","og_url":"https:\/\/lospoliticosveracruz.com\/?p=169957","og_site_name":"Los pol\u00edticos Veracruz","article_publisher":"https:\/\/www.facebook.com\/people\/Notimemes-de-los-Polticos\/61565672886568\/","article_published_time":"2026-04-28T12:13:25+00:00","article_modified_time":"2026-04-28T12:13:26+00:00","og_image":[{"width":1250,"height":667,"url":"https:\/\/lospoliticosveracruz.com\/wp-content\/uploads\/2025\/04\/Omar-Zuniga.jpg","type":"image\/jpeg"}],"author":"Lo viste en Los Pol\u00edticos","twitter_card":"summary_large_image","twitter_creator":"@LosPoliticosVer","twitter_site":"@LosPoliticosVer","twitter_misc":{"Escrito por":"Lo viste en Los Pol\u00edticos","Tiempo de lectura":"3 minutos"},"schema":{"@context":"https:\/\/schema.org","@graph":[{"@type":"Article","@id":"https:\/\/lospoliticosveracruz.com\/?p=169957#article","isPartOf":{"@id":"https:\/\/lospoliticosveracruz.com\/?p=169957"},"author":{"name":"Lo viste en Los Pol\u00edticos","@id":"https:\/\/lospoliticosveracruz.com\/#\/schema\/person\/b8702bb0e538456e6efd07080bf2a4a2"},"headline":"LA GORDA Y EL DICTAMEN","datePublished":"2026-04-28T12:13:25+00:00","dateModified":"2026-04-28T12:13:26+00:00","mainEntityOfPage":{"@id":"https:\/\/lospoliticosveracruz.com\/?p=169957"},"wordCount":545,"publisher":{"@id":"https:\/\/lospoliticosveracruz.com\/#organization"},"image":{"@id":"https:\/\/lospoliticosveracruz.com\/?p=169957#primaryimage"},"thumbnailUrl":"https:\/\/lospoliticosveracruz.com\/wp-content\/uploads\/2025\/04\/Omar-Zuniga.jpg","keywords":["Andr\u00e9s Manuel L\u00f3pez Obrador","Bertha Ahued","Morena","Veracruz"],"articleSection":["De Opini\u00f3n"],"inLanguage":"es"},{"@type":"WebPage","@id":"https:\/\/lospoliticosveracruz.com\/?p=169957","url":"https:\/\/lospoliticosveracruz.com\/?p=169957","name":"LA GORDA Y EL DICTAMEN - Los pol\u00edticos Veracruz","isPartOf":{"@id":"https:\/\/lospoliticosveracruz.com\/#website"},"primaryImageOfPage":{"@id":"https:\/\/lospoliticosveracruz.com\/?p=169957#primaryimage"},"image":{"@id":"https:\/\/lospoliticosveracruz.com\/?p=169957#primaryimage"},"thumbnailUrl":"https:\/\/lospoliticosveracruz.com\/wp-content\/uploads\/2025\/04\/Omar-Zuniga.jpg","datePublished":"2026-04-28T12:13:25+00:00","dateModified":"2026-04-28T12:13:26+00:00","breadcrumb":{"@id":"https:\/\/lospoliticosveracruz.com\/?p=169957#breadcrumb"},"inLanguage":"es","potentialAction":[{"@type":"ReadAction","target":["https:\/\/lospoliticosveracruz.com\/?p=169957"]}]},{"@type":"ImageObject","inLanguage":"es","@id":"https:\/\/lospoliticosveracruz.com\/?p=169957#primaryimage","url":"https:\/\/lospoliticosveracruz.com\/wp-content\/uploads\/2025\/04\/Omar-Zuniga.jpg","contentUrl":"https:\/\/lospoliticosveracruz.com\/wp-content\/uploads\/2025\/04\/Omar-Zuniga.jpg","width":1250,"height":667},{"@type":"BreadcrumbList","@id":"https:\/\/lospoliticosveracruz.com\/?p=169957#breadcrumb","itemListElement":[{"@type":"ListItem","position":1,"name":"Portada","item":"https:\/\/lospoliticosveracruz.com\/"},{"@type":"ListItem","position":2,"name":"LA GORDA Y EL DICTAMEN"}]},{"@type":"WebSite","@id":"https:\/\/lospoliticosveracruz.com\/#website","url":"https:\/\/lospoliticosveracruz.com\/","name":"Los pol\u00edticos Veracruz","description":"","publisher":{"@id":"https:\/\/lospoliticosveracruz.com\/#organization"},"potentialAction":[{"@type":"SearchAction","target":{"@type":"EntryPoint","urlTemplate":"https:\/\/lospoliticosveracruz.com\/?s={search_term_string}"},"query-input":{"@type":"PropertyValueSpecification","valueRequired":true,"valueName":"search_term_string"}}],"inLanguage":"es"},{"@type":"Organization","@id":"https:\/\/lospoliticosveracruz.com\/#organization","name":"Los pol\u00edticos Veracruz","url":"https:\/\/lospoliticosveracruz.com\/","logo":{"@type":"ImageObject","inLanguage":"es","@id":"https:\/\/lospoliticosveracruz.com\/#\/schema\/logo\/image\/","url":"https:\/\/lospoliticosveracruz.com\/wp-content\/uploads\/2025\/12\/Logo-Nuevo-LOS-POLITICOS-1.jpg","contentUrl":"https:\/\/lospoliticosveracruz.com\/wp-content\/uploads\/2025\/12\/Logo-Nuevo-LOS-POLITICOS-1.jpg","width":260,"height":70,"caption":"Los pol\u00edticos Veracruz"},"image":{"@id":"https:\/\/lospoliticosveracruz.com\/#\/schema\/logo\/image\/"},"sameAs":["https:\/\/www.facebook.com\/people\/Notimemes-de-los-Polticos\/61565672886568\/","https:\/\/x.com\/LosPoliticosVer"]},{"@type":"Person","@id":"https:\/\/lospoliticosveracruz.com\/#\/schema\/person\/b8702bb0e538456e6efd07080bf2a4a2","name":"Lo viste en Los Pol\u00edticos","image":{"@type":"ImageObject","inLanguage":"es","@id":"https:\/\/secure.gravatar.com\/avatar\/3a8de04a2656d44082be478bd6c086daa447c4651605818287b9532d3d0bd435?s=96&d=mm&r=g","url":"https:\/\/secure.gravatar.com\/avatar\/3a8de04a2656d44082be478bd6c086daa447c4651605818287b9532d3d0bd435?s=96&d=mm&r=g","contentUrl":"https:\/\/secure.gravatar.com\/avatar\/3a8de04a2656d44082be478bd6c086daa447c4651605818287b9532d3d0bd435?s=96&d=mm&r=g","caption":"Lo viste en Los Pol\u00edticos"},"url":"https:\/\/lospoliticosveracruz.com\/?author=2"}]}},"_links":{"self":[{"href":"https:\/\/lospoliticosveracruz.com\/index.php?rest_route=\/wp\/v2\/posts\/169957","targetHints":{"allow":["GET"]}}],"collection":[{"href":"https:\/\/lospoliticosveracruz.com\/index.php?rest_route=\/wp\/v2\/posts"}],"about":[{"href":"https:\/\/lospoliticosveracruz.com\/index.php?rest_route=\/wp\/v2\/types\/post"}],"author":[{"embeddable":true,"href":"https:\/\/lospoliticosveracruz.com\/index.php?rest_route=\/wp\/v2\/users\/2"}],"replies":[{"embeddable":true,"href":"https:\/\/lospoliticosveracruz.com\/index.php?rest_route=%2Fwp%2Fv2%2Fcomments&post=169957"}],"version-history":[{"count":1,"href":"https:\/\/lospoliticosveracruz.com\/index.php?rest_route=\/wp\/v2\/posts\/169957\/revisions"}],"predecessor-version":[{"id":169958,"href":"https:\/\/lospoliticosveracruz.com\/index.php?rest_route=\/wp\/v2\/posts\/169957\/revisions\/169958"}],"wp:featuredmedia":[{"embeddable":true,"href":"https:\/\/lospoliticosveracruz.com\/index.php?rest_route=\/wp\/v2\/media\/141427"}],"wp:attachment":[{"href":"https:\/\/lospoliticosveracruz.com\/index.php?rest_route=%2Fwp%2Fv2%2Fmedia&parent=169957"}],"wp:term":[{"taxonomy":"category","embeddable":true,"href":"https:\/\/lospoliticosveracruz.com\/index.php?rest_route=%2Fwp%2Fv2%2Fcategories&post=169957"},{"taxonomy":"post_tag","embeddable":true,"href":"https:\/\/lospoliticosveracruz.com\/index.php?rest_route=%2Fwp%2Fv2%2Ftags&post=169957"}],"curies":[{"name":"wp","href":"https:\/\/api.w.org\/{rel}","templated":true}]}}