{"id":169959,"date":"2026-04-28T06:34:40","date_gmt":"2026-04-28T12:34:40","guid":{"rendered":"https:\/\/lospoliticosveracruz.com\/?p=169959"},"modified":"2026-04-28T06:34:41","modified_gmt":"2026-04-28T12:34:41","slug":"violencia-infantil","status":"publish","type":"post","link":"https:\/\/lospoliticosveracruz.com\/?p=169959","title":{"rendered":"VIOLENCIA INFANTIL"},"content":{"rendered":"\n<p><strong>Fanny Y\u00e9pez<\/strong><br><em>La Columna<\/em><br>El D\u00eda del Ni\u00f1o en M\u00e9xico se celebra el 30 de abril para reconocer los derechos de la infancia, promover su bienestar y desarrollo integral. Instituida en 1924, la fecha destaca por eventos escolares y familiares, enfoc\u00e1ndose en la protecci\u00f3n y felicidad de los menores. No es un d\u00eda feriado oficial, por lo que las escuelas suelen tener actividades festivas en lugar de clases normales.<br>Lamentablemente no todo es color de rosa o cuentos de Hadas para los infantes, porque muchos siguen sufriendo el embate de la violencia en Veracruz, con reportes recientes de ni\u00f1os heridos como v\u00edctimas colaterales en ataques armados. Entre 2023 y mediados de 2025, se registraron al menos 22 muertes violentas de menores, esta lamentable cifra coloca a la entidad en este a\u00f1o, entre los primeros lugares nacionales en lesiones por violencia infantil.<br>Entre el 2023 y 2025 informes indican al menos 28 casos de violencia contra menores (agresiones y muertes) en este periodo.<br>Definitivamente los ni\u00f1os son los m\u00e1s vulnerables a la violencia infantil, esto incluye a quienes viven en entornos de alta marginaci\u00f3n, pobreza, desintegraci\u00f3n familiar o aislamiento social.<br>Seg\u00fan Alumbra \u2013 Una luz contra el abuso infantil-, los agresores suelen ser conocidos y buscan a menores con baja autoestima, necesidad de afecto o aquellos que ya han sufrido abusos. La desatenci\u00f3n, el acoso, y el maltrato f\u00edsico o sexual pueden causar da\u00f1os profundos, afectando el desarrollo integral de la ni\u00f1ez y adolescencia<br>En Veracruz, a principios de 2026, los menores enfrentan graves riesgos, destacando el aumento de negligencia, desnutrici\u00f3n y violencia f\u00edsica\/emocional, resultando en el resguardo de ni\u00f1os por el DIF. Veracruz ocupa los primeros lugares nacionales en violencia sexual infantil y embarazos en menores de 10 a 14 a\u00f1os, agravado por situaciones de pobreza y entornos insalubres.<br>A principios de este a\u00f1o, el estado de Veracruz mantiene altos niveles de incidencia en violencia familiar y abuso sexual infantil, posicion\u00e1ndose dentro de los primeros lugares a nivel nacional en este tipo de delitos contra menores de edad.<br>Cifras y Datos de 2026:<br>Abuso Sexual Infantil, Veracruz se sit\u00faa en el tercer lugar nacional en casos de violencia sexual infantil, donde el 93% de las v\u00edctimas atendidas por lesiones derivadas de este delito son ni\u00f1as.<br>Violencia familiar, la entidad registra m\u00e1s de 11,000 carpetas de investigaci\u00f3n anuales relacionadas con violencia familiar contra menores, siendo esta una de las principales formas de maltrato.<br>El DIF municipal report\u00f3 125 atenciones por casos de maltrato (que incluyen ni\u00f1os, ni\u00f1as, adolescentes y adultos mayores) en los primeros dos meses de 2026.<br>Embarazo Infantil: Veracruz ocupa el cuarto lugar nacional en nacimientos de ni\u00f1as de 10 a 14 a\u00f1os, situaci\u00f3n asociada a la violencia sexual.<br>Municipios de mayor riesgo, la mayor concentraci\u00f3n de denuncias se registra en el puerto de Veracruz, Xalapa, Coatzacoalcos y Poza Rica. En tanto que, la Sierra de Zongolica ha sido identificada como una de las \u00e1reas con mayor aumento en casos de violencia sexual infantil.<br>Violencia Sexual, la entidad veracruzana ocupa el tercer lugar nacional en casos de violencia sexual infantil, con miles de ni\u00f1os y ni\u00f1as atendidos por lesiones derivadas de estos ataques (93% de las v\u00edctimas son ni\u00f1as).<br>En cuanto a reportes de maltrato, tan solo en el municipio de Veracruz, el DIF report\u00f3 125 casos de maltrato infantil en los primeros tres meses del a\u00f1o.<br>Violencia familiar, el estado permanece entre las entidades con mayor n\u00famero de denuncias por violencia familiar contra menores, siendo los cuidadores y padres los principales agresores.<br>Reclutamiento forzado, se ha emitido una alerta sobre el riesgo de reclutamiento de menores por parte del crimen organizado, impulsado por factores como la pobreza y el abandono.<br>Hay organizaciones sin fines de lucro, como el Movimiento de Apoyo a Ni\u00f1os Trabajadores y en Situaci\u00f3n de Calle (MATRACA A.C.) que contin\u00faa siendo una organizaci\u00f3n clave en la entidad, operando principalmente en Xalapa para mitigar estos riesgos mediante: Programas de Prevenci\u00f3n, atenci\u00f3n a familias y prevenci\u00f3n comunitaria para evitar que la violencia escale en el hogar.<br>Atenci\u00f3n especializada, programas espec\u00edficos para ni\u00f1os trabajadores y en situaci\u00f3n de calle, quienes son particularmente vulnerables a la explotaci\u00f3n y la violencia colectiva.<br>Es una labor tit\u00e1nica resolver o mitigar la incidencia de violencia infantil, pero recomendamos buscar las herramientas y recursos para reducir la violencia. Sin embargo, es una labor que corresponde monitorear a madres, padres, personas cuidadoras, docentes y autoridades de los tres \u00f3rdenes de gobierno, con corresponsabilidad, para actores de conductas de NO violencia para ni\u00f1as, ni\u00f1os y adolescentes.<br>La etapa m\u00e1s hermosa del ser humano es, sin duda, la infancia, pero con cuidados y atenciones porque se asientan los valores y los principios fundamentales, entonces si usted conoce alguna situaci\u00f3n de un menor en riesgo den\u00fancielo ante las autoridades correspondientes.<br>Las redes sociales son una forma de reportar ese tipo de situaciones y evitar que, esos ni\u00f1os crezcan con un trauma que a la larga los va a llevar por un camino equivocado. Por favor ya no m\u00e1s violencia ni estad\u00edsticas de agresiones.<\/p>\n\n\n\n<p><\/p>\n","protected":false},"excerpt":{"rendered":"<p>Fanny Y\u00e9pezLa ColumnaEl D\u00eda del Ni\u00f1o en M\u00e9xico se celebra el 30 de abril para reconocer los derechos de la infancia, promover su bienestar y desarrollo integral. Instituida en 1924, la fecha destaca por eventos escolares y familiares, enfoc\u00e1ndose en la protecci\u00f3n y felicidad de los menores. No es un d\u00eda feriado oficial, por lo [&hellip;]<\/p>\n","protected":false},"author":2,"featured_media":141383,"comment_status":"closed","ping_status":"closed","sticky":false,"template":"","format":"standard","meta":{"tdm_status":"","tdm_grid_status":"","footnotes":""},"categories":[70],"tags":[62492,5325,3398,33794,195,62491],"class_list":{"0":"post-169959","1":"post","2":"type-post","3":"status-publish","4":"format-standard","5":"has-post-thumbnail","7":"category-de-opinion","8":"tag-abuso-sexual-infantil","9":"tag-dia-del-nino","10":"tag-fanny-yepez","11":"tag-maltrato-fisico","12":"tag-veracruz","13":"tag-violencia-infantil"},"yoast_head":"<!-- This site is optimized with the Yoast SEO plugin v27.4 - https:\/\/yoast.com\/product\/yoast-seo-wordpress\/ -->\n<title>VIOLENCIA INFANTIL - Los pol\u00edticos Veracruz<\/title>\n<meta name=\"robots\" content=\"index, follow, max-snippet:-1, max-image-preview:large, max-video-preview:-1\" \/>\n<link rel=\"canonical\" href=\"https:\/\/lospoliticosveracruz.com\/?p=169959\" \/>\n<meta property=\"og:locale\" content=\"es_ES\" \/>\n<meta property=\"og:type\" content=\"article\" \/>\n<meta property=\"og:title\" content=\"VIOLENCIA INFANTIL - Los pol\u00edticos Veracruz\" \/>\n<meta property=\"og:description\" content=\"Fanny Y\u00e9pezLa ColumnaEl D\u00eda del Ni\u00f1o en M\u00e9xico se celebra el 30 de abril para reconocer los derechos de la infancia, promover su bienestar y desarrollo integral. Instituida en 1924, la fecha destaca por eventos escolares y familiares, enfoc\u00e1ndose en la protecci\u00f3n y felicidad de los menores. No es un d\u00eda feriado oficial, por lo [&hellip;]\" \/>\n<meta property=\"og:url\" content=\"https:\/\/lospoliticosveracruz.com\/?p=169959\" \/>\n<meta property=\"og:site_name\" content=\"Los pol\u00edticos Veracruz\" \/>\n<meta property=\"article:publisher\" content=\"https:\/\/www.facebook.com\/people\/Notimemes-de-los-Polticos\/61565672886568\/\" \/>\n<meta property=\"article:published_time\" content=\"2026-04-28T12:34:40+00:00\" \/>\n<meta property=\"article:modified_time\" content=\"2026-04-28T12:34:41+00:00\" \/>\n<meta property=\"og:image\" content=\"https:\/\/lospoliticosveracruz.com\/wp-content\/uploads\/2025\/04\/Fanny-Yepez-Luna-e1768657334923.jpg\" \/>\n\t<meta property=\"og:image:width\" content=\"600\" \/>\n\t<meta property=\"og:image:height\" content=\"320\" \/>\n\t<meta property=\"og:image:type\" content=\"image\/jpeg\" \/>\n<meta name=\"author\" content=\"Lo viste en Los Pol\u00edticos\" \/>\n<meta name=\"twitter:card\" content=\"summary_large_image\" \/>\n<meta name=\"twitter:creator\" content=\"@LosPoliticosVer\" \/>\n<meta name=\"twitter:site\" content=\"@LosPoliticosVer\" \/>\n<meta name=\"twitter:label1\" content=\"Escrito por\" \/>\n\t<meta name=\"twitter:data1\" content=\"Lo viste en Los Pol\u00edticos\" \/>\n\t<meta name=\"twitter:label2\" content=\"Tiempo de lectura\" \/>\n\t<meta name=\"twitter:data2\" content=\"5 minutos\" \/>\n<script type=\"application\/ld+json\" class=\"yoast-schema-graph\">{\"@context\":\"https:\\\/\\\/schema.org\",\"@graph\":[{\"@type\":\"Article\",\"@id\":\"https:\\\/\\\/lospoliticosveracruz.com\\\/?p=169959#article\",\"isPartOf\":{\"@id\":\"https:\\\/\\\/lospoliticosveracruz.com\\\/?p=169959\"},\"author\":{\"name\":\"Lo viste en Los Pol\u00edticos\",\"@id\":\"https:\\\/\\\/lospoliticosveracruz.com\\\/#\\\/schema\\\/person\\\/b8702bb0e538456e6efd07080bf2a4a2\"},\"headline\":\"VIOLENCIA INFANTIL\",\"datePublished\":\"2026-04-28T12:34:40+00:00\",\"dateModified\":\"2026-04-28T12:34:41+00:00\",\"mainEntityOfPage\":{\"@id\":\"https:\\\/\\\/lospoliticosveracruz.com\\\/?p=169959\"},\"wordCount\":881,\"publisher\":{\"@id\":\"https:\\\/\\\/lospoliticosveracruz.com\\\/#organization\"},\"image\":{\"@id\":\"https:\\\/\\\/lospoliticosveracruz.com\\\/?p=169959#primaryimage\"},\"thumbnailUrl\":\"https:\\\/\\\/lospoliticosveracruz.com\\\/wp-content\\\/uploads\\\/2025\\\/04\\\/Fanny-Yepez-Luna-e1768657334923.jpg\",\"keywords\":[\"abuso sexual infantil\",\"D\u00eda del Ni\u00f1o\",\"Fanny Y\u00e9pez\",\"maltrato f\u00edsico\",\"Veracruz\",\"Violencia Infantil\"],\"articleSection\":[\"De Opini\u00f3n\"],\"inLanguage\":\"es\"},{\"@type\":\"WebPage\",\"@id\":\"https:\\\/\\\/lospoliticosveracruz.com\\\/?p=169959\",\"url\":\"https:\\\/\\\/lospoliticosveracruz.com\\\/?p=169959\",\"name\":\"VIOLENCIA INFANTIL - Los pol\u00edticos Veracruz\",\"isPartOf\":{\"@id\":\"https:\\\/\\\/lospoliticosveracruz.com\\\/#website\"},\"primaryImageOfPage\":{\"@id\":\"https:\\\/\\\/lospoliticosveracruz.com\\\/?p=169959#primaryimage\"},\"image\":{\"@id\":\"https:\\\/\\\/lospoliticosveracruz.com\\\/?p=169959#primaryimage\"},\"thumbnailUrl\":\"https:\\\/\\\/lospoliticosveracruz.com\\\/wp-content\\\/uploads\\\/2025\\\/04\\\/Fanny-Yepez-Luna-e1768657334923.jpg\",\"datePublished\":\"2026-04-28T12:34:40+00:00\",\"dateModified\":\"2026-04-28T12:34:41+00:00\",\"breadcrumb\":{\"@id\":\"https:\\\/\\\/lospoliticosveracruz.com\\\/?p=169959#breadcrumb\"},\"inLanguage\":\"es\",\"potentialAction\":[{\"@type\":\"ReadAction\",\"target\":[\"https:\\\/\\\/lospoliticosveracruz.com\\\/?p=169959\"]}]},{\"@type\":\"ImageObject\",\"inLanguage\":\"es\",\"@id\":\"https:\\\/\\\/lospoliticosveracruz.com\\\/?p=169959#primaryimage\",\"url\":\"https:\\\/\\\/lospoliticosveracruz.com\\\/wp-content\\\/uploads\\\/2025\\\/04\\\/Fanny-Yepez-Luna-e1768657334923.jpg\",\"contentUrl\":\"https:\\\/\\\/lospoliticosveracruz.com\\\/wp-content\\\/uploads\\\/2025\\\/04\\\/Fanny-Yepez-Luna-e1768657334923.jpg\",\"width\":600,\"height\":320},{\"@type\":\"BreadcrumbList\",\"@id\":\"https:\\\/\\\/lospoliticosveracruz.com\\\/?p=169959#breadcrumb\",\"itemListElement\":[{\"@type\":\"ListItem\",\"position\":1,\"name\":\"Portada\",\"item\":\"https:\\\/\\\/lospoliticosveracruz.com\\\/\"},{\"@type\":\"ListItem\",\"position\":2,\"name\":\"VIOLENCIA INFANTIL\"}]},{\"@type\":\"WebSite\",\"@id\":\"https:\\\/\\\/lospoliticosveracruz.com\\\/#website\",\"url\":\"https:\\\/\\\/lospoliticosveracruz.com\\\/\",\"name\":\"Los pol\u00edticos Veracruz\",\"description\":\"\",\"publisher\":{\"@id\":\"https:\\\/\\\/lospoliticosveracruz.com\\\/#organization\"},\"potentialAction\":[{\"@type\":\"SearchAction\",\"target\":{\"@type\":\"EntryPoint\",\"urlTemplate\":\"https:\\\/\\\/lospoliticosveracruz.com\\\/?s={search_term_string}\"},\"query-input\":{\"@type\":\"PropertyValueSpecification\",\"valueRequired\":true,\"valueName\":\"search_term_string\"}}],\"inLanguage\":\"es\"},{\"@type\":\"Organization\",\"@id\":\"https:\\\/\\\/lospoliticosveracruz.com\\\/#organization\",\"name\":\"Los pol\u00edticos Veracruz\",\"url\":\"https:\\\/\\\/lospoliticosveracruz.com\\\/\",\"logo\":{\"@type\":\"ImageObject\",\"inLanguage\":\"es\",\"@id\":\"https:\\\/\\\/lospoliticosveracruz.com\\\/#\\\/schema\\\/logo\\\/image\\\/\",\"url\":\"https:\\\/\\\/lospoliticosveracruz.com\\\/wp-content\\\/uploads\\\/2025\\\/12\\\/Logo-Nuevo-LOS-POLITICOS-1.jpg\",\"contentUrl\":\"https:\\\/\\\/lospoliticosveracruz.com\\\/wp-content\\\/uploads\\\/2025\\\/12\\\/Logo-Nuevo-LOS-POLITICOS-1.jpg\",\"width\":260,\"height\":70,\"caption\":\"Los pol\u00edticos Veracruz\"},\"image\":{\"@id\":\"https:\\\/\\\/lospoliticosveracruz.com\\\/#\\\/schema\\\/logo\\\/image\\\/\"},\"sameAs\":[\"https:\\\/\\\/www.facebook.com\\\/people\\\/Notimemes-de-los-Polticos\\\/61565672886568\\\/\",\"https:\\\/\\\/x.com\\\/LosPoliticosVer\"]},{\"@type\":\"Person\",\"@id\":\"https:\\\/\\\/lospoliticosveracruz.com\\\/#\\\/schema\\\/person\\\/b8702bb0e538456e6efd07080bf2a4a2\",\"name\":\"Lo viste en Los Pol\u00edticos\",\"image\":{\"@type\":\"ImageObject\",\"inLanguage\":\"es\",\"@id\":\"https:\\\/\\\/secure.gravatar.com\\\/avatar\\\/3a8de04a2656d44082be478bd6c086daa447c4651605818287b9532d3d0bd435?s=96&d=mm&r=g\",\"url\":\"https:\\\/\\\/secure.gravatar.com\\\/avatar\\\/3a8de04a2656d44082be478bd6c086daa447c4651605818287b9532d3d0bd435?s=96&d=mm&r=g\",\"contentUrl\":\"https:\\\/\\\/secure.gravatar.com\\\/avatar\\\/3a8de04a2656d44082be478bd6c086daa447c4651605818287b9532d3d0bd435?s=96&d=mm&r=g\",\"caption\":\"Lo viste en Los Pol\u00edticos\"},\"url\":\"https:\\\/\\\/lospoliticosveracruz.com\\\/?author=2\"}]}<\/script>\n<!-- \/ Yoast SEO plugin. -->","yoast_head_json":{"title":"VIOLENCIA INFANTIL - Los pol\u00edticos Veracruz","robots":{"index":"index","follow":"follow","max-snippet":"max-snippet:-1","max-image-preview":"max-image-preview:large","max-video-preview":"max-video-preview:-1"},"canonical":"https:\/\/lospoliticosveracruz.com\/?p=169959","og_locale":"es_ES","og_type":"article","og_title":"VIOLENCIA INFANTIL - Los pol\u00edticos Veracruz","og_description":"Fanny Y\u00e9pezLa ColumnaEl D\u00eda del Ni\u00f1o en M\u00e9xico se celebra el 30 de abril para reconocer los derechos de la infancia, promover su bienestar y desarrollo integral. Instituida en 1924, la fecha destaca por eventos escolares y familiares, enfoc\u00e1ndose en la protecci\u00f3n y felicidad de los menores. No es un d\u00eda feriado oficial, por lo [&hellip;]","og_url":"https:\/\/lospoliticosveracruz.com\/?p=169959","og_site_name":"Los pol\u00edticos Veracruz","article_publisher":"https:\/\/www.facebook.com\/people\/Notimemes-de-los-Polticos\/61565672886568\/","article_published_time":"2026-04-28T12:34:40+00:00","article_modified_time":"2026-04-28T12:34:41+00:00","og_image":[{"width":600,"height":320,"url":"https:\/\/lospoliticosveracruz.com\/wp-content\/uploads\/2025\/04\/Fanny-Yepez-Luna-e1768657334923.jpg","type":"image\/jpeg"}],"author":"Lo viste en Los Pol\u00edticos","twitter_card":"summary_large_image","twitter_creator":"@LosPoliticosVer","twitter_site":"@LosPoliticosVer","twitter_misc":{"Escrito por":"Lo viste en Los Pol\u00edticos","Tiempo de lectura":"5 minutos"},"schema":{"@context":"https:\/\/schema.org","@graph":[{"@type":"Article","@id":"https:\/\/lospoliticosveracruz.com\/?p=169959#article","isPartOf":{"@id":"https:\/\/lospoliticosveracruz.com\/?p=169959"},"author":{"name":"Lo viste en Los Pol\u00edticos","@id":"https:\/\/lospoliticosveracruz.com\/#\/schema\/person\/b8702bb0e538456e6efd07080bf2a4a2"},"headline":"VIOLENCIA INFANTIL","datePublished":"2026-04-28T12:34:40+00:00","dateModified":"2026-04-28T12:34:41+00:00","mainEntityOfPage":{"@id":"https:\/\/lospoliticosveracruz.com\/?p=169959"},"wordCount":881,"publisher":{"@id":"https:\/\/lospoliticosveracruz.com\/#organization"},"image":{"@id":"https:\/\/lospoliticosveracruz.com\/?p=169959#primaryimage"},"thumbnailUrl":"https:\/\/lospoliticosveracruz.com\/wp-content\/uploads\/2025\/04\/Fanny-Yepez-Luna-e1768657334923.jpg","keywords":["abuso sexual infantil","D\u00eda del Ni\u00f1o","Fanny Y\u00e9pez","maltrato f\u00edsico","Veracruz","Violencia Infantil"],"articleSection":["De Opini\u00f3n"],"inLanguage":"es"},{"@type":"WebPage","@id":"https:\/\/lospoliticosveracruz.com\/?p=169959","url":"https:\/\/lospoliticosveracruz.com\/?p=169959","name":"VIOLENCIA INFANTIL - Los pol\u00edticos Veracruz","isPartOf":{"@id":"https:\/\/lospoliticosveracruz.com\/#website"},"primaryImageOfPage":{"@id":"https:\/\/lospoliticosveracruz.com\/?p=169959#primaryimage"},"image":{"@id":"https:\/\/lospoliticosveracruz.com\/?p=169959#primaryimage"},"thumbnailUrl":"https:\/\/lospoliticosveracruz.com\/wp-content\/uploads\/2025\/04\/Fanny-Yepez-Luna-e1768657334923.jpg","datePublished":"2026-04-28T12:34:40+00:00","dateModified":"2026-04-28T12:34:41+00:00","breadcrumb":{"@id":"https:\/\/lospoliticosveracruz.com\/?p=169959#breadcrumb"},"inLanguage":"es","potentialAction":[{"@type":"ReadAction","target":["https:\/\/lospoliticosveracruz.com\/?p=169959"]}]},{"@type":"ImageObject","inLanguage":"es","@id":"https:\/\/lospoliticosveracruz.com\/?p=169959#primaryimage","url":"https:\/\/lospoliticosveracruz.com\/wp-content\/uploads\/2025\/04\/Fanny-Yepez-Luna-e1768657334923.jpg","contentUrl":"https:\/\/lospoliticosveracruz.com\/wp-content\/uploads\/2025\/04\/Fanny-Yepez-Luna-e1768657334923.jpg","width":600,"height":320},{"@type":"BreadcrumbList","@id":"https:\/\/lospoliticosveracruz.com\/?p=169959#breadcrumb","itemListElement":[{"@type":"ListItem","position":1,"name":"Portada","item":"https:\/\/lospoliticosveracruz.com\/"},{"@type":"ListItem","position":2,"name":"VIOLENCIA INFANTIL"}]},{"@type":"WebSite","@id":"https:\/\/lospoliticosveracruz.com\/#website","url":"https:\/\/lospoliticosveracruz.com\/","name":"Los pol\u00edticos Veracruz","description":"","publisher":{"@id":"https:\/\/lospoliticosveracruz.com\/#organization"},"potentialAction":[{"@type":"SearchAction","target":{"@type":"EntryPoint","urlTemplate":"https:\/\/lospoliticosveracruz.com\/?s={search_term_string}"},"query-input":{"@type":"PropertyValueSpecification","valueRequired":true,"valueName":"search_term_string"}}],"inLanguage":"es"},{"@type":"Organization","@id":"https:\/\/lospoliticosveracruz.com\/#organization","name":"Los pol\u00edticos Veracruz","url":"https:\/\/lospoliticosveracruz.com\/","logo":{"@type":"ImageObject","inLanguage":"es","@id":"https:\/\/lospoliticosveracruz.com\/#\/schema\/logo\/image\/","url":"https:\/\/lospoliticosveracruz.com\/wp-content\/uploads\/2025\/12\/Logo-Nuevo-LOS-POLITICOS-1.jpg","contentUrl":"https:\/\/lospoliticosveracruz.com\/wp-content\/uploads\/2025\/12\/Logo-Nuevo-LOS-POLITICOS-1.jpg","width":260,"height":70,"caption":"Los pol\u00edticos Veracruz"},"image":{"@id":"https:\/\/lospoliticosveracruz.com\/#\/schema\/logo\/image\/"},"sameAs":["https:\/\/www.facebook.com\/people\/Notimemes-de-los-Polticos\/61565672886568\/","https:\/\/x.com\/LosPoliticosVer"]},{"@type":"Person","@id":"https:\/\/lospoliticosveracruz.com\/#\/schema\/person\/b8702bb0e538456e6efd07080bf2a4a2","name":"Lo viste en Los Pol\u00edticos","image":{"@type":"ImageObject","inLanguage":"es","@id":"https:\/\/secure.gravatar.com\/avatar\/3a8de04a2656d44082be478bd6c086daa447c4651605818287b9532d3d0bd435?s=96&d=mm&r=g","url":"https:\/\/secure.gravatar.com\/avatar\/3a8de04a2656d44082be478bd6c086daa447c4651605818287b9532d3d0bd435?s=96&d=mm&r=g","contentUrl":"https:\/\/secure.gravatar.com\/avatar\/3a8de04a2656d44082be478bd6c086daa447c4651605818287b9532d3d0bd435?s=96&d=mm&r=g","caption":"Lo viste en Los Pol\u00edticos"},"url":"https:\/\/lospoliticosveracruz.com\/?author=2"}]}},"_links":{"self":[{"href":"https:\/\/lospoliticosveracruz.com\/index.php?rest_route=\/wp\/v2\/posts\/169959","targetHints":{"allow":["GET"]}}],"collection":[{"href":"https:\/\/lospoliticosveracruz.com\/index.php?rest_route=\/wp\/v2\/posts"}],"about":[{"href":"https:\/\/lospoliticosveracruz.com\/index.php?rest_route=\/wp\/v2\/types\/post"}],"author":[{"embeddable":true,"href":"https:\/\/lospoliticosveracruz.com\/index.php?rest_route=\/wp\/v2\/users\/2"}],"replies":[{"embeddable":true,"href":"https:\/\/lospoliticosveracruz.com\/index.php?rest_route=%2Fwp%2Fv2%2Fcomments&post=169959"}],"version-history":[{"count":1,"href":"https:\/\/lospoliticosveracruz.com\/index.php?rest_route=\/wp\/v2\/posts\/169959\/revisions"}],"predecessor-version":[{"id":169960,"href":"https:\/\/lospoliticosveracruz.com\/index.php?rest_route=\/wp\/v2\/posts\/169959\/revisions\/169960"}],"wp:featuredmedia":[{"embeddable":true,"href":"https:\/\/lospoliticosveracruz.com\/index.php?rest_route=\/wp\/v2\/media\/141383"}],"wp:attachment":[{"href":"https:\/\/lospoliticosveracruz.com\/index.php?rest_route=%2Fwp%2Fv2%2Fmedia&parent=169959"}],"wp:term":[{"taxonomy":"category","embeddable":true,"href":"https:\/\/lospoliticosveracruz.com\/index.php?rest_route=%2Fwp%2Fv2%2Fcategories&post=169959"},{"taxonomy":"post_tag","embeddable":true,"href":"https:\/\/lospoliticosveracruz.com\/index.php?rest_route=%2Fwp%2Fv2%2Ftags&post=169959"}],"curies":[{"name":"wp","href":"https:\/\/api.w.org\/{rel}","templated":true}]}}