{"id":169964,"date":"2026-04-28T08:15:47","date_gmt":"2026-04-28T14:15:47","guid":{"rendered":"https:\/\/lospoliticosveracruz.com\/?p=169964"},"modified":"2026-04-28T08:55:54","modified_gmt":"2026-04-28T14:55:54","slug":"delitos-y-percepcion-de-inseguridad","status":"publish","type":"post","link":"https:\/\/lospoliticosveracruz.com\/?p=169964","title":{"rendered":"DELITOS Y PERCEPCI\u00d3N DE INSEGURIDAD"},"content":{"rendered":"\n<p><strong>Luis Alberto Romero<\/strong><\/p>\n\n\n\n<p><em>Hora cero<\/em><\/p>\n\n\n\n<p>La m\u00e1s reciente Encuesta Nacional de Seguridad P\u00fablica Urbana, del Inegi, confirma que en Veracruz, la percepci\u00f3n de inseguridad muestra una disminuci\u00f3n en dos ciudades del estado.<\/p>\n\n\n\n<p>De acuerdo con los datos difundidos, en Xalapa la percepci\u00f3n de inseguridad entre la poblaci\u00f3n adulta present\u00f3 una reducci\u00f3n respecto a mediciones anteriores, mientras que en el puerto de Veracruz tambi\u00e9n se report\u00f3 una baja importante.<\/p>\n\n\n\n<p>Estos resultados colocan a ambas ciudades entre las que han logrado mejorar la percepci\u00f3n ciudadana, un indicador que mide el sentir de la poblaci\u00f3n frente a su entorno.<\/p>\n\n\n\n<p>A nivel nacional, la ENSU mantiene que una proporci\u00f3n importante de mexicanos considera inseguro vivir en su ciudad, especialmente en espacios p\u00fablicos como cajeros autom\u00e1ticos, transporte y calles.<\/p>\n\n\n\n<p>Sin embargo, los avances observados en algunas localidades dejan claro que las estrategias de seguridad, cuando se aplican de manera coordinada, pueden impactar en la percepci\u00f3n social.<\/p>\n\n\n\n<p>En el caso de Veracruz, la reducci\u00f3n en estos indicadores coincide con el reforzamiento de operativos, la presencia de fuerzas de seguridad y acciones de procuraci\u00f3n de justicia que han sido reportadas en los \u00faltimos meses.<\/p>\n\n\n\n<p>La encuesta del Inegi nos dice tambi\u00e9n que la seguridad sigue siendo una de las principales preocupaciones ciudadanas.<\/p>\n\n\n\n<p>Habr\u00eda que agregar que en el caso de la entidad veracruzana, la ENSU s\u00f3lo mide la percepci\u00f3n de seguridad en 3 ciudades del estado: Xalapa, Veracruz y Coatzacoalcos; en este \u00faltimo municipio, los indicadores aumentaron, a diferencia de los registrados en el Puerto y en la capital.<\/p>\n\n\n\n<p>La encuesta no incluye a otras ciudades veracruzanas importantes desde el punto de vista demogr\u00e1fico, como Tantoyuca, Tuxpan, Poza Rica, Papantla, Mart\u00ednez de la Torre, Boca del R\u00edo, C\u00f3rdoba, Orizaba y Minatitl\u00e1n, entre otras.&nbsp;&nbsp;<\/p>\n\n\n\n<p>Una semana antes de la difusi\u00f3n de dicha encuesta del Inegi, por cierto, el Secretariado Ejecutivo del Sistema Nacional de Seguridad P\u00fablica dio a conocer las cifras de la incidencia delictiva correspondientes al mes de marzo. En ese reporte destaca que Veracruz acumul\u00f3 en el primer trimestre del a\u00f1o cerca de 20,000 delitos, que incluyen 514 homicidios dolosos, 10 secuestros, y 4,160 robos.<\/p>\n\n\n\n<p>La buena noticia es que durante marzo no se registr\u00f3 un solo caso de feminicidio en la entidad. Son datos \u00fatiles, porque la incidencia delictiva generalmente va en sinton\u00eda con la percepci\u00f3n de inseguridad.<\/p>\n\n\n\n<p>En Veracruz, el \u00edndice delictivo mantiene una tendencia a la baja; en la entidad, desde hace casi una d\u00e9cada no se observan, en los reportes oficiales mensuales, cifras de dos d\u00edgitos en delitos de alto impacto, como el secuestro y el feminicidio; en tanto que el homicidio doloso tambi\u00e9n ha disminuido de forma considerable; en marzo de 2017, por ejemplo, se registraron 152 casos, en tanto que en el mismo periodo de 2026 la cifra se ubic\u00f3 en 77 casos, casi 50% menos.<\/p>\n\n\n\n<p>@luisromero85<\/p>\n","protected":false},"excerpt":{"rendered":"<p>Luis Alberto Romero Hora cero La m\u00e1s reciente Encuesta Nacional de Seguridad P\u00fablica Urbana, del Inegi, confirma que en Veracruz, la percepci\u00f3n de inseguridad muestra una disminuci\u00f3n en dos ciudades del estado. De acuerdo con los datos difundidos, en Xalapa la percepci\u00f3n de inseguridad entre la poblaci\u00f3n adulta present\u00f3 una reducci\u00f3n respecto a mediciones anteriores, [&hellip;]<\/p>\n","protected":false},"author":2,"featured_media":141436,"comment_status":"closed","ping_status":"closed","sticky":false,"template":"","format":"standard","meta":{"tdm_status":"","tdm_grid_status":"","footnotes":""},"categories":[70],"tags":[62505,62504,62503,62506,62511,62507],"class_list":{"0":"post-169964","1":"post","2":"type-post","3":"status-publish","4":"format-standard","5":"has-post-thumbnail","7":"category-de-opinion","8":"tag-encuesta-ensu-inegi-xalapa-veracruz","9":"tag-homicidios-dolosos-veracruz-comparativa","10":"tag-incidencia-delictiva-veracruz-marzo-2026","11":"tag-luis-alberto-romero-hora-cero","12":"tag-percepcion-de-inseguridad-veracruz-2026","13":"tag-seguridad-en-coatzacoalcos-tendencia"},"yoast_head":"<!-- This site is optimized with the Yoast SEO plugin v27.4 - https:\/\/yoast.com\/product\/yoast-seo-wordpress\/ -->\n<title>DELITOS Y PERCEPCI\u00d3N DE INSEGURIDAD - Los pol\u00edticos Veracruz<\/title>\n<meta name=\"robots\" content=\"index, follow, max-snippet:-1, max-image-preview:large, max-video-preview:-1\" \/>\n<link rel=\"canonical\" href=\"https:\/\/lospoliticosveracruz.com\/?p=169964\" \/>\n<meta property=\"og:locale\" content=\"es_ES\" \/>\n<meta property=\"og:type\" content=\"article\" \/>\n<meta property=\"og:title\" content=\"DELITOS Y PERCEPCI\u00d3N DE INSEGURIDAD - Los pol\u00edticos Veracruz\" \/>\n<meta property=\"og:description\" content=\"Luis Alberto Romero Hora cero La m\u00e1s reciente Encuesta Nacional de Seguridad P\u00fablica Urbana, del Inegi, confirma que en Veracruz, la percepci\u00f3n de inseguridad muestra una disminuci\u00f3n en dos ciudades del estado. De acuerdo con los datos difundidos, en Xalapa la percepci\u00f3n de inseguridad entre la poblaci\u00f3n adulta present\u00f3 una reducci\u00f3n respecto a mediciones anteriores, [&hellip;]\" \/>\n<meta property=\"og:url\" content=\"https:\/\/lospoliticosveracruz.com\/?p=169964\" \/>\n<meta property=\"og:site_name\" content=\"Los pol\u00edticos Veracruz\" \/>\n<meta property=\"article:publisher\" content=\"https:\/\/www.facebook.com\/people\/Notimemes-de-los-Polticos\/61565672886568\/\" \/>\n<meta property=\"article:published_time\" content=\"2026-04-28T14:15:47+00:00\" \/>\n<meta property=\"article:modified_time\" content=\"2026-04-28T14:55:54+00:00\" \/>\n<meta property=\"og:image\" content=\"https:\/\/lospoliticosveracruz.com\/wp-content\/uploads\/2025\/04\/Luis-Romero-1.jpg\" \/>\n\t<meta property=\"og:image:width\" content=\"1250\" \/>\n\t<meta property=\"og:image:height\" content=\"667\" \/>\n\t<meta property=\"og:image:type\" content=\"image\/jpeg\" \/>\n<meta name=\"author\" content=\"Lo viste en Los Pol\u00edticos\" \/>\n<meta name=\"twitter:card\" content=\"summary_large_image\" \/>\n<meta name=\"twitter:creator\" content=\"@LosPoliticosVer\" \/>\n<meta name=\"twitter:site\" content=\"@LosPoliticosVer\" \/>\n<meta name=\"twitter:label1\" content=\"Escrito por\" \/>\n\t<meta name=\"twitter:data1\" content=\"Lo viste en Los Pol\u00edticos\" \/>\n\t<meta name=\"twitter:label2\" content=\"Tiempo de lectura\" \/>\n\t<meta name=\"twitter:data2\" content=\"3 minutos\" \/>\n<script type=\"application\/ld+json\" class=\"yoast-schema-graph\">{\"@context\":\"https:\\\/\\\/schema.org\",\"@graph\":[{\"@type\":\"Article\",\"@id\":\"https:\\\/\\\/lospoliticosveracruz.com\\\/?p=169964#article\",\"isPartOf\":{\"@id\":\"https:\\\/\\\/lospoliticosveracruz.com\\\/?p=169964\"},\"author\":{\"name\":\"Lo viste en Los Pol\u00edticos\",\"@id\":\"https:\\\/\\\/lospoliticosveracruz.com\\\/#\\\/schema\\\/person\\\/b8702bb0e538456e6efd07080bf2a4a2\"},\"headline\":\"DELITOS Y PERCEPCI\u00d3N DE INSEGURIDAD\",\"datePublished\":\"2026-04-28T14:15:47+00:00\",\"dateModified\":\"2026-04-28T14:55:54+00:00\",\"mainEntityOfPage\":{\"@id\":\"https:\\\/\\\/lospoliticosveracruz.com\\\/?p=169964\"},\"wordCount\":498,\"publisher\":{\"@id\":\"https:\\\/\\\/lospoliticosveracruz.com\\\/#organization\"},\"image\":{\"@id\":\"https:\\\/\\\/lospoliticosveracruz.com\\\/?p=169964#primaryimage\"},\"thumbnailUrl\":\"https:\\\/\\\/lospoliticosveracruz.com\\\/wp-content\\\/uploads\\\/2025\\\/04\\\/Luis-Romero-1.jpg\",\"keywords\":[\"Encuesta ENSU Inegi Xalapa Veracruz\",\"Homicidios dolosos Veracruz comparativa\",\"Incidencia delictiva Veracruz marzo 2026\",\"Luis Alberto Romero Hora Cero\",\"Percepci\u00f3n de inseguridad Veracruz 2026\",\"Seguridad en Coatzacoalcos tendencia\"],\"articleSection\":[\"De Opini\u00f3n\"],\"inLanguage\":\"es\"},{\"@type\":\"WebPage\",\"@id\":\"https:\\\/\\\/lospoliticosveracruz.com\\\/?p=169964\",\"url\":\"https:\\\/\\\/lospoliticosveracruz.com\\\/?p=169964\",\"name\":\"DELITOS Y PERCEPCI\u00d3N DE INSEGURIDAD - Los pol\u00edticos Veracruz\",\"isPartOf\":{\"@id\":\"https:\\\/\\\/lospoliticosveracruz.com\\\/#website\"},\"primaryImageOfPage\":{\"@id\":\"https:\\\/\\\/lospoliticosveracruz.com\\\/?p=169964#primaryimage\"},\"image\":{\"@id\":\"https:\\\/\\\/lospoliticosveracruz.com\\\/?p=169964#primaryimage\"},\"thumbnailUrl\":\"https:\\\/\\\/lospoliticosveracruz.com\\\/wp-content\\\/uploads\\\/2025\\\/04\\\/Luis-Romero-1.jpg\",\"datePublished\":\"2026-04-28T14:15:47+00:00\",\"dateModified\":\"2026-04-28T14:55:54+00:00\",\"breadcrumb\":{\"@id\":\"https:\\\/\\\/lospoliticosveracruz.com\\\/?p=169964#breadcrumb\"},\"inLanguage\":\"es\",\"potentialAction\":[{\"@type\":\"ReadAction\",\"target\":[\"https:\\\/\\\/lospoliticosveracruz.com\\\/?p=169964\"]}]},{\"@type\":\"ImageObject\",\"inLanguage\":\"es\",\"@id\":\"https:\\\/\\\/lospoliticosveracruz.com\\\/?p=169964#primaryimage\",\"url\":\"https:\\\/\\\/lospoliticosveracruz.com\\\/wp-content\\\/uploads\\\/2025\\\/04\\\/Luis-Romero-1.jpg\",\"contentUrl\":\"https:\\\/\\\/lospoliticosveracruz.com\\\/wp-content\\\/uploads\\\/2025\\\/04\\\/Luis-Romero-1.jpg\",\"width\":1250,\"height\":667},{\"@type\":\"BreadcrumbList\",\"@id\":\"https:\\\/\\\/lospoliticosveracruz.com\\\/?p=169964#breadcrumb\",\"itemListElement\":[{\"@type\":\"ListItem\",\"position\":1,\"name\":\"Portada\",\"item\":\"https:\\\/\\\/lospoliticosveracruz.com\\\/\"},{\"@type\":\"ListItem\",\"position\":2,\"name\":\"DELITOS Y PERCEPCI\u00d3N DE INSEGURIDAD\"}]},{\"@type\":\"WebSite\",\"@id\":\"https:\\\/\\\/lospoliticosveracruz.com\\\/#website\",\"url\":\"https:\\\/\\\/lospoliticosveracruz.com\\\/\",\"name\":\"Los pol\u00edticos Veracruz\",\"description\":\"\",\"publisher\":{\"@id\":\"https:\\\/\\\/lospoliticosveracruz.com\\\/#organization\"},\"potentialAction\":[{\"@type\":\"SearchAction\",\"target\":{\"@type\":\"EntryPoint\",\"urlTemplate\":\"https:\\\/\\\/lospoliticosveracruz.com\\\/?s={search_term_string}\"},\"query-input\":{\"@type\":\"PropertyValueSpecification\",\"valueRequired\":true,\"valueName\":\"search_term_string\"}}],\"inLanguage\":\"es\"},{\"@type\":\"Organization\",\"@id\":\"https:\\\/\\\/lospoliticosveracruz.com\\\/#organization\",\"name\":\"Los pol\u00edticos Veracruz\",\"url\":\"https:\\\/\\\/lospoliticosveracruz.com\\\/\",\"logo\":{\"@type\":\"ImageObject\",\"inLanguage\":\"es\",\"@id\":\"https:\\\/\\\/lospoliticosveracruz.com\\\/#\\\/schema\\\/logo\\\/image\\\/\",\"url\":\"https:\\\/\\\/lospoliticosveracruz.com\\\/wp-content\\\/uploads\\\/2025\\\/12\\\/Logo-Nuevo-LOS-POLITICOS-1.jpg\",\"contentUrl\":\"https:\\\/\\\/lospoliticosveracruz.com\\\/wp-content\\\/uploads\\\/2025\\\/12\\\/Logo-Nuevo-LOS-POLITICOS-1.jpg\",\"width\":260,\"height\":70,\"caption\":\"Los pol\u00edticos Veracruz\"},\"image\":{\"@id\":\"https:\\\/\\\/lospoliticosveracruz.com\\\/#\\\/schema\\\/logo\\\/image\\\/\"},\"sameAs\":[\"https:\\\/\\\/www.facebook.com\\\/people\\\/Notimemes-de-los-Polticos\\\/61565672886568\\\/\",\"https:\\\/\\\/x.com\\\/LosPoliticosVer\"]},{\"@type\":\"Person\",\"@id\":\"https:\\\/\\\/lospoliticosveracruz.com\\\/#\\\/schema\\\/person\\\/b8702bb0e538456e6efd07080bf2a4a2\",\"name\":\"Lo viste en Los Pol\u00edticos\",\"image\":{\"@type\":\"ImageObject\",\"inLanguage\":\"es\",\"@id\":\"https:\\\/\\\/secure.gravatar.com\\\/avatar\\\/3a8de04a2656d44082be478bd6c086daa447c4651605818287b9532d3d0bd435?s=96&d=mm&r=g\",\"url\":\"https:\\\/\\\/secure.gravatar.com\\\/avatar\\\/3a8de04a2656d44082be478bd6c086daa447c4651605818287b9532d3d0bd435?s=96&d=mm&r=g\",\"contentUrl\":\"https:\\\/\\\/secure.gravatar.com\\\/avatar\\\/3a8de04a2656d44082be478bd6c086daa447c4651605818287b9532d3d0bd435?s=96&d=mm&r=g\",\"caption\":\"Lo viste en Los Pol\u00edticos\"},\"url\":\"https:\\\/\\\/lospoliticosveracruz.com\\\/?author=2\"}]}<\/script>\n<!-- \/ Yoast SEO plugin. -->","yoast_head_json":{"title":"DELITOS Y PERCEPCI\u00d3N DE INSEGURIDAD - Los pol\u00edticos Veracruz","robots":{"index":"index","follow":"follow","max-snippet":"max-snippet:-1","max-image-preview":"max-image-preview:large","max-video-preview":"max-video-preview:-1"},"canonical":"https:\/\/lospoliticosveracruz.com\/?p=169964","og_locale":"es_ES","og_type":"article","og_title":"DELITOS Y PERCEPCI\u00d3N DE INSEGURIDAD - Los pol\u00edticos Veracruz","og_description":"Luis Alberto Romero Hora cero La m\u00e1s reciente Encuesta Nacional de Seguridad P\u00fablica Urbana, del Inegi, confirma que en Veracruz, la percepci\u00f3n de inseguridad muestra una disminuci\u00f3n en dos ciudades del estado. De acuerdo con los datos difundidos, en Xalapa la percepci\u00f3n de inseguridad entre la poblaci\u00f3n adulta present\u00f3 una reducci\u00f3n respecto a mediciones anteriores, [&hellip;]","og_url":"https:\/\/lospoliticosveracruz.com\/?p=169964","og_site_name":"Los pol\u00edticos Veracruz","article_publisher":"https:\/\/www.facebook.com\/people\/Notimemes-de-los-Polticos\/61565672886568\/","article_published_time":"2026-04-28T14:15:47+00:00","article_modified_time":"2026-04-28T14:55:54+00:00","og_image":[{"width":1250,"height":667,"url":"https:\/\/lospoliticosveracruz.com\/wp-content\/uploads\/2025\/04\/Luis-Romero-1.jpg","type":"image\/jpeg"}],"author":"Lo viste en Los Pol\u00edticos","twitter_card":"summary_large_image","twitter_creator":"@LosPoliticosVer","twitter_site":"@LosPoliticosVer","twitter_misc":{"Escrito por":"Lo viste en Los Pol\u00edticos","Tiempo de lectura":"3 minutos"},"schema":{"@context":"https:\/\/schema.org","@graph":[{"@type":"Article","@id":"https:\/\/lospoliticosveracruz.com\/?p=169964#article","isPartOf":{"@id":"https:\/\/lospoliticosveracruz.com\/?p=169964"},"author":{"name":"Lo viste en Los Pol\u00edticos","@id":"https:\/\/lospoliticosveracruz.com\/#\/schema\/person\/b8702bb0e538456e6efd07080bf2a4a2"},"headline":"DELITOS Y PERCEPCI\u00d3N DE INSEGURIDAD","datePublished":"2026-04-28T14:15:47+00:00","dateModified":"2026-04-28T14:55:54+00:00","mainEntityOfPage":{"@id":"https:\/\/lospoliticosveracruz.com\/?p=169964"},"wordCount":498,"publisher":{"@id":"https:\/\/lospoliticosveracruz.com\/#organization"},"image":{"@id":"https:\/\/lospoliticosveracruz.com\/?p=169964#primaryimage"},"thumbnailUrl":"https:\/\/lospoliticosveracruz.com\/wp-content\/uploads\/2025\/04\/Luis-Romero-1.jpg","keywords":["Encuesta ENSU Inegi Xalapa Veracruz","Homicidios dolosos Veracruz comparativa","Incidencia delictiva Veracruz marzo 2026","Luis Alberto Romero Hora Cero","Percepci\u00f3n de inseguridad Veracruz 2026","Seguridad en Coatzacoalcos tendencia"],"articleSection":["De Opini\u00f3n"],"inLanguage":"es"},{"@type":"WebPage","@id":"https:\/\/lospoliticosveracruz.com\/?p=169964","url":"https:\/\/lospoliticosveracruz.com\/?p=169964","name":"DELITOS Y PERCEPCI\u00d3N DE INSEGURIDAD - Los pol\u00edticos Veracruz","isPartOf":{"@id":"https:\/\/lospoliticosveracruz.com\/#website"},"primaryImageOfPage":{"@id":"https:\/\/lospoliticosveracruz.com\/?p=169964#primaryimage"},"image":{"@id":"https:\/\/lospoliticosveracruz.com\/?p=169964#primaryimage"},"thumbnailUrl":"https:\/\/lospoliticosveracruz.com\/wp-content\/uploads\/2025\/04\/Luis-Romero-1.jpg","datePublished":"2026-04-28T14:15:47+00:00","dateModified":"2026-04-28T14:55:54+00:00","breadcrumb":{"@id":"https:\/\/lospoliticosveracruz.com\/?p=169964#breadcrumb"},"inLanguage":"es","potentialAction":[{"@type":"ReadAction","target":["https:\/\/lospoliticosveracruz.com\/?p=169964"]}]},{"@type":"ImageObject","inLanguage":"es","@id":"https:\/\/lospoliticosveracruz.com\/?p=169964#primaryimage","url":"https:\/\/lospoliticosveracruz.com\/wp-content\/uploads\/2025\/04\/Luis-Romero-1.jpg","contentUrl":"https:\/\/lospoliticosveracruz.com\/wp-content\/uploads\/2025\/04\/Luis-Romero-1.jpg","width":1250,"height":667},{"@type":"BreadcrumbList","@id":"https:\/\/lospoliticosveracruz.com\/?p=169964#breadcrumb","itemListElement":[{"@type":"ListItem","position":1,"name":"Portada","item":"https:\/\/lospoliticosveracruz.com\/"},{"@type":"ListItem","position":2,"name":"DELITOS Y PERCEPCI\u00d3N DE INSEGURIDAD"}]},{"@type":"WebSite","@id":"https:\/\/lospoliticosveracruz.com\/#website","url":"https:\/\/lospoliticosveracruz.com\/","name":"Los pol\u00edticos Veracruz","description":"","publisher":{"@id":"https:\/\/lospoliticosveracruz.com\/#organization"},"potentialAction":[{"@type":"SearchAction","target":{"@type":"EntryPoint","urlTemplate":"https:\/\/lospoliticosveracruz.com\/?s={search_term_string}"},"query-input":{"@type":"PropertyValueSpecification","valueRequired":true,"valueName":"search_term_string"}}],"inLanguage":"es"},{"@type":"Organization","@id":"https:\/\/lospoliticosveracruz.com\/#organization","name":"Los pol\u00edticos Veracruz","url":"https:\/\/lospoliticosveracruz.com\/","logo":{"@type":"ImageObject","inLanguage":"es","@id":"https:\/\/lospoliticosveracruz.com\/#\/schema\/logo\/image\/","url":"https:\/\/lospoliticosveracruz.com\/wp-content\/uploads\/2025\/12\/Logo-Nuevo-LOS-POLITICOS-1.jpg","contentUrl":"https:\/\/lospoliticosveracruz.com\/wp-content\/uploads\/2025\/12\/Logo-Nuevo-LOS-POLITICOS-1.jpg","width":260,"height":70,"caption":"Los pol\u00edticos Veracruz"},"image":{"@id":"https:\/\/lospoliticosveracruz.com\/#\/schema\/logo\/image\/"},"sameAs":["https:\/\/www.facebook.com\/people\/Notimemes-de-los-Polticos\/61565672886568\/","https:\/\/x.com\/LosPoliticosVer"]},{"@type":"Person","@id":"https:\/\/lospoliticosveracruz.com\/#\/schema\/person\/b8702bb0e538456e6efd07080bf2a4a2","name":"Lo viste en Los Pol\u00edticos","image":{"@type":"ImageObject","inLanguage":"es","@id":"https:\/\/secure.gravatar.com\/avatar\/3a8de04a2656d44082be478bd6c086daa447c4651605818287b9532d3d0bd435?s=96&d=mm&r=g","url":"https:\/\/secure.gravatar.com\/avatar\/3a8de04a2656d44082be478bd6c086daa447c4651605818287b9532d3d0bd435?s=96&d=mm&r=g","contentUrl":"https:\/\/secure.gravatar.com\/avatar\/3a8de04a2656d44082be478bd6c086daa447c4651605818287b9532d3d0bd435?s=96&d=mm&r=g","caption":"Lo viste en Los Pol\u00edticos"},"url":"https:\/\/lospoliticosveracruz.com\/?author=2"}]}},"_links":{"self":[{"href":"https:\/\/lospoliticosveracruz.com\/index.php?rest_route=\/wp\/v2\/posts\/169964","targetHints":{"allow":["GET"]}}],"collection":[{"href":"https:\/\/lospoliticosveracruz.com\/index.php?rest_route=\/wp\/v2\/posts"}],"about":[{"href":"https:\/\/lospoliticosveracruz.com\/index.php?rest_route=\/wp\/v2\/types\/post"}],"author":[{"embeddable":true,"href":"https:\/\/lospoliticosveracruz.com\/index.php?rest_route=\/wp\/v2\/users\/2"}],"replies":[{"embeddable":true,"href":"https:\/\/lospoliticosveracruz.com\/index.php?rest_route=%2Fwp%2Fv2%2Fcomments&post=169964"}],"version-history":[{"count":1,"href":"https:\/\/lospoliticosveracruz.com\/index.php?rest_route=\/wp\/v2\/posts\/169964\/revisions"}],"predecessor-version":[{"id":169965,"href":"https:\/\/lospoliticosveracruz.com\/index.php?rest_route=\/wp\/v2\/posts\/169964\/revisions\/169965"}],"wp:featuredmedia":[{"embeddable":true,"href":"https:\/\/lospoliticosveracruz.com\/index.php?rest_route=\/wp\/v2\/media\/141436"}],"wp:attachment":[{"href":"https:\/\/lospoliticosveracruz.com\/index.php?rest_route=%2Fwp%2Fv2%2Fmedia&parent=169964"}],"wp:term":[{"taxonomy":"category","embeddable":true,"href":"https:\/\/lospoliticosveracruz.com\/index.php?rest_route=%2Fwp%2Fv2%2Fcategories&post=169964"},{"taxonomy":"post_tag","embeddable":true,"href":"https:\/\/lospoliticosveracruz.com\/index.php?rest_route=%2Fwp%2Fv2%2Ftags&post=169964"}],"curies":[{"name":"wp","href":"https:\/\/api.w.org\/{rel}","templated":true}]}}