{"id":169989,"date":"2026-04-28T11:39:12","date_gmt":"2026-04-28T17:39:12","guid":{"rendered":"https:\/\/lospoliticosveracruz.com\/?p=169989"},"modified":"2026-04-28T11:39:13","modified_gmt":"2026-04-28T17:39:13","slug":"immx-barre-parejo","status":"publish","type":"post","link":"https:\/\/lospoliticosveracruz.com\/?p=169989","title":{"rendered":"IMMX BARRE PAREJO!"},"content":{"rendered":"<div class=\"wp-block-image\">\n<figure class=\"alignleft size-large is-resized\"><a href=\"https:\/\/lospoliticosveracruz.com\/wp-content\/uploads\/2026\/04\/LOSPOLITICOS_336X280PX_-01-e1776274861670.jpg\"><img loading=\"lazy\" decoding=\"async\" width=\"1024\" height=\"854\" src=\"https:\/\/lospoliticosveracruz.com\/wp-content\/uploads\/2026\/04\/LOSPOLITICOS_336X280PX_-01-1024x854.jpg\" alt=\"\" class=\"wp-image-168800\" style=\"aspect-ratio:1.1990751813760663;width:390px;height:auto\"\/><\/a><\/figure>\n<\/div>\n\n\n<p>En un ejercicio de di\u00e1logo, reconocimiento y compromiso institucional, el Ayuntamiento a trav\u00e9s del Instituto Municipal de las Mujeres de Xalapa (IMMX), sostuvo un primer acercamiento con trabajadoras de las \u00e1reas de barrido y recolecci\u00f3n de la Direcci\u00f3n de Limpia P\u00fablica, con el objetivo de visibilizar sus derechos y construir, de manera conjunta, estrategias que contribuyan a su protecci\u00f3n.&nbsp;<\/p>\n\n\n\n<p>Estuvieron presentes la Alcaldesa Lic. Daniela Griego Ceballos, la Regidora Primera, Titular de la Comisi\u00f3n Edilicia de Limpia P\u00fablica, Lic. Julieta Aguilar Ortega y el Director de Limpia P\u00fablica, Mtro. Francisco Mart\u00ednez Tlapa.<\/p>\n\n\n\n<p>El taller fue impartido por la Directora y Subdirectora del IMMX, Mtra. Fernanda Medina Mariscal y la Mtra. Jaquelina Estrada Bautista as\u00ed como por la Subdirectora de Institucionalizaci\u00f3n de la Perspectiva de G\u00e9nero del IMMX, Addy Mar\u00eda G\u00f3mez, quienes brindaron herramientas b\u00e1sicas en materia de prevenci\u00f3n de la violencia, derechos laborales, igualdad de g\u00e9nero hacia una cultura institucional incluyente.&nbsp;<\/p>\n\n\n\n<p>Esta iniciativa ser\u00e1 una ruta de trabajo permanente a fin de generar espacios seguros de escucha activa, donde las trabajadoras compartan experiencias, inquietudes y propuestas relacionadas con sus condiciones laborales y vida personal.&nbsp;<\/p>\n\n\n\n<p>Al respecto, la Presidenta Municipal sostuvo la importancia de dignificar el trabajo que realizan las mujeres en \u00e1reas operativas del Ayuntamiento y, reiter\u00f3 que, este ejercicio no ser\u00e1 aislado, sino parte de una estrategia continua.&nbsp;<\/p>\n\n\n\n<p>As\u00ed, dijo, se avanzar\u00e1 hacia condiciones m\u00e1s equitativas, seguras y dignas para las trabajadoras de Limpia P\u00fablica, reconociendo su esfuerzo diario como pieza fundamental para el bienestar de la ciudad.<\/p>\n\n\n\n<p>Entre las acciones contempladas, adelant\u00f3 la gesti\u00f3n para la dotaci\u00f3n de uniformes adecuados y la colaboraci\u00f3n de otras \u00e1reas de la estructura municipal para impulsar el valor del trabajo que desempe\u00f1an.&nbsp;&nbsp;<\/p>\n\n\n\n<p>Finalmente, la Titular del IMMX, enfatiz\u00f3 que, este es el punto de partida para una agenda de trabajo colaborativa.&nbsp;<\/p>\n\n\n\n<p>\u201cEste es apenas el comienzo de muchos encuentros que habremos de sostener. Queremos construir nuevas formas de trabajo, m\u00e1s justas, m\u00e1s humanas y con pleno respeto a sus derechos. Impulsaremos diversos proyectos que incidan directamente en su bienestar\u201d.<\/p>\n","protected":false},"excerpt":{"rendered":"<p>En un ejercicio de di\u00e1logo, reconocimiento y compromiso institucional, el Ayuntamiento a trav\u00e9s del Instituto Municipal de las Mujeres de Xalapa (IMMX), sostuvo un primer acercamiento con trabajadoras de las \u00e1reas de barrido y recolecci\u00f3n de la Direcci\u00f3n de Limpia P\u00fablica, con el objetivo de visibilizar sus derechos y construir, de manera conjunta, estrategias que [&hellip;]<\/p>\n","protected":false},"author":2,"featured_media":169990,"comment_status":"closed","ping_status":"closed","sticky":false,"template":"","format":"standard","meta":{"tdm_status":"","tdm_grid_status":"","footnotes":""},"categories":[52572],"tags":[62518,62522,62519,62521,62523,62520],"class_list":{"0":"post-169989","1":"post","2":"type-post","3":"status-publish","4":"format-standard","5":"has-post-thumbnail","7":"category-desdelaatenas","8":"tag-daniela-griego-ceballos-limpia-publica","9":"tag-dignificacion-trabajadoras-de-barrido-xalapa","10":"tag-immx-xalapa-derechos-mujeres","11":"tag-julieta-aguilar-ortega-limpia-publica","12":"tag-perspectiva-de-genero-administracion-municipal","13":"tag-prevencion-de-violencia-laboral-ayuntamiento"},"yoast_head":"<!-- This site is optimized with the Yoast SEO plugin v27.4 - https:\/\/yoast.com\/product\/yoast-seo-wordpress\/ -->\n<title>IMMX BARRE PAREJO! - Los pol\u00edticos Veracruz<\/title>\n<meta name=\"robots\" content=\"index, follow, max-snippet:-1, max-image-preview:large, max-video-preview:-1\" \/>\n<link rel=\"canonical\" href=\"https:\/\/lospoliticosveracruz.com\/?p=169989\" \/>\n<meta property=\"og:locale\" content=\"es_ES\" \/>\n<meta property=\"og:type\" content=\"article\" \/>\n<meta property=\"og:title\" content=\"IMMX BARRE PAREJO! - Los pol\u00edticos Veracruz\" \/>\n<meta property=\"og:description\" content=\"En un ejercicio de di\u00e1logo, reconocimiento y compromiso institucional, el Ayuntamiento a trav\u00e9s del Instituto Municipal de las Mujeres de Xalapa (IMMX), sostuvo un primer acercamiento con trabajadoras de las \u00e1reas de barrido y recolecci\u00f3n de la Direcci\u00f3n de Limpia P\u00fablica, con el objetivo de visibilizar sus derechos y construir, de manera conjunta, estrategias que [&hellip;]\" \/>\n<meta property=\"og:url\" content=\"https:\/\/lospoliticosveracruz.com\/?p=169989\" \/>\n<meta property=\"og:site_name\" content=\"Los pol\u00edticos Veracruz\" \/>\n<meta property=\"article:publisher\" content=\"https:\/\/www.facebook.com\/people\/Notimemes-de-los-Polticos\/61565672886568\/\" \/>\n<meta property=\"article:published_time\" content=\"2026-04-28T17:39:12+00:00\" \/>\n<meta property=\"article:modified_time\" content=\"2026-04-28T17:39:13+00:00\" \/>\n<meta property=\"og:image\" content=\"https:\/\/lospoliticosveracruz.com\/wp-content\/uploads\/2026\/04\/IMG_5472.jpeg\" \/>\n\t<meta property=\"og:image:width\" content=\"600\" \/>\n\t<meta property=\"og:image:height\" content=\"320\" \/>\n\t<meta property=\"og:image:type\" content=\"image\/jpeg\" \/>\n<meta name=\"author\" content=\"Lo viste en Los Pol\u00edticos\" \/>\n<meta name=\"twitter:card\" content=\"summary_large_image\" \/>\n<meta name=\"twitter:creator\" content=\"@LosPoliticosVer\" \/>\n<meta name=\"twitter:site\" content=\"@LosPoliticosVer\" \/>\n<meta name=\"twitter:label1\" content=\"Escrito por\" \/>\n\t<meta name=\"twitter:data1\" content=\"Lo viste en Los Pol\u00edticos\" \/>\n\t<meta name=\"twitter:label2\" content=\"Tiempo de lectura\" \/>\n\t<meta name=\"twitter:data2\" content=\"2 minutos\" \/>\n<script type=\"application\/ld+json\" class=\"yoast-schema-graph\">{\"@context\":\"https:\\\/\\\/schema.org\",\"@graph\":[{\"@type\":\"Article\",\"@id\":\"https:\\\/\\\/lospoliticosveracruz.com\\\/?p=169989#article\",\"isPartOf\":{\"@id\":\"https:\\\/\\\/lospoliticosveracruz.com\\\/?p=169989\"},\"author\":{\"name\":\"Lo viste en Los Pol\u00edticos\",\"@id\":\"https:\\\/\\\/lospoliticosveracruz.com\\\/#\\\/schema\\\/person\\\/b8702bb0e538456e6efd07080bf2a4a2\"},\"headline\":\"IMMX BARRE PAREJO!\",\"datePublished\":\"2026-04-28T17:39:12+00:00\",\"dateModified\":\"2026-04-28T17:39:13+00:00\",\"mainEntityOfPage\":{\"@id\":\"https:\\\/\\\/lospoliticosveracruz.com\\\/?p=169989\"},\"wordCount\":372,\"publisher\":{\"@id\":\"https:\\\/\\\/lospoliticosveracruz.com\\\/#organization\"},\"image\":{\"@id\":\"https:\\\/\\\/lospoliticosveracruz.com\\\/?p=169989#primaryimage\"},\"thumbnailUrl\":\"https:\\\/\\\/lospoliticosveracruz.com\\\/wp-content\\\/uploads\\\/2026\\\/04\\\/IMG_5472.jpeg\",\"keywords\":[\"Daniela Griego Ceballos Limpia P\u00fablica\",\"Dignificaci\u00f3n trabajadoras de barrido Xalapa\",\"IMMX Xalapa derechos mujeres\",\"Julieta Aguilar Ortega Limpia P\u00fablica\",\"Perspectiva de g\u00e9nero administraci\u00f3n municipal\",\"Prevenci\u00f3n de violencia laboral ayuntamiento\"],\"articleSection\":[\"Desde La Atenas\"],\"inLanguage\":\"es\"},{\"@type\":\"WebPage\",\"@id\":\"https:\\\/\\\/lospoliticosveracruz.com\\\/?p=169989\",\"url\":\"https:\\\/\\\/lospoliticosveracruz.com\\\/?p=169989\",\"name\":\"IMMX BARRE PAREJO! - Los pol\u00edticos Veracruz\",\"isPartOf\":{\"@id\":\"https:\\\/\\\/lospoliticosveracruz.com\\\/#website\"},\"primaryImageOfPage\":{\"@id\":\"https:\\\/\\\/lospoliticosveracruz.com\\\/?p=169989#primaryimage\"},\"image\":{\"@id\":\"https:\\\/\\\/lospoliticosveracruz.com\\\/?p=169989#primaryimage\"},\"thumbnailUrl\":\"https:\\\/\\\/lospoliticosveracruz.com\\\/wp-content\\\/uploads\\\/2026\\\/04\\\/IMG_5472.jpeg\",\"datePublished\":\"2026-04-28T17:39:12+00:00\",\"dateModified\":\"2026-04-28T17:39:13+00:00\",\"breadcrumb\":{\"@id\":\"https:\\\/\\\/lospoliticosveracruz.com\\\/?p=169989#breadcrumb\"},\"inLanguage\":\"es\",\"potentialAction\":[{\"@type\":\"ReadAction\",\"target\":[\"https:\\\/\\\/lospoliticosveracruz.com\\\/?p=169989\"]}]},{\"@type\":\"ImageObject\",\"inLanguage\":\"es\",\"@id\":\"https:\\\/\\\/lospoliticosveracruz.com\\\/?p=169989#primaryimage\",\"url\":\"https:\\\/\\\/lospoliticosveracruz.com\\\/wp-content\\\/uploads\\\/2026\\\/04\\\/IMG_5472.jpeg\",\"contentUrl\":\"https:\\\/\\\/lospoliticosveracruz.com\\\/wp-content\\\/uploads\\\/2026\\\/04\\\/IMG_5472.jpeg\",\"width\":600,\"height\":320},{\"@type\":\"BreadcrumbList\",\"@id\":\"https:\\\/\\\/lospoliticosveracruz.com\\\/?p=169989#breadcrumb\",\"itemListElement\":[{\"@type\":\"ListItem\",\"position\":1,\"name\":\"Portada\",\"item\":\"https:\\\/\\\/lospoliticosveracruz.com\\\/\"},{\"@type\":\"ListItem\",\"position\":2,\"name\":\"IMMX BARRE PAREJO!\"}]},{\"@type\":\"WebSite\",\"@id\":\"https:\\\/\\\/lospoliticosveracruz.com\\\/#website\",\"url\":\"https:\\\/\\\/lospoliticosveracruz.com\\\/\",\"name\":\"Los pol\u00edticos Veracruz\",\"description\":\"\",\"publisher\":{\"@id\":\"https:\\\/\\\/lospoliticosveracruz.com\\\/#organization\"},\"potentialAction\":[{\"@type\":\"SearchAction\",\"target\":{\"@type\":\"EntryPoint\",\"urlTemplate\":\"https:\\\/\\\/lospoliticosveracruz.com\\\/?s={search_term_string}\"},\"query-input\":{\"@type\":\"PropertyValueSpecification\",\"valueRequired\":true,\"valueName\":\"search_term_string\"}}],\"inLanguage\":\"es\"},{\"@type\":\"Organization\",\"@id\":\"https:\\\/\\\/lospoliticosveracruz.com\\\/#organization\",\"name\":\"Los pol\u00edticos Veracruz\",\"url\":\"https:\\\/\\\/lospoliticosveracruz.com\\\/\",\"logo\":{\"@type\":\"ImageObject\",\"inLanguage\":\"es\",\"@id\":\"https:\\\/\\\/lospoliticosveracruz.com\\\/#\\\/schema\\\/logo\\\/image\\\/\",\"url\":\"https:\\\/\\\/lospoliticosveracruz.com\\\/wp-content\\\/uploads\\\/2025\\\/12\\\/Logo-Nuevo-LOS-POLITICOS-1.jpg\",\"contentUrl\":\"https:\\\/\\\/lospoliticosveracruz.com\\\/wp-content\\\/uploads\\\/2025\\\/12\\\/Logo-Nuevo-LOS-POLITICOS-1.jpg\",\"width\":260,\"height\":70,\"caption\":\"Los pol\u00edticos Veracruz\"},\"image\":{\"@id\":\"https:\\\/\\\/lospoliticosveracruz.com\\\/#\\\/schema\\\/logo\\\/image\\\/\"},\"sameAs\":[\"https:\\\/\\\/www.facebook.com\\\/people\\\/Notimemes-de-los-Polticos\\\/61565672886568\\\/\",\"https:\\\/\\\/x.com\\\/LosPoliticosVer\"]},{\"@type\":\"Person\",\"@id\":\"https:\\\/\\\/lospoliticosveracruz.com\\\/#\\\/schema\\\/person\\\/b8702bb0e538456e6efd07080bf2a4a2\",\"name\":\"Lo viste en Los Pol\u00edticos\",\"image\":{\"@type\":\"ImageObject\",\"inLanguage\":\"es\",\"@id\":\"https:\\\/\\\/secure.gravatar.com\\\/avatar\\\/3a8de04a2656d44082be478bd6c086daa447c4651605818287b9532d3d0bd435?s=96&d=mm&r=g\",\"url\":\"https:\\\/\\\/secure.gravatar.com\\\/avatar\\\/3a8de04a2656d44082be478bd6c086daa447c4651605818287b9532d3d0bd435?s=96&d=mm&r=g\",\"contentUrl\":\"https:\\\/\\\/secure.gravatar.com\\\/avatar\\\/3a8de04a2656d44082be478bd6c086daa447c4651605818287b9532d3d0bd435?s=96&d=mm&r=g\",\"caption\":\"Lo viste en Los Pol\u00edticos\"},\"url\":\"https:\\\/\\\/lospoliticosveracruz.com\\\/?author=2\"}]}<\/script>\n<!-- \/ Yoast SEO plugin. -->","yoast_head_json":{"title":"IMMX BARRE PAREJO! - Los pol\u00edticos Veracruz","robots":{"index":"index","follow":"follow","max-snippet":"max-snippet:-1","max-image-preview":"max-image-preview:large","max-video-preview":"max-video-preview:-1"},"canonical":"https:\/\/lospoliticosveracruz.com\/?p=169989","og_locale":"es_ES","og_type":"article","og_title":"IMMX BARRE PAREJO! - Los pol\u00edticos Veracruz","og_description":"En un ejercicio de di\u00e1logo, reconocimiento y compromiso institucional, el Ayuntamiento a trav\u00e9s del Instituto Municipal de las Mujeres de Xalapa (IMMX), sostuvo un primer acercamiento con trabajadoras de las \u00e1reas de barrido y recolecci\u00f3n de la Direcci\u00f3n de Limpia P\u00fablica, con el objetivo de visibilizar sus derechos y construir, de manera conjunta, estrategias que [&hellip;]","og_url":"https:\/\/lospoliticosveracruz.com\/?p=169989","og_site_name":"Los pol\u00edticos Veracruz","article_publisher":"https:\/\/www.facebook.com\/people\/Notimemes-de-los-Polticos\/61565672886568\/","article_published_time":"2026-04-28T17:39:12+00:00","article_modified_time":"2026-04-28T17:39:13+00:00","og_image":[{"width":600,"height":320,"url":"https:\/\/lospoliticosveracruz.com\/wp-content\/uploads\/2026\/04\/IMG_5472.jpeg","type":"image\/jpeg"}],"author":"Lo viste en Los Pol\u00edticos","twitter_card":"summary_large_image","twitter_creator":"@LosPoliticosVer","twitter_site":"@LosPoliticosVer","twitter_misc":{"Escrito por":"Lo viste en Los Pol\u00edticos","Tiempo de lectura":"2 minutos"},"schema":{"@context":"https:\/\/schema.org","@graph":[{"@type":"Article","@id":"https:\/\/lospoliticosveracruz.com\/?p=169989#article","isPartOf":{"@id":"https:\/\/lospoliticosveracruz.com\/?p=169989"},"author":{"name":"Lo viste en Los Pol\u00edticos","@id":"https:\/\/lospoliticosveracruz.com\/#\/schema\/person\/b8702bb0e538456e6efd07080bf2a4a2"},"headline":"IMMX BARRE PAREJO!","datePublished":"2026-04-28T17:39:12+00:00","dateModified":"2026-04-28T17:39:13+00:00","mainEntityOfPage":{"@id":"https:\/\/lospoliticosveracruz.com\/?p=169989"},"wordCount":372,"publisher":{"@id":"https:\/\/lospoliticosveracruz.com\/#organization"},"image":{"@id":"https:\/\/lospoliticosveracruz.com\/?p=169989#primaryimage"},"thumbnailUrl":"https:\/\/lospoliticosveracruz.com\/wp-content\/uploads\/2026\/04\/IMG_5472.jpeg","keywords":["Daniela Griego Ceballos Limpia P\u00fablica","Dignificaci\u00f3n trabajadoras de barrido Xalapa","IMMX Xalapa derechos mujeres","Julieta Aguilar Ortega Limpia P\u00fablica","Perspectiva de g\u00e9nero administraci\u00f3n municipal","Prevenci\u00f3n de violencia laboral ayuntamiento"],"articleSection":["Desde La Atenas"],"inLanguage":"es"},{"@type":"WebPage","@id":"https:\/\/lospoliticosveracruz.com\/?p=169989","url":"https:\/\/lospoliticosveracruz.com\/?p=169989","name":"IMMX BARRE PAREJO! - Los pol\u00edticos Veracruz","isPartOf":{"@id":"https:\/\/lospoliticosveracruz.com\/#website"},"primaryImageOfPage":{"@id":"https:\/\/lospoliticosveracruz.com\/?p=169989#primaryimage"},"image":{"@id":"https:\/\/lospoliticosveracruz.com\/?p=169989#primaryimage"},"thumbnailUrl":"https:\/\/lospoliticosveracruz.com\/wp-content\/uploads\/2026\/04\/IMG_5472.jpeg","datePublished":"2026-04-28T17:39:12+00:00","dateModified":"2026-04-28T17:39:13+00:00","breadcrumb":{"@id":"https:\/\/lospoliticosveracruz.com\/?p=169989#breadcrumb"},"inLanguage":"es","potentialAction":[{"@type":"ReadAction","target":["https:\/\/lospoliticosveracruz.com\/?p=169989"]}]},{"@type":"ImageObject","inLanguage":"es","@id":"https:\/\/lospoliticosveracruz.com\/?p=169989#primaryimage","url":"https:\/\/lospoliticosveracruz.com\/wp-content\/uploads\/2026\/04\/IMG_5472.jpeg","contentUrl":"https:\/\/lospoliticosveracruz.com\/wp-content\/uploads\/2026\/04\/IMG_5472.jpeg","width":600,"height":320},{"@type":"BreadcrumbList","@id":"https:\/\/lospoliticosveracruz.com\/?p=169989#breadcrumb","itemListElement":[{"@type":"ListItem","position":1,"name":"Portada","item":"https:\/\/lospoliticosveracruz.com\/"},{"@type":"ListItem","position":2,"name":"IMMX BARRE PAREJO!"}]},{"@type":"WebSite","@id":"https:\/\/lospoliticosveracruz.com\/#website","url":"https:\/\/lospoliticosveracruz.com\/","name":"Los pol\u00edticos Veracruz","description":"","publisher":{"@id":"https:\/\/lospoliticosveracruz.com\/#organization"},"potentialAction":[{"@type":"SearchAction","target":{"@type":"EntryPoint","urlTemplate":"https:\/\/lospoliticosveracruz.com\/?s={search_term_string}"},"query-input":{"@type":"PropertyValueSpecification","valueRequired":true,"valueName":"search_term_string"}}],"inLanguage":"es"},{"@type":"Organization","@id":"https:\/\/lospoliticosveracruz.com\/#organization","name":"Los pol\u00edticos Veracruz","url":"https:\/\/lospoliticosveracruz.com\/","logo":{"@type":"ImageObject","inLanguage":"es","@id":"https:\/\/lospoliticosveracruz.com\/#\/schema\/logo\/image\/","url":"https:\/\/lospoliticosveracruz.com\/wp-content\/uploads\/2025\/12\/Logo-Nuevo-LOS-POLITICOS-1.jpg","contentUrl":"https:\/\/lospoliticosveracruz.com\/wp-content\/uploads\/2025\/12\/Logo-Nuevo-LOS-POLITICOS-1.jpg","width":260,"height":70,"caption":"Los pol\u00edticos Veracruz"},"image":{"@id":"https:\/\/lospoliticosveracruz.com\/#\/schema\/logo\/image\/"},"sameAs":["https:\/\/www.facebook.com\/people\/Notimemes-de-los-Polticos\/61565672886568\/","https:\/\/x.com\/LosPoliticosVer"]},{"@type":"Person","@id":"https:\/\/lospoliticosveracruz.com\/#\/schema\/person\/b8702bb0e538456e6efd07080bf2a4a2","name":"Lo viste en Los Pol\u00edticos","image":{"@type":"ImageObject","inLanguage":"es","@id":"https:\/\/secure.gravatar.com\/avatar\/3a8de04a2656d44082be478bd6c086daa447c4651605818287b9532d3d0bd435?s=96&d=mm&r=g","url":"https:\/\/secure.gravatar.com\/avatar\/3a8de04a2656d44082be478bd6c086daa447c4651605818287b9532d3d0bd435?s=96&d=mm&r=g","contentUrl":"https:\/\/secure.gravatar.com\/avatar\/3a8de04a2656d44082be478bd6c086daa447c4651605818287b9532d3d0bd435?s=96&d=mm&r=g","caption":"Lo viste en Los Pol\u00edticos"},"url":"https:\/\/lospoliticosveracruz.com\/?author=2"}]}},"_links":{"self":[{"href":"https:\/\/lospoliticosveracruz.com\/index.php?rest_route=\/wp\/v2\/posts\/169989","targetHints":{"allow":["GET"]}}],"collection":[{"href":"https:\/\/lospoliticosveracruz.com\/index.php?rest_route=\/wp\/v2\/posts"}],"about":[{"href":"https:\/\/lospoliticosveracruz.com\/index.php?rest_route=\/wp\/v2\/types\/post"}],"author":[{"embeddable":true,"href":"https:\/\/lospoliticosveracruz.com\/index.php?rest_route=\/wp\/v2\/users\/2"}],"replies":[{"embeddable":true,"href":"https:\/\/lospoliticosveracruz.com\/index.php?rest_route=%2Fwp%2Fv2%2Fcomments&post=169989"}],"version-history":[{"count":1,"href":"https:\/\/lospoliticosveracruz.com\/index.php?rest_route=\/wp\/v2\/posts\/169989\/revisions"}],"predecessor-version":[{"id":169991,"href":"https:\/\/lospoliticosveracruz.com\/index.php?rest_route=\/wp\/v2\/posts\/169989\/revisions\/169991"}],"wp:featuredmedia":[{"embeddable":true,"href":"https:\/\/lospoliticosveracruz.com\/index.php?rest_route=\/wp\/v2\/media\/169990"}],"wp:attachment":[{"href":"https:\/\/lospoliticosveracruz.com\/index.php?rest_route=%2Fwp%2Fv2%2Fmedia&parent=169989"}],"wp:term":[{"taxonomy":"category","embeddable":true,"href":"https:\/\/lospoliticosveracruz.com\/index.php?rest_route=%2Fwp%2Fv2%2Fcategories&post=169989"},{"taxonomy":"post_tag","embeddable":true,"href":"https:\/\/lospoliticosveracruz.com\/index.php?rest_route=%2Fwp%2Fv2%2Ftags&post=169989"}],"curies":[{"name":"wp","href":"https:\/\/api.w.org\/{rel}","templated":true}]}}