{"id":169992,"date":"2026-04-28T12:28:20","date_gmt":"2026-04-28T18:28:20","guid":{"rendered":"https:\/\/lospoliticosveracruz.com\/?p=169992"},"modified":"2026-04-28T12:32:03","modified_gmt":"2026-04-28T18:32:03","slug":"catemaco-cumple-en-tiempo-y-forma","status":"publish","type":"post","link":"https:\/\/lospoliticosveracruz.com\/?p=169992","title":{"rendered":"CATEMACO CUMPLE EN TIEMPO Y FORMA"},"content":{"rendered":"\n<p>En un acto que ratifica el compromiso de la presente administraci\u00f3n con la legalidad y el progreso ordenado, el Ayuntamiento de Catemaco realiz\u00f3 este lunes la entrega oficial del Plan Municipal de Desarrollo (PMD) 2026-2029 ante el H. Congreso del Estado de Veracruz.<\/p>\n\n\n\n<p>Con esta acci\u00f3n, el gobierno municipal que encabeza el Alcalde Manuel Eduardo Toscano, da estricto cumplimiento a lo establecido en el Art\u00edculo 44 de la Ley de Planeaci\u00f3n del Estado de Veracruz de Ignacio de la Llave, posicionando a Catemaco como un referente de disciplina administrativa y transparencia en la regi\u00f3n de Los Tuxtlas.<\/p>\n\n\n\n<p>El PMD 2026-2029 no es solo un documento administrativo; es la hoja de ruta estrat\u00e9gica dise\u00f1ada bajo la visi\u00f3n del Presidente Municipal para transformar las necesidades ciudadanas en acciones concretas. Durante la entrega, se destac\u00f3 que esta administraci\u00f3n trabaja bajo tres pilares fundamentales: planeaci\u00f3n estrat\u00e9gica, legalidad institucional y transparencia absoluta.<\/p>\n\n\n\n<p>\u00abCatemaco hoy camina con rumbo claro. Este plan es el resultado de un intenso trabajo en equipo y de escuchar a nuestra gente. No improvisamos; planeamos para asegurar que cada recurso se traduzca en mejores servicios, infraestructura y desarrollo para nuestras comunidades\u00bb, afirm\u00f3 el mun\u00edcipe.<\/p>\n\n\n\n<p>Bajo el liderazgo de Manuel Eduardo Toscano, el Ayuntamiento de Catemaco ha impulsado una gesti\u00f3n din\u00e1mica que prioriza el avance integral del municipio. La elaboraci\u00f3n de este Plan Municipal de Desarrollo involucr\u00f3 una estrecha colaboraci\u00f3n entre las diversas \u00e1reas del gobierno y la sociedad civil, asegurando que el crecimiento de Catemaco sea sostenible y equitativo.<\/p>\n\n\n\n<p>Con la entrega de este documento rector, la administraci\u00f3n municipal reafirma que la rendici\u00f3n de cuentas es el eje central de su gesti\u00f3n. El compromiso es firme: seguir impulsando a Catemaco hacia una nueva etapa de modernidad y justicia social, trabajando siempre con honestidad y con el firme objetivo de mejorar la calidad de vida de todas y todos los catemaque\u00f1os.<\/p>\n","protected":false},"excerpt":{"rendered":"<p>En un acto que ratifica el compromiso de la presente administraci\u00f3n con la legalidad y el progreso ordenado, el Ayuntamiento de Catemaco realiz\u00f3 este lunes la entrega oficial del Plan Municipal de Desarrollo (PMD) 2026-2029 ante el H. Congreso del Estado de Veracruz. Con esta acci\u00f3n, el gobierno municipal que encabeza el Alcalde Manuel Eduardo [&hellip;]<\/p>\n","protected":false},"author":2,"featured_media":169993,"comment_status":"closed","ping_status":"closed","sticky":false,"template":"","format":"standard","meta":{"tdm_status":"","tdm_grid_status":"","footnotes":""},"categories":[56120],"tags":[62526,62525,62524,62527,62528],"class_list":{"0":"post-169992","1":"post","2":"type-post","3":"status-publish","4":"format-standard","5":"has-post-thumbnail","7":"category-desde-la-suiza-veracruzana","8":"tag-catemaco-pmd-2026-2029-oficial","9":"tag-ley-de-planeacion-veracruz-articulo-44","10":"tag-manuel-eduardo-toscano-catemaco-veracruz","11":"tag-plan-municipal-de-desarrollo-los-tuxtlas","12":"tag-transparencia-catemaco-gestion-2026"},"yoast_head":"<!-- This site is optimized with the Yoast SEO plugin v27.4 - https:\/\/yoast.com\/product\/yoast-seo-wordpress\/ -->\n<title>CATEMACO CUMPLE EN TIEMPO Y FORMA - Los pol\u00edticos Veracruz<\/title>\n<meta name=\"robots\" content=\"index, follow, max-snippet:-1, max-image-preview:large, max-video-preview:-1\" \/>\n<link rel=\"canonical\" href=\"https:\/\/lospoliticosveracruz.com\/?p=169992\" \/>\n<meta property=\"og:locale\" content=\"es_ES\" \/>\n<meta property=\"og:type\" content=\"article\" \/>\n<meta property=\"og:title\" content=\"CATEMACO CUMPLE EN TIEMPO Y FORMA - Los pol\u00edticos Veracruz\" \/>\n<meta property=\"og:description\" content=\"En un acto que ratifica el compromiso de la presente administraci\u00f3n con la legalidad y el progreso ordenado, el Ayuntamiento de Catemaco realiz\u00f3 este lunes la entrega oficial del Plan Municipal de Desarrollo (PMD) 2026-2029 ante el H. Congreso del Estado de Veracruz. Con esta acci\u00f3n, el gobierno municipal que encabeza el Alcalde Manuel Eduardo [&hellip;]\" \/>\n<meta property=\"og:url\" content=\"https:\/\/lospoliticosveracruz.com\/?p=169992\" \/>\n<meta property=\"og:site_name\" content=\"Los pol\u00edticos Veracruz\" \/>\n<meta property=\"article:publisher\" content=\"https:\/\/www.facebook.com\/people\/Notimemes-de-los-Polticos\/61565672886568\/\" \/>\n<meta property=\"article:published_time\" content=\"2026-04-28T18:28:20+00:00\" \/>\n<meta property=\"article:modified_time\" content=\"2026-04-28T18:32:03+00:00\" \/>\n<meta property=\"og:image\" content=\"https:\/\/lospoliticosveracruz.com\/wp-content\/uploads\/2026\/04\/IMG_5474.jpeg\" \/>\n\t<meta property=\"og:image:width\" content=\"600\" \/>\n\t<meta property=\"og:image:height\" content=\"320\" \/>\n\t<meta property=\"og:image:type\" content=\"image\/jpeg\" \/>\n<meta name=\"author\" content=\"Lo viste en Los Pol\u00edticos\" \/>\n<meta name=\"twitter:card\" content=\"summary_large_image\" \/>\n<meta name=\"twitter:creator\" content=\"@LosPoliticosVer\" \/>\n<meta name=\"twitter:site\" content=\"@LosPoliticosVer\" \/>\n<meta name=\"twitter:label1\" content=\"Escrito por\" \/>\n\t<meta name=\"twitter:data1\" content=\"Lo viste en Los Pol\u00edticos\" \/>\n\t<meta name=\"twitter:label2\" content=\"Tiempo de lectura\" \/>\n\t<meta name=\"twitter:data2\" content=\"2 minutos\" \/>\n<script type=\"application\/ld+json\" class=\"yoast-schema-graph\">{\"@context\":\"https:\\\/\\\/schema.org\",\"@graph\":[{\"@type\":\"Article\",\"@id\":\"https:\\\/\\\/lospoliticosveracruz.com\\\/?p=169992#article\",\"isPartOf\":{\"@id\":\"https:\\\/\\\/lospoliticosveracruz.com\\\/?p=169992\"},\"author\":{\"name\":\"Lo viste en Los Pol\u00edticos\",\"@id\":\"https:\\\/\\\/lospoliticosveracruz.com\\\/#\\\/schema\\\/person\\\/b8702bb0e538456e6efd07080bf2a4a2\"},\"headline\":\"CATEMACO CUMPLE EN TIEMPO Y FORMA\",\"datePublished\":\"2026-04-28T18:28:20+00:00\",\"dateModified\":\"2026-04-28T18:32:03+00:00\",\"mainEntityOfPage\":{\"@id\":\"https:\\\/\\\/lospoliticosveracruz.com\\\/?p=169992\"},\"wordCount\":333,\"publisher\":{\"@id\":\"https:\\\/\\\/lospoliticosveracruz.com\\\/#organization\"},\"image\":{\"@id\":\"https:\\\/\\\/lospoliticosveracruz.com\\\/?p=169992#primaryimage\"},\"thumbnailUrl\":\"https:\\\/\\\/lospoliticosveracruz.com\\\/wp-content\\\/uploads\\\/2026\\\/04\\\/IMG_5474.jpeg\",\"keywords\":[\"Catemaco PMD 2026-2029 oficial\",\"Ley de Planeaci\u00f3n Veracruz Art\u00edculo 44\",\"Manuel Eduardo Toscano Catemaco Veracruz\",\"Plan Municipal de Desarrollo Los Tuxtlas\",\"Transparencia Catemaco gesti\u00f3n 2026\"],\"articleSection\":[\"DESDE LA SUIZA VERACRUZANA\"],\"inLanguage\":\"es\"},{\"@type\":\"WebPage\",\"@id\":\"https:\\\/\\\/lospoliticosveracruz.com\\\/?p=169992\",\"url\":\"https:\\\/\\\/lospoliticosveracruz.com\\\/?p=169992\",\"name\":\"CATEMACO CUMPLE EN TIEMPO Y FORMA - Los pol\u00edticos Veracruz\",\"isPartOf\":{\"@id\":\"https:\\\/\\\/lospoliticosveracruz.com\\\/#website\"},\"primaryImageOfPage\":{\"@id\":\"https:\\\/\\\/lospoliticosveracruz.com\\\/?p=169992#primaryimage\"},\"image\":{\"@id\":\"https:\\\/\\\/lospoliticosveracruz.com\\\/?p=169992#primaryimage\"},\"thumbnailUrl\":\"https:\\\/\\\/lospoliticosveracruz.com\\\/wp-content\\\/uploads\\\/2026\\\/04\\\/IMG_5474.jpeg\",\"datePublished\":\"2026-04-28T18:28:20+00:00\",\"dateModified\":\"2026-04-28T18:32:03+00:00\",\"breadcrumb\":{\"@id\":\"https:\\\/\\\/lospoliticosveracruz.com\\\/?p=169992#breadcrumb\"},\"inLanguage\":\"es\",\"potentialAction\":[{\"@type\":\"ReadAction\",\"target\":[\"https:\\\/\\\/lospoliticosveracruz.com\\\/?p=169992\"]}]},{\"@type\":\"ImageObject\",\"inLanguage\":\"es\",\"@id\":\"https:\\\/\\\/lospoliticosveracruz.com\\\/?p=169992#primaryimage\",\"url\":\"https:\\\/\\\/lospoliticosveracruz.com\\\/wp-content\\\/uploads\\\/2026\\\/04\\\/IMG_5474.jpeg\",\"contentUrl\":\"https:\\\/\\\/lospoliticosveracruz.com\\\/wp-content\\\/uploads\\\/2026\\\/04\\\/IMG_5474.jpeg\",\"width\":600,\"height\":320},{\"@type\":\"BreadcrumbList\",\"@id\":\"https:\\\/\\\/lospoliticosveracruz.com\\\/?p=169992#breadcrumb\",\"itemListElement\":[{\"@type\":\"ListItem\",\"position\":1,\"name\":\"Portada\",\"item\":\"https:\\\/\\\/lospoliticosveracruz.com\\\/\"},{\"@type\":\"ListItem\",\"position\":2,\"name\":\"CATEMACO CUMPLE EN TIEMPO Y FORMA\"}]},{\"@type\":\"WebSite\",\"@id\":\"https:\\\/\\\/lospoliticosveracruz.com\\\/#website\",\"url\":\"https:\\\/\\\/lospoliticosveracruz.com\\\/\",\"name\":\"Los pol\u00edticos Veracruz\",\"description\":\"\",\"publisher\":{\"@id\":\"https:\\\/\\\/lospoliticosveracruz.com\\\/#organization\"},\"potentialAction\":[{\"@type\":\"SearchAction\",\"target\":{\"@type\":\"EntryPoint\",\"urlTemplate\":\"https:\\\/\\\/lospoliticosveracruz.com\\\/?s={search_term_string}\"},\"query-input\":{\"@type\":\"PropertyValueSpecification\",\"valueRequired\":true,\"valueName\":\"search_term_string\"}}],\"inLanguage\":\"es\"},{\"@type\":\"Organization\",\"@id\":\"https:\\\/\\\/lospoliticosveracruz.com\\\/#organization\",\"name\":\"Los pol\u00edticos Veracruz\",\"url\":\"https:\\\/\\\/lospoliticosveracruz.com\\\/\",\"logo\":{\"@type\":\"ImageObject\",\"inLanguage\":\"es\",\"@id\":\"https:\\\/\\\/lospoliticosveracruz.com\\\/#\\\/schema\\\/logo\\\/image\\\/\",\"url\":\"https:\\\/\\\/lospoliticosveracruz.com\\\/wp-content\\\/uploads\\\/2025\\\/12\\\/Logo-Nuevo-LOS-POLITICOS-1.jpg\",\"contentUrl\":\"https:\\\/\\\/lospoliticosveracruz.com\\\/wp-content\\\/uploads\\\/2025\\\/12\\\/Logo-Nuevo-LOS-POLITICOS-1.jpg\",\"width\":260,\"height\":70,\"caption\":\"Los pol\u00edticos Veracruz\"},\"image\":{\"@id\":\"https:\\\/\\\/lospoliticosveracruz.com\\\/#\\\/schema\\\/logo\\\/image\\\/\"},\"sameAs\":[\"https:\\\/\\\/www.facebook.com\\\/people\\\/Notimemes-de-los-Polticos\\\/61565672886568\\\/\",\"https:\\\/\\\/x.com\\\/LosPoliticosVer\"]},{\"@type\":\"Person\",\"@id\":\"https:\\\/\\\/lospoliticosveracruz.com\\\/#\\\/schema\\\/person\\\/b8702bb0e538456e6efd07080bf2a4a2\",\"name\":\"Lo viste en Los Pol\u00edticos\",\"image\":{\"@type\":\"ImageObject\",\"inLanguage\":\"es\",\"@id\":\"https:\\\/\\\/secure.gravatar.com\\\/avatar\\\/3a8de04a2656d44082be478bd6c086daa447c4651605818287b9532d3d0bd435?s=96&d=mm&r=g\",\"url\":\"https:\\\/\\\/secure.gravatar.com\\\/avatar\\\/3a8de04a2656d44082be478bd6c086daa447c4651605818287b9532d3d0bd435?s=96&d=mm&r=g\",\"contentUrl\":\"https:\\\/\\\/secure.gravatar.com\\\/avatar\\\/3a8de04a2656d44082be478bd6c086daa447c4651605818287b9532d3d0bd435?s=96&d=mm&r=g\",\"caption\":\"Lo viste en Los Pol\u00edticos\"},\"url\":\"https:\\\/\\\/lospoliticosveracruz.com\\\/?author=2\"}]}<\/script>\n<!-- \/ Yoast SEO plugin. -->","yoast_head_json":{"title":"CATEMACO CUMPLE EN TIEMPO Y FORMA - Los pol\u00edticos Veracruz","robots":{"index":"index","follow":"follow","max-snippet":"max-snippet:-1","max-image-preview":"max-image-preview:large","max-video-preview":"max-video-preview:-1"},"canonical":"https:\/\/lospoliticosveracruz.com\/?p=169992","og_locale":"es_ES","og_type":"article","og_title":"CATEMACO CUMPLE EN TIEMPO Y FORMA - Los pol\u00edticos Veracruz","og_description":"En un acto que ratifica el compromiso de la presente administraci\u00f3n con la legalidad y el progreso ordenado, el Ayuntamiento de Catemaco realiz\u00f3 este lunes la entrega oficial del Plan Municipal de Desarrollo (PMD) 2026-2029 ante el H. Congreso del Estado de Veracruz. Con esta acci\u00f3n, el gobierno municipal que encabeza el Alcalde Manuel Eduardo [&hellip;]","og_url":"https:\/\/lospoliticosveracruz.com\/?p=169992","og_site_name":"Los pol\u00edticos Veracruz","article_publisher":"https:\/\/www.facebook.com\/people\/Notimemes-de-los-Polticos\/61565672886568\/","article_published_time":"2026-04-28T18:28:20+00:00","article_modified_time":"2026-04-28T18:32:03+00:00","og_image":[{"width":600,"height":320,"url":"https:\/\/lospoliticosveracruz.com\/wp-content\/uploads\/2026\/04\/IMG_5474.jpeg","type":"image\/jpeg"}],"author":"Lo viste en Los Pol\u00edticos","twitter_card":"summary_large_image","twitter_creator":"@LosPoliticosVer","twitter_site":"@LosPoliticosVer","twitter_misc":{"Escrito por":"Lo viste en Los Pol\u00edticos","Tiempo de lectura":"2 minutos"},"schema":{"@context":"https:\/\/schema.org","@graph":[{"@type":"Article","@id":"https:\/\/lospoliticosveracruz.com\/?p=169992#article","isPartOf":{"@id":"https:\/\/lospoliticosveracruz.com\/?p=169992"},"author":{"name":"Lo viste en Los Pol\u00edticos","@id":"https:\/\/lospoliticosveracruz.com\/#\/schema\/person\/b8702bb0e538456e6efd07080bf2a4a2"},"headline":"CATEMACO CUMPLE EN TIEMPO Y FORMA","datePublished":"2026-04-28T18:28:20+00:00","dateModified":"2026-04-28T18:32:03+00:00","mainEntityOfPage":{"@id":"https:\/\/lospoliticosveracruz.com\/?p=169992"},"wordCount":333,"publisher":{"@id":"https:\/\/lospoliticosveracruz.com\/#organization"},"image":{"@id":"https:\/\/lospoliticosveracruz.com\/?p=169992#primaryimage"},"thumbnailUrl":"https:\/\/lospoliticosveracruz.com\/wp-content\/uploads\/2026\/04\/IMG_5474.jpeg","keywords":["Catemaco PMD 2026-2029 oficial","Ley de Planeaci\u00f3n Veracruz Art\u00edculo 44","Manuel Eduardo Toscano Catemaco Veracruz","Plan Municipal de Desarrollo Los Tuxtlas","Transparencia Catemaco gesti\u00f3n 2026"],"articleSection":["DESDE LA SUIZA VERACRUZANA"],"inLanguage":"es"},{"@type":"WebPage","@id":"https:\/\/lospoliticosveracruz.com\/?p=169992","url":"https:\/\/lospoliticosveracruz.com\/?p=169992","name":"CATEMACO CUMPLE EN TIEMPO Y FORMA - Los pol\u00edticos Veracruz","isPartOf":{"@id":"https:\/\/lospoliticosveracruz.com\/#website"},"primaryImageOfPage":{"@id":"https:\/\/lospoliticosveracruz.com\/?p=169992#primaryimage"},"image":{"@id":"https:\/\/lospoliticosveracruz.com\/?p=169992#primaryimage"},"thumbnailUrl":"https:\/\/lospoliticosveracruz.com\/wp-content\/uploads\/2026\/04\/IMG_5474.jpeg","datePublished":"2026-04-28T18:28:20+00:00","dateModified":"2026-04-28T18:32:03+00:00","breadcrumb":{"@id":"https:\/\/lospoliticosveracruz.com\/?p=169992#breadcrumb"},"inLanguage":"es","potentialAction":[{"@type":"ReadAction","target":["https:\/\/lospoliticosveracruz.com\/?p=169992"]}]},{"@type":"ImageObject","inLanguage":"es","@id":"https:\/\/lospoliticosveracruz.com\/?p=169992#primaryimage","url":"https:\/\/lospoliticosveracruz.com\/wp-content\/uploads\/2026\/04\/IMG_5474.jpeg","contentUrl":"https:\/\/lospoliticosveracruz.com\/wp-content\/uploads\/2026\/04\/IMG_5474.jpeg","width":600,"height":320},{"@type":"BreadcrumbList","@id":"https:\/\/lospoliticosveracruz.com\/?p=169992#breadcrumb","itemListElement":[{"@type":"ListItem","position":1,"name":"Portada","item":"https:\/\/lospoliticosveracruz.com\/"},{"@type":"ListItem","position":2,"name":"CATEMACO CUMPLE EN TIEMPO Y FORMA"}]},{"@type":"WebSite","@id":"https:\/\/lospoliticosveracruz.com\/#website","url":"https:\/\/lospoliticosveracruz.com\/","name":"Los pol\u00edticos Veracruz","description":"","publisher":{"@id":"https:\/\/lospoliticosveracruz.com\/#organization"},"potentialAction":[{"@type":"SearchAction","target":{"@type":"EntryPoint","urlTemplate":"https:\/\/lospoliticosveracruz.com\/?s={search_term_string}"},"query-input":{"@type":"PropertyValueSpecification","valueRequired":true,"valueName":"search_term_string"}}],"inLanguage":"es"},{"@type":"Organization","@id":"https:\/\/lospoliticosveracruz.com\/#organization","name":"Los pol\u00edticos Veracruz","url":"https:\/\/lospoliticosveracruz.com\/","logo":{"@type":"ImageObject","inLanguage":"es","@id":"https:\/\/lospoliticosveracruz.com\/#\/schema\/logo\/image\/","url":"https:\/\/lospoliticosveracruz.com\/wp-content\/uploads\/2025\/12\/Logo-Nuevo-LOS-POLITICOS-1.jpg","contentUrl":"https:\/\/lospoliticosveracruz.com\/wp-content\/uploads\/2025\/12\/Logo-Nuevo-LOS-POLITICOS-1.jpg","width":260,"height":70,"caption":"Los pol\u00edticos Veracruz"},"image":{"@id":"https:\/\/lospoliticosveracruz.com\/#\/schema\/logo\/image\/"},"sameAs":["https:\/\/www.facebook.com\/people\/Notimemes-de-los-Polticos\/61565672886568\/","https:\/\/x.com\/LosPoliticosVer"]},{"@type":"Person","@id":"https:\/\/lospoliticosveracruz.com\/#\/schema\/person\/b8702bb0e538456e6efd07080bf2a4a2","name":"Lo viste en Los Pol\u00edticos","image":{"@type":"ImageObject","inLanguage":"es","@id":"https:\/\/secure.gravatar.com\/avatar\/3a8de04a2656d44082be478bd6c086daa447c4651605818287b9532d3d0bd435?s=96&d=mm&r=g","url":"https:\/\/secure.gravatar.com\/avatar\/3a8de04a2656d44082be478bd6c086daa447c4651605818287b9532d3d0bd435?s=96&d=mm&r=g","contentUrl":"https:\/\/secure.gravatar.com\/avatar\/3a8de04a2656d44082be478bd6c086daa447c4651605818287b9532d3d0bd435?s=96&d=mm&r=g","caption":"Lo viste en Los Pol\u00edticos"},"url":"https:\/\/lospoliticosveracruz.com\/?author=2"}]}},"_links":{"self":[{"href":"https:\/\/lospoliticosveracruz.com\/index.php?rest_route=\/wp\/v2\/posts\/169992","targetHints":{"allow":["GET"]}}],"collection":[{"href":"https:\/\/lospoliticosveracruz.com\/index.php?rest_route=\/wp\/v2\/posts"}],"about":[{"href":"https:\/\/lospoliticosveracruz.com\/index.php?rest_route=\/wp\/v2\/types\/post"}],"author":[{"embeddable":true,"href":"https:\/\/lospoliticosveracruz.com\/index.php?rest_route=\/wp\/v2\/users\/2"}],"replies":[{"embeddable":true,"href":"https:\/\/lospoliticosveracruz.com\/index.php?rest_route=%2Fwp%2Fv2%2Fcomments&post=169992"}],"version-history":[{"count":1,"href":"https:\/\/lospoliticosveracruz.com\/index.php?rest_route=\/wp\/v2\/posts\/169992\/revisions"}],"predecessor-version":[{"id":169994,"href":"https:\/\/lospoliticosveracruz.com\/index.php?rest_route=\/wp\/v2\/posts\/169992\/revisions\/169994"}],"wp:featuredmedia":[{"embeddable":true,"href":"https:\/\/lospoliticosveracruz.com\/index.php?rest_route=\/wp\/v2\/media\/169993"}],"wp:attachment":[{"href":"https:\/\/lospoliticosveracruz.com\/index.php?rest_route=%2Fwp%2Fv2%2Fmedia&parent=169992"}],"wp:term":[{"taxonomy":"category","embeddable":true,"href":"https:\/\/lospoliticosveracruz.com\/index.php?rest_route=%2Fwp%2Fv2%2Fcategories&post=169992"},{"taxonomy":"post_tag","embeddable":true,"href":"https:\/\/lospoliticosveracruz.com\/index.php?rest_route=%2Fwp%2Fv2%2Ftags&post=169992"}],"curies":[{"name":"wp","href":"https:\/\/api.w.org\/{rel}","templated":true}]}}