{"id":169999,"date":"2026-04-28T12:58:20","date_gmt":"2026-04-28T18:58:20","guid":{"rendered":"https:\/\/lospoliticosveracruz.com\/?p=169999"},"modified":"2026-04-28T12:58:23","modified_gmt":"2026-04-28T18:58:23","slug":"conocen-el-palacio-municipal","status":"publish","type":"post","link":"https:\/\/lospoliticosveracruz.com\/?p=169999","title":{"rendered":"CONOCEN EL PALACIO MUNICIPAL!"},"content":{"rendered":"<div class=\"wp-block-image\">\n<figure class=\"alignleft size-large is-resized\"><a href=\"https:\/\/lospoliticosveracruz.com\/wp-content\/uploads\/2026\/04\/LOSPOLITICOS_336X280PX_-01-e1776274861670.jpg\"><img loading=\"lazy\" decoding=\"async\" width=\"1024\" height=\"854\" src=\"https:\/\/lospoliticosveracruz.com\/wp-content\/uploads\/2026\/04\/LOSPOLITICOS_336X280PX_-01-1024x854.jpg\" alt=\"\" class=\"wp-image-168800\" style=\"aspect-ratio:1.1990751813760663;width:390px;height:auto\"\/><\/a><\/figure>\n<\/div>\n\n\n<p>Este Ayuntamiento trabaja para que los derechos de las ni\u00f1as y los ni\u00f1os se respeten, vivan con seguridad, bien y felices, afirm\u00f3 la Alcaldesa, Lic. Daniela Griego Ceballos, al recibir en la Sala de Cabildo a alumnado de la escuela primaria Francisco Ferrer Guardia, como parte del programa Jornada C\u00edvica: Memoria y Ciudadan\u00eda. Patrimonio y Gobierno Municipal.<\/p>\n\n\n\n<p>Acompa\u00f1ada por el S\u00edndico \u00danico, Dr. Marco Aurelio Mart\u00ednez S\u00e1nchez; el Secretario del Ayuntamiento, Mtro. V\u00edctor Hugo Meza Cruz, y el Coordinador de Atenci\u00f3n Ciudadana, Lic. Juan Manuel Gonz\u00e1lez Mu\u00f1oz, refiri\u00f3 que con el apoyo del Cabildo y las diferentes \u00e1reas del Ayuntamiento, en el Gobierno Municipal se atiende con responsabilidad a la ciudadan\u00eda, se resuelven los problemas de la comunidad, mejoran los servicios y da seguimiento a peticiones relacionadas con la seguridad, salud y educaci\u00f3n, entre otros temas.<\/p>\n\n\n\n<p>Dijo que a trav\u00e9s de esta iniciativa de la Secretar\u00eda del Ayuntamiento ya se han recibido a estudiantado de cuatro escuelas, quienes realizaron recorridos por el Palacio Municipal y conocieron la Sala de Cabildo para aprender sobre el trabajo y funciones de las autoridades municipales, la historia de Xalapa y los documentos hist\u00f3ricos que resguardan la memoria del municipio.&nbsp;<\/p>\n\n\n\n<p>Agreg\u00f3 que para esta Administraci\u00f3n la ni\u00f1ez es fundamental y, por ello, se ha tomado la decisi\u00f3n de rehabilitar diversos espacios p\u00fablicos y canchas, para contribuir al combate integral del sedentarismo y fomentar h\u00e1bitos saludables.<\/p>\n\n\n\n<p>En este sentido, detall\u00f3 que se intervendr\u00e1n, con acciones de obra p\u00fablica, el Paseo de los Lagos, el parque Miguel Hidalgo, Los Berros y el parque Benito Ju\u00e1rez. Adem\u00e1s, hay proyectos de rehabilitaci\u00f3n de canchas y parques en colonias, con el objetivo de fomentar la reactivaci\u00f3n f\u00edsica y elevar la calidad de vida de las personas adultas mayores.<\/p>\n\n\n\n<p>Por su parte, el Secretario del Ayuntamiento, Mtro. V\u00edctor Hugo Meza Cruz, dio a conocer que la Administraci\u00f3n encabezada por la Alcaldesa, Lic. Daniela Griego Ceballos, tambi\u00e9n impulsa la construcci\u00f3n de obra p\u00fablica con perspectiva de inclusi\u00f3n, a fin de garantizar la movilidad de las personas y el acceso a todos los servicios.<\/p>\n\n\n\n<p>Como parte del programa, 138 estudiantes de cuarto y quinto grado de la primaria visitaron la Sala de Cabildo, recorrieron el Palacio Municipal, conocieron el primer libro de Cabildo de 1794, el Escudo de Armas, as\u00ed como el Archivo Municipal. Adem\u00e1s, recibieron balones y reconocimientos de las autoridades en el marco del D\u00eda de la Ni\u00f1a y el Ni\u00f1o.<\/p>\n\n\n\n<p>En representaci\u00f3n del alumnado, Elena Sof\u00eda Coste\u00f1o Ram\u00edrez agradeci\u00f3 el apoyo que se brinda a la comunidad y present\u00f3 algunas propuestas para mejorar la ciudad. El recorrido fue gestionado por la Directora del plantel, Profa. Elba Salazar Ruiz, personal docente, madres y padres de familia.<\/p>\n","protected":false},"excerpt":{"rendered":"<p>Este Ayuntamiento trabaja para que los derechos de las ni\u00f1as y los ni\u00f1os se respeten, vivan con seguridad, bien y felices, afirm\u00f3 la Alcaldesa, Lic. Daniela Griego Ceballos, al recibir en la Sala de Cabildo a alumnado de la escuela primaria Francisco Ferrer Guardia, como parte del programa Jornada C\u00edvica: Memoria y Ciudadan\u00eda. Patrimonio y [&hellip;]<\/p>\n","protected":false},"author":2,"featured_media":170000,"comment_status":"closed","ping_status":"closed","sticky":false,"template":"","format":"standard","meta":{"tdm_status":"","tdm_grid_status":"","footnotes":""},"categories":[52572],"tags":[58816,62538,62535,62536,62537],"class_list":{"0":"post-169999","1":"post","2":"type-post","3":"status-publish","4":"format-standard","5":"has-post-thumbnail","7":"category-desdelaatenas","8":"tag-daniela-griego-ceballos-xalapa-2026","9":"tag-historia-de-xalapa-archivo-municipal","10":"tag-jornada-civica-xalapa-palacio-municipal","11":"tag-primaria-francisco-ferrer-guardia-cabildo","12":"tag-rehabilitacion-parques-xalapa-los-lagos"},"yoast_head":"<!-- This site is optimized with the Yoast SEO plugin v27.4 - https:\/\/yoast.com\/product\/yoast-seo-wordpress\/ -->\n<title>CONOCEN EL PALACIO MUNICIPAL! - Los pol\u00edticos Veracruz<\/title>\n<meta name=\"robots\" content=\"index, follow, max-snippet:-1, max-image-preview:large, max-video-preview:-1\" \/>\n<link rel=\"canonical\" href=\"https:\/\/lospoliticosveracruz.com\/?p=169999\" \/>\n<meta property=\"og:locale\" content=\"es_ES\" \/>\n<meta property=\"og:type\" content=\"article\" \/>\n<meta property=\"og:title\" content=\"CONOCEN EL PALACIO MUNICIPAL! - Los pol\u00edticos Veracruz\" \/>\n<meta property=\"og:description\" content=\"Este Ayuntamiento trabaja para que los derechos de las ni\u00f1as y los ni\u00f1os se respeten, vivan con seguridad, bien y felices, afirm\u00f3 la Alcaldesa, Lic. Daniela Griego Ceballos, al recibir en la Sala de Cabildo a alumnado de la escuela primaria Francisco Ferrer Guardia, como parte del programa Jornada C\u00edvica: Memoria y Ciudadan\u00eda. Patrimonio y [&hellip;]\" \/>\n<meta property=\"og:url\" content=\"https:\/\/lospoliticosveracruz.com\/?p=169999\" \/>\n<meta property=\"og:site_name\" content=\"Los pol\u00edticos Veracruz\" \/>\n<meta property=\"article:publisher\" content=\"https:\/\/www.facebook.com\/people\/Notimemes-de-los-Polticos\/61565672886568\/\" \/>\n<meta property=\"article:published_time\" content=\"2026-04-28T18:58:20+00:00\" \/>\n<meta property=\"article:modified_time\" content=\"2026-04-28T18:58:23+00:00\" \/>\n<meta property=\"og:image\" content=\"https:\/\/lospoliticosveracruz.com\/wp-content\/uploads\/2026\/04\/IMG_5477.jpeg\" \/>\n\t<meta property=\"og:image:width\" content=\"600\" \/>\n\t<meta property=\"og:image:height\" content=\"320\" \/>\n\t<meta property=\"og:image:type\" content=\"image\/jpeg\" \/>\n<meta name=\"author\" content=\"Lo viste en Los Pol\u00edticos\" \/>\n<meta name=\"twitter:card\" content=\"summary_large_image\" \/>\n<meta name=\"twitter:creator\" content=\"@LosPoliticosVer\" \/>\n<meta name=\"twitter:site\" content=\"@LosPoliticosVer\" \/>\n<meta name=\"twitter:label1\" content=\"Escrito por\" \/>\n\t<meta name=\"twitter:data1\" content=\"Lo viste en Los Pol\u00edticos\" \/>\n\t<meta name=\"twitter:label2\" content=\"Tiempo de lectura\" \/>\n\t<meta name=\"twitter:data2\" content=\"3 minutos\" \/>\n<script type=\"application\/ld+json\" class=\"yoast-schema-graph\">{\"@context\":\"https:\\\/\\\/schema.org\",\"@graph\":[{\"@type\":\"Article\",\"@id\":\"https:\\\/\\\/lospoliticosveracruz.com\\\/?p=169999#article\",\"isPartOf\":{\"@id\":\"https:\\\/\\\/lospoliticosveracruz.com\\\/?p=169999\"},\"author\":{\"name\":\"Lo viste en Los Pol\u00edticos\",\"@id\":\"https:\\\/\\\/lospoliticosveracruz.com\\\/#\\\/schema\\\/person\\\/b8702bb0e538456e6efd07080bf2a4a2\"},\"headline\":\"CONOCEN EL PALACIO MUNICIPAL!\",\"datePublished\":\"2026-04-28T18:58:20+00:00\",\"dateModified\":\"2026-04-28T18:58:23+00:00\",\"mainEntityOfPage\":{\"@id\":\"https:\\\/\\\/lospoliticosveracruz.com\\\/?p=169999\"},\"wordCount\":491,\"publisher\":{\"@id\":\"https:\\\/\\\/lospoliticosveracruz.com\\\/#organization\"},\"image\":{\"@id\":\"https:\\\/\\\/lospoliticosveracruz.com\\\/?p=169999#primaryimage\"},\"thumbnailUrl\":\"https:\\\/\\\/lospoliticosveracruz.com\\\/wp-content\\\/uploads\\\/2026\\\/04\\\/IMG_5477.jpeg\",\"keywords\":[\"Daniela Griego Ceballos Xalapa 2026\",\"Historia de Xalapa Archivo Municipal\",\"Jornada C\u00edvica Xalapa Palacio Municipal\",\"Primaria Francisco Ferrer Guardia Cabildo\",\"Rehabilitaci\u00f3n parques Xalapa Los Lagos\"],\"articleSection\":[\"Desde La Atenas\"],\"inLanguage\":\"es\"},{\"@type\":\"WebPage\",\"@id\":\"https:\\\/\\\/lospoliticosveracruz.com\\\/?p=169999\",\"url\":\"https:\\\/\\\/lospoliticosveracruz.com\\\/?p=169999\",\"name\":\"CONOCEN EL PALACIO MUNICIPAL! - Los pol\u00edticos Veracruz\",\"isPartOf\":{\"@id\":\"https:\\\/\\\/lospoliticosveracruz.com\\\/#website\"},\"primaryImageOfPage\":{\"@id\":\"https:\\\/\\\/lospoliticosveracruz.com\\\/?p=169999#primaryimage\"},\"image\":{\"@id\":\"https:\\\/\\\/lospoliticosveracruz.com\\\/?p=169999#primaryimage\"},\"thumbnailUrl\":\"https:\\\/\\\/lospoliticosveracruz.com\\\/wp-content\\\/uploads\\\/2026\\\/04\\\/IMG_5477.jpeg\",\"datePublished\":\"2026-04-28T18:58:20+00:00\",\"dateModified\":\"2026-04-28T18:58:23+00:00\",\"breadcrumb\":{\"@id\":\"https:\\\/\\\/lospoliticosveracruz.com\\\/?p=169999#breadcrumb\"},\"inLanguage\":\"es\",\"potentialAction\":[{\"@type\":\"ReadAction\",\"target\":[\"https:\\\/\\\/lospoliticosveracruz.com\\\/?p=169999\"]}]},{\"@type\":\"ImageObject\",\"inLanguage\":\"es\",\"@id\":\"https:\\\/\\\/lospoliticosveracruz.com\\\/?p=169999#primaryimage\",\"url\":\"https:\\\/\\\/lospoliticosveracruz.com\\\/wp-content\\\/uploads\\\/2026\\\/04\\\/IMG_5477.jpeg\",\"contentUrl\":\"https:\\\/\\\/lospoliticosveracruz.com\\\/wp-content\\\/uploads\\\/2026\\\/04\\\/IMG_5477.jpeg\",\"width\":600,\"height\":320},{\"@type\":\"BreadcrumbList\",\"@id\":\"https:\\\/\\\/lospoliticosveracruz.com\\\/?p=169999#breadcrumb\",\"itemListElement\":[{\"@type\":\"ListItem\",\"position\":1,\"name\":\"Portada\",\"item\":\"https:\\\/\\\/lospoliticosveracruz.com\\\/\"},{\"@type\":\"ListItem\",\"position\":2,\"name\":\"CONOCEN EL PALACIO MUNICIPAL!\"}]},{\"@type\":\"WebSite\",\"@id\":\"https:\\\/\\\/lospoliticosveracruz.com\\\/#website\",\"url\":\"https:\\\/\\\/lospoliticosveracruz.com\\\/\",\"name\":\"Los pol\u00edticos Veracruz\",\"description\":\"\",\"publisher\":{\"@id\":\"https:\\\/\\\/lospoliticosveracruz.com\\\/#organization\"},\"potentialAction\":[{\"@type\":\"SearchAction\",\"target\":{\"@type\":\"EntryPoint\",\"urlTemplate\":\"https:\\\/\\\/lospoliticosveracruz.com\\\/?s={search_term_string}\"},\"query-input\":{\"@type\":\"PropertyValueSpecification\",\"valueRequired\":true,\"valueName\":\"search_term_string\"}}],\"inLanguage\":\"es\"},{\"@type\":\"Organization\",\"@id\":\"https:\\\/\\\/lospoliticosveracruz.com\\\/#organization\",\"name\":\"Los pol\u00edticos Veracruz\",\"url\":\"https:\\\/\\\/lospoliticosveracruz.com\\\/\",\"logo\":{\"@type\":\"ImageObject\",\"inLanguage\":\"es\",\"@id\":\"https:\\\/\\\/lospoliticosveracruz.com\\\/#\\\/schema\\\/logo\\\/image\\\/\",\"url\":\"https:\\\/\\\/lospoliticosveracruz.com\\\/wp-content\\\/uploads\\\/2025\\\/12\\\/Logo-Nuevo-LOS-POLITICOS-1.jpg\",\"contentUrl\":\"https:\\\/\\\/lospoliticosveracruz.com\\\/wp-content\\\/uploads\\\/2025\\\/12\\\/Logo-Nuevo-LOS-POLITICOS-1.jpg\",\"width\":260,\"height\":70,\"caption\":\"Los pol\u00edticos Veracruz\"},\"image\":{\"@id\":\"https:\\\/\\\/lospoliticosveracruz.com\\\/#\\\/schema\\\/logo\\\/image\\\/\"},\"sameAs\":[\"https:\\\/\\\/www.facebook.com\\\/people\\\/Notimemes-de-los-Polticos\\\/61565672886568\\\/\",\"https:\\\/\\\/x.com\\\/LosPoliticosVer\"]},{\"@type\":\"Person\",\"@id\":\"https:\\\/\\\/lospoliticosveracruz.com\\\/#\\\/schema\\\/person\\\/b8702bb0e538456e6efd07080bf2a4a2\",\"name\":\"Lo viste en Los Pol\u00edticos\",\"image\":{\"@type\":\"ImageObject\",\"inLanguage\":\"es\",\"@id\":\"https:\\\/\\\/secure.gravatar.com\\\/avatar\\\/3a8de04a2656d44082be478bd6c086daa447c4651605818287b9532d3d0bd435?s=96&d=mm&r=g\",\"url\":\"https:\\\/\\\/secure.gravatar.com\\\/avatar\\\/3a8de04a2656d44082be478bd6c086daa447c4651605818287b9532d3d0bd435?s=96&d=mm&r=g\",\"contentUrl\":\"https:\\\/\\\/secure.gravatar.com\\\/avatar\\\/3a8de04a2656d44082be478bd6c086daa447c4651605818287b9532d3d0bd435?s=96&d=mm&r=g\",\"caption\":\"Lo viste en Los Pol\u00edticos\"},\"url\":\"https:\\\/\\\/lospoliticosveracruz.com\\\/?author=2\"}]}<\/script>\n<!-- \/ Yoast SEO plugin. -->","yoast_head_json":{"title":"CONOCEN EL PALACIO MUNICIPAL! - Los pol\u00edticos Veracruz","robots":{"index":"index","follow":"follow","max-snippet":"max-snippet:-1","max-image-preview":"max-image-preview:large","max-video-preview":"max-video-preview:-1"},"canonical":"https:\/\/lospoliticosveracruz.com\/?p=169999","og_locale":"es_ES","og_type":"article","og_title":"CONOCEN EL PALACIO MUNICIPAL! - Los pol\u00edticos Veracruz","og_description":"Este Ayuntamiento trabaja para que los derechos de las ni\u00f1as y los ni\u00f1os se respeten, vivan con seguridad, bien y felices, afirm\u00f3 la Alcaldesa, Lic. Daniela Griego Ceballos, al recibir en la Sala de Cabildo a alumnado de la escuela primaria Francisco Ferrer Guardia, como parte del programa Jornada C\u00edvica: Memoria y Ciudadan\u00eda. Patrimonio y [&hellip;]","og_url":"https:\/\/lospoliticosveracruz.com\/?p=169999","og_site_name":"Los pol\u00edticos Veracruz","article_publisher":"https:\/\/www.facebook.com\/people\/Notimemes-de-los-Polticos\/61565672886568\/","article_published_time":"2026-04-28T18:58:20+00:00","article_modified_time":"2026-04-28T18:58:23+00:00","og_image":[{"width":600,"height":320,"url":"https:\/\/lospoliticosveracruz.com\/wp-content\/uploads\/2026\/04\/IMG_5477.jpeg","type":"image\/jpeg"}],"author":"Lo viste en Los Pol\u00edticos","twitter_card":"summary_large_image","twitter_creator":"@LosPoliticosVer","twitter_site":"@LosPoliticosVer","twitter_misc":{"Escrito por":"Lo viste en Los Pol\u00edticos","Tiempo de lectura":"3 minutos"},"schema":{"@context":"https:\/\/schema.org","@graph":[{"@type":"Article","@id":"https:\/\/lospoliticosveracruz.com\/?p=169999#article","isPartOf":{"@id":"https:\/\/lospoliticosveracruz.com\/?p=169999"},"author":{"name":"Lo viste en Los Pol\u00edticos","@id":"https:\/\/lospoliticosveracruz.com\/#\/schema\/person\/b8702bb0e538456e6efd07080bf2a4a2"},"headline":"CONOCEN EL PALACIO MUNICIPAL!","datePublished":"2026-04-28T18:58:20+00:00","dateModified":"2026-04-28T18:58:23+00:00","mainEntityOfPage":{"@id":"https:\/\/lospoliticosveracruz.com\/?p=169999"},"wordCount":491,"publisher":{"@id":"https:\/\/lospoliticosveracruz.com\/#organization"},"image":{"@id":"https:\/\/lospoliticosveracruz.com\/?p=169999#primaryimage"},"thumbnailUrl":"https:\/\/lospoliticosveracruz.com\/wp-content\/uploads\/2026\/04\/IMG_5477.jpeg","keywords":["Daniela Griego Ceballos Xalapa 2026","Historia de Xalapa Archivo Municipal","Jornada C\u00edvica Xalapa Palacio Municipal","Primaria Francisco Ferrer Guardia Cabildo","Rehabilitaci\u00f3n parques Xalapa Los Lagos"],"articleSection":["Desde La Atenas"],"inLanguage":"es"},{"@type":"WebPage","@id":"https:\/\/lospoliticosveracruz.com\/?p=169999","url":"https:\/\/lospoliticosveracruz.com\/?p=169999","name":"CONOCEN EL PALACIO MUNICIPAL! - Los pol\u00edticos Veracruz","isPartOf":{"@id":"https:\/\/lospoliticosveracruz.com\/#website"},"primaryImageOfPage":{"@id":"https:\/\/lospoliticosveracruz.com\/?p=169999#primaryimage"},"image":{"@id":"https:\/\/lospoliticosveracruz.com\/?p=169999#primaryimage"},"thumbnailUrl":"https:\/\/lospoliticosveracruz.com\/wp-content\/uploads\/2026\/04\/IMG_5477.jpeg","datePublished":"2026-04-28T18:58:20+00:00","dateModified":"2026-04-28T18:58:23+00:00","breadcrumb":{"@id":"https:\/\/lospoliticosveracruz.com\/?p=169999#breadcrumb"},"inLanguage":"es","potentialAction":[{"@type":"ReadAction","target":["https:\/\/lospoliticosveracruz.com\/?p=169999"]}]},{"@type":"ImageObject","inLanguage":"es","@id":"https:\/\/lospoliticosveracruz.com\/?p=169999#primaryimage","url":"https:\/\/lospoliticosveracruz.com\/wp-content\/uploads\/2026\/04\/IMG_5477.jpeg","contentUrl":"https:\/\/lospoliticosveracruz.com\/wp-content\/uploads\/2026\/04\/IMG_5477.jpeg","width":600,"height":320},{"@type":"BreadcrumbList","@id":"https:\/\/lospoliticosveracruz.com\/?p=169999#breadcrumb","itemListElement":[{"@type":"ListItem","position":1,"name":"Portada","item":"https:\/\/lospoliticosveracruz.com\/"},{"@type":"ListItem","position":2,"name":"CONOCEN EL PALACIO MUNICIPAL!"}]},{"@type":"WebSite","@id":"https:\/\/lospoliticosveracruz.com\/#website","url":"https:\/\/lospoliticosveracruz.com\/","name":"Los pol\u00edticos Veracruz","description":"","publisher":{"@id":"https:\/\/lospoliticosveracruz.com\/#organization"},"potentialAction":[{"@type":"SearchAction","target":{"@type":"EntryPoint","urlTemplate":"https:\/\/lospoliticosveracruz.com\/?s={search_term_string}"},"query-input":{"@type":"PropertyValueSpecification","valueRequired":true,"valueName":"search_term_string"}}],"inLanguage":"es"},{"@type":"Organization","@id":"https:\/\/lospoliticosveracruz.com\/#organization","name":"Los pol\u00edticos Veracruz","url":"https:\/\/lospoliticosveracruz.com\/","logo":{"@type":"ImageObject","inLanguage":"es","@id":"https:\/\/lospoliticosveracruz.com\/#\/schema\/logo\/image\/","url":"https:\/\/lospoliticosveracruz.com\/wp-content\/uploads\/2025\/12\/Logo-Nuevo-LOS-POLITICOS-1.jpg","contentUrl":"https:\/\/lospoliticosveracruz.com\/wp-content\/uploads\/2025\/12\/Logo-Nuevo-LOS-POLITICOS-1.jpg","width":260,"height":70,"caption":"Los pol\u00edticos Veracruz"},"image":{"@id":"https:\/\/lospoliticosveracruz.com\/#\/schema\/logo\/image\/"},"sameAs":["https:\/\/www.facebook.com\/people\/Notimemes-de-los-Polticos\/61565672886568\/","https:\/\/x.com\/LosPoliticosVer"]},{"@type":"Person","@id":"https:\/\/lospoliticosveracruz.com\/#\/schema\/person\/b8702bb0e538456e6efd07080bf2a4a2","name":"Lo viste en Los Pol\u00edticos","image":{"@type":"ImageObject","inLanguage":"es","@id":"https:\/\/secure.gravatar.com\/avatar\/3a8de04a2656d44082be478bd6c086daa447c4651605818287b9532d3d0bd435?s=96&d=mm&r=g","url":"https:\/\/secure.gravatar.com\/avatar\/3a8de04a2656d44082be478bd6c086daa447c4651605818287b9532d3d0bd435?s=96&d=mm&r=g","contentUrl":"https:\/\/secure.gravatar.com\/avatar\/3a8de04a2656d44082be478bd6c086daa447c4651605818287b9532d3d0bd435?s=96&d=mm&r=g","caption":"Lo viste en Los Pol\u00edticos"},"url":"https:\/\/lospoliticosveracruz.com\/?author=2"}]}},"_links":{"self":[{"href":"https:\/\/lospoliticosveracruz.com\/index.php?rest_route=\/wp\/v2\/posts\/169999","targetHints":{"allow":["GET"]}}],"collection":[{"href":"https:\/\/lospoliticosveracruz.com\/index.php?rest_route=\/wp\/v2\/posts"}],"about":[{"href":"https:\/\/lospoliticosveracruz.com\/index.php?rest_route=\/wp\/v2\/types\/post"}],"author":[{"embeddable":true,"href":"https:\/\/lospoliticosveracruz.com\/index.php?rest_route=\/wp\/v2\/users\/2"}],"replies":[{"embeddable":true,"href":"https:\/\/lospoliticosveracruz.com\/index.php?rest_route=%2Fwp%2Fv2%2Fcomments&post=169999"}],"version-history":[{"count":2,"href":"https:\/\/lospoliticosveracruz.com\/index.php?rest_route=\/wp\/v2\/posts\/169999\/revisions"}],"predecessor-version":[{"id":170002,"href":"https:\/\/lospoliticosveracruz.com\/index.php?rest_route=\/wp\/v2\/posts\/169999\/revisions\/170002"}],"wp:featuredmedia":[{"embeddable":true,"href":"https:\/\/lospoliticosveracruz.com\/index.php?rest_route=\/wp\/v2\/media\/170000"}],"wp:attachment":[{"href":"https:\/\/lospoliticosveracruz.com\/index.php?rest_route=%2Fwp%2Fv2%2Fmedia&parent=169999"}],"wp:term":[{"taxonomy":"category","embeddable":true,"href":"https:\/\/lospoliticosveracruz.com\/index.php?rest_route=%2Fwp%2Fv2%2Fcategories&post=169999"},{"taxonomy":"post_tag","embeddable":true,"href":"https:\/\/lospoliticosveracruz.com\/index.php?rest_route=%2Fwp%2Fv2%2Ftags&post=169999"}],"curies":[{"name":"wp","href":"https:\/\/api.w.org\/{rel}","templated":true}]}}