{"id":170003,"date":"2026-04-28T13:18:19","date_gmt":"2026-04-28T19:18:19","guid":{"rendered":"https:\/\/lospoliticosveracruz.com\/?p=170003"},"modified":"2026-04-28T13:18:20","modified_gmt":"2026-04-28T19:18:20","slug":"se-aplica-subsecretaria-con-amenazas-de-tiroteos","status":"publish","type":"post","link":"https:\/\/lospoliticosveracruz.com\/?p=170003","title":{"rendered":"SE APLICA SUBSECRETAR\u00cdA CON AMENAZAS DE TIROTEOS!"},"content":{"rendered":"\n<p><strong>Angeles Gonz\u00e1lez Ceballos<\/strong><\/p>\n\n\n\n<p>El subsecretario de Educaci\u00f3n Media Superior y Superior, David Agust\u00edn Jim\u00e9nez Rojas, defini\u00f3 que han realizado cuatro operativos y aplicaci\u00f3n de los protocolos respectivos por el reto de colocar amenazas de \u00a8tiroteo\u00a8 en los ba\u00f1os de los planteles escolares.<\/p>\n\n\n\n<p>Entrevistado en el Congreso local, coment\u00f3 que los casos han ocurrido en Xalapa y Coatepec, pero se han atendido y platicado con los padres de familia para hacer la revisi\u00f3n de las mochilas, pero no han encontrado nada.<\/p>\n\n\n\n<p>\u00a8No solamente es una situaci\u00f3n de Veracruz, es una situaci\u00f3n que se dio a nivel nacional, no sabemos que alumnos fueron, solamente se han encontrado los mensajes en los ba\u00f1os\u00a8, asever\u00f3 y reconoci\u00f3 que es necesario contar con psic\u00f3logos y que se establezcan los canales de comunicaci\u00f3n con los padres y madres de familia para sensibilizarlos.<\/p>\n\n\n\n<p>Por otra parte, se deslind\u00f3 de las lonas que aparecieron con mensajes de recompensa para localizar al exsubsecretario El\u00edas Calixto y en el caso de tener indicios que se presenten las denuncias correspondientes.<\/p>\n\n\n\n<p>En otro tema, respecto del llamado c\u00e1rtel inmobiliario, el exdirector de Patrimonio del Estado en la administraci\u00f3n de Cuitl\u00e1huac Garc\u00eda, defini\u00f3 que compareci\u00f3 en la carpeta de investigaci\u00f3n en calidad de testigo.<\/p>\n\n\n\n<p>\u00a8La carpeta ya se agot\u00f3, no tuvo elementos\u00a8, indic\u00f3 y expres\u00f3 que si se investiga a fondo durante su gesti\u00f3n al frente de dicha dependencia, logr\u00f3 que se iniciara un proceso de modernizaci\u00f3n tanto para el Registro P\u00fablico de la Propiedad como para el Catastro.<\/p>\n\n\n\n<p>En ese sentido, asegur\u00f3 que se invirtieron 20 millones de pesos para impulsar la digitalizaci\u00f3n de los documentos, adem\u00e1s de que impulsaron los primeros y segundos avisos electr\u00f3nicos para evitar los fraudes inmobiliarios.<\/p>\n\n\n\n<p>\u00a8Dejamos las bases para el folio real electr\u00f3nico, desconozco despu\u00e9s de la entrega-recepci\u00f3n qu\u00e9 hicieron o si est\u00e1 operando, pero el Sistema Registral Notarial fue hecho en mi gesti\u00f3n para evitar todos los fraudes inmobiliarios\u00a8, sostuvo.<\/p>\n\n\n\n<p><\/p>\n","protected":false},"excerpt":{"rendered":"<p>Angeles Gonz\u00e1lez Ceballos El subsecretario de Educaci\u00f3n Media Superior y Superior, David Agust\u00edn Jim\u00e9nez Rojas, defini\u00f3 que han realizado cuatro operativos y aplicaci\u00f3n de los protocolos respectivos por el reto de colocar amenazas de \u00a8tiroteo\u00a8 en los ba\u00f1os de los planteles escolares. Entrevistado en el Congreso local, coment\u00f3 que los casos han ocurrido en Xalapa [&hellip;]<\/p>\n","protected":false},"author":2,"featured_media":170004,"comment_status":"closed","ping_status":"closed","sticky":false,"template":"","format":"standard","meta":{"tdm_status":"","tdm_grid_status":"","footnotes":""},"categories":[6446],"tags":[62543,62540,62542,62544,62541],"class_list":{"0":"post-170003","1":"post","2":"type-post","3":"status-publish","4":"format-standard","5":"has-post-thumbnail","7":"category-la-nota","8":"tag-amenazas-tiroteo-escuelas-xalapa-hoy","9":"tag-david-agustin-jimenez-rojas-veracruz-2026","10":"tag-elias-calixto-recompensas-lonas","11":"tag-fraude-inmobiliario-veracruz-prevencion","12":"tag-protocolo-mochila-segura-veracruz"},"yoast_head":"<!-- This site is optimized with the Yoast SEO plugin v27.4 - https:\/\/yoast.com\/product\/yoast-seo-wordpress\/ -->\n<title>SE APLICA SUBSECRETAR\u00cdA CON AMENAZAS DE TIROTEOS! - Los pol\u00edticos Veracruz<\/title>\n<meta name=\"robots\" content=\"index, follow, max-snippet:-1, max-image-preview:large, max-video-preview:-1\" \/>\n<link rel=\"canonical\" href=\"https:\/\/lospoliticosveracruz.com\/?p=170003\" \/>\n<meta property=\"og:locale\" content=\"es_ES\" \/>\n<meta property=\"og:type\" content=\"article\" \/>\n<meta property=\"og:title\" content=\"SE APLICA SUBSECRETAR\u00cdA CON AMENAZAS DE TIROTEOS! - Los pol\u00edticos Veracruz\" \/>\n<meta property=\"og:description\" content=\"Angeles Gonz\u00e1lez Ceballos El subsecretario de Educaci\u00f3n Media Superior y Superior, David Agust\u00edn Jim\u00e9nez Rojas, defini\u00f3 que han realizado cuatro operativos y aplicaci\u00f3n de los protocolos respectivos por el reto de colocar amenazas de \u00a8tiroteo\u00a8 en los ba\u00f1os de los planteles escolares. Entrevistado en el Congreso local, coment\u00f3 que los casos han ocurrido en Xalapa [&hellip;]\" \/>\n<meta property=\"og:url\" content=\"https:\/\/lospoliticosveracruz.com\/?p=170003\" \/>\n<meta property=\"og:site_name\" content=\"Los pol\u00edticos Veracruz\" \/>\n<meta property=\"article:publisher\" content=\"https:\/\/www.facebook.com\/people\/Notimemes-de-los-Polticos\/61565672886568\/\" \/>\n<meta property=\"article:published_time\" content=\"2026-04-28T19:18:19+00:00\" \/>\n<meta property=\"article:modified_time\" content=\"2026-04-28T19:18:20+00:00\" \/>\n<meta property=\"og:image\" content=\"https:\/\/lospoliticosveracruz.com\/wp-content\/uploads\/2026\/04\/David-Agustin-Jimenez-Rojas-1.jpg\" \/>\n\t<meta property=\"og:image:width\" content=\"600\" \/>\n\t<meta property=\"og:image:height\" content=\"320\" \/>\n\t<meta property=\"og:image:type\" content=\"image\/jpeg\" \/>\n<meta name=\"author\" content=\"Lo viste en Los Pol\u00edticos\" \/>\n<meta name=\"twitter:card\" content=\"summary_large_image\" \/>\n<meta name=\"twitter:creator\" content=\"@LosPoliticosVer\" \/>\n<meta name=\"twitter:site\" content=\"@LosPoliticosVer\" \/>\n<meta name=\"twitter:label1\" content=\"Escrito por\" \/>\n\t<meta name=\"twitter:data1\" content=\"Lo viste en Los Pol\u00edticos\" \/>\n\t<meta name=\"twitter:label2\" content=\"Tiempo de lectura\" \/>\n\t<meta name=\"twitter:data2\" content=\"2 minutos\" \/>\n<script type=\"application\/ld+json\" class=\"yoast-schema-graph\">{\"@context\":\"https:\\\/\\\/schema.org\",\"@graph\":[{\"@type\":\"Article\",\"@id\":\"https:\\\/\\\/lospoliticosveracruz.com\\\/?p=170003#article\",\"isPartOf\":{\"@id\":\"https:\\\/\\\/lospoliticosveracruz.com\\\/?p=170003\"},\"author\":{\"name\":\"Lo viste en Los Pol\u00edticos\",\"@id\":\"https:\\\/\\\/lospoliticosveracruz.com\\\/#\\\/schema\\\/person\\\/b8702bb0e538456e6efd07080bf2a4a2\"},\"headline\":\"SE APLICA SUBSECRETAR\u00cdA CON AMENAZAS DE TIROTEOS!\",\"datePublished\":\"2026-04-28T19:18:19+00:00\",\"dateModified\":\"2026-04-28T19:18:20+00:00\",\"mainEntityOfPage\":{\"@id\":\"https:\\\/\\\/lospoliticosveracruz.com\\\/?p=170003\"},\"wordCount\":350,\"publisher\":{\"@id\":\"https:\\\/\\\/lospoliticosveracruz.com\\\/#organization\"},\"image\":{\"@id\":\"https:\\\/\\\/lospoliticosveracruz.com\\\/?p=170003#primaryimage\"},\"thumbnailUrl\":\"https:\\\/\\\/lospoliticosveracruz.com\\\/wp-content\\\/uploads\\\/2026\\\/04\\\/David-Agustin-Jimenez-Rojas-1.jpg\",\"keywords\":[\"Amenazas tiroteo escuelas Xalapa hoy\",\"David Agust\u00edn Jim\u00e9nez Rojas Veracruz 2026\",\"El\u00edas Calixto recompensas lonas\",\"Fraude inmobiliario Veracruz prevenci\u00f3n\",\"Protocolo mochila segura Veracruz\"],\"articleSection\":[\"La Nota\"],\"inLanguage\":\"es\"},{\"@type\":\"WebPage\",\"@id\":\"https:\\\/\\\/lospoliticosveracruz.com\\\/?p=170003\",\"url\":\"https:\\\/\\\/lospoliticosveracruz.com\\\/?p=170003\",\"name\":\"SE APLICA SUBSECRETAR\u00cdA CON AMENAZAS DE TIROTEOS! - Los pol\u00edticos Veracruz\",\"isPartOf\":{\"@id\":\"https:\\\/\\\/lospoliticosveracruz.com\\\/#website\"},\"primaryImageOfPage\":{\"@id\":\"https:\\\/\\\/lospoliticosveracruz.com\\\/?p=170003#primaryimage\"},\"image\":{\"@id\":\"https:\\\/\\\/lospoliticosveracruz.com\\\/?p=170003#primaryimage\"},\"thumbnailUrl\":\"https:\\\/\\\/lospoliticosveracruz.com\\\/wp-content\\\/uploads\\\/2026\\\/04\\\/David-Agustin-Jimenez-Rojas-1.jpg\",\"datePublished\":\"2026-04-28T19:18:19+00:00\",\"dateModified\":\"2026-04-28T19:18:20+00:00\",\"breadcrumb\":{\"@id\":\"https:\\\/\\\/lospoliticosveracruz.com\\\/?p=170003#breadcrumb\"},\"inLanguage\":\"es\",\"potentialAction\":[{\"@type\":\"ReadAction\",\"target\":[\"https:\\\/\\\/lospoliticosveracruz.com\\\/?p=170003\"]}]},{\"@type\":\"ImageObject\",\"inLanguage\":\"es\",\"@id\":\"https:\\\/\\\/lospoliticosveracruz.com\\\/?p=170003#primaryimage\",\"url\":\"https:\\\/\\\/lospoliticosveracruz.com\\\/wp-content\\\/uploads\\\/2026\\\/04\\\/David-Agustin-Jimenez-Rojas-1.jpg\",\"contentUrl\":\"https:\\\/\\\/lospoliticosveracruz.com\\\/wp-content\\\/uploads\\\/2026\\\/04\\\/David-Agustin-Jimenez-Rojas-1.jpg\",\"width\":600,\"height\":320},{\"@type\":\"BreadcrumbList\",\"@id\":\"https:\\\/\\\/lospoliticosveracruz.com\\\/?p=170003#breadcrumb\",\"itemListElement\":[{\"@type\":\"ListItem\",\"position\":1,\"name\":\"Portada\",\"item\":\"https:\\\/\\\/lospoliticosveracruz.com\\\/\"},{\"@type\":\"ListItem\",\"position\":2,\"name\":\"SE APLICA SUBSECRETAR\u00cdA CON AMENAZAS DE TIROTEOS!\"}]},{\"@type\":\"WebSite\",\"@id\":\"https:\\\/\\\/lospoliticosveracruz.com\\\/#website\",\"url\":\"https:\\\/\\\/lospoliticosveracruz.com\\\/\",\"name\":\"Los pol\u00edticos Veracruz\",\"description\":\"\",\"publisher\":{\"@id\":\"https:\\\/\\\/lospoliticosveracruz.com\\\/#organization\"},\"potentialAction\":[{\"@type\":\"SearchAction\",\"target\":{\"@type\":\"EntryPoint\",\"urlTemplate\":\"https:\\\/\\\/lospoliticosveracruz.com\\\/?s={search_term_string}\"},\"query-input\":{\"@type\":\"PropertyValueSpecification\",\"valueRequired\":true,\"valueName\":\"search_term_string\"}}],\"inLanguage\":\"es\"},{\"@type\":\"Organization\",\"@id\":\"https:\\\/\\\/lospoliticosveracruz.com\\\/#organization\",\"name\":\"Los pol\u00edticos Veracruz\",\"url\":\"https:\\\/\\\/lospoliticosveracruz.com\\\/\",\"logo\":{\"@type\":\"ImageObject\",\"inLanguage\":\"es\",\"@id\":\"https:\\\/\\\/lospoliticosveracruz.com\\\/#\\\/schema\\\/logo\\\/image\\\/\",\"url\":\"https:\\\/\\\/lospoliticosveracruz.com\\\/wp-content\\\/uploads\\\/2025\\\/12\\\/Logo-Nuevo-LOS-POLITICOS-1.jpg\",\"contentUrl\":\"https:\\\/\\\/lospoliticosveracruz.com\\\/wp-content\\\/uploads\\\/2025\\\/12\\\/Logo-Nuevo-LOS-POLITICOS-1.jpg\",\"width\":260,\"height\":70,\"caption\":\"Los pol\u00edticos Veracruz\"},\"image\":{\"@id\":\"https:\\\/\\\/lospoliticosveracruz.com\\\/#\\\/schema\\\/logo\\\/image\\\/\"},\"sameAs\":[\"https:\\\/\\\/www.facebook.com\\\/people\\\/Notimemes-de-los-Polticos\\\/61565672886568\\\/\",\"https:\\\/\\\/x.com\\\/LosPoliticosVer\"]},{\"@type\":\"Person\",\"@id\":\"https:\\\/\\\/lospoliticosveracruz.com\\\/#\\\/schema\\\/person\\\/b8702bb0e538456e6efd07080bf2a4a2\",\"name\":\"Lo viste en Los Pol\u00edticos\",\"image\":{\"@type\":\"ImageObject\",\"inLanguage\":\"es\",\"@id\":\"https:\\\/\\\/secure.gravatar.com\\\/avatar\\\/3a8de04a2656d44082be478bd6c086daa447c4651605818287b9532d3d0bd435?s=96&d=mm&r=g\",\"url\":\"https:\\\/\\\/secure.gravatar.com\\\/avatar\\\/3a8de04a2656d44082be478bd6c086daa447c4651605818287b9532d3d0bd435?s=96&d=mm&r=g\",\"contentUrl\":\"https:\\\/\\\/secure.gravatar.com\\\/avatar\\\/3a8de04a2656d44082be478bd6c086daa447c4651605818287b9532d3d0bd435?s=96&d=mm&r=g\",\"caption\":\"Lo viste en Los Pol\u00edticos\"},\"url\":\"https:\\\/\\\/lospoliticosveracruz.com\\\/?author=2\"}]}<\/script>\n<!-- \/ Yoast SEO plugin. -->","yoast_head_json":{"title":"SE APLICA SUBSECRETAR\u00cdA CON AMENAZAS DE TIROTEOS! - Los pol\u00edticos Veracruz","robots":{"index":"index","follow":"follow","max-snippet":"max-snippet:-1","max-image-preview":"max-image-preview:large","max-video-preview":"max-video-preview:-1"},"canonical":"https:\/\/lospoliticosveracruz.com\/?p=170003","og_locale":"es_ES","og_type":"article","og_title":"SE APLICA SUBSECRETAR\u00cdA CON AMENAZAS DE TIROTEOS! - Los pol\u00edticos Veracruz","og_description":"Angeles Gonz\u00e1lez Ceballos El subsecretario de Educaci\u00f3n Media Superior y Superior, David Agust\u00edn Jim\u00e9nez Rojas, defini\u00f3 que han realizado cuatro operativos y aplicaci\u00f3n de los protocolos respectivos por el reto de colocar amenazas de \u00a8tiroteo\u00a8 en los ba\u00f1os de los planteles escolares. Entrevistado en el Congreso local, coment\u00f3 que los casos han ocurrido en Xalapa [&hellip;]","og_url":"https:\/\/lospoliticosveracruz.com\/?p=170003","og_site_name":"Los pol\u00edticos Veracruz","article_publisher":"https:\/\/www.facebook.com\/people\/Notimemes-de-los-Polticos\/61565672886568\/","article_published_time":"2026-04-28T19:18:19+00:00","article_modified_time":"2026-04-28T19:18:20+00:00","og_image":[{"width":600,"height":320,"url":"https:\/\/lospoliticosveracruz.com\/wp-content\/uploads\/2026\/04\/David-Agustin-Jimenez-Rojas-1.jpg","type":"image\/jpeg"}],"author":"Lo viste en Los Pol\u00edticos","twitter_card":"summary_large_image","twitter_creator":"@LosPoliticosVer","twitter_site":"@LosPoliticosVer","twitter_misc":{"Escrito por":"Lo viste en Los Pol\u00edticos","Tiempo de lectura":"2 minutos"},"schema":{"@context":"https:\/\/schema.org","@graph":[{"@type":"Article","@id":"https:\/\/lospoliticosveracruz.com\/?p=170003#article","isPartOf":{"@id":"https:\/\/lospoliticosveracruz.com\/?p=170003"},"author":{"name":"Lo viste en Los Pol\u00edticos","@id":"https:\/\/lospoliticosveracruz.com\/#\/schema\/person\/b8702bb0e538456e6efd07080bf2a4a2"},"headline":"SE APLICA SUBSECRETAR\u00cdA CON AMENAZAS DE TIROTEOS!","datePublished":"2026-04-28T19:18:19+00:00","dateModified":"2026-04-28T19:18:20+00:00","mainEntityOfPage":{"@id":"https:\/\/lospoliticosveracruz.com\/?p=170003"},"wordCount":350,"publisher":{"@id":"https:\/\/lospoliticosveracruz.com\/#organization"},"image":{"@id":"https:\/\/lospoliticosveracruz.com\/?p=170003#primaryimage"},"thumbnailUrl":"https:\/\/lospoliticosveracruz.com\/wp-content\/uploads\/2026\/04\/David-Agustin-Jimenez-Rojas-1.jpg","keywords":["Amenazas tiroteo escuelas Xalapa hoy","David Agust\u00edn Jim\u00e9nez Rojas Veracruz 2026","El\u00edas Calixto recompensas lonas","Fraude inmobiliario Veracruz prevenci\u00f3n","Protocolo mochila segura Veracruz"],"articleSection":["La Nota"],"inLanguage":"es"},{"@type":"WebPage","@id":"https:\/\/lospoliticosveracruz.com\/?p=170003","url":"https:\/\/lospoliticosveracruz.com\/?p=170003","name":"SE APLICA SUBSECRETAR\u00cdA CON AMENAZAS DE TIROTEOS! - Los pol\u00edticos Veracruz","isPartOf":{"@id":"https:\/\/lospoliticosveracruz.com\/#website"},"primaryImageOfPage":{"@id":"https:\/\/lospoliticosveracruz.com\/?p=170003#primaryimage"},"image":{"@id":"https:\/\/lospoliticosveracruz.com\/?p=170003#primaryimage"},"thumbnailUrl":"https:\/\/lospoliticosveracruz.com\/wp-content\/uploads\/2026\/04\/David-Agustin-Jimenez-Rojas-1.jpg","datePublished":"2026-04-28T19:18:19+00:00","dateModified":"2026-04-28T19:18:20+00:00","breadcrumb":{"@id":"https:\/\/lospoliticosveracruz.com\/?p=170003#breadcrumb"},"inLanguage":"es","potentialAction":[{"@type":"ReadAction","target":["https:\/\/lospoliticosveracruz.com\/?p=170003"]}]},{"@type":"ImageObject","inLanguage":"es","@id":"https:\/\/lospoliticosveracruz.com\/?p=170003#primaryimage","url":"https:\/\/lospoliticosveracruz.com\/wp-content\/uploads\/2026\/04\/David-Agustin-Jimenez-Rojas-1.jpg","contentUrl":"https:\/\/lospoliticosveracruz.com\/wp-content\/uploads\/2026\/04\/David-Agustin-Jimenez-Rojas-1.jpg","width":600,"height":320},{"@type":"BreadcrumbList","@id":"https:\/\/lospoliticosveracruz.com\/?p=170003#breadcrumb","itemListElement":[{"@type":"ListItem","position":1,"name":"Portada","item":"https:\/\/lospoliticosveracruz.com\/"},{"@type":"ListItem","position":2,"name":"SE APLICA SUBSECRETAR\u00cdA CON AMENAZAS DE TIROTEOS!"}]},{"@type":"WebSite","@id":"https:\/\/lospoliticosveracruz.com\/#website","url":"https:\/\/lospoliticosveracruz.com\/","name":"Los pol\u00edticos Veracruz","description":"","publisher":{"@id":"https:\/\/lospoliticosveracruz.com\/#organization"},"potentialAction":[{"@type":"SearchAction","target":{"@type":"EntryPoint","urlTemplate":"https:\/\/lospoliticosveracruz.com\/?s={search_term_string}"},"query-input":{"@type":"PropertyValueSpecification","valueRequired":true,"valueName":"search_term_string"}}],"inLanguage":"es"},{"@type":"Organization","@id":"https:\/\/lospoliticosveracruz.com\/#organization","name":"Los pol\u00edticos Veracruz","url":"https:\/\/lospoliticosveracruz.com\/","logo":{"@type":"ImageObject","inLanguage":"es","@id":"https:\/\/lospoliticosveracruz.com\/#\/schema\/logo\/image\/","url":"https:\/\/lospoliticosveracruz.com\/wp-content\/uploads\/2025\/12\/Logo-Nuevo-LOS-POLITICOS-1.jpg","contentUrl":"https:\/\/lospoliticosveracruz.com\/wp-content\/uploads\/2025\/12\/Logo-Nuevo-LOS-POLITICOS-1.jpg","width":260,"height":70,"caption":"Los pol\u00edticos Veracruz"},"image":{"@id":"https:\/\/lospoliticosveracruz.com\/#\/schema\/logo\/image\/"},"sameAs":["https:\/\/www.facebook.com\/people\/Notimemes-de-los-Polticos\/61565672886568\/","https:\/\/x.com\/LosPoliticosVer"]},{"@type":"Person","@id":"https:\/\/lospoliticosveracruz.com\/#\/schema\/person\/b8702bb0e538456e6efd07080bf2a4a2","name":"Lo viste en Los Pol\u00edticos","image":{"@type":"ImageObject","inLanguage":"es","@id":"https:\/\/secure.gravatar.com\/avatar\/3a8de04a2656d44082be478bd6c086daa447c4651605818287b9532d3d0bd435?s=96&d=mm&r=g","url":"https:\/\/secure.gravatar.com\/avatar\/3a8de04a2656d44082be478bd6c086daa447c4651605818287b9532d3d0bd435?s=96&d=mm&r=g","contentUrl":"https:\/\/secure.gravatar.com\/avatar\/3a8de04a2656d44082be478bd6c086daa447c4651605818287b9532d3d0bd435?s=96&d=mm&r=g","caption":"Lo viste en Los Pol\u00edticos"},"url":"https:\/\/lospoliticosveracruz.com\/?author=2"}]}},"_links":{"self":[{"href":"https:\/\/lospoliticosveracruz.com\/index.php?rest_route=\/wp\/v2\/posts\/170003","targetHints":{"allow":["GET"]}}],"collection":[{"href":"https:\/\/lospoliticosveracruz.com\/index.php?rest_route=\/wp\/v2\/posts"}],"about":[{"href":"https:\/\/lospoliticosveracruz.com\/index.php?rest_route=\/wp\/v2\/types\/post"}],"author":[{"embeddable":true,"href":"https:\/\/lospoliticosveracruz.com\/index.php?rest_route=\/wp\/v2\/users\/2"}],"replies":[{"embeddable":true,"href":"https:\/\/lospoliticosveracruz.com\/index.php?rest_route=%2Fwp%2Fv2%2Fcomments&post=170003"}],"version-history":[{"count":1,"href":"https:\/\/lospoliticosveracruz.com\/index.php?rest_route=\/wp\/v2\/posts\/170003\/revisions"}],"predecessor-version":[{"id":170005,"href":"https:\/\/lospoliticosveracruz.com\/index.php?rest_route=\/wp\/v2\/posts\/170003\/revisions\/170005"}],"wp:featuredmedia":[{"embeddable":true,"href":"https:\/\/lospoliticosveracruz.com\/index.php?rest_route=\/wp\/v2\/media\/170004"}],"wp:attachment":[{"href":"https:\/\/lospoliticosveracruz.com\/index.php?rest_route=%2Fwp%2Fv2%2Fmedia&parent=170003"}],"wp:term":[{"taxonomy":"category","embeddable":true,"href":"https:\/\/lospoliticosveracruz.com\/index.php?rest_route=%2Fwp%2Fv2%2Fcategories&post=170003"},{"taxonomy":"post_tag","embeddable":true,"href":"https:\/\/lospoliticosveracruz.com\/index.php?rest_route=%2Fwp%2Fv2%2Ftags&post=170003"}],"curies":[{"name":"wp","href":"https:\/\/api.w.org\/{rel}","templated":true}]}}