{"id":170018,"date":"2026-04-28T16:01:38","date_gmt":"2026-04-28T22:01:38","guid":{"rendered":"https:\/\/lospoliticosveracruz.com\/?p=170018"},"modified":"2026-04-28T16:01:39","modified_gmt":"2026-04-28T22:01:39","slug":"felices-65","status":"publish","type":"post","link":"https:\/\/lospoliticosveracruz.com\/?p=170018","title":{"rendered":"\u00a1FELICES 65!"},"content":{"rendered":"\n<p><strong>Juan Javier G\u00f3mez Cazar\u00edn<\/strong><\/p>\n\n\n\n<p><em>Lo que yo pienso<\/em><\/p>\n\n\n\n<p>En Veracruz, m\u00e1s o menos 56 mil personas al a\u00f1o cumplen 65 a\u00f1os. Y la Constituci\u00f3n, reformada por la 4T, se\u00f1ala que todas ellas tienen derecho a recibir su Pensi\u00f3n para el Bienestar de las Personas Adultas Mayores.<\/p>\n\n\n\n<p>Pero hay un detalle t\u00e9cnico: obviamente, no todas las personas cumplen a\u00f1os el mismo d\u00eda. Entonces, hay que actualizar el padr\u00f3n de manera permanente.<\/p>\n\n\n\n<p>Ser\u00eda muy c\u00f3modo hacerlo cada a\u00f1o o dos veces al a\u00f1o, cuando mucho. Muy c\u00f3modo para nosotros, pero muy injusto para ellas y ellos, porque se perder\u00edan algunos meses de pensi\u00f3n a la que tienen todo el derecho del mundo.<\/p>\n\n\n\n<p>Porque lo dice la Constituci\u00f3n, pero tambi\u00e9n porque ya chambearon toda una vida, contribuyendo a la construcci\u00f3n del pa\u00eds; la mayor\u00eda de ellas y ellos, sin una jubilaci\u00f3n justa.<\/p>\n\n\n\n<p>As\u00ed que, como la Pensi\u00f3n se paga cada bimestre, la instrucci\u00f3n de la presidenta Claudia Sheinbaum y de la secretaria Ariadna Montiel es actualizar el padr\u00f3n cada dos meses.<\/p>\n\n\n\n<p>Lo mismo aplica para la Pensi\u00f3n Mujeres Bienestar, que es para las se\u00f1oras que cumplen 60 a\u00f1os (y que, cuando cumplen 65 a\u00f1os, se incorporan en autom\u00e1tico a la de Adultas Mayores).<\/p>\n\n\n\n<p>Precisamente, el periodo de incorporaci\u00f3n de este bimestre empez\u00f3 ayer lunes. Vamos a chambear toda la semana, hasta el domingo, en los m\u00f3dulos que tenemos en todo el estado para que ninguna veracruzana ni ning\u00fan veracruzano se quede fuera de ejercer su derecho.<\/p>\n\n\n\n<p>Es un mundo de trabajo por todo Veracruz, pero todas y todos en la Delegaci\u00f3n lo hacemos con mucho amor y compromiso con la transformaci\u00f3n, coordinados con la gobernadora Roc\u00edo Nahle.<\/p>\n\n\n\n<p>Si saben de alguien, ay\u00fadennos a que se acerque al m\u00f3dulo m\u00e1s cercano, que pueden ubicar en Internet (gob.mx\/bienestar).<\/p>\n\n\n\n<p>P. D. Pareciera que los corredores fu\u00e9ramos de la mala vida. Siempre nos quejamos y siempre lo volvemos a hacer, \u00bfverdad? La neta, correr en Xalapa tiene todo mi respeto. La altura no es como la de la Ciudad de M\u00e9xico (que s\u00ed pega), pero las subidas y bajadas xalape\u00f1as no tienen comparaci\u00f3n. El domingo me avent\u00e9 21 kil\u00f3metros del Marat\u00f3n Atenas Veracruzana, con mucho orgullo.<\/p>\n","protected":false},"excerpt":{"rendered":"<p>Juan Javier G\u00f3mez Cazar\u00edn Lo que yo pienso En Veracruz, m\u00e1s o menos 56 mil personas al a\u00f1o cumplen 65 a\u00f1os. Y la Constituci\u00f3n, reformada por la 4T, se\u00f1ala que todas ellas tienen derecho a recibir su Pensi\u00f3n para el Bienestar de las Personas Adultas Mayores. Pero hay un detalle t\u00e9cnico: obviamente, no todas las [&hellip;]<\/p>\n","protected":false},"author":2,"featured_media":141393,"comment_status":"closed","ping_status":"closed","sticky":false,"template":"","format":"standard","meta":{"tdm_status":"","tdm_grid_status":"","footnotes":""},"categories":[70],"tags":[62564,62565,62563,62566,62562],"class_list":{"0":"post-170018","1":"post","2":"type-post","3":"status-publish","4":"format-standard","5":"has-post-thumbnail","7":"category-de-opinion","8":"tag-inscripcion-pension-mujeres-bienestar-abril","9":"tag-juan-javier-gomez-cazarin-columna","10":"tag-maraton-atenas-veracruzana-2026-resultados","11":"tag-modulos-bienestar-veracruz-rocio-nahle","12":"tag-pension-bienestar-veracruz-2026-registro"},"yoast_head":"<!-- This site is optimized with the Yoast SEO plugin v27.4 - https:\/\/yoast.com\/product\/yoast-seo-wordpress\/ -->\n<title>\u00a1FELICES 65! - Los pol\u00edticos Veracruz<\/title>\n<meta name=\"robots\" content=\"index, follow, max-snippet:-1, max-image-preview:large, max-video-preview:-1\" \/>\n<link rel=\"canonical\" href=\"https:\/\/lospoliticosveracruz.com\/?p=170018\" \/>\n<meta property=\"og:locale\" content=\"es_ES\" \/>\n<meta property=\"og:type\" content=\"article\" \/>\n<meta property=\"og:title\" content=\"\u00a1FELICES 65! - Los pol\u00edticos Veracruz\" \/>\n<meta property=\"og:description\" content=\"Juan Javier G\u00f3mez Cazar\u00edn Lo que yo pienso En Veracruz, m\u00e1s o menos 56 mil personas al a\u00f1o cumplen 65 a\u00f1os. Y la Constituci\u00f3n, reformada por la 4T, se\u00f1ala que todas ellas tienen derecho a recibir su Pensi\u00f3n para el Bienestar de las Personas Adultas Mayores. Pero hay un detalle t\u00e9cnico: obviamente, no todas las [&hellip;]\" \/>\n<meta property=\"og:url\" content=\"https:\/\/lospoliticosveracruz.com\/?p=170018\" \/>\n<meta property=\"og:site_name\" content=\"Los pol\u00edticos Veracruz\" \/>\n<meta property=\"article:publisher\" content=\"https:\/\/www.facebook.com\/people\/Notimemes-de-los-Polticos\/61565672886568\/\" \/>\n<meta property=\"article:published_time\" content=\"2026-04-28T22:01:38+00:00\" \/>\n<meta property=\"article:modified_time\" content=\"2026-04-28T22:01:39+00:00\" \/>\n<meta property=\"og:image\" content=\"https:\/\/lospoliticosveracruz.com\/wp-content\/uploads\/2025\/04\/Juan-Javier-Gomez-Cazarin-e1774370039950.jpg\" \/>\n\t<meta property=\"og:image:width\" content=\"600\" \/>\n\t<meta property=\"og:image:height\" content=\"320\" \/>\n\t<meta property=\"og:image:type\" content=\"image\/jpeg\" \/>\n<meta name=\"author\" content=\"Lo viste en Los Pol\u00edticos\" \/>\n<meta name=\"twitter:card\" content=\"summary_large_image\" \/>\n<meta name=\"twitter:creator\" content=\"@LosPoliticosVer\" \/>\n<meta name=\"twitter:site\" content=\"@LosPoliticosVer\" \/>\n<meta name=\"twitter:label1\" content=\"Escrito por\" \/>\n\t<meta name=\"twitter:data1\" content=\"Lo viste en Los Pol\u00edticos\" \/>\n\t<meta name=\"twitter:label2\" content=\"Tiempo de lectura\" \/>\n\t<meta name=\"twitter:data2\" content=\"2 minutos\" \/>\n<script type=\"application\/ld+json\" class=\"yoast-schema-graph\">{\"@context\":\"https:\\\/\\\/schema.org\",\"@graph\":[{\"@type\":\"Article\",\"@id\":\"https:\\\/\\\/lospoliticosveracruz.com\\\/?p=170018#article\",\"isPartOf\":{\"@id\":\"https:\\\/\\\/lospoliticosveracruz.com\\\/?p=170018\"},\"author\":{\"name\":\"Lo viste en Los Pol\u00edticos\",\"@id\":\"https:\\\/\\\/lospoliticosveracruz.com\\\/#\\\/schema\\\/person\\\/b8702bb0e538456e6efd07080bf2a4a2\"},\"headline\":\"\u00a1FELICES 65!\",\"datePublished\":\"2026-04-28T22:01:38+00:00\",\"dateModified\":\"2026-04-28T22:01:39+00:00\",\"mainEntityOfPage\":{\"@id\":\"https:\\\/\\\/lospoliticosveracruz.com\\\/?p=170018\"},\"wordCount\":405,\"publisher\":{\"@id\":\"https:\\\/\\\/lospoliticosveracruz.com\\\/#organization\"},\"image\":{\"@id\":\"https:\\\/\\\/lospoliticosveracruz.com\\\/?p=170018#primaryimage\"},\"thumbnailUrl\":\"https:\\\/\\\/lospoliticosveracruz.com\\\/wp-content\\\/uploads\\\/2025\\\/04\\\/Juan-Javier-Gomez-Cazarin-e1774370039950.jpg\",\"keywords\":[\"Inscripci\u00f3n Pensi\u00f3n Mujeres Bienestar abril\",\"Juan Javier G\u00f3mez Cazar\u00edn columna\",\"Marat\u00f3n Atenas Veracruzana 2026 resultados\",\"M\u00f3dulos Bienestar Veracruz Roc\u00edo Nahle\",\"Pensi\u00f3n Bienestar Veracruz 2026 registro\"],\"articleSection\":[\"De Opini\u00f3n\"],\"inLanguage\":\"es\"},{\"@type\":\"WebPage\",\"@id\":\"https:\\\/\\\/lospoliticosveracruz.com\\\/?p=170018\",\"url\":\"https:\\\/\\\/lospoliticosveracruz.com\\\/?p=170018\",\"name\":\"\u00a1FELICES 65! - Los pol\u00edticos Veracruz\",\"isPartOf\":{\"@id\":\"https:\\\/\\\/lospoliticosveracruz.com\\\/#website\"},\"primaryImageOfPage\":{\"@id\":\"https:\\\/\\\/lospoliticosveracruz.com\\\/?p=170018#primaryimage\"},\"image\":{\"@id\":\"https:\\\/\\\/lospoliticosveracruz.com\\\/?p=170018#primaryimage\"},\"thumbnailUrl\":\"https:\\\/\\\/lospoliticosveracruz.com\\\/wp-content\\\/uploads\\\/2025\\\/04\\\/Juan-Javier-Gomez-Cazarin-e1774370039950.jpg\",\"datePublished\":\"2026-04-28T22:01:38+00:00\",\"dateModified\":\"2026-04-28T22:01:39+00:00\",\"breadcrumb\":{\"@id\":\"https:\\\/\\\/lospoliticosveracruz.com\\\/?p=170018#breadcrumb\"},\"inLanguage\":\"es\",\"potentialAction\":[{\"@type\":\"ReadAction\",\"target\":[\"https:\\\/\\\/lospoliticosveracruz.com\\\/?p=170018\"]}]},{\"@type\":\"ImageObject\",\"inLanguage\":\"es\",\"@id\":\"https:\\\/\\\/lospoliticosveracruz.com\\\/?p=170018#primaryimage\",\"url\":\"https:\\\/\\\/lospoliticosveracruz.com\\\/wp-content\\\/uploads\\\/2025\\\/04\\\/Juan-Javier-Gomez-Cazarin-e1774370039950.jpg\",\"contentUrl\":\"https:\\\/\\\/lospoliticosveracruz.com\\\/wp-content\\\/uploads\\\/2025\\\/04\\\/Juan-Javier-Gomez-Cazarin-e1774370039950.jpg\",\"width\":600,\"height\":320},{\"@type\":\"BreadcrumbList\",\"@id\":\"https:\\\/\\\/lospoliticosveracruz.com\\\/?p=170018#breadcrumb\",\"itemListElement\":[{\"@type\":\"ListItem\",\"position\":1,\"name\":\"Portada\",\"item\":\"https:\\\/\\\/lospoliticosveracruz.com\\\/\"},{\"@type\":\"ListItem\",\"position\":2,\"name\":\"\u00a1FELICES 65!\"}]},{\"@type\":\"WebSite\",\"@id\":\"https:\\\/\\\/lospoliticosveracruz.com\\\/#website\",\"url\":\"https:\\\/\\\/lospoliticosveracruz.com\\\/\",\"name\":\"Los pol\u00edticos Veracruz\",\"description\":\"\",\"publisher\":{\"@id\":\"https:\\\/\\\/lospoliticosveracruz.com\\\/#organization\"},\"potentialAction\":[{\"@type\":\"SearchAction\",\"target\":{\"@type\":\"EntryPoint\",\"urlTemplate\":\"https:\\\/\\\/lospoliticosveracruz.com\\\/?s={search_term_string}\"},\"query-input\":{\"@type\":\"PropertyValueSpecification\",\"valueRequired\":true,\"valueName\":\"search_term_string\"}}],\"inLanguage\":\"es\"},{\"@type\":\"Organization\",\"@id\":\"https:\\\/\\\/lospoliticosveracruz.com\\\/#organization\",\"name\":\"Los pol\u00edticos Veracruz\",\"url\":\"https:\\\/\\\/lospoliticosveracruz.com\\\/\",\"logo\":{\"@type\":\"ImageObject\",\"inLanguage\":\"es\",\"@id\":\"https:\\\/\\\/lospoliticosveracruz.com\\\/#\\\/schema\\\/logo\\\/image\\\/\",\"url\":\"https:\\\/\\\/lospoliticosveracruz.com\\\/wp-content\\\/uploads\\\/2025\\\/12\\\/Logo-Nuevo-LOS-POLITICOS-1.jpg\",\"contentUrl\":\"https:\\\/\\\/lospoliticosveracruz.com\\\/wp-content\\\/uploads\\\/2025\\\/12\\\/Logo-Nuevo-LOS-POLITICOS-1.jpg\",\"width\":260,\"height\":70,\"caption\":\"Los pol\u00edticos Veracruz\"},\"image\":{\"@id\":\"https:\\\/\\\/lospoliticosveracruz.com\\\/#\\\/schema\\\/logo\\\/image\\\/\"},\"sameAs\":[\"https:\\\/\\\/www.facebook.com\\\/people\\\/Notimemes-de-los-Polticos\\\/61565672886568\\\/\",\"https:\\\/\\\/x.com\\\/LosPoliticosVer\"]},{\"@type\":\"Person\",\"@id\":\"https:\\\/\\\/lospoliticosveracruz.com\\\/#\\\/schema\\\/person\\\/b8702bb0e538456e6efd07080bf2a4a2\",\"name\":\"Lo viste en Los Pol\u00edticos\",\"image\":{\"@type\":\"ImageObject\",\"inLanguage\":\"es\",\"@id\":\"https:\\\/\\\/secure.gravatar.com\\\/avatar\\\/3a8de04a2656d44082be478bd6c086daa447c4651605818287b9532d3d0bd435?s=96&d=mm&r=g\",\"url\":\"https:\\\/\\\/secure.gravatar.com\\\/avatar\\\/3a8de04a2656d44082be478bd6c086daa447c4651605818287b9532d3d0bd435?s=96&d=mm&r=g\",\"contentUrl\":\"https:\\\/\\\/secure.gravatar.com\\\/avatar\\\/3a8de04a2656d44082be478bd6c086daa447c4651605818287b9532d3d0bd435?s=96&d=mm&r=g\",\"caption\":\"Lo viste en Los Pol\u00edticos\"},\"url\":\"https:\\\/\\\/lospoliticosveracruz.com\\\/?author=2\"}]}<\/script>\n<!-- \/ Yoast SEO plugin. -->","yoast_head_json":{"title":"\u00a1FELICES 65! - Los pol\u00edticos Veracruz","robots":{"index":"index","follow":"follow","max-snippet":"max-snippet:-1","max-image-preview":"max-image-preview:large","max-video-preview":"max-video-preview:-1"},"canonical":"https:\/\/lospoliticosveracruz.com\/?p=170018","og_locale":"es_ES","og_type":"article","og_title":"\u00a1FELICES 65! - Los pol\u00edticos Veracruz","og_description":"Juan Javier G\u00f3mez Cazar\u00edn Lo que yo pienso En Veracruz, m\u00e1s o menos 56 mil personas al a\u00f1o cumplen 65 a\u00f1os. Y la Constituci\u00f3n, reformada por la 4T, se\u00f1ala que todas ellas tienen derecho a recibir su Pensi\u00f3n para el Bienestar de las Personas Adultas Mayores. Pero hay un detalle t\u00e9cnico: obviamente, no todas las [&hellip;]","og_url":"https:\/\/lospoliticosveracruz.com\/?p=170018","og_site_name":"Los pol\u00edticos Veracruz","article_publisher":"https:\/\/www.facebook.com\/people\/Notimemes-de-los-Polticos\/61565672886568\/","article_published_time":"2026-04-28T22:01:38+00:00","article_modified_time":"2026-04-28T22:01:39+00:00","og_image":[{"width":600,"height":320,"url":"https:\/\/lospoliticosveracruz.com\/wp-content\/uploads\/2025\/04\/Juan-Javier-Gomez-Cazarin-e1774370039950.jpg","type":"image\/jpeg"}],"author":"Lo viste en Los Pol\u00edticos","twitter_card":"summary_large_image","twitter_creator":"@LosPoliticosVer","twitter_site":"@LosPoliticosVer","twitter_misc":{"Escrito por":"Lo viste en Los Pol\u00edticos","Tiempo de lectura":"2 minutos"},"schema":{"@context":"https:\/\/schema.org","@graph":[{"@type":"Article","@id":"https:\/\/lospoliticosveracruz.com\/?p=170018#article","isPartOf":{"@id":"https:\/\/lospoliticosveracruz.com\/?p=170018"},"author":{"name":"Lo viste en Los Pol\u00edticos","@id":"https:\/\/lospoliticosveracruz.com\/#\/schema\/person\/b8702bb0e538456e6efd07080bf2a4a2"},"headline":"\u00a1FELICES 65!","datePublished":"2026-04-28T22:01:38+00:00","dateModified":"2026-04-28T22:01:39+00:00","mainEntityOfPage":{"@id":"https:\/\/lospoliticosveracruz.com\/?p=170018"},"wordCount":405,"publisher":{"@id":"https:\/\/lospoliticosveracruz.com\/#organization"},"image":{"@id":"https:\/\/lospoliticosveracruz.com\/?p=170018#primaryimage"},"thumbnailUrl":"https:\/\/lospoliticosveracruz.com\/wp-content\/uploads\/2025\/04\/Juan-Javier-Gomez-Cazarin-e1774370039950.jpg","keywords":["Inscripci\u00f3n Pensi\u00f3n Mujeres Bienestar abril","Juan Javier G\u00f3mez Cazar\u00edn columna","Marat\u00f3n Atenas Veracruzana 2026 resultados","M\u00f3dulos Bienestar Veracruz Roc\u00edo Nahle","Pensi\u00f3n Bienestar Veracruz 2026 registro"],"articleSection":["De Opini\u00f3n"],"inLanguage":"es"},{"@type":"WebPage","@id":"https:\/\/lospoliticosveracruz.com\/?p=170018","url":"https:\/\/lospoliticosveracruz.com\/?p=170018","name":"\u00a1FELICES 65! - Los pol\u00edticos Veracruz","isPartOf":{"@id":"https:\/\/lospoliticosveracruz.com\/#website"},"primaryImageOfPage":{"@id":"https:\/\/lospoliticosveracruz.com\/?p=170018#primaryimage"},"image":{"@id":"https:\/\/lospoliticosveracruz.com\/?p=170018#primaryimage"},"thumbnailUrl":"https:\/\/lospoliticosveracruz.com\/wp-content\/uploads\/2025\/04\/Juan-Javier-Gomez-Cazarin-e1774370039950.jpg","datePublished":"2026-04-28T22:01:38+00:00","dateModified":"2026-04-28T22:01:39+00:00","breadcrumb":{"@id":"https:\/\/lospoliticosveracruz.com\/?p=170018#breadcrumb"},"inLanguage":"es","potentialAction":[{"@type":"ReadAction","target":["https:\/\/lospoliticosveracruz.com\/?p=170018"]}]},{"@type":"ImageObject","inLanguage":"es","@id":"https:\/\/lospoliticosveracruz.com\/?p=170018#primaryimage","url":"https:\/\/lospoliticosveracruz.com\/wp-content\/uploads\/2025\/04\/Juan-Javier-Gomez-Cazarin-e1774370039950.jpg","contentUrl":"https:\/\/lospoliticosveracruz.com\/wp-content\/uploads\/2025\/04\/Juan-Javier-Gomez-Cazarin-e1774370039950.jpg","width":600,"height":320},{"@type":"BreadcrumbList","@id":"https:\/\/lospoliticosveracruz.com\/?p=170018#breadcrumb","itemListElement":[{"@type":"ListItem","position":1,"name":"Portada","item":"https:\/\/lospoliticosveracruz.com\/"},{"@type":"ListItem","position":2,"name":"\u00a1FELICES 65!"}]},{"@type":"WebSite","@id":"https:\/\/lospoliticosveracruz.com\/#website","url":"https:\/\/lospoliticosveracruz.com\/","name":"Los pol\u00edticos Veracruz","description":"","publisher":{"@id":"https:\/\/lospoliticosveracruz.com\/#organization"},"potentialAction":[{"@type":"SearchAction","target":{"@type":"EntryPoint","urlTemplate":"https:\/\/lospoliticosveracruz.com\/?s={search_term_string}"},"query-input":{"@type":"PropertyValueSpecification","valueRequired":true,"valueName":"search_term_string"}}],"inLanguage":"es"},{"@type":"Organization","@id":"https:\/\/lospoliticosveracruz.com\/#organization","name":"Los pol\u00edticos Veracruz","url":"https:\/\/lospoliticosveracruz.com\/","logo":{"@type":"ImageObject","inLanguage":"es","@id":"https:\/\/lospoliticosveracruz.com\/#\/schema\/logo\/image\/","url":"https:\/\/lospoliticosveracruz.com\/wp-content\/uploads\/2025\/12\/Logo-Nuevo-LOS-POLITICOS-1.jpg","contentUrl":"https:\/\/lospoliticosveracruz.com\/wp-content\/uploads\/2025\/12\/Logo-Nuevo-LOS-POLITICOS-1.jpg","width":260,"height":70,"caption":"Los pol\u00edticos Veracruz"},"image":{"@id":"https:\/\/lospoliticosveracruz.com\/#\/schema\/logo\/image\/"},"sameAs":["https:\/\/www.facebook.com\/people\/Notimemes-de-los-Polticos\/61565672886568\/","https:\/\/x.com\/LosPoliticosVer"]},{"@type":"Person","@id":"https:\/\/lospoliticosveracruz.com\/#\/schema\/person\/b8702bb0e538456e6efd07080bf2a4a2","name":"Lo viste en Los Pol\u00edticos","image":{"@type":"ImageObject","inLanguage":"es","@id":"https:\/\/secure.gravatar.com\/avatar\/3a8de04a2656d44082be478bd6c086daa447c4651605818287b9532d3d0bd435?s=96&d=mm&r=g","url":"https:\/\/secure.gravatar.com\/avatar\/3a8de04a2656d44082be478bd6c086daa447c4651605818287b9532d3d0bd435?s=96&d=mm&r=g","contentUrl":"https:\/\/secure.gravatar.com\/avatar\/3a8de04a2656d44082be478bd6c086daa447c4651605818287b9532d3d0bd435?s=96&d=mm&r=g","caption":"Lo viste en Los Pol\u00edticos"},"url":"https:\/\/lospoliticosveracruz.com\/?author=2"}]}},"_links":{"self":[{"href":"https:\/\/lospoliticosveracruz.com\/index.php?rest_route=\/wp\/v2\/posts\/170018","targetHints":{"allow":["GET"]}}],"collection":[{"href":"https:\/\/lospoliticosveracruz.com\/index.php?rest_route=\/wp\/v2\/posts"}],"about":[{"href":"https:\/\/lospoliticosveracruz.com\/index.php?rest_route=\/wp\/v2\/types\/post"}],"author":[{"embeddable":true,"href":"https:\/\/lospoliticosveracruz.com\/index.php?rest_route=\/wp\/v2\/users\/2"}],"replies":[{"embeddable":true,"href":"https:\/\/lospoliticosveracruz.com\/index.php?rest_route=%2Fwp%2Fv2%2Fcomments&post=170018"}],"version-history":[{"count":2,"href":"https:\/\/lospoliticosveracruz.com\/index.php?rest_route=\/wp\/v2\/posts\/170018\/revisions"}],"predecessor-version":[{"id":170020,"href":"https:\/\/lospoliticosveracruz.com\/index.php?rest_route=\/wp\/v2\/posts\/170018\/revisions\/170020"}],"wp:featuredmedia":[{"embeddable":true,"href":"https:\/\/lospoliticosveracruz.com\/index.php?rest_route=\/wp\/v2\/media\/141393"}],"wp:attachment":[{"href":"https:\/\/lospoliticosveracruz.com\/index.php?rest_route=%2Fwp%2Fv2%2Fmedia&parent=170018"}],"wp:term":[{"taxonomy":"category","embeddable":true,"href":"https:\/\/lospoliticosveracruz.com\/index.php?rest_route=%2Fwp%2Fv2%2Fcategories&post=170018"},{"taxonomy":"post_tag","embeddable":true,"href":"https:\/\/lospoliticosveracruz.com\/index.php?rest_route=%2Fwp%2Fv2%2Ftags&post=170018"}],"curies":[{"name":"wp","href":"https:\/\/api.w.org\/{rel}","templated":true}]}}