{"id":170027,"date":"2026-04-28T16:35:13","date_gmt":"2026-04-28T22:35:13","guid":{"rendered":"https:\/\/lospoliticosveracruz.com\/?p=170027"},"modified":"2026-04-28T16:35:14","modified_gmt":"2026-04-28T22:35:14","slug":"autorizan-despegue","status":"publish","type":"post","link":"https:\/\/lospoliticosveracruz.com\/?p=170027","title":{"rendered":"AUTORIZAN DESPEGUE!"},"content":{"rendered":"\n<p><\/p>\n\n\n\n<p>Se da anuencia al Gobierno estatal para que subaste 3 aviones, 6 helic\u00f3pteros y seis unidades vehiculares, as\u00ed como la donaci\u00f3n de 171 bienes para el patronato de Bomberos de Xalapa<\/p>\n\n\n\n<p>Las diputadas y los diputados la LXVII Legislatura autorizaron al Poder Ejecutivo del Estado de Veracruz para que, a trav\u00e9s de la Secretar\u00eda de Finanzas y Planeaci\u00f3n (Sefiplan), enajene a t\u00edtulo oneroso mediante el proceso de subasta p\u00fablica, nueve aeronaves que son propiedad del Gobierno del Estado.<\/p>\n\n\n\n<p>El dictamen, emitido por la Comisi\u00f3n Permanente de Hacienda del Estado, precisa que los recursos econ\u00f3micos que se obtengan por la enajenaci\u00f3n onerosa de dichos bienes ser\u00e1n destinados, preferentemente, a gastos contingentes no previstos y a los proyectos de inversi\u00f3n adicionales a realizarse durante el transcurso del ejercicio fiscal.<\/p>\n\n\n\n<p>El valor comercial total de los 3 aviones y 6 helic\u00f3pteros, seg\u00fan los aval\u00faos periciales integrados al expediente, asciende a la cantidad de 5 millones 298 mil 300 d\u00f3lares estadounidenses.<\/p>\n\n\n\n<p>Asimismo, el Pleno aprob\u00f3 el dictamen por el cual se autoriza al Poder Ejecutivo del Estado enajenar a t\u00edtulo oneroso mediante subasta restringida, seis unidades vehiculares, propiedad del Gobierno del Estado, asignados a la Contralor\u00eda General del Estado (CGE).<\/p>\n\n\n\n<p>El motivo de la solicitud, refiere el documento, se fundamenta en la necesidad de realizar una depuraci\u00f3n del inventario y la optimizaci\u00f3n de recursos p\u00fablicos, permitiendo la liberaci\u00f3n de seis espacios de estacionamiento y el cese de erogaciones por concepto de derechos vehiculares y primas de seguros.<\/p>\n\n\n\n<p>Durante la sesi\u00f3n, le fue autorizado tambi\u00e9n al Poder Ejecutivo estatal la enajenaci\u00f3n, a t\u00edtulo gratuito en la modalidad de donaci\u00f3n, 171 bienes muebles asignados a la Secretar\u00eda de Infraestructura y Obras P\u00fablicas (SIOP), a favor de la Asociaci\u00f3n Civil Patronato de Bomberos de Xalapa.<\/p>\n\n\n\n<p>El dictamen t\u00e9cnico, refiere el dictamen, expone que el estado material de los 171 bienes muebles a enajenar son de oficina, herramientas, aparatos electr\u00f3nicos y de c\u00f3mputo en desuso, que se clasifican en calidad de incosteables y obsoletos que se encuentran en condiciones de deterioro f\u00edsico, carentes de vida \u00fatil y perdiendo totalmente su funcionalidad.<\/p>\n","protected":false},"excerpt":{"rendered":"<p>Se da anuencia al Gobierno estatal para que subaste 3 aviones, 6 helic\u00f3pteros y seis unidades vehiculares, as\u00ed como la donaci\u00f3n de 171 bienes para el patronato de Bomberos de Xalapa Las diputadas y los diputados la LXVII Legislatura autorizaron al Poder Ejecutivo del Estado de Veracruz para que, a trav\u00e9s de la Secretar\u00eda de [&hellip;]<\/p>\n","protected":false},"author":2,"featured_media":170028,"comment_status":"closed","ping_status":"closed","sticky":false,"template":"","format":"standard","meta":{"tdm_status":"","tdm_grid_status":"","footnotes":""},"categories":[43718],"tags":[62581,62583,62584,62579,62580,62582],"class_list":{"0":"post-170027","1":"post","2":"type-post","3":"status-publish","4":"format-standard","5":"has-post-thumbnail","7":"category-elpalaciodeencanto","8":"tag-congreso-de-veracruz-enajenacion-bienes","9":"tag-donacion-bomberos-de-xalapa-siop","10":"tag-optimizacion-recursos-publicos-sefiplan","11":"tag-sefiplan-venta-aviones-helicopteros","12":"tag-subasta-aeronaves-veracruz-2026","13":"tag-valor-flota-aerea-veracruz-dolares"},"yoast_head":"<!-- This site is optimized with the Yoast SEO plugin v27.4 - https:\/\/yoast.com\/product\/yoast-seo-wordpress\/ -->\n<title>AUTORIZAN DESPEGUE! - Los pol\u00edticos Veracruz<\/title>\n<meta name=\"robots\" content=\"index, follow, max-snippet:-1, max-image-preview:large, max-video-preview:-1\" \/>\n<link rel=\"canonical\" href=\"https:\/\/lospoliticosveracruz.com\/?p=170027\" \/>\n<meta property=\"og:locale\" content=\"es_ES\" \/>\n<meta property=\"og:type\" content=\"article\" \/>\n<meta property=\"og:title\" content=\"AUTORIZAN DESPEGUE! - Los pol\u00edticos Veracruz\" \/>\n<meta property=\"og:description\" content=\"Se da anuencia al Gobierno estatal para que subaste 3 aviones, 6 helic\u00f3pteros y seis unidades vehiculares, as\u00ed como la donaci\u00f3n de 171 bienes para el patronato de Bomberos de Xalapa Las diputadas y los diputados la LXVII Legislatura autorizaron al Poder Ejecutivo del Estado de Veracruz para que, a trav\u00e9s de la Secretar\u00eda de [&hellip;]\" \/>\n<meta property=\"og:url\" content=\"https:\/\/lospoliticosveracruz.com\/?p=170027\" \/>\n<meta property=\"og:site_name\" content=\"Los pol\u00edticos Veracruz\" \/>\n<meta property=\"article:publisher\" content=\"https:\/\/www.facebook.com\/people\/Notimemes-de-los-Polticos\/61565672886568\/\" \/>\n<meta property=\"article:published_time\" content=\"2026-04-28T22:35:13+00:00\" \/>\n<meta property=\"article:modified_time\" content=\"2026-04-28T22:35:14+00:00\" \/>\n<meta property=\"og:image\" content=\"https:\/\/lospoliticosveracruz.com\/wp-content\/uploads\/2026\/04\/1-2.jpg\" \/>\n\t<meta property=\"og:image:width\" content=\"600\" \/>\n\t<meta property=\"og:image:height\" content=\"320\" \/>\n\t<meta property=\"og:image:type\" content=\"image\/jpeg\" \/>\n<meta name=\"author\" content=\"Lo viste en Los Pol\u00edticos\" \/>\n<meta name=\"twitter:card\" content=\"summary_large_image\" \/>\n<meta name=\"twitter:creator\" content=\"@LosPoliticosVer\" \/>\n<meta name=\"twitter:site\" content=\"@LosPoliticosVer\" \/>\n<meta name=\"twitter:label1\" content=\"Escrito por\" \/>\n\t<meta name=\"twitter:data1\" content=\"Lo viste en Los Pol\u00edticos\" \/>\n\t<meta name=\"twitter:label2\" content=\"Tiempo de lectura\" \/>\n\t<meta name=\"twitter:data2\" content=\"2 minutos\" \/>\n<script type=\"application\/ld+json\" class=\"yoast-schema-graph\">{\"@context\":\"https:\\\/\\\/schema.org\",\"@graph\":[{\"@type\":\"Article\",\"@id\":\"https:\\\/\\\/lospoliticosveracruz.com\\\/?p=170027#article\",\"isPartOf\":{\"@id\":\"https:\\\/\\\/lospoliticosveracruz.com\\\/?p=170027\"},\"author\":{\"name\":\"Lo viste en Los Pol\u00edticos\",\"@id\":\"https:\\\/\\\/lospoliticosveracruz.com\\\/#\\\/schema\\\/person\\\/b8702bb0e538456e6efd07080bf2a4a2\"},\"headline\":\"AUTORIZAN DESPEGUE!\",\"datePublished\":\"2026-04-28T22:35:13+00:00\",\"dateModified\":\"2026-04-28T22:35:14+00:00\",\"mainEntityOfPage\":{\"@id\":\"https:\\\/\\\/lospoliticosveracruz.com\\\/?p=170027\"},\"wordCount\":369,\"publisher\":{\"@id\":\"https:\\\/\\\/lospoliticosveracruz.com\\\/#organization\"},\"image\":{\"@id\":\"https:\\\/\\\/lospoliticosveracruz.com\\\/?p=170027#primaryimage\"},\"thumbnailUrl\":\"https:\\\/\\\/lospoliticosveracruz.com\\\/wp-content\\\/uploads\\\/2026\\\/04\\\/1-2.jpg\",\"keywords\":[\"Congreso de Veracruz enajenaci\u00f3n bienes\",\"Donaci\u00f3n Bomberos de Xalapa SIOP\",\"Optimizaci\u00f3n recursos p\u00fablicos Sefiplan\",\"Sefiplan venta aviones helic\u00f3pteros\",\"Subasta aeronaves Veracruz 2026\",\"Valor flota a\u00e9rea Veracruz d\u00f3lares\"],\"articleSection\":[\"EL PALACIO DE ENCANTO\"],\"inLanguage\":\"es\"},{\"@type\":\"WebPage\",\"@id\":\"https:\\\/\\\/lospoliticosveracruz.com\\\/?p=170027\",\"url\":\"https:\\\/\\\/lospoliticosveracruz.com\\\/?p=170027\",\"name\":\"AUTORIZAN DESPEGUE! - Los pol\u00edticos Veracruz\",\"isPartOf\":{\"@id\":\"https:\\\/\\\/lospoliticosveracruz.com\\\/#website\"},\"primaryImageOfPage\":{\"@id\":\"https:\\\/\\\/lospoliticosveracruz.com\\\/?p=170027#primaryimage\"},\"image\":{\"@id\":\"https:\\\/\\\/lospoliticosveracruz.com\\\/?p=170027#primaryimage\"},\"thumbnailUrl\":\"https:\\\/\\\/lospoliticosveracruz.com\\\/wp-content\\\/uploads\\\/2026\\\/04\\\/1-2.jpg\",\"datePublished\":\"2026-04-28T22:35:13+00:00\",\"dateModified\":\"2026-04-28T22:35:14+00:00\",\"breadcrumb\":{\"@id\":\"https:\\\/\\\/lospoliticosveracruz.com\\\/?p=170027#breadcrumb\"},\"inLanguage\":\"es\",\"potentialAction\":[{\"@type\":\"ReadAction\",\"target\":[\"https:\\\/\\\/lospoliticosveracruz.com\\\/?p=170027\"]}]},{\"@type\":\"ImageObject\",\"inLanguage\":\"es\",\"@id\":\"https:\\\/\\\/lospoliticosveracruz.com\\\/?p=170027#primaryimage\",\"url\":\"https:\\\/\\\/lospoliticosveracruz.com\\\/wp-content\\\/uploads\\\/2026\\\/04\\\/1-2.jpg\",\"contentUrl\":\"https:\\\/\\\/lospoliticosveracruz.com\\\/wp-content\\\/uploads\\\/2026\\\/04\\\/1-2.jpg\",\"width\":600,\"height\":320},{\"@type\":\"BreadcrumbList\",\"@id\":\"https:\\\/\\\/lospoliticosveracruz.com\\\/?p=170027#breadcrumb\",\"itemListElement\":[{\"@type\":\"ListItem\",\"position\":1,\"name\":\"Portada\",\"item\":\"https:\\\/\\\/lospoliticosveracruz.com\\\/\"},{\"@type\":\"ListItem\",\"position\":2,\"name\":\"AUTORIZAN DESPEGUE!\"}]},{\"@type\":\"WebSite\",\"@id\":\"https:\\\/\\\/lospoliticosveracruz.com\\\/#website\",\"url\":\"https:\\\/\\\/lospoliticosveracruz.com\\\/\",\"name\":\"Los pol\u00edticos Veracruz\",\"description\":\"\",\"publisher\":{\"@id\":\"https:\\\/\\\/lospoliticosveracruz.com\\\/#organization\"},\"potentialAction\":[{\"@type\":\"SearchAction\",\"target\":{\"@type\":\"EntryPoint\",\"urlTemplate\":\"https:\\\/\\\/lospoliticosveracruz.com\\\/?s={search_term_string}\"},\"query-input\":{\"@type\":\"PropertyValueSpecification\",\"valueRequired\":true,\"valueName\":\"search_term_string\"}}],\"inLanguage\":\"es\"},{\"@type\":\"Organization\",\"@id\":\"https:\\\/\\\/lospoliticosveracruz.com\\\/#organization\",\"name\":\"Los pol\u00edticos Veracruz\",\"url\":\"https:\\\/\\\/lospoliticosveracruz.com\\\/\",\"logo\":{\"@type\":\"ImageObject\",\"inLanguage\":\"es\",\"@id\":\"https:\\\/\\\/lospoliticosveracruz.com\\\/#\\\/schema\\\/logo\\\/image\\\/\",\"url\":\"https:\\\/\\\/lospoliticosveracruz.com\\\/wp-content\\\/uploads\\\/2025\\\/12\\\/Logo-Nuevo-LOS-POLITICOS-1.jpg\",\"contentUrl\":\"https:\\\/\\\/lospoliticosveracruz.com\\\/wp-content\\\/uploads\\\/2025\\\/12\\\/Logo-Nuevo-LOS-POLITICOS-1.jpg\",\"width\":260,\"height\":70,\"caption\":\"Los pol\u00edticos Veracruz\"},\"image\":{\"@id\":\"https:\\\/\\\/lospoliticosveracruz.com\\\/#\\\/schema\\\/logo\\\/image\\\/\"},\"sameAs\":[\"https:\\\/\\\/www.facebook.com\\\/people\\\/Notimemes-de-los-Polticos\\\/61565672886568\\\/\",\"https:\\\/\\\/x.com\\\/LosPoliticosVer\"]},{\"@type\":\"Person\",\"@id\":\"https:\\\/\\\/lospoliticosveracruz.com\\\/#\\\/schema\\\/person\\\/b8702bb0e538456e6efd07080bf2a4a2\",\"name\":\"Lo viste en Los Pol\u00edticos\",\"image\":{\"@type\":\"ImageObject\",\"inLanguage\":\"es\",\"@id\":\"https:\\\/\\\/secure.gravatar.com\\\/avatar\\\/3a8de04a2656d44082be478bd6c086daa447c4651605818287b9532d3d0bd435?s=96&d=mm&r=g\",\"url\":\"https:\\\/\\\/secure.gravatar.com\\\/avatar\\\/3a8de04a2656d44082be478bd6c086daa447c4651605818287b9532d3d0bd435?s=96&d=mm&r=g\",\"contentUrl\":\"https:\\\/\\\/secure.gravatar.com\\\/avatar\\\/3a8de04a2656d44082be478bd6c086daa447c4651605818287b9532d3d0bd435?s=96&d=mm&r=g\",\"caption\":\"Lo viste en Los Pol\u00edticos\"},\"url\":\"https:\\\/\\\/lospoliticosveracruz.com\\\/?author=2\"}]}<\/script>\n<!-- \/ Yoast SEO plugin. -->","yoast_head_json":{"title":"AUTORIZAN DESPEGUE! - Los pol\u00edticos Veracruz","robots":{"index":"index","follow":"follow","max-snippet":"max-snippet:-1","max-image-preview":"max-image-preview:large","max-video-preview":"max-video-preview:-1"},"canonical":"https:\/\/lospoliticosveracruz.com\/?p=170027","og_locale":"es_ES","og_type":"article","og_title":"AUTORIZAN DESPEGUE! - Los pol\u00edticos Veracruz","og_description":"Se da anuencia al Gobierno estatal para que subaste 3 aviones, 6 helic\u00f3pteros y seis unidades vehiculares, as\u00ed como la donaci\u00f3n de 171 bienes para el patronato de Bomberos de Xalapa Las diputadas y los diputados la LXVII Legislatura autorizaron al Poder Ejecutivo del Estado de Veracruz para que, a trav\u00e9s de la Secretar\u00eda de [&hellip;]","og_url":"https:\/\/lospoliticosveracruz.com\/?p=170027","og_site_name":"Los pol\u00edticos Veracruz","article_publisher":"https:\/\/www.facebook.com\/people\/Notimemes-de-los-Polticos\/61565672886568\/","article_published_time":"2026-04-28T22:35:13+00:00","article_modified_time":"2026-04-28T22:35:14+00:00","og_image":[{"width":600,"height":320,"url":"https:\/\/lospoliticosveracruz.com\/wp-content\/uploads\/2026\/04\/1-2.jpg","type":"image\/jpeg"}],"author":"Lo viste en Los Pol\u00edticos","twitter_card":"summary_large_image","twitter_creator":"@LosPoliticosVer","twitter_site":"@LosPoliticosVer","twitter_misc":{"Escrito por":"Lo viste en Los Pol\u00edticos","Tiempo de lectura":"2 minutos"},"schema":{"@context":"https:\/\/schema.org","@graph":[{"@type":"Article","@id":"https:\/\/lospoliticosveracruz.com\/?p=170027#article","isPartOf":{"@id":"https:\/\/lospoliticosveracruz.com\/?p=170027"},"author":{"name":"Lo viste en Los Pol\u00edticos","@id":"https:\/\/lospoliticosveracruz.com\/#\/schema\/person\/b8702bb0e538456e6efd07080bf2a4a2"},"headline":"AUTORIZAN DESPEGUE!","datePublished":"2026-04-28T22:35:13+00:00","dateModified":"2026-04-28T22:35:14+00:00","mainEntityOfPage":{"@id":"https:\/\/lospoliticosveracruz.com\/?p=170027"},"wordCount":369,"publisher":{"@id":"https:\/\/lospoliticosveracruz.com\/#organization"},"image":{"@id":"https:\/\/lospoliticosveracruz.com\/?p=170027#primaryimage"},"thumbnailUrl":"https:\/\/lospoliticosveracruz.com\/wp-content\/uploads\/2026\/04\/1-2.jpg","keywords":["Congreso de Veracruz enajenaci\u00f3n bienes","Donaci\u00f3n Bomberos de Xalapa SIOP","Optimizaci\u00f3n recursos p\u00fablicos Sefiplan","Sefiplan venta aviones helic\u00f3pteros","Subasta aeronaves Veracruz 2026","Valor flota a\u00e9rea Veracruz d\u00f3lares"],"articleSection":["EL PALACIO DE ENCANTO"],"inLanguage":"es"},{"@type":"WebPage","@id":"https:\/\/lospoliticosveracruz.com\/?p=170027","url":"https:\/\/lospoliticosveracruz.com\/?p=170027","name":"AUTORIZAN DESPEGUE! - Los pol\u00edticos Veracruz","isPartOf":{"@id":"https:\/\/lospoliticosveracruz.com\/#website"},"primaryImageOfPage":{"@id":"https:\/\/lospoliticosveracruz.com\/?p=170027#primaryimage"},"image":{"@id":"https:\/\/lospoliticosveracruz.com\/?p=170027#primaryimage"},"thumbnailUrl":"https:\/\/lospoliticosveracruz.com\/wp-content\/uploads\/2026\/04\/1-2.jpg","datePublished":"2026-04-28T22:35:13+00:00","dateModified":"2026-04-28T22:35:14+00:00","breadcrumb":{"@id":"https:\/\/lospoliticosveracruz.com\/?p=170027#breadcrumb"},"inLanguage":"es","potentialAction":[{"@type":"ReadAction","target":["https:\/\/lospoliticosveracruz.com\/?p=170027"]}]},{"@type":"ImageObject","inLanguage":"es","@id":"https:\/\/lospoliticosveracruz.com\/?p=170027#primaryimage","url":"https:\/\/lospoliticosveracruz.com\/wp-content\/uploads\/2026\/04\/1-2.jpg","contentUrl":"https:\/\/lospoliticosveracruz.com\/wp-content\/uploads\/2026\/04\/1-2.jpg","width":600,"height":320},{"@type":"BreadcrumbList","@id":"https:\/\/lospoliticosveracruz.com\/?p=170027#breadcrumb","itemListElement":[{"@type":"ListItem","position":1,"name":"Portada","item":"https:\/\/lospoliticosveracruz.com\/"},{"@type":"ListItem","position":2,"name":"AUTORIZAN DESPEGUE!"}]},{"@type":"WebSite","@id":"https:\/\/lospoliticosveracruz.com\/#website","url":"https:\/\/lospoliticosveracruz.com\/","name":"Los pol\u00edticos Veracruz","description":"","publisher":{"@id":"https:\/\/lospoliticosveracruz.com\/#organization"},"potentialAction":[{"@type":"SearchAction","target":{"@type":"EntryPoint","urlTemplate":"https:\/\/lospoliticosveracruz.com\/?s={search_term_string}"},"query-input":{"@type":"PropertyValueSpecification","valueRequired":true,"valueName":"search_term_string"}}],"inLanguage":"es"},{"@type":"Organization","@id":"https:\/\/lospoliticosveracruz.com\/#organization","name":"Los pol\u00edticos Veracruz","url":"https:\/\/lospoliticosveracruz.com\/","logo":{"@type":"ImageObject","inLanguage":"es","@id":"https:\/\/lospoliticosveracruz.com\/#\/schema\/logo\/image\/","url":"https:\/\/lospoliticosveracruz.com\/wp-content\/uploads\/2025\/12\/Logo-Nuevo-LOS-POLITICOS-1.jpg","contentUrl":"https:\/\/lospoliticosveracruz.com\/wp-content\/uploads\/2025\/12\/Logo-Nuevo-LOS-POLITICOS-1.jpg","width":260,"height":70,"caption":"Los pol\u00edticos Veracruz"},"image":{"@id":"https:\/\/lospoliticosveracruz.com\/#\/schema\/logo\/image\/"},"sameAs":["https:\/\/www.facebook.com\/people\/Notimemes-de-los-Polticos\/61565672886568\/","https:\/\/x.com\/LosPoliticosVer"]},{"@type":"Person","@id":"https:\/\/lospoliticosveracruz.com\/#\/schema\/person\/b8702bb0e538456e6efd07080bf2a4a2","name":"Lo viste en Los Pol\u00edticos","image":{"@type":"ImageObject","inLanguage":"es","@id":"https:\/\/secure.gravatar.com\/avatar\/3a8de04a2656d44082be478bd6c086daa447c4651605818287b9532d3d0bd435?s=96&d=mm&r=g","url":"https:\/\/secure.gravatar.com\/avatar\/3a8de04a2656d44082be478bd6c086daa447c4651605818287b9532d3d0bd435?s=96&d=mm&r=g","contentUrl":"https:\/\/secure.gravatar.com\/avatar\/3a8de04a2656d44082be478bd6c086daa447c4651605818287b9532d3d0bd435?s=96&d=mm&r=g","caption":"Lo viste en Los Pol\u00edticos"},"url":"https:\/\/lospoliticosveracruz.com\/?author=2"}]}},"_links":{"self":[{"href":"https:\/\/lospoliticosveracruz.com\/index.php?rest_route=\/wp\/v2\/posts\/170027","targetHints":{"allow":["GET"]}}],"collection":[{"href":"https:\/\/lospoliticosveracruz.com\/index.php?rest_route=\/wp\/v2\/posts"}],"about":[{"href":"https:\/\/lospoliticosveracruz.com\/index.php?rest_route=\/wp\/v2\/types\/post"}],"author":[{"embeddable":true,"href":"https:\/\/lospoliticosveracruz.com\/index.php?rest_route=\/wp\/v2\/users\/2"}],"replies":[{"embeddable":true,"href":"https:\/\/lospoliticosveracruz.com\/index.php?rest_route=%2Fwp%2Fv2%2Fcomments&post=170027"}],"version-history":[{"count":1,"href":"https:\/\/lospoliticosveracruz.com\/index.php?rest_route=\/wp\/v2\/posts\/170027\/revisions"}],"predecessor-version":[{"id":170029,"href":"https:\/\/lospoliticosveracruz.com\/index.php?rest_route=\/wp\/v2\/posts\/170027\/revisions\/170029"}],"wp:featuredmedia":[{"embeddable":true,"href":"https:\/\/lospoliticosveracruz.com\/index.php?rest_route=\/wp\/v2\/media\/170028"}],"wp:attachment":[{"href":"https:\/\/lospoliticosveracruz.com\/index.php?rest_route=%2Fwp%2Fv2%2Fmedia&parent=170027"}],"wp:term":[{"taxonomy":"category","embeddable":true,"href":"https:\/\/lospoliticosveracruz.com\/index.php?rest_route=%2Fwp%2Fv2%2Fcategories&post=170027"},{"taxonomy":"post_tag","embeddable":true,"href":"https:\/\/lospoliticosveracruz.com\/index.php?rest_route=%2Fwp%2Fv2%2Ftags&post=170027"}],"curies":[{"name":"wp","href":"https:\/\/api.w.org\/{rel}","templated":true}]}}