{"id":170030,"date":"2026-04-28T16:45:55","date_gmt":"2026-04-28T22:45:55","guid":{"rendered":"https:\/\/lospoliticosveracruz.com\/?p=170030"},"modified":"2026-04-28T16:45:56","modified_gmt":"2026-04-28T22:45:56","slug":"estrenando-2","status":"publish","type":"post","link":"https:\/\/lospoliticosveracruz.com\/?p=170030","title":{"rendered":"ESTRENANDO!"},"content":{"rendered":"\n<p><\/p>\n\n\n\n<p>Como parte de las acciones para fortalecer la operatividad, mejorar la coordinaci\u00f3n y brindar mejores condiciones de trabajo al personal de emergencias, se inauguraron las nuevas instalaciones de la Direcci\u00f3n de Protecci\u00f3n Civil Municipal, destac\u00f3 la Presidenta Municipal de Boca del R\u00edo, Maryjose Gamboa Torales.<\/p>\n\n\n\n<p>\u201cRecordar\u00e1n que hace mucho este espacio fue de la Cruz Roja, pero se qued\u00f3 por muchos a\u00f1os abandonado y representaba un riesgo para gente que cre\u00eda, porque ve\u00eda el s\u00edmbolo de la Cruz Roja, que pod\u00eda recibir atenci\u00f3n m\u00e9dica aqu\u00ed y no, entonces por eso tambi\u00e9n se tom\u00f3 la decisi\u00f3n de retomar este espacio y convertirlo en lo que hoy es, las nuevas oficinas de Protecci\u00f3n Civil\u201d, expres\u00f3 la alcaldesa.<\/p>\n\n\n\n<p>Se\u00f1al\u00f3 que hablar de Protecci\u00f3n Civil es referirse a la prevenci\u00f3n, a la capacidad de respuesta inmediata y a la salvaguarda de lo m\u00e1s importante para las familias: la vida y la integridad de las personas.<\/p>\n\n\n\n<p>Destac\u00f3 que detr\u00e1s de cada inspecci\u00f3n, tr\u00e1mite, recorrido o atenci\u00f3n a emergencias, existe un equipo comprometido con la prevenci\u00f3n y atenci\u00f3n a sucesos en Boca del R\u00edo, que trabajan de manera permanente las 24 horas del d\u00eda, los siete d\u00edas de la semana, en una labor que no se detiene.<\/p>\n\n\n\n<p>Asimismo, reconoci\u00f3 que el personal de Protecci\u00f3n Civil Municipal se mantiene siempre listo para actuar en situaciones cr\u00edticas como accidentes, inundaciones, incendios, fen\u00f3menos meteorol\u00f3gicos y cualquier tipo de contingencia, brindando atenci\u00f3n oportuna cuando m\u00e1s se requiere.<\/p>\n\n\n\n<p>Subray\u00f3 que este trabajo preventivo y constante beneficia tanto a las familias boque\u00f1as, como a los visitantes que disfrutan de Boca del R\u00edo durante todo el a\u00f1o, gracias a la preparaci\u00f3n y capacidad de respuesta de esta corporaci\u00f3n.<\/p>\n\n\n\n<p>Finalmente, la Alcaldesa Maryjose Gamboa Torales reiter\u00f3 que el gobierno municipal continuar\u00e1 respaldando a sus cuerpos de atenci\u00f3n y auxilio, modernizando sus espacios y mejorando sus condiciones laborales, al considerar que fortalecer a quienes protegen a la ciudadan\u00eda es fundamental para consolidar a Boca del R\u00edo como una ciudad segura y ejemplo en Veracruz.<\/p>\n\n\n\n<p>En el evento estuvieron presentes el S\u00edndico \u00danico de Boca del R\u00edo, Sebasti\u00e1n Silva S\u00e1nchez; el Coordinador General de Seguridad P\u00fablica, Osvaldo Arturo Arzola P\u00e9rez; y la Directora de Protecci\u00f3n Civil Municipal, Ema Cesta Arrieta.<\/p>\n","protected":false},"excerpt":{"rendered":"<p>Como parte de las acciones para fortalecer la operatividad, mejorar la coordinaci\u00f3n y brindar mejores condiciones de trabajo al personal de emergencias, se inauguraron las nuevas instalaciones de la Direcci\u00f3n de Protecci\u00f3n Civil Municipal, destac\u00f3 la Presidenta Municipal de Boca del R\u00edo, Maryjose Gamboa Torales. \u201cRecordar\u00e1n que hace mucho este espacio fue de la Cruz [&hellip;]<\/p>\n","protected":false},"author":2,"featured_media":170031,"comment_status":"closed","ping_status":"closed","sticky":false,"template":"","format":"standard","meta":{"tdm_status":"","tdm_grid_status":"","footnotes":""},"categories":[73],"tags":[62590,62585,62586,62587,62589,57174],"class_list":{"0":"post-170030","1":"post","2":"type-post","3":"status-publish","4":"format-standard","5":"has-post-thumbnail","7":"category-de-boleto","8":"tag-atencion-de-contingencias-veracruz","9":"tag-maryjose-gamboa-inauguracion-oficinas","10":"tag-nuevas-instalaciones-proteccion-civil-boca","11":"tag-prevencion-de-emergencias-boca-del-rio-hoy","12":"tag-proteccion-civil-boca-del-rio-2026","13":"tag-seguridad-publica-boca-del-rio-2026"},"yoast_head":"<!-- This site is optimized with the Yoast SEO plugin v27.4 - https:\/\/yoast.com\/product\/yoast-seo-wordpress\/ -->\n<title>ESTRENANDO! - Los pol\u00edticos Veracruz<\/title>\n<meta name=\"robots\" content=\"index, follow, max-snippet:-1, max-image-preview:large, max-video-preview:-1\" \/>\n<link rel=\"canonical\" href=\"https:\/\/lospoliticosveracruz.com\/?p=170030\" \/>\n<meta property=\"og:locale\" content=\"es_ES\" \/>\n<meta property=\"og:type\" content=\"article\" \/>\n<meta property=\"og:title\" content=\"ESTRENANDO! - Los pol\u00edticos Veracruz\" \/>\n<meta property=\"og:description\" content=\"Como parte de las acciones para fortalecer la operatividad, mejorar la coordinaci\u00f3n y brindar mejores condiciones de trabajo al personal de emergencias, se inauguraron las nuevas instalaciones de la Direcci\u00f3n de Protecci\u00f3n Civil Municipal, destac\u00f3 la Presidenta Municipal de Boca del R\u00edo, Maryjose Gamboa Torales. \u201cRecordar\u00e1n que hace mucho este espacio fue de la Cruz [&hellip;]\" \/>\n<meta property=\"og:url\" content=\"https:\/\/lospoliticosveracruz.com\/?p=170030\" \/>\n<meta property=\"og:site_name\" content=\"Los pol\u00edticos Veracruz\" \/>\n<meta property=\"article:publisher\" content=\"https:\/\/www.facebook.com\/people\/Notimemes-de-los-Polticos\/61565672886568\/\" \/>\n<meta property=\"article:published_time\" content=\"2026-04-28T22:45:55+00:00\" \/>\n<meta property=\"article:modified_time\" content=\"2026-04-28T22:45:56+00:00\" \/>\n<meta property=\"og:image\" content=\"https:\/\/lospoliticosveracruz.com\/wp-content\/uploads\/2026\/04\/Boca-3.jpg\" \/>\n\t<meta property=\"og:image:width\" content=\"600\" \/>\n\t<meta property=\"og:image:height\" content=\"320\" \/>\n\t<meta property=\"og:image:type\" content=\"image\/jpeg\" \/>\n<meta name=\"author\" content=\"Lo viste en Los Pol\u00edticos\" \/>\n<meta name=\"twitter:card\" content=\"summary_large_image\" \/>\n<meta name=\"twitter:creator\" content=\"@LosPoliticosVer\" \/>\n<meta name=\"twitter:site\" content=\"@LosPoliticosVer\" \/>\n<meta name=\"twitter:label1\" content=\"Escrito por\" \/>\n\t<meta name=\"twitter:data1\" content=\"Lo viste en Los Pol\u00edticos\" \/>\n\t<meta name=\"twitter:label2\" content=\"Tiempo de lectura\" \/>\n\t<meta name=\"twitter:data2\" content=\"2 minutos\" \/>\n<script type=\"application\/ld+json\" class=\"yoast-schema-graph\">{\"@context\":\"https:\\\/\\\/schema.org\",\"@graph\":[{\"@type\":\"Article\",\"@id\":\"https:\\\/\\\/lospoliticosveracruz.com\\\/?p=170030#article\",\"isPartOf\":{\"@id\":\"https:\\\/\\\/lospoliticosveracruz.com\\\/?p=170030\"},\"author\":{\"name\":\"Lo viste en Los Pol\u00edticos\",\"@id\":\"https:\\\/\\\/lospoliticosveracruz.com\\\/#\\\/schema\\\/person\\\/b8702bb0e538456e6efd07080bf2a4a2\"},\"headline\":\"ESTRENANDO!\",\"datePublished\":\"2026-04-28T22:45:55+00:00\",\"dateModified\":\"2026-04-28T22:45:56+00:00\",\"mainEntityOfPage\":{\"@id\":\"https:\\\/\\\/lospoliticosveracruz.com\\\/?p=170030\"},\"wordCount\":413,\"publisher\":{\"@id\":\"https:\\\/\\\/lospoliticosveracruz.com\\\/#organization\"},\"image\":{\"@id\":\"https:\\\/\\\/lospoliticosveracruz.com\\\/?p=170030#primaryimage\"},\"thumbnailUrl\":\"https:\\\/\\\/lospoliticosveracruz.com\\\/wp-content\\\/uploads\\\/2026\\\/04\\\/Boca-3.jpg\",\"keywords\":[\"Atenci\u00f3n de contingencias Veracruz\",\"Maryjose Gamboa inauguraci\u00f3n oficinas\",\"Nuevas instalaciones Protecci\u00f3n Civil Boca\",\"Prevenci\u00f3n de emergencias Boca del R\u00edo hoy\",\"Protecci\u00f3n Civil Boca del R\u00edo 2026\",\"seguridad p\u00fablica Boca del R\u00edo 2026\"],\"articleSection\":[\"De Boleto\"],\"inLanguage\":\"es\"},{\"@type\":\"WebPage\",\"@id\":\"https:\\\/\\\/lospoliticosveracruz.com\\\/?p=170030\",\"url\":\"https:\\\/\\\/lospoliticosveracruz.com\\\/?p=170030\",\"name\":\"ESTRENANDO! - Los pol\u00edticos Veracruz\",\"isPartOf\":{\"@id\":\"https:\\\/\\\/lospoliticosveracruz.com\\\/#website\"},\"primaryImageOfPage\":{\"@id\":\"https:\\\/\\\/lospoliticosveracruz.com\\\/?p=170030#primaryimage\"},\"image\":{\"@id\":\"https:\\\/\\\/lospoliticosveracruz.com\\\/?p=170030#primaryimage\"},\"thumbnailUrl\":\"https:\\\/\\\/lospoliticosveracruz.com\\\/wp-content\\\/uploads\\\/2026\\\/04\\\/Boca-3.jpg\",\"datePublished\":\"2026-04-28T22:45:55+00:00\",\"dateModified\":\"2026-04-28T22:45:56+00:00\",\"breadcrumb\":{\"@id\":\"https:\\\/\\\/lospoliticosveracruz.com\\\/?p=170030#breadcrumb\"},\"inLanguage\":\"es\",\"potentialAction\":[{\"@type\":\"ReadAction\",\"target\":[\"https:\\\/\\\/lospoliticosveracruz.com\\\/?p=170030\"]}]},{\"@type\":\"ImageObject\",\"inLanguage\":\"es\",\"@id\":\"https:\\\/\\\/lospoliticosveracruz.com\\\/?p=170030#primaryimage\",\"url\":\"https:\\\/\\\/lospoliticosveracruz.com\\\/wp-content\\\/uploads\\\/2026\\\/04\\\/Boca-3.jpg\",\"contentUrl\":\"https:\\\/\\\/lospoliticosveracruz.com\\\/wp-content\\\/uploads\\\/2026\\\/04\\\/Boca-3.jpg\",\"width\":600,\"height\":320},{\"@type\":\"BreadcrumbList\",\"@id\":\"https:\\\/\\\/lospoliticosveracruz.com\\\/?p=170030#breadcrumb\",\"itemListElement\":[{\"@type\":\"ListItem\",\"position\":1,\"name\":\"Portada\",\"item\":\"https:\\\/\\\/lospoliticosveracruz.com\\\/\"},{\"@type\":\"ListItem\",\"position\":2,\"name\":\"ESTRENANDO!\"}]},{\"@type\":\"WebSite\",\"@id\":\"https:\\\/\\\/lospoliticosveracruz.com\\\/#website\",\"url\":\"https:\\\/\\\/lospoliticosveracruz.com\\\/\",\"name\":\"Los pol\u00edticos Veracruz\",\"description\":\"\",\"publisher\":{\"@id\":\"https:\\\/\\\/lospoliticosveracruz.com\\\/#organization\"},\"potentialAction\":[{\"@type\":\"SearchAction\",\"target\":{\"@type\":\"EntryPoint\",\"urlTemplate\":\"https:\\\/\\\/lospoliticosveracruz.com\\\/?s={search_term_string}\"},\"query-input\":{\"@type\":\"PropertyValueSpecification\",\"valueRequired\":true,\"valueName\":\"search_term_string\"}}],\"inLanguage\":\"es\"},{\"@type\":\"Organization\",\"@id\":\"https:\\\/\\\/lospoliticosveracruz.com\\\/#organization\",\"name\":\"Los pol\u00edticos Veracruz\",\"url\":\"https:\\\/\\\/lospoliticosveracruz.com\\\/\",\"logo\":{\"@type\":\"ImageObject\",\"inLanguage\":\"es\",\"@id\":\"https:\\\/\\\/lospoliticosveracruz.com\\\/#\\\/schema\\\/logo\\\/image\\\/\",\"url\":\"https:\\\/\\\/lospoliticosveracruz.com\\\/wp-content\\\/uploads\\\/2025\\\/12\\\/Logo-Nuevo-LOS-POLITICOS-1.jpg\",\"contentUrl\":\"https:\\\/\\\/lospoliticosveracruz.com\\\/wp-content\\\/uploads\\\/2025\\\/12\\\/Logo-Nuevo-LOS-POLITICOS-1.jpg\",\"width\":260,\"height\":70,\"caption\":\"Los pol\u00edticos Veracruz\"},\"image\":{\"@id\":\"https:\\\/\\\/lospoliticosveracruz.com\\\/#\\\/schema\\\/logo\\\/image\\\/\"},\"sameAs\":[\"https:\\\/\\\/www.facebook.com\\\/people\\\/Notimemes-de-los-Polticos\\\/61565672886568\\\/\",\"https:\\\/\\\/x.com\\\/LosPoliticosVer\"]},{\"@type\":\"Person\",\"@id\":\"https:\\\/\\\/lospoliticosveracruz.com\\\/#\\\/schema\\\/person\\\/b8702bb0e538456e6efd07080bf2a4a2\",\"name\":\"Lo viste en Los Pol\u00edticos\",\"image\":{\"@type\":\"ImageObject\",\"inLanguage\":\"es\",\"@id\":\"https:\\\/\\\/secure.gravatar.com\\\/avatar\\\/3a8de04a2656d44082be478bd6c086daa447c4651605818287b9532d3d0bd435?s=96&d=mm&r=g\",\"url\":\"https:\\\/\\\/secure.gravatar.com\\\/avatar\\\/3a8de04a2656d44082be478bd6c086daa447c4651605818287b9532d3d0bd435?s=96&d=mm&r=g\",\"contentUrl\":\"https:\\\/\\\/secure.gravatar.com\\\/avatar\\\/3a8de04a2656d44082be478bd6c086daa447c4651605818287b9532d3d0bd435?s=96&d=mm&r=g\",\"caption\":\"Lo viste en Los Pol\u00edticos\"},\"url\":\"https:\\\/\\\/lospoliticosveracruz.com\\\/?author=2\"}]}<\/script>\n<!-- \/ Yoast SEO plugin. -->","yoast_head_json":{"title":"ESTRENANDO! - Los pol\u00edticos Veracruz","robots":{"index":"index","follow":"follow","max-snippet":"max-snippet:-1","max-image-preview":"max-image-preview:large","max-video-preview":"max-video-preview:-1"},"canonical":"https:\/\/lospoliticosveracruz.com\/?p=170030","og_locale":"es_ES","og_type":"article","og_title":"ESTRENANDO! - Los pol\u00edticos Veracruz","og_description":"Como parte de las acciones para fortalecer la operatividad, mejorar la coordinaci\u00f3n y brindar mejores condiciones de trabajo al personal de emergencias, se inauguraron las nuevas instalaciones de la Direcci\u00f3n de Protecci\u00f3n Civil Municipal, destac\u00f3 la Presidenta Municipal de Boca del R\u00edo, Maryjose Gamboa Torales. \u201cRecordar\u00e1n que hace mucho este espacio fue de la Cruz [&hellip;]","og_url":"https:\/\/lospoliticosveracruz.com\/?p=170030","og_site_name":"Los pol\u00edticos Veracruz","article_publisher":"https:\/\/www.facebook.com\/people\/Notimemes-de-los-Polticos\/61565672886568\/","article_published_time":"2026-04-28T22:45:55+00:00","article_modified_time":"2026-04-28T22:45:56+00:00","og_image":[{"width":600,"height":320,"url":"https:\/\/lospoliticosveracruz.com\/wp-content\/uploads\/2026\/04\/Boca-3.jpg","type":"image\/jpeg"}],"author":"Lo viste en Los Pol\u00edticos","twitter_card":"summary_large_image","twitter_creator":"@LosPoliticosVer","twitter_site":"@LosPoliticosVer","twitter_misc":{"Escrito por":"Lo viste en Los Pol\u00edticos","Tiempo de lectura":"2 minutos"},"schema":{"@context":"https:\/\/schema.org","@graph":[{"@type":"Article","@id":"https:\/\/lospoliticosveracruz.com\/?p=170030#article","isPartOf":{"@id":"https:\/\/lospoliticosveracruz.com\/?p=170030"},"author":{"name":"Lo viste en Los Pol\u00edticos","@id":"https:\/\/lospoliticosveracruz.com\/#\/schema\/person\/b8702bb0e538456e6efd07080bf2a4a2"},"headline":"ESTRENANDO!","datePublished":"2026-04-28T22:45:55+00:00","dateModified":"2026-04-28T22:45:56+00:00","mainEntityOfPage":{"@id":"https:\/\/lospoliticosveracruz.com\/?p=170030"},"wordCount":413,"publisher":{"@id":"https:\/\/lospoliticosveracruz.com\/#organization"},"image":{"@id":"https:\/\/lospoliticosveracruz.com\/?p=170030#primaryimage"},"thumbnailUrl":"https:\/\/lospoliticosveracruz.com\/wp-content\/uploads\/2026\/04\/Boca-3.jpg","keywords":["Atenci\u00f3n de contingencias Veracruz","Maryjose Gamboa inauguraci\u00f3n oficinas","Nuevas instalaciones Protecci\u00f3n Civil Boca","Prevenci\u00f3n de emergencias Boca del R\u00edo hoy","Protecci\u00f3n Civil Boca del R\u00edo 2026","seguridad p\u00fablica Boca del R\u00edo 2026"],"articleSection":["De Boleto"],"inLanguage":"es"},{"@type":"WebPage","@id":"https:\/\/lospoliticosveracruz.com\/?p=170030","url":"https:\/\/lospoliticosveracruz.com\/?p=170030","name":"ESTRENANDO! - Los pol\u00edticos Veracruz","isPartOf":{"@id":"https:\/\/lospoliticosveracruz.com\/#website"},"primaryImageOfPage":{"@id":"https:\/\/lospoliticosveracruz.com\/?p=170030#primaryimage"},"image":{"@id":"https:\/\/lospoliticosveracruz.com\/?p=170030#primaryimage"},"thumbnailUrl":"https:\/\/lospoliticosveracruz.com\/wp-content\/uploads\/2026\/04\/Boca-3.jpg","datePublished":"2026-04-28T22:45:55+00:00","dateModified":"2026-04-28T22:45:56+00:00","breadcrumb":{"@id":"https:\/\/lospoliticosveracruz.com\/?p=170030#breadcrumb"},"inLanguage":"es","potentialAction":[{"@type":"ReadAction","target":["https:\/\/lospoliticosveracruz.com\/?p=170030"]}]},{"@type":"ImageObject","inLanguage":"es","@id":"https:\/\/lospoliticosveracruz.com\/?p=170030#primaryimage","url":"https:\/\/lospoliticosveracruz.com\/wp-content\/uploads\/2026\/04\/Boca-3.jpg","contentUrl":"https:\/\/lospoliticosveracruz.com\/wp-content\/uploads\/2026\/04\/Boca-3.jpg","width":600,"height":320},{"@type":"BreadcrumbList","@id":"https:\/\/lospoliticosveracruz.com\/?p=170030#breadcrumb","itemListElement":[{"@type":"ListItem","position":1,"name":"Portada","item":"https:\/\/lospoliticosveracruz.com\/"},{"@type":"ListItem","position":2,"name":"ESTRENANDO!"}]},{"@type":"WebSite","@id":"https:\/\/lospoliticosveracruz.com\/#website","url":"https:\/\/lospoliticosveracruz.com\/","name":"Los pol\u00edticos Veracruz","description":"","publisher":{"@id":"https:\/\/lospoliticosveracruz.com\/#organization"},"potentialAction":[{"@type":"SearchAction","target":{"@type":"EntryPoint","urlTemplate":"https:\/\/lospoliticosveracruz.com\/?s={search_term_string}"},"query-input":{"@type":"PropertyValueSpecification","valueRequired":true,"valueName":"search_term_string"}}],"inLanguage":"es"},{"@type":"Organization","@id":"https:\/\/lospoliticosveracruz.com\/#organization","name":"Los pol\u00edticos Veracruz","url":"https:\/\/lospoliticosveracruz.com\/","logo":{"@type":"ImageObject","inLanguage":"es","@id":"https:\/\/lospoliticosveracruz.com\/#\/schema\/logo\/image\/","url":"https:\/\/lospoliticosveracruz.com\/wp-content\/uploads\/2025\/12\/Logo-Nuevo-LOS-POLITICOS-1.jpg","contentUrl":"https:\/\/lospoliticosveracruz.com\/wp-content\/uploads\/2025\/12\/Logo-Nuevo-LOS-POLITICOS-1.jpg","width":260,"height":70,"caption":"Los pol\u00edticos Veracruz"},"image":{"@id":"https:\/\/lospoliticosveracruz.com\/#\/schema\/logo\/image\/"},"sameAs":["https:\/\/www.facebook.com\/people\/Notimemes-de-los-Polticos\/61565672886568\/","https:\/\/x.com\/LosPoliticosVer"]},{"@type":"Person","@id":"https:\/\/lospoliticosveracruz.com\/#\/schema\/person\/b8702bb0e538456e6efd07080bf2a4a2","name":"Lo viste en Los Pol\u00edticos","image":{"@type":"ImageObject","inLanguage":"es","@id":"https:\/\/secure.gravatar.com\/avatar\/3a8de04a2656d44082be478bd6c086daa447c4651605818287b9532d3d0bd435?s=96&d=mm&r=g","url":"https:\/\/secure.gravatar.com\/avatar\/3a8de04a2656d44082be478bd6c086daa447c4651605818287b9532d3d0bd435?s=96&d=mm&r=g","contentUrl":"https:\/\/secure.gravatar.com\/avatar\/3a8de04a2656d44082be478bd6c086daa447c4651605818287b9532d3d0bd435?s=96&d=mm&r=g","caption":"Lo viste en Los Pol\u00edticos"},"url":"https:\/\/lospoliticosveracruz.com\/?author=2"}]}},"_links":{"self":[{"href":"https:\/\/lospoliticosveracruz.com\/index.php?rest_route=\/wp\/v2\/posts\/170030","targetHints":{"allow":["GET"]}}],"collection":[{"href":"https:\/\/lospoliticosveracruz.com\/index.php?rest_route=\/wp\/v2\/posts"}],"about":[{"href":"https:\/\/lospoliticosveracruz.com\/index.php?rest_route=\/wp\/v2\/types\/post"}],"author":[{"embeddable":true,"href":"https:\/\/lospoliticosveracruz.com\/index.php?rest_route=\/wp\/v2\/users\/2"}],"replies":[{"embeddable":true,"href":"https:\/\/lospoliticosveracruz.com\/index.php?rest_route=%2Fwp%2Fv2%2Fcomments&post=170030"}],"version-history":[{"count":1,"href":"https:\/\/lospoliticosveracruz.com\/index.php?rest_route=\/wp\/v2\/posts\/170030\/revisions"}],"predecessor-version":[{"id":170032,"href":"https:\/\/lospoliticosveracruz.com\/index.php?rest_route=\/wp\/v2\/posts\/170030\/revisions\/170032"}],"wp:featuredmedia":[{"embeddable":true,"href":"https:\/\/lospoliticosveracruz.com\/index.php?rest_route=\/wp\/v2\/media\/170031"}],"wp:attachment":[{"href":"https:\/\/lospoliticosveracruz.com\/index.php?rest_route=%2Fwp%2Fv2%2Fmedia&parent=170030"}],"wp:term":[{"taxonomy":"category","embeddable":true,"href":"https:\/\/lospoliticosveracruz.com\/index.php?rest_route=%2Fwp%2Fv2%2Fcategories&post=170030"},{"taxonomy":"post_tag","embeddable":true,"href":"https:\/\/lospoliticosveracruz.com\/index.php?rest_route=%2Fwp%2Fv2%2Ftags&post=170030"}],"curies":[{"name":"wp","href":"https:\/\/api.w.org\/{rel}","templated":true}]}}