{"id":170036,"date":"2026-04-28T17:06:07","date_gmt":"2026-04-28T23:06:07","guid":{"rendered":"https:\/\/lospoliticosveracruz.com\/?p=170036"},"modified":"2026-04-28T17:06:08","modified_gmt":"2026-04-28T23:06:08","slug":"inclusion-con-resultados","status":"publish","type":"post","link":"https:\/\/lospoliticosveracruz.com\/?p=170036","title":{"rendered":"INCLUSI\u00d3N CON RESULTADOS!"},"content":{"rendered":"\n<p><\/p>\n\n\n\n<p>Poza Rica: Con el firme compromiso de construir un municipio m\u00e1s incluyente, el Gobierno de Poza Rica llev\u00f3 a cabo la Primera Sesi\u00f3n Solemne de Instalaci\u00f3n y Toma de Protesta del Consejo Municipal para la Integraci\u00f3n de Personas con Discapacidad, un \u00f3rgano que permitir\u00e1 fortalecer las pol\u00edticas p\u00fablicas en favor de este sector de la poblaci\u00f3n.<\/p>\n\n\n\n<p>Durante esta sesi\u00f3n, la Presidenta Municipal, Adanely Rodr\u00edguez, asumi\u00f3 su car\u00e1cter de presidenta honoraria del Consejo, reafirmando el compromiso de su administraci\u00f3n con la inclusi\u00f3n, la igualdad de oportunidades y el respeto a los derechos humanos.<\/p>\n\n\n\n<p>El Consejo qued\u00f3 formalmente integrado por Juan Francisco Saucedo, edil de inclusi\u00f3n ciudadana, como Presidente; la presidenta honor\u00edfica del Sistema DIF Municipal, Concepci\u00f3n Rodr\u00edguez, como Secretaria Honoraria; y la directora del DIF Municipal, Sthepany Paola Mar, como Secretaria T\u00e9cnica.<\/p>\n\n\n\n<p>Asimismo, este \u00f3rgano est\u00e1 conformado por ciudadanos, personas con discapacidad y representantes de organizaciones civiles, quienes aportar\u00e1n su experiencia y visi\u00f3n para la construcci\u00f3n de estrategias que impulsen una sociedad m\u00e1s justa e incluyente.<\/p>\n\n\n\n<p>Como parte de su funcionamiento, el Consejo celebrar\u00e1 sesiones ordinarias por lo menos una vez cada dos meses, con el objetivo de dar seguimiento a las acciones, programas y pol\u00edticas que contribuyan al bienestar y desarrollo integral de las personas con discapacidad en el municipio.<\/p>\n\n\n\n<p>Con la instalaci\u00f3n de este Consejo, el Gobierno de Poza Rica refrenda su compromiso de trabajar de manera coordinada con la sociedad para garantizar la inclusi\u00f3n y mejorar la calidad de vida de todas y todos los pozarricenses.<\/p>\n","protected":false},"excerpt":{"rendered":"<p>Poza Rica: Con el firme compromiso de construir un municipio m\u00e1s incluyente, el Gobierno de Poza Rica llev\u00f3 a cabo la Primera Sesi\u00f3n Solemne de Instalaci\u00f3n y Toma de Protesta del Consejo Municipal para la Integraci\u00f3n de Personas con Discapacidad, un \u00f3rgano que permitir\u00e1 fortalecer las pol\u00edticas p\u00fablicas en favor de este sector de la [&hellip;]<\/p>\n","protected":false},"author":2,"featured_media":170037,"comment_status":"closed","ping_status":"closed","sticky":false,"template":"","format":"standard","meta":{"tdm_status":"","tdm_grid_status":"","footnotes":""},"categories":[73],"tags":[62603,62599,62602,62600,62598,62601],"class_list":{"0":"post-170036","1":"post","2":"type-post","3":"status-publish","4":"format-standard","5":"has-post-thumbnail","7":"category-de-boleto","8":"tag-accesibilidad-universal-poza-rica","9":"tag-adanely-rodriguez-dif-municipal","10":"tag-consejo-discapacidad-poza-rica-hoy","11":"tag-derechos-humanos-veracruz-inclusion","12":"tag-inclusion-poza-rica-2026","13":"tag-juan-francisco-saucedo-edil-inclusion"},"yoast_head":"<!-- This site is optimized with the Yoast SEO plugin v27.4 - https:\/\/yoast.com\/product\/yoast-seo-wordpress\/ -->\n<title>INCLUSI\u00d3N CON RESULTADOS! - Los pol\u00edticos Veracruz<\/title>\n<meta name=\"robots\" content=\"index, follow, max-snippet:-1, max-image-preview:large, max-video-preview:-1\" \/>\n<link rel=\"canonical\" href=\"https:\/\/lospoliticosveracruz.com\/?p=170036\" \/>\n<meta property=\"og:locale\" content=\"es_ES\" \/>\n<meta property=\"og:type\" content=\"article\" \/>\n<meta property=\"og:title\" content=\"INCLUSI\u00d3N CON RESULTADOS! - Los pol\u00edticos Veracruz\" \/>\n<meta property=\"og:description\" content=\"Poza Rica: Con el firme compromiso de construir un municipio m\u00e1s incluyente, el Gobierno de Poza Rica llev\u00f3 a cabo la Primera Sesi\u00f3n Solemne de Instalaci\u00f3n y Toma de Protesta del Consejo Municipal para la Integraci\u00f3n de Personas con Discapacidad, un \u00f3rgano que permitir\u00e1 fortalecer las pol\u00edticas p\u00fablicas en favor de este sector de la [&hellip;]\" \/>\n<meta property=\"og:url\" content=\"https:\/\/lospoliticosveracruz.com\/?p=170036\" \/>\n<meta property=\"og:site_name\" content=\"Los pol\u00edticos Veracruz\" \/>\n<meta property=\"article:publisher\" content=\"https:\/\/www.facebook.com\/people\/Notimemes-de-los-Polticos\/61565672886568\/\" \/>\n<meta property=\"article:published_time\" content=\"2026-04-28T23:06:07+00:00\" \/>\n<meta property=\"article:modified_time\" content=\"2026-04-28T23:06:08+00:00\" \/>\n<meta property=\"og:image\" content=\"https:\/\/lospoliticosveracruz.com\/wp-content\/uploads\/2026\/04\/PR-4.jpg\" \/>\n\t<meta property=\"og:image:width\" content=\"600\" \/>\n\t<meta property=\"og:image:height\" content=\"320\" \/>\n\t<meta property=\"og:image:type\" content=\"image\/jpeg\" \/>\n<meta name=\"author\" content=\"Lo viste en Los Pol\u00edticos\" \/>\n<meta name=\"twitter:card\" content=\"summary_large_image\" \/>\n<meta name=\"twitter:creator\" content=\"@LosPoliticosVer\" \/>\n<meta name=\"twitter:site\" content=\"@LosPoliticosVer\" \/>\n<meta name=\"twitter:label1\" content=\"Escrito por\" \/>\n\t<meta name=\"twitter:data1\" content=\"Lo viste en Los Pol\u00edticos\" \/>\n\t<meta name=\"twitter:label2\" content=\"Tiempo de lectura\" \/>\n\t<meta name=\"twitter:data2\" content=\"2 minutos\" \/>\n<script type=\"application\/ld+json\" class=\"yoast-schema-graph\">{\"@context\":\"https:\\\/\\\/schema.org\",\"@graph\":[{\"@type\":\"Article\",\"@id\":\"https:\\\/\\\/lospoliticosveracruz.com\\\/?p=170036#article\",\"isPartOf\":{\"@id\":\"https:\\\/\\\/lospoliticosveracruz.com\\\/?p=170036\"},\"author\":{\"name\":\"Lo viste en Los Pol\u00edticos\",\"@id\":\"https:\\\/\\\/lospoliticosveracruz.com\\\/#\\\/schema\\\/person\\\/b8702bb0e538456e6efd07080bf2a4a2\"},\"headline\":\"INCLUSI\u00d3N CON RESULTADOS!\",\"datePublished\":\"2026-04-28T23:06:07+00:00\",\"dateModified\":\"2026-04-28T23:06:08+00:00\",\"mainEntityOfPage\":{\"@id\":\"https:\\\/\\\/lospoliticosveracruz.com\\\/?p=170036\"},\"wordCount\":276,\"publisher\":{\"@id\":\"https:\\\/\\\/lospoliticosveracruz.com\\\/#organization\"},\"image\":{\"@id\":\"https:\\\/\\\/lospoliticosveracruz.com\\\/?p=170036#primaryimage\"},\"thumbnailUrl\":\"https:\\\/\\\/lospoliticosveracruz.com\\\/wp-content\\\/uploads\\\/2026\\\/04\\\/PR-4.jpg\",\"keywords\":[\"Accesibilidad universal Poza Rica\",\"Adanely Rodr\u00edguez DIF municipal\",\"Consejo Discapacidad Poza Rica hoy\",\"Derechos humanos Veracruz inclusi\u00f3n\",\"Inclusi\u00f3n Poza Rica 2026\",\"Juan Francisco Saucedo edil inclusi\u00f3n\"],\"articleSection\":[\"De Boleto\"],\"inLanguage\":\"es\"},{\"@type\":\"WebPage\",\"@id\":\"https:\\\/\\\/lospoliticosveracruz.com\\\/?p=170036\",\"url\":\"https:\\\/\\\/lospoliticosveracruz.com\\\/?p=170036\",\"name\":\"INCLUSI\u00d3N CON RESULTADOS! - Los pol\u00edticos Veracruz\",\"isPartOf\":{\"@id\":\"https:\\\/\\\/lospoliticosveracruz.com\\\/#website\"},\"primaryImageOfPage\":{\"@id\":\"https:\\\/\\\/lospoliticosveracruz.com\\\/?p=170036#primaryimage\"},\"image\":{\"@id\":\"https:\\\/\\\/lospoliticosveracruz.com\\\/?p=170036#primaryimage\"},\"thumbnailUrl\":\"https:\\\/\\\/lospoliticosveracruz.com\\\/wp-content\\\/uploads\\\/2026\\\/04\\\/PR-4.jpg\",\"datePublished\":\"2026-04-28T23:06:07+00:00\",\"dateModified\":\"2026-04-28T23:06:08+00:00\",\"breadcrumb\":{\"@id\":\"https:\\\/\\\/lospoliticosveracruz.com\\\/?p=170036#breadcrumb\"},\"inLanguage\":\"es\",\"potentialAction\":[{\"@type\":\"ReadAction\",\"target\":[\"https:\\\/\\\/lospoliticosveracruz.com\\\/?p=170036\"]}]},{\"@type\":\"ImageObject\",\"inLanguage\":\"es\",\"@id\":\"https:\\\/\\\/lospoliticosveracruz.com\\\/?p=170036#primaryimage\",\"url\":\"https:\\\/\\\/lospoliticosveracruz.com\\\/wp-content\\\/uploads\\\/2026\\\/04\\\/PR-4.jpg\",\"contentUrl\":\"https:\\\/\\\/lospoliticosveracruz.com\\\/wp-content\\\/uploads\\\/2026\\\/04\\\/PR-4.jpg\",\"width\":600,\"height\":320},{\"@type\":\"BreadcrumbList\",\"@id\":\"https:\\\/\\\/lospoliticosveracruz.com\\\/?p=170036#breadcrumb\",\"itemListElement\":[{\"@type\":\"ListItem\",\"position\":1,\"name\":\"Portada\",\"item\":\"https:\\\/\\\/lospoliticosveracruz.com\\\/\"},{\"@type\":\"ListItem\",\"position\":2,\"name\":\"INCLUSI\u00d3N CON RESULTADOS!\"}]},{\"@type\":\"WebSite\",\"@id\":\"https:\\\/\\\/lospoliticosveracruz.com\\\/#website\",\"url\":\"https:\\\/\\\/lospoliticosveracruz.com\\\/\",\"name\":\"Los pol\u00edticos Veracruz\",\"description\":\"\",\"publisher\":{\"@id\":\"https:\\\/\\\/lospoliticosveracruz.com\\\/#organization\"},\"potentialAction\":[{\"@type\":\"SearchAction\",\"target\":{\"@type\":\"EntryPoint\",\"urlTemplate\":\"https:\\\/\\\/lospoliticosveracruz.com\\\/?s={search_term_string}\"},\"query-input\":{\"@type\":\"PropertyValueSpecification\",\"valueRequired\":true,\"valueName\":\"search_term_string\"}}],\"inLanguage\":\"es\"},{\"@type\":\"Organization\",\"@id\":\"https:\\\/\\\/lospoliticosveracruz.com\\\/#organization\",\"name\":\"Los pol\u00edticos Veracruz\",\"url\":\"https:\\\/\\\/lospoliticosveracruz.com\\\/\",\"logo\":{\"@type\":\"ImageObject\",\"inLanguage\":\"es\",\"@id\":\"https:\\\/\\\/lospoliticosveracruz.com\\\/#\\\/schema\\\/logo\\\/image\\\/\",\"url\":\"https:\\\/\\\/lospoliticosveracruz.com\\\/wp-content\\\/uploads\\\/2025\\\/12\\\/Logo-Nuevo-LOS-POLITICOS-1.jpg\",\"contentUrl\":\"https:\\\/\\\/lospoliticosveracruz.com\\\/wp-content\\\/uploads\\\/2025\\\/12\\\/Logo-Nuevo-LOS-POLITICOS-1.jpg\",\"width\":260,\"height\":70,\"caption\":\"Los pol\u00edticos Veracruz\"},\"image\":{\"@id\":\"https:\\\/\\\/lospoliticosveracruz.com\\\/#\\\/schema\\\/logo\\\/image\\\/\"},\"sameAs\":[\"https:\\\/\\\/www.facebook.com\\\/people\\\/Notimemes-de-los-Polticos\\\/61565672886568\\\/\",\"https:\\\/\\\/x.com\\\/LosPoliticosVer\"]},{\"@type\":\"Person\",\"@id\":\"https:\\\/\\\/lospoliticosveracruz.com\\\/#\\\/schema\\\/person\\\/b8702bb0e538456e6efd07080bf2a4a2\",\"name\":\"Lo viste en Los Pol\u00edticos\",\"image\":{\"@type\":\"ImageObject\",\"inLanguage\":\"es\",\"@id\":\"https:\\\/\\\/secure.gravatar.com\\\/avatar\\\/3a8de04a2656d44082be478bd6c086daa447c4651605818287b9532d3d0bd435?s=96&d=mm&r=g\",\"url\":\"https:\\\/\\\/secure.gravatar.com\\\/avatar\\\/3a8de04a2656d44082be478bd6c086daa447c4651605818287b9532d3d0bd435?s=96&d=mm&r=g\",\"contentUrl\":\"https:\\\/\\\/secure.gravatar.com\\\/avatar\\\/3a8de04a2656d44082be478bd6c086daa447c4651605818287b9532d3d0bd435?s=96&d=mm&r=g\",\"caption\":\"Lo viste en Los Pol\u00edticos\"},\"url\":\"https:\\\/\\\/lospoliticosveracruz.com\\\/?author=2\"}]}<\/script>\n<!-- \/ Yoast SEO plugin. -->","yoast_head_json":{"title":"INCLUSI\u00d3N CON RESULTADOS! - Los pol\u00edticos Veracruz","robots":{"index":"index","follow":"follow","max-snippet":"max-snippet:-1","max-image-preview":"max-image-preview:large","max-video-preview":"max-video-preview:-1"},"canonical":"https:\/\/lospoliticosveracruz.com\/?p=170036","og_locale":"es_ES","og_type":"article","og_title":"INCLUSI\u00d3N CON RESULTADOS! - Los pol\u00edticos Veracruz","og_description":"Poza Rica: Con el firme compromiso de construir un municipio m\u00e1s incluyente, el Gobierno de Poza Rica llev\u00f3 a cabo la Primera Sesi\u00f3n Solemne de Instalaci\u00f3n y Toma de Protesta del Consejo Municipal para la Integraci\u00f3n de Personas con Discapacidad, un \u00f3rgano que permitir\u00e1 fortalecer las pol\u00edticas p\u00fablicas en favor de este sector de la [&hellip;]","og_url":"https:\/\/lospoliticosveracruz.com\/?p=170036","og_site_name":"Los pol\u00edticos Veracruz","article_publisher":"https:\/\/www.facebook.com\/people\/Notimemes-de-los-Polticos\/61565672886568\/","article_published_time":"2026-04-28T23:06:07+00:00","article_modified_time":"2026-04-28T23:06:08+00:00","og_image":[{"width":600,"height":320,"url":"https:\/\/lospoliticosveracruz.com\/wp-content\/uploads\/2026\/04\/PR-4.jpg","type":"image\/jpeg"}],"author":"Lo viste en Los Pol\u00edticos","twitter_card":"summary_large_image","twitter_creator":"@LosPoliticosVer","twitter_site":"@LosPoliticosVer","twitter_misc":{"Escrito por":"Lo viste en Los Pol\u00edticos","Tiempo de lectura":"2 minutos"},"schema":{"@context":"https:\/\/schema.org","@graph":[{"@type":"Article","@id":"https:\/\/lospoliticosveracruz.com\/?p=170036#article","isPartOf":{"@id":"https:\/\/lospoliticosveracruz.com\/?p=170036"},"author":{"name":"Lo viste en Los Pol\u00edticos","@id":"https:\/\/lospoliticosveracruz.com\/#\/schema\/person\/b8702bb0e538456e6efd07080bf2a4a2"},"headline":"INCLUSI\u00d3N CON RESULTADOS!","datePublished":"2026-04-28T23:06:07+00:00","dateModified":"2026-04-28T23:06:08+00:00","mainEntityOfPage":{"@id":"https:\/\/lospoliticosveracruz.com\/?p=170036"},"wordCount":276,"publisher":{"@id":"https:\/\/lospoliticosveracruz.com\/#organization"},"image":{"@id":"https:\/\/lospoliticosveracruz.com\/?p=170036#primaryimage"},"thumbnailUrl":"https:\/\/lospoliticosveracruz.com\/wp-content\/uploads\/2026\/04\/PR-4.jpg","keywords":["Accesibilidad universal Poza Rica","Adanely Rodr\u00edguez DIF municipal","Consejo Discapacidad Poza Rica hoy","Derechos humanos Veracruz inclusi\u00f3n","Inclusi\u00f3n Poza Rica 2026","Juan Francisco Saucedo edil inclusi\u00f3n"],"articleSection":["De Boleto"],"inLanguage":"es"},{"@type":"WebPage","@id":"https:\/\/lospoliticosveracruz.com\/?p=170036","url":"https:\/\/lospoliticosveracruz.com\/?p=170036","name":"INCLUSI\u00d3N CON RESULTADOS! - Los pol\u00edticos Veracruz","isPartOf":{"@id":"https:\/\/lospoliticosveracruz.com\/#website"},"primaryImageOfPage":{"@id":"https:\/\/lospoliticosveracruz.com\/?p=170036#primaryimage"},"image":{"@id":"https:\/\/lospoliticosveracruz.com\/?p=170036#primaryimage"},"thumbnailUrl":"https:\/\/lospoliticosveracruz.com\/wp-content\/uploads\/2026\/04\/PR-4.jpg","datePublished":"2026-04-28T23:06:07+00:00","dateModified":"2026-04-28T23:06:08+00:00","breadcrumb":{"@id":"https:\/\/lospoliticosveracruz.com\/?p=170036#breadcrumb"},"inLanguage":"es","potentialAction":[{"@type":"ReadAction","target":["https:\/\/lospoliticosveracruz.com\/?p=170036"]}]},{"@type":"ImageObject","inLanguage":"es","@id":"https:\/\/lospoliticosveracruz.com\/?p=170036#primaryimage","url":"https:\/\/lospoliticosveracruz.com\/wp-content\/uploads\/2026\/04\/PR-4.jpg","contentUrl":"https:\/\/lospoliticosveracruz.com\/wp-content\/uploads\/2026\/04\/PR-4.jpg","width":600,"height":320},{"@type":"BreadcrumbList","@id":"https:\/\/lospoliticosveracruz.com\/?p=170036#breadcrumb","itemListElement":[{"@type":"ListItem","position":1,"name":"Portada","item":"https:\/\/lospoliticosveracruz.com\/"},{"@type":"ListItem","position":2,"name":"INCLUSI\u00d3N CON RESULTADOS!"}]},{"@type":"WebSite","@id":"https:\/\/lospoliticosveracruz.com\/#website","url":"https:\/\/lospoliticosveracruz.com\/","name":"Los pol\u00edticos Veracruz","description":"","publisher":{"@id":"https:\/\/lospoliticosveracruz.com\/#organization"},"potentialAction":[{"@type":"SearchAction","target":{"@type":"EntryPoint","urlTemplate":"https:\/\/lospoliticosveracruz.com\/?s={search_term_string}"},"query-input":{"@type":"PropertyValueSpecification","valueRequired":true,"valueName":"search_term_string"}}],"inLanguage":"es"},{"@type":"Organization","@id":"https:\/\/lospoliticosveracruz.com\/#organization","name":"Los pol\u00edticos Veracruz","url":"https:\/\/lospoliticosveracruz.com\/","logo":{"@type":"ImageObject","inLanguage":"es","@id":"https:\/\/lospoliticosveracruz.com\/#\/schema\/logo\/image\/","url":"https:\/\/lospoliticosveracruz.com\/wp-content\/uploads\/2025\/12\/Logo-Nuevo-LOS-POLITICOS-1.jpg","contentUrl":"https:\/\/lospoliticosveracruz.com\/wp-content\/uploads\/2025\/12\/Logo-Nuevo-LOS-POLITICOS-1.jpg","width":260,"height":70,"caption":"Los pol\u00edticos Veracruz"},"image":{"@id":"https:\/\/lospoliticosveracruz.com\/#\/schema\/logo\/image\/"},"sameAs":["https:\/\/www.facebook.com\/people\/Notimemes-de-los-Polticos\/61565672886568\/","https:\/\/x.com\/LosPoliticosVer"]},{"@type":"Person","@id":"https:\/\/lospoliticosveracruz.com\/#\/schema\/person\/b8702bb0e538456e6efd07080bf2a4a2","name":"Lo viste en Los Pol\u00edticos","image":{"@type":"ImageObject","inLanguage":"es","@id":"https:\/\/secure.gravatar.com\/avatar\/3a8de04a2656d44082be478bd6c086daa447c4651605818287b9532d3d0bd435?s=96&d=mm&r=g","url":"https:\/\/secure.gravatar.com\/avatar\/3a8de04a2656d44082be478bd6c086daa447c4651605818287b9532d3d0bd435?s=96&d=mm&r=g","contentUrl":"https:\/\/secure.gravatar.com\/avatar\/3a8de04a2656d44082be478bd6c086daa447c4651605818287b9532d3d0bd435?s=96&d=mm&r=g","caption":"Lo viste en Los Pol\u00edticos"},"url":"https:\/\/lospoliticosveracruz.com\/?author=2"}]}},"_links":{"self":[{"href":"https:\/\/lospoliticosveracruz.com\/index.php?rest_route=\/wp\/v2\/posts\/170036","targetHints":{"allow":["GET"]}}],"collection":[{"href":"https:\/\/lospoliticosveracruz.com\/index.php?rest_route=\/wp\/v2\/posts"}],"about":[{"href":"https:\/\/lospoliticosveracruz.com\/index.php?rest_route=\/wp\/v2\/types\/post"}],"author":[{"embeddable":true,"href":"https:\/\/lospoliticosveracruz.com\/index.php?rest_route=\/wp\/v2\/users\/2"}],"replies":[{"embeddable":true,"href":"https:\/\/lospoliticosveracruz.com\/index.php?rest_route=%2Fwp%2Fv2%2Fcomments&post=170036"}],"version-history":[{"count":1,"href":"https:\/\/lospoliticosveracruz.com\/index.php?rest_route=\/wp\/v2\/posts\/170036\/revisions"}],"predecessor-version":[{"id":170038,"href":"https:\/\/lospoliticosveracruz.com\/index.php?rest_route=\/wp\/v2\/posts\/170036\/revisions\/170038"}],"wp:featuredmedia":[{"embeddable":true,"href":"https:\/\/lospoliticosveracruz.com\/index.php?rest_route=\/wp\/v2\/media\/170037"}],"wp:attachment":[{"href":"https:\/\/lospoliticosveracruz.com\/index.php?rest_route=%2Fwp%2Fv2%2Fmedia&parent=170036"}],"wp:term":[{"taxonomy":"category","embeddable":true,"href":"https:\/\/lospoliticosveracruz.com\/index.php?rest_route=%2Fwp%2Fv2%2Fcategories&post=170036"},{"taxonomy":"post_tag","embeddable":true,"href":"https:\/\/lospoliticosveracruz.com\/index.php?rest_route=%2Fwp%2Fv2%2Ftags&post=170036"}],"curies":[{"name":"wp","href":"https:\/\/api.w.org\/{rel}","templated":true}]}}