{"id":170039,"date":"2026-04-28T17:09:07","date_gmt":"2026-04-28T23:09:07","guid":{"rendered":"https:\/\/lospoliticosveracruz.com\/?p=170039"},"modified":"2026-04-28T17:09:08","modified_gmt":"2026-04-28T23:09:08","slug":"tatanacho-se-le-va-encima-a-nahle","status":"publish","type":"post","link":"https:\/\/lospoliticosveracruz.com\/?p=170039","title":{"rendered":"TATANACHO SE LE VA ENCIMA A NAHLE!"},"content":{"rendered":"\n<p><\/p>\n\n\n\n<p><strong>Angeles Gonz\u00e1lez Ceballos<\/strong><\/p>\n\n\n\n<p>El padre del exgobernador de Veracruz, Cuitl\u00e1huac Garc\u00eda Jim\u00e9nez, el maestro normalista, Atanasio Garc\u00eda Dur\u00e1n, critic\u00f3 fuertemente a la gobernadora de Veracruz, Roc\u00edo Nahle Garc\u00eda y opin\u00f3 que la frase de \u00a8por amor a Veracruz\u00a8 no alcanza para mejorar las condiciones del Estado, adem\u00e1s, asegur\u00f3 que en la actual administraci\u00f3n hace falta visi\u00f3n y conocimiento del territorio estatal, entre otros.<\/p>\n\n\n\n<p>Entrevistado este martes en el Congreso del Estado, el acad\u00e9mico de la Universidad Veracruzana y exdiputado local, defendi\u00f3 el mandato de su hijo, quien fue el primer gobierno de izquierda y quien recibi\u00f3 las arcas vac\u00edas y con una deuda \u00a8impagable\u00a8.<\/p>\n\n\n\n<p>Critic\u00f3 a aquellos que se\u00f1alan que la administraci\u00f3n del ahora titular de CENAGAS sea la peor de la historia de Veracruz, porque como docente de Metodolog\u00edas de la Investigaci\u00f3n, es necesario que se presente la manera de hacer una encuesta, por lo que pidi\u00f3 que se pruebe que la administraci\u00f3n de su hijo ha sido la peor.<\/p>\n\n\n\n<p>\u00a8Yo veo m\u00e1s bien celo en cuanto a que obras, sobre todo para Xalapa, yo no veo que se est\u00e9n haciendo entonces esa que se le est\u00e1 entregando al gobierno del Estado (Nido del Halc\u00f3n), se dice que no sirve, pues oiga si me la regalan, yo la hago funcionar en cosa de un mes, dos meses.<\/p>\n\n\n\n<p>No hay una deuda con cargo a esa obra, es una obra que se financi\u00f3 con recursos del Estado, con ahorros del Estado y la prueba est\u00e1 en que el gobierno de Cuitl\u00e1huac incluso redujo la deuda, porque realiz\u00f3 diversas actividades de recorte presupuestal, empezando por su salario, yo creo que fue el gobernador que menor ingreso tuvo como salario de gobernador\u00a8, asever\u00f3.<\/p>\n\n\n\n<p>Fue as\u00ed que el padre del exmandatario veracruzano consider\u00f3 que lo que se requiere es tener una visi\u00f3n m\u00e1s amplia y verdaderamente tener amor por Veracruz y amor por Xalapa.<\/p>\n\n\n\n<p>\u00a8Yo no veo que se tenga\u2026. (el slogan no funciona?), veo escasa visi\u00f3n de lo que se tiene que hacer. Veracruz es un estado, yo creo que el m\u00e1s rico del Pa\u00eds y los recursos que tiene no los veo que se est\u00e9n activando y destinando lo que se tiene que hacer, sobre todo cuando se redujo la deuda y ya eso cuenta mucho\u00a8, agreg\u00f3.<\/p>\n\n\n\n<p>Cuestionado sobre el dicho de que Veracruz era, antes de que Roc\u00edo Nahle tomara el cargo, el estado m\u00e1s endeudado del Pa\u00eds, Atanasio Garc\u00eda Dur\u00e1n pidi\u00f3 que se demuestre y fue m\u00e1s all\u00e1 y exigi\u00f3 que si hubo mal manejo de los recursos p\u00fablicos en el sexenio de su hijo, que se denuncie a los responsables.<\/p>\n\n\n\n<p>Adem\u00e1s, record\u00f3 que para eso est\u00e1 el ORFIS, que trabaja de manera conjunta con el Congreso del Estado, ah\u00ed consider\u00f3 que decir que era el estado m\u00e1s endeudado, es un discurso contradictorio, porque cuando Cuitl\u00e1huac lleg\u00f3 al cargo, Miguel Angel Yunes Linares le hab\u00eda dejado una deuda de m\u00e1s de cien mil millones de pesos y cero pesos en las arcas estatales.<\/p>\n\n\n\n<p>Adem\u00e1s, Garc\u00eda Dur\u00e1n acus\u00f3 al exgobernador panista de haberse llevado todo lo que se pudo llevar.<\/p>\n\n\n\n<p>\u00a8No le dej\u00f3 nada en la hacienda, c\u00f3mo se pudo hacer?, con los recortes presupuestales y con el apoyo del gobierno Federal, del licenciado Andr\u00e9s Manuel L\u00f3pez Obrador\u00a8, enfatiz\u00f3.<\/p>\n\n\n\n<p>El docente expres\u00f3 que hoy existen condiciones muy favorables para un gran desarrollo del Estado, pero recalc\u00f3 que hace falta visi\u00f3n, conocimiento del territorio estatal, entre otros.<\/p>\n\n\n\n<p>Incluso el exdiputado local dijo que al principio no cre\u00eda que el hecho de que la gobernadora no fuera de Veracruz afectar\u00eda su desempe\u00f1o, sin embargo, ahora lo cree \u00a8firmemente\u00a8.<\/p>\n\n\n\n<p>\u00a8Se desconoce y no se tiene la visi\u00f3n\u2026mucha gente lo considera as\u00ed y yo me sumo a eso (que fue un error votar por Nahle Garc\u00eda). Habr\u00e1 que verlo en las encuestas que se levanten\u00a8, coment\u00f3 y no descart\u00f3 que esto pueda tener un impacto negativo en las pr\u00f3ximas elecciones del 2027.<\/p>\n\n\n\n<p>Atanasio Garc\u00eda Dur\u00e1n afirm\u00f3 que no fue f\u00e1cil que su hijo llegara al poder, pero enfatiz\u00f3 que fue el primer gobierno de izquierda en Veracruz, por lo que no fue suficiente que en seis a\u00f1os se dejara atr\u00e1s el dano que generaron los gobiernos de la oposici\u00f3n.<\/p>\n\n\n\n<p>\u00a8S\u00ed hay malestar en el Partido\u2026 es lo que se dice, pero si valoramos el primer gobierno, qu\u00e9 tuvo que hacer con un endeudamiento impagable, con escasas posibilidades de hacer lo que se ten\u00eda que hacer, porque existe todo un sistema que fue creado con gobiernos opuestos a lo que fue Morena\u00a8, asever\u00f3.<\/p>\n","protected":false},"excerpt":{"rendered":"<p>Angeles Gonz\u00e1lez Ceballos El padre del exgobernador de Veracruz, Cuitl\u00e1huac Garc\u00eda Jim\u00e9nez, el maestro normalista, Atanasio Garc\u00eda Dur\u00e1n, critic\u00f3 fuertemente a la gobernadora de Veracruz, Roc\u00edo Nahle Garc\u00eda y opin\u00f3 que la frase de \u00a8por amor a Veracruz\u00a8 no alcanza para mejorar las condiciones del Estado, adem\u00e1s, asegur\u00f3 que en la actual administraci\u00f3n hace falta [&hellip;]<\/p>\n","protected":false},"author":2,"featured_media":170040,"comment_status":"closed","ping_status":"closed","sticky":false,"template":"","format":"standard","meta":{"tdm_status":"","tdm_grid_status":"","footnotes":""},"categories":[6446],"tags":[62609,62605,62604,62608,62607,62606],"class_list":{"0":"post-170039","1":"post","2":"type-post","3":"status-publish","4":"format-standard","5":"has-post-thumbnail","7":"category-la-nota","8":"tag-atanasio-garcia-congreso-veracruz-hoy","9":"tag-atanasio-garcia-duran-critica-rocio-nahle","10":"tag-cuitlahuac-garcia-balance-gobierno-veracruz","11":"tag-deuda-publica-veracruz-yunes-vs-cuitlahuac","12":"tag-morena-veracruz-crisis-interna-2027","13":"tag-nido-del-halcon-xalapa-controversia-2026"},"yoast_head":"<!-- This site is optimized with the Yoast SEO plugin v27.4 - https:\/\/yoast.com\/product\/yoast-seo-wordpress\/ -->\n<title>TATANACHO SE LE VA ENCIMA A NAHLE! - Los pol\u00edticos Veracruz<\/title>\n<meta name=\"robots\" content=\"index, follow, max-snippet:-1, max-image-preview:large, max-video-preview:-1\" \/>\n<link rel=\"canonical\" href=\"https:\/\/lospoliticosveracruz.com\/?p=170039\" \/>\n<meta property=\"og:locale\" content=\"es_ES\" \/>\n<meta property=\"og:type\" content=\"article\" \/>\n<meta property=\"og:title\" content=\"TATANACHO SE LE VA ENCIMA A NAHLE! - Los pol\u00edticos Veracruz\" \/>\n<meta property=\"og:description\" content=\"Angeles Gonz\u00e1lez Ceballos El padre del exgobernador de Veracruz, Cuitl\u00e1huac Garc\u00eda Jim\u00e9nez, el maestro normalista, Atanasio Garc\u00eda Dur\u00e1n, critic\u00f3 fuertemente a la gobernadora de Veracruz, Roc\u00edo Nahle Garc\u00eda y opin\u00f3 que la frase de \u00a8por amor a Veracruz\u00a8 no alcanza para mejorar las condiciones del Estado, adem\u00e1s, asegur\u00f3 que en la actual administraci\u00f3n hace falta [&hellip;]\" \/>\n<meta property=\"og:url\" content=\"https:\/\/lospoliticosveracruz.com\/?p=170039\" \/>\n<meta property=\"og:site_name\" content=\"Los pol\u00edticos Veracruz\" \/>\n<meta property=\"article:publisher\" content=\"https:\/\/www.facebook.com\/people\/Notimemes-de-los-Polticos\/61565672886568\/\" \/>\n<meta property=\"article:published_time\" content=\"2026-04-28T23:09:07+00:00\" \/>\n<meta property=\"article:modified_time\" content=\"2026-04-28T23:09:08+00:00\" \/>\n<meta property=\"og:image\" content=\"https:\/\/lospoliticosveracruz.com\/wp-content\/uploads\/2026\/04\/Atanasio-Garcia-Duran.jpg\" \/>\n\t<meta property=\"og:image:width\" content=\"600\" \/>\n\t<meta property=\"og:image:height\" content=\"320\" \/>\n\t<meta property=\"og:image:type\" content=\"image\/jpeg\" \/>\n<meta name=\"author\" content=\"Lo viste en Los Pol\u00edticos\" \/>\n<meta name=\"twitter:card\" content=\"summary_large_image\" \/>\n<meta name=\"twitter:creator\" content=\"@LosPoliticosVer\" \/>\n<meta name=\"twitter:site\" content=\"@LosPoliticosVer\" \/>\n<meta name=\"twitter:label1\" content=\"Escrito por\" \/>\n\t<meta name=\"twitter:data1\" content=\"Lo viste en Los Pol\u00edticos\" \/>\n\t<meta name=\"twitter:label2\" content=\"Tiempo de lectura\" \/>\n\t<meta name=\"twitter:data2\" content=\"4 minutos\" \/>\n<script type=\"application\/ld+json\" class=\"yoast-schema-graph\">{\"@context\":\"https:\\\/\\\/schema.org\",\"@graph\":[{\"@type\":\"Article\",\"@id\":\"https:\\\/\\\/lospoliticosveracruz.com\\\/?p=170039#article\",\"isPartOf\":{\"@id\":\"https:\\\/\\\/lospoliticosveracruz.com\\\/?p=170039\"},\"author\":{\"name\":\"Lo viste en Los Pol\u00edticos\",\"@id\":\"https:\\\/\\\/lospoliticosveracruz.com\\\/#\\\/schema\\\/person\\\/b8702bb0e538456e6efd07080bf2a4a2\"},\"headline\":\"TATANACHO SE LE VA ENCIMA A NAHLE!\",\"datePublished\":\"2026-04-28T23:09:07+00:00\",\"dateModified\":\"2026-04-28T23:09:08+00:00\",\"mainEntityOfPage\":{\"@id\":\"https:\\\/\\\/lospoliticosveracruz.com\\\/?p=170039\"},\"wordCount\":815,\"publisher\":{\"@id\":\"https:\\\/\\\/lospoliticosveracruz.com\\\/#organization\"},\"image\":{\"@id\":\"https:\\\/\\\/lospoliticosveracruz.com\\\/?p=170039#primaryimage\"},\"thumbnailUrl\":\"https:\\\/\\\/lospoliticosveracruz.com\\\/wp-content\\\/uploads\\\/2026\\\/04\\\/Atanasio-Garcia-Duran.jpg\",\"keywords\":[\"Atanasio Garc\u00eda Congreso Veracruz hoy\",\"Atanasio Garc\u00eda Dur\u00e1n cr\u00edtica Roc\u00edo Nahle\",\"Cuitl\u00e1huac Garc\u00eda balance gobierno Veracruz\",\"Deuda p\u00fablica Veracruz Yunes vs Cuitl\u00e1huac\",\"Morena Veracruz crisis interna 2027\",\"Nido del Halc\u00f3n Xalapa controversia 2026\"],\"articleSection\":[\"La Nota\"],\"inLanguage\":\"es\"},{\"@type\":\"WebPage\",\"@id\":\"https:\\\/\\\/lospoliticosveracruz.com\\\/?p=170039\",\"url\":\"https:\\\/\\\/lospoliticosveracruz.com\\\/?p=170039\",\"name\":\"TATANACHO SE LE VA ENCIMA A NAHLE! - Los pol\u00edticos Veracruz\",\"isPartOf\":{\"@id\":\"https:\\\/\\\/lospoliticosveracruz.com\\\/#website\"},\"primaryImageOfPage\":{\"@id\":\"https:\\\/\\\/lospoliticosveracruz.com\\\/?p=170039#primaryimage\"},\"image\":{\"@id\":\"https:\\\/\\\/lospoliticosveracruz.com\\\/?p=170039#primaryimage\"},\"thumbnailUrl\":\"https:\\\/\\\/lospoliticosveracruz.com\\\/wp-content\\\/uploads\\\/2026\\\/04\\\/Atanasio-Garcia-Duran.jpg\",\"datePublished\":\"2026-04-28T23:09:07+00:00\",\"dateModified\":\"2026-04-28T23:09:08+00:00\",\"breadcrumb\":{\"@id\":\"https:\\\/\\\/lospoliticosveracruz.com\\\/?p=170039#breadcrumb\"},\"inLanguage\":\"es\",\"potentialAction\":[{\"@type\":\"ReadAction\",\"target\":[\"https:\\\/\\\/lospoliticosveracruz.com\\\/?p=170039\"]}]},{\"@type\":\"ImageObject\",\"inLanguage\":\"es\",\"@id\":\"https:\\\/\\\/lospoliticosveracruz.com\\\/?p=170039#primaryimage\",\"url\":\"https:\\\/\\\/lospoliticosveracruz.com\\\/wp-content\\\/uploads\\\/2026\\\/04\\\/Atanasio-Garcia-Duran.jpg\",\"contentUrl\":\"https:\\\/\\\/lospoliticosveracruz.com\\\/wp-content\\\/uploads\\\/2026\\\/04\\\/Atanasio-Garcia-Duran.jpg\",\"width\":600,\"height\":320},{\"@type\":\"BreadcrumbList\",\"@id\":\"https:\\\/\\\/lospoliticosveracruz.com\\\/?p=170039#breadcrumb\",\"itemListElement\":[{\"@type\":\"ListItem\",\"position\":1,\"name\":\"Portada\",\"item\":\"https:\\\/\\\/lospoliticosveracruz.com\\\/\"},{\"@type\":\"ListItem\",\"position\":2,\"name\":\"TATANACHO SE LE VA ENCIMA A NAHLE!\"}]},{\"@type\":\"WebSite\",\"@id\":\"https:\\\/\\\/lospoliticosveracruz.com\\\/#website\",\"url\":\"https:\\\/\\\/lospoliticosveracruz.com\\\/\",\"name\":\"Los pol\u00edticos Veracruz\",\"description\":\"\",\"publisher\":{\"@id\":\"https:\\\/\\\/lospoliticosveracruz.com\\\/#organization\"},\"potentialAction\":[{\"@type\":\"SearchAction\",\"target\":{\"@type\":\"EntryPoint\",\"urlTemplate\":\"https:\\\/\\\/lospoliticosveracruz.com\\\/?s={search_term_string}\"},\"query-input\":{\"@type\":\"PropertyValueSpecification\",\"valueRequired\":true,\"valueName\":\"search_term_string\"}}],\"inLanguage\":\"es\"},{\"@type\":\"Organization\",\"@id\":\"https:\\\/\\\/lospoliticosveracruz.com\\\/#organization\",\"name\":\"Los pol\u00edticos Veracruz\",\"url\":\"https:\\\/\\\/lospoliticosveracruz.com\\\/\",\"logo\":{\"@type\":\"ImageObject\",\"inLanguage\":\"es\",\"@id\":\"https:\\\/\\\/lospoliticosveracruz.com\\\/#\\\/schema\\\/logo\\\/image\\\/\",\"url\":\"https:\\\/\\\/lospoliticosveracruz.com\\\/wp-content\\\/uploads\\\/2025\\\/12\\\/Logo-Nuevo-LOS-POLITICOS-1.jpg\",\"contentUrl\":\"https:\\\/\\\/lospoliticosveracruz.com\\\/wp-content\\\/uploads\\\/2025\\\/12\\\/Logo-Nuevo-LOS-POLITICOS-1.jpg\",\"width\":260,\"height\":70,\"caption\":\"Los pol\u00edticos Veracruz\"},\"image\":{\"@id\":\"https:\\\/\\\/lospoliticosveracruz.com\\\/#\\\/schema\\\/logo\\\/image\\\/\"},\"sameAs\":[\"https:\\\/\\\/www.facebook.com\\\/people\\\/Notimemes-de-los-Polticos\\\/61565672886568\\\/\",\"https:\\\/\\\/x.com\\\/LosPoliticosVer\"]},{\"@type\":\"Person\",\"@id\":\"https:\\\/\\\/lospoliticosveracruz.com\\\/#\\\/schema\\\/person\\\/b8702bb0e538456e6efd07080bf2a4a2\",\"name\":\"Lo viste en Los Pol\u00edticos\",\"image\":{\"@type\":\"ImageObject\",\"inLanguage\":\"es\",\"@id\":\"https:\\\/\\\/secure.gravatar.com\\\/avatar\\\/3a8de04a2656d44082be478bd6c086daa447c4651605818287b9532d3d0bd435?s=96&d=mm&r=g\",\"url\":\"https:\\\/\\\/secure.gravatar.com\\\/avatar\\\/3a8de04a2656d44082be478bd6c086daa447c4651605818287b9532d3d0bd435?s=96&d=mm&r=g\",\"contentUrl\":\"https:\\\/\\\/secure.gravatar.com\\\/avatar\\\/3a8de04a2656d44082be478bd6c086daa447c4651605818287b9532d3d0bd435?s=96&d=mm&r=g\",\"caption\":\"Lo viste en Los Pol\u00edticos\"},\"url\":\"https:\\\/\\\/lospoliticosveracruz.com\\\/?author=2\"}]}<\/script>\n<!-- \/ Yoast SEO plugin. -->","yoast_head_json":{"title":"TATANACHO SE LE VA ENCIMA A NAHLE! - Los pol\u00edticos Veracruz","robots":{"index":"index","follow":"follow","max-snippet":"max-snippet:-1","max-image-preview":"max-image-preview:large","max-video-preview":"max-video-preview:-1"},"canonical":"https:\/\/lospoliticosveracruz.com\/?p=170039","og_locale":"es_ES","og_type":"article","og_title":"TATANACHO SE LE VA ENCIMA A NAHLE! - Los pol\u00edticos Veracruz","og_description":"Angeles Gonz\u00e1lez Ceballos El padre del exgobernador de Veracruz, Cuitl\u00e1huac Garc\u00eda Jim\u00e9nez, el maestro normalista, Atanasio Garc\u00eda Dur\u00e1n, critic\u00f3 fuertemente a la gobernadora de Veracruz, Roc\u00edo Nahle Garc\u00eda y opin\u00f3 que la frase de \u00a8por amor a Veracruz\u00a8 no alcanza para mejorar las condiciones del Estado, adem\u00e1s, asegur\u00f3 que en la actual administraci\u00f3n hace falta [&hellip;]","og_url":"https:\/\/lospoliticosveracruz.com\/?p=170039","og_site_name":"Los pol\u00edticos Veracruz","article_publisher":"https:\/\/www.facebook.com\/people\/Notimemes-de-los-Polticos\/61565672886568\/","article_published_time":"2026-04-28T23:09:07+00:00","article_modified_time":"2026-04-28T23:09:08+00:00","og_image":[{"width":600,"height":320,"url":"https:\/\/lospoliticosveracruz.com\/wp-content\/uploads\/2026\/04\/Atanasio-Garcia-Duran.jpg","type":"image\/jpeg"}],"author":"Lo viste en Los Pol\u00edticos","twitter_card":"summary_large_image","twitter_creator":"@LosPoliticosVer","twitter_site":"@LosPoliticosVer","twitter_misc":{"Escrito por":"Lo viste en Los Pol\u00edticos","Tiempo de lectura":"4 minutos"},"schema":{"@context":"https:\/\/schema.org","@graph":[{"@type":"Article","@id":"https:\/\/lospoliticosveracruz.com\/?p=170039#article","isPartOf":{"@id":"https:\/\/lospoliticosveracruz.com\/?p=170039"},"author":{"name":"Lo viste en Los Pol\u00edticos","@id":"https:\/\/lospoliticosveracruz.com\/#\/schema\/person\/b8702bb0e538456e6efd07080bf2a4a2"},"headline":"TATANACHO SE LE VA ENCIMA A NAHLE!","datePublished":"2026-04-28T23:09:07+00:00","dateModified":"2026-04-28T23:09:08+00:00","mainEntityOfPage":{"@id":"https:\/\/lospoliticosveracruz.com\/?p=170039"},"wordCount":815,"publisher":{"@id":"https:\/\/lospoliticosveracruz.com\/#organization"},"image":{"@id":"https:\/\/lospoliticosveracruz.com\/?p=170039#primaryimage"},"thumbnailUrl":"https:\/\/lospoliticosveracruz.com\/wp-content\/uploads\/2026\/04\/Atanasio-Garcia-Duran.jpg","keywords":["Atanasio Garc\u00eda Congreso Veracruz hoy","Atanasio Garc\u00eda Dur\u00e1n cr\u00edtica Roc\u00edo Nahle","Cuitl\u00e1huac Garc\u00eda balance gobierno Veracruz","Deuda p\u00fablica Veracruz Yunes vs Cuitl\u00e1huac","Morena Veracruz crisis interna 2027","Nido del Halc\u00f3n Xalapa controversia 2026"],"articleSection":["La Nota"],"inLanguage":"es"},{"@type":"WebPage","@id":"https:\/\/lospoliticosveracruz.com\/?p=170039","url":"https:\/\/lospoliticosveracruz.com\/?p=170039","name":"TATANACHO SE LE VA ENCIMA A NAHLE! - Los pol\u00edticos Veracruz","isPartOf":{"@id":"https:\/\/lospoliticosveracruz.com\/#website"},"primaryImageOfPage":{"@id":"https:\/\/lospoliticosveracruz.com\/?p=170039#primaryimage"},"image":{"@id":"https:\/\/lospoliticosveracruz.com\/?p=170039#primaryimage"},"thumbnailUrl":"https:\/\/lospoliticosveracruz.com\/wp-content\/uploads\/2026\/04\/Atanasio-Garcia-Duran.jpg","datePublished":"2026-04-28T23:09:07+00:00","dateModified":"2026-04-28T23:09:08+00:00","breadcrumb":{"@id":"https:\/\/lospoliticosveracruz.com\/?p=170039#breadcrumb"},"inLanguage":"es","potentialAction":[{"@type":"ReadAction","target":["https:\/\/lospoliticosveracruz.com\/?p=170039"]}]},{"@type":"ImageObject","inLanguage":"es","@id":"https:\/\/lospoliticosveracruz.com\/?p=170039#primaryimage","url":"https:\/\/lospoliticosveracruz.com\/wp-content\/uploads\/2026\/04\/Atanasio-Garcia-Duran.jpg","contentUrl":"https:\/\/lospoliticosveracruz.com\/wp-content\/uploads\/2026\/04\/Atanasio-Garcia-Duran.jpg","width":600,"height":320},{"@type":"BreadcrumbList","@id":"https:\/\/lospoliticosveracruz.com\/?p=170039#breadcrumb","itemListElement":[{"@type":"ListItem","position":1,"name":"Portada","item":"https:\/\/lospoliticosveracruz.com\/"},{"@type":"ListItem","position":2,"name":"TATANACHO SE LE VA ENCIMA A NAHLE!"}]},{"@type":"WebSite","@id":"https:\/\/lospoliticosveracruz.com\/#website","url":"https:\/\/lospoliticosveracruz.com\/","name":"Los pol\u00edticos Veracruz","description":"","publisher":{"@id":"https:\/\/lospoliticosveracruz.com\/#organization"},"potentialAction":[{"@type":"SearchAction","target":{"@type":"EntryPoint","urlTemplate":"https:\/\/lospoliticosveracruz.com\/?s={search_term_string}"},"query-input":{"@type":"PropertyValueSpecification","valueRequired":true,"valueName":"search_term_string"}}],"inLanguage":"es"},{"@type":"Organization","@id":"https:\/\/lospoliticosveracruz.com\/#organization","name":"Los pol\u00edticos Veracruz","url":"https:\/\/lospoliticosveracruz.com\/","logo":{"@type":"ImageObject","inLanguage":"es","@id":"https:\/\/lospoliticosveracruz.com\/#\/schema\/logo\/image\/","url":"https:\/\/lospoliticosveracruz.com\/wp-content\/uploads\/2025\/12\/Logo-Nuevo-LOS-POLITICOS-1.jpg","contentUrl":"https:\/\/lospoliticosveracruz.com\/wp-content\/uploads\/2025\/12\/Logo-Nuevo-LOS-POLITICOS-1.jpg","width":260,"height":70,"caption":"Los pol\u00edticos Veracruz"},"image":{"@id":"https:\/\/lospoliticosveracruz.com\/#\/schema\/logo\/image\/"},"sameAs":["https:\/\/www.facebook.com\/people\/Notimemes-de-los-Polticos\/61565672886568\/","https:\/\/x.com\/LosPoliticosVer"]},{"@type":"Person","@id":"https:\/\/lospoliticosveracruz.com\/#\/schema\/person\/b8702bb0e538456e6efd07080bf2a4a2","name":"Lo viste en Los Pol\u00edticos","image":{"@type":"ImageObject","inLanguage":"es","@id":"https:\/\/secure.gravatar.com\/avatar\/3a8de04a2656d44082be478bd6c086daa447c4651605818287b9532d3d0bd435?s=96&d=mm&r=g","url":"https:\/\/secure.gravatar.com\/avatar\/3a8de04a2656d44082be478bd6c086daa447c4651605818287b9532d3d0bd435?s=96&d=mm&r=g","contentUrl":"https:\/\/secure.gravatar.com\/avatar\/3a8de04a2656d44082be478bd6c086daa447c4651605818287b9532d3d0bd435?s=96&d=mm&r=g","caption":"Lo viste en Los Pol\u00edticos"},"url":"https:\/\/lospoliticosveracruz.com\/?author=2"}]}},"_links":{"self":[{"href":"https:\/\/lospoliticosveracruz.com\/index.php?rest_route=\/wp\/v2\/posts\/170039","targetHints":{"allow":["GET"]}}],"collection":[{"href":"https:\/\/lospoliticosveracruz.com\/index.php?rest_route=\/wp\/v2\/posts"}],"about":[{"href":"https:\/\/lospoliticosveracruz.com\/index.php?rest_route=\/wp\/v2\/types\/post"}],"author":[{"embeddable":true,"href":"https:\/\/lospoliticosveracruz.com\/index.php?rest_route=\/wp\/v2\/users\/2"}],"replies":[{"embeddable":true,"href":"https:\/\/lospoliticosveracruz.com\/index.php?rest_route=%2Fwp%2Fv2%2Fcomments&post=170039"}],"version-history":[{"count":1,"href":"https:\/\/lospoliticosveracruz.com\/index.php?rest_route=\/wp\/v2\/posts\/170039\/revisions"}],"predecessor-version":[{"id":170041,"href":"https:\/\/lospoliticosveracruz.com\/index.php?rest_route=\/wp\/v2\/posts\/170039\/revisions\/170041"}],"wp:featuredmedia":[{"embeddable":true,"href":"https:\/\/lospoliticosveracruz.com\/index.php?rest_route=\/wp\/v2\/media\/170040"}],"wp:attachment":[{"href":"https:\/\/lospoliticosveracruz.com\/index.php?rest_route=%2Fwp%2Fv2%2Fmedia&parent=170039"}],"wp:term":[{"taxonomy":"category","embeddable":true,"href":"https:\/\/lospoliticosveracruz.com\/index.php?rest_route=%2Fwp%2Fv2%2Fcategories&post=170039"},{"taxonomy":"post_tag","embeddable":true,"href":"https:\/\/lospoliticosveracruz.com\/index.php?rest_route=%2Fwp%2Fv2%2Ftags&post=170039"}],"curies":[{"name":"wp","href":"https:\/\/api.w.org\/{rel}","templated":true}]}}