{"id":170042,"date":"2026-04-28T17:35:45","date_gmt":"2026-04-28T23:35:45","guid":{"rendered":"https:\/\/lospoliticosveracruz.com\/?p=170042"},"modified":"2026-04-28T17:35:46","modified_gmt":"2026-04-28T23:35:46","slug":"el-profe-llama-al-dialogo-en-tatahuicapan","status":"publish","type":"post","link":"https:\/\/lospoliticosveracruz.com\/?p=170042","title":{"rendered":"EL PROFE LLAMA AL DI\u00c1LOGO EN TATAHUICAPAN!"},"content":{"rendered":"\n<p><\/p>\n\n\n\n<p>Coatzacoalcos: El diputado local Esteban Bautista Hern\u00e1ndez exhort\u00f3 al Comisariado Ejidal, a los gobiernos de Tatahuicapan y Soteapan a dirimir sus conflictos por medio del di\u00e1logo pac\u00edfico por el bien de la poblaci\u00f3n de la zona sur de la entidad.<\/p>\n\n\n\n<p>Durante una conferencia de prensa, en la que fij\u00f3 su postura en torno a la retenci\u00f3n de un cami\u00f3n recolector de basura de Soteapan por parte de ejidatarios de Tatahuicapan, el legislador aclar\u00f3 que no tiene injerencia en ese tema.<\/p>\n\n\n\n<p>\u201cSiempre le he dicho, no hay mejor veh\u00edculo de comunicaci\u00f3n para dirimir cualquier tema, es a trav\u00e9s del di\u00e1logo.<\/p>\n\n\n\n<p>Yo no s\u00e9 lo que piense el \u00f3rgano ejidal, pero desde aqu\u00ed les exhorto de que platiquen, platiquen para que se les pueda escuchar. Yo realmente desconozco cu\u00e1les son los planteamientos que est\u00e1n haciendo los del \u00f3rgano ejidal\u201d, expres\u00f3.<\/p>\n\n\n\n<p>Bautista Hern\u00e1ndez dio a conocer que el alcalde de Soteapan le solicit\u00f3 su intervenci\u00f3n para solucionar el problema de la basura. Al respecto, el presidente de la Junta de Coordinaci\u00f3n Pol\u00edtica (Jucopo) del Congreso del Estado dijo que si la solicitud del \u00f3rgano ejidal es reparar un camino puso a disposici\u00f3n m\u00e1s de mil 400 litros de di\u00e9sel para la operaci\u00f3n de maquinaria.<\/p>\n\n\n\n<p>\u201cMe dice, les voy a mandar una moto. Qu\u00e9 bueno que usted va a poner lo del combustible. Queremos que se resuelva\u201d, agreg\u00f3.<\/p>\n\n\n\n<p>Esteban Bautista dej\u00f3 en claro que no tiene ninguna participaci\u00f3n en un conflicto entre poblaci\u00f3n, ejidatarios y autoridades de dos municipios, toda vez que actualmente funge como diputado local y presidente de la Jucopo en la LXVII Legislatura.<\/p>\n\n\n\n<p>Incluso, revel\u00f3 que el \u00f3rgano ejidal fue nombrado por ejidatarios que apoyaban al actual presidente municipal de Tatahuicapan. Sin embargo, expuso que el edil lo ha responsabilizado de todos los problemas que se han presentado en los cuatro meses que lleva su administraci\u00f3n.<\/p>\n\n\n\n<p>\u201cDesde que inici\u00f3 la administraci\u00f3n del compa\u00f1ero Vladimir, pareciera que todos los temas que han ocurrido, producto de sus errores, de sus malos c\u00e1lculos, me culpa a m\u00ed\u201d, a\u00f1adi\u00f3.<\/p>\n\n\n\n<p>Finalmente, destac\u00f3 que gracias al acueducto Yuribia se logr\u00f3 la transformaci\u00f3n de Tatahuicapan, al llevarse a cabo diversas obras en beneficio de la poblaci\u00f3n y resalt\u00f3 que seguir\u00e1n llegando inversiones por parte del Gobierno de Veracruz no s\u00f3lo en ese municipio sino en toda la zona sur de la entidad.<\/p>\n","protected":false},"excerpt":{"rendered":"<p>Coatzacoalcos: El diputado local Esteban Bautista Hern\u00e1ndez exhort\u00f3 al Comisariado Ejidal, a los gobiernos de Tatahuicapan y Soteapan a dirimir sus conflictos por medio del di\u00e1logo pac\u00edfico por el bien de la poblaci\u00f3n de la zona sur de la entidad. Durante una conferencia de prensa, en la que fij\u00f3 su postura en torno a la [&hellip;]<\/p>\n","protected":false},"author":2,"featured_media":170043,"comment_status":"closed","ping_status":"closed","sticky":false,"template":"","format":"standard","meta":{"tdm_status":"","tdm_grid_status":"","footnotes":""},"categories":[43718],"tags":[62614,62611,62610,62613,58963,62612],"class_list":{"0":"post-170042","1":"post","2":"type-post","3":"status-publish","4":"format-standard","5":"has-post-thumbnail","7":"category-elpalaciodeencanto","8":"tag-acueducto-yuribia-inversiones-veracruz","9":"tag-alcalde-vladimir-tatahuicapan-criticas","10":"tag-conflicto-tatahuicapan-soteapan-basura","11":"tag-dialogo-ejidatarios-sur-de-veracruz","12":"tag-esteban-bautista-hernandez-jucopo-2026","13":"tag-reparacion-de-caminos-sierra-de-soteapan"},"yoast_head":"<!-- This site is optimized with the Yoast SEO plugin v27.4 - https:\/\/yoast.com\/product\/yoast-seo-wordpress\/ -->\n<title>EL PROFE LLAMA AL DI\u00c1LOGO EN TATAHUICAPAN! - Los pol\u00edticos Veracruz<\/title>\n<meta name=\"robots\" content=\"index, follow, max-snippet:-1, max-image-preview:large, max-video-preview:-1\" \/>\n<link rel=\"canonical\" href=\"https:\/\/lospoliticosveracruz.com\/?p=170042\" \/>\n<meta property=\"og:locale\" content=\"es_ES\" \/>\n<meta property=\"og:type\" content=\"article\" \/>\n<meta property=\"og:title\" content=\"EL PROFE LLAMA AL DI\u00c1LOGO EN TATAHUICAPAN! - Los pol\u00edticos Veracruz\" \/>\n<meta property=\"og:description\" content=\"Coatzacoalcos: El diputado local Esteban Bautista Hern\u00e1ndez exhort\u00f3 al Comisariado Ejidal, a los gobiernos de Tatahuicapan y Soteapan a dirimir sus conflictos por medio del di\u00e1logo pac\u00edfico por el bien de la poblaci\u00f3n de la zona sur de la entidad. Durante una conferencia de prensa, en la que fij\u00f3 su postura en torno a la [&hellip;]\" \/>\n<meta property=\"og:url\" content=\"https:\/\/lospoliticosveracruz.com\/?p=170042\" \/>\n<meta property=\"og:site_name\" content=\"Los pol\u00edticos Veracruz\" \/>\n<meta property=\"article:publisher\" content=\"https:\/\/www.facebook.com\/people\/Notimemes-de-los-Polticos\/61565672886568\/\" \/>\n<meta property=\"article:published_time\" content=\"2026-04-28T23:35:45+00:00\" \/>\n<meta property=\"article:modified_time\" content=\"2026-04-28T23:35:46+00:00\" \/>\n<meta property=\"og:image\" content=\"https:\/\/lospoliticosveracruz.com\/wp-content\/uploads\/2026\/04\/Esteban-2.jpg\" \/>\n\t<meta property=\"og:image:width\" content=\"600\" \/>\n\t<meta property=\"og:image:height\" content=\"320\" \/>\n\t<meta property=\"og:image:type\" content=\"image\/jpeg\" \/>\n<meta name=\"author\" content=\"Lo viste en Los Pol\u00edticos\" \/>\n<meta name=\"twitter:card\" content=\"summary_large_image\" \/>\n<meta name=\"twitter:creator\" content=\"@LosPoliticosVer\" \/>\n<meta name=\"twitter:site\" content=\"@LosPoliticosVer\" \/>\n<meta name=\"twitter:label1\" content=\"Escrito por\" \/>\n\t<meta name=\"twitter:data1\" content=\"Lo viste en Los Pol\u00edticos\" \/>\n\t<meta name=\"twitter:label2\" content=\"Tiempo de lectura\" \/>\n\t<meta name=\"twitter:data2\" content=\"2 minutos\" \/>\n<script type=\"application\/ld+json\" class=\"yoast-schema-graph\">{\"@context\":\"https:\\\/\\\/schema.org\",\"@graph\":[{\"@type\":\"Article\",\"@id\":\"https:\\\/\\\/lospoliticosveracruz.com\\\/?p=170042#article\",\"isPartOf\":{\"@id\":\"https:\\\/\\\/lospoliticosveracruz.com\\\/?p=170042\"},\"author\":{\"name\":\"Lo viste en Los Pol\u00edticos\",\"@id\":\"https:\\\/\\\/lospoliticosveracruz.com\\\/#\\\/schema\\\/person\\\/b8702bb0e538456e6efd07080bf2a4a2\"},\"headline\":\"EL PROFE LLAMA AL DI\u00c1LOGO EN TATAHUICAPAN!\",\"datePublished\":\"2026-04-28T23:35:45+00:00\",\"dateModified\":\"2026-04-28T23:35:46+00:00\",\"mainEntityOfPage\":{\"@id\":\"https:\\\/\\\/lospoliticosveracruz.com\\\/?p=170042\"},\"wordCount\":422,\"publisher\":{\"@id\":\"https:\\\/\\\/lospoliticosveracruz.com\\\/#organization\"},\"image\":{\"@id\":\"https:\\\/\\\/lospoliticosveracruz.com\\\/?p=170042#primaryimage\"},\"thumbnailUrl\":\"https:\\\/\\\/lospoliticosveracruz.com\\\/wp-content\\\/uploads\\\/2026\\\/04\\\/Esteban-2.jpg\",\"keywords\":[\"Acueducto Yuribia inversiones Veracruz\",\"Alcalde Vladimir Tatahuicapan cr\u00edticas\",\"Conflicto Tatahuicapan Soteapan basura\",\"Di\u00e1logo ejidatarios sur de Veracruz\",\"Esteban Bautista Hern\u00e1ndez Jucopo 2026\",\"Reparaci\u00f3n de caminos Sierra de Soteapan\"],\"articleSection\":[\"EL PALACIO DE ENCANTO\"],\"inLanguage\":\"es\"},{\"@type\":\"WebPage\",\"@id\":\"https:\\\/\\\/lospoliticosveracruz.com\\\/?p=170042\",\"url\":\"https:\\\/\\\/lospoliticosveracruz.com\\\/?p=170042\",\"name\":\"EL PROFE LLAMA AL DI\u00c1LOGO EN TATAHUICAPAN! - Los pol\u00edticos Veracruz\",\"isPartOf\":{\"@id\":\"https:\\\/\\\/lospoliticosveracruz.com\\\/#website\"},\"primaryImageOfPage\":{\"@id\":\"https:\\\/\\\/lospoliticosveracruz.com\\\/?p=170042#primaryimage\"},\"image\":{\"@id\":\"https:\\\/\\\/lospoliticosveracruz.com\\\/?p=170042#primaryimage\"},\"thumbnailUrl\":\"https:\\\/\\\/lospoliticosveracruz.com\\\/wp-content\\\/uploads\\\/2026\\\/04\\\/Esteban-2.jpg\",\"datePublished\":\"2026-04-28T23:35:45+00:00\",\"dateModified\":\"2026-04-28T23:35:46+00:00\",\"breadcrumb\":{\"@id\":\"https:\\\/\\\/lospoliticosveracruz.com\\\/?p=170042#breadcrumb\"},\"inLanguage\":\"es\",\"potentialAction\":[{\"@type\":\"ReadAction\",\"target\":[\"https:\\\/\\\/lospoliticosveracruz.com\\\/?p=170042\"]}]},{\"@type\":\"ImageObject\",\"inLanguage\":\"es\",\"@id\":\"https:\\\/\\\/lospoliticosveracruz.com\\\/?p=170042#primaryimage\",\"url\":\"https:\\\/\\\/lospoliticosveracruz.com\\\/wp-content\\\/uploads\\\/2026\\\/04\\\/Esteban-2.jpg\",\"contentUrl\":\"https:\\\/\\\/lospoliticosveracruz.com\\\/wp-content\\\/uploads\\\/2026\\\/04\\\/Esteban-2.jpg\",\"width\":600,\"height\":320},{\"@type\":\"BreadcrumbList\",\"@id\":\"https:\\\/\\\/lospoliticosveracruz.com\\\/?p=170042#breadcrumb\",\"itemListElement\":[{\"@type\":\"ListItem\",\"position\":1,\"name\":\"Portada\",\"item\":\"https:\\\/\\\/lospoliticosveracruz.com\\\/\"},{\"@type\":\"ListItem\",\"position\":2,\"name\":\"EL PROFE LLAMA AL DI\u00c1LOGO EN TATAHUICAPAN!\"}]},{\"@type\":\"WebSite\",\"@id\":\"https:\\\/\\\/lospoliticosveracruz.com\\\/#website\",\"url\":\"https:\\\/\\\/lospoliticosveracruz.com\\\/\",\"name\":\"Los pol\u00edticos Veracruz\",\"description\":\"\",\"publisher\":{\"@id\":\"https:\\\/\\\/lospoliticosveracruz.com\\\/#organization\"},\"potentialAction\":[{\"@type\":\"SearchAction\",\"target\":{\"@type\":\"EntryPoint\",\"urlTemplate\":\"https:\\\/\\\/lospoliticosveracruz.com\\\/?s={search_term_string}\"},\"query-input\":{\"@type\":\"PropertyValueSpecification\",\"valueRequired\":true,\"valueName\":\"search_term_string\"}}],\"inLanguage\":\"es\"},{\"@type\":\"Organization\",\"@id\":\"https:\\\/\\\/lospoliticosveracruz.com\\\/#organization\",\"name\":\"Los pol\u00edticos Veracruz\",\"url\":\"https:\\\/\\\/lospoliticosveracruz.com\\\/\",\"logo\":{\"@type\":\"ImageObject\",\"inLanguage\":\"es\",\"@id\":\"https:\\\/\\\/lospoliticosveracruz.com\\\/#\\\/schema\\\/logo\\\/image\\\/\",\"url\":\"https:\\\/\\\/lospoliticosveracruz.com\\\/wp-content\\\/uploads\\\/2025\\\/12\\\/Logo-Nuevo-LOS-POLITICOS-1.jpg\",\"contentUrl\":\"https:\\\/\\\/lospoliticosveracruz.com\\\/wp-content\\\/uploads\\\/2025\\\/12\\\/Logo-Nuevo-LOS-POLITICOS-1.jpg\",\"width\":260,\"height\":70,\"caption\":\"Los pol\u00edticos Veracruz\"},\"image\":{\"@id\":\"https:\\\/\\\/lospoliticosveracruz.com\\\/#\\\/schema\\\/logo\\\/image\\\/\"},\"sameAs\":[\"https:\\\/\\\/www.facebook.com\\\/people\\\/Notimemes-de-los-Polticos\\\/61565672886568\\\/\",\"https:\\\/\\\/x.com\\\/LosPoliticosVer\"]},{\"@type\":\"Person\",\"@id\":\"https:\\\/\\\/lospoliticosveracruz.com\\\/#\\\/schema\\\/person\\\/b8702bb0e538456e6efd07080bf2a4a2\",\"name\":\"Lo viste en Los Pol\u00edticos\",\"image\":{\"@type\":\"ImageObject\",\"inLanguage\":\"es\",\"@id\":\"https:\\\/\\\/secure.gravatar.com\\\/avatar\\\/3a8de04a2656d44082be478bd6c086daa447c4651605818287b9532d3d0bd435?s=96&d=mm&r=g\",\"url\":\"https:\\\/\\\/secure.gravatar.com\\\/avatar\\\/3a8de04a2656d44082be478bd6c086daa447c4651605818287b9532d3d0bd435?s=96&d=mm&r=g\",\"contentUrl\":\"https:\\\/\\\/secure.gravatar.com\\\/avatar\\\/3a8de04a2656d44082be478bd6c086daa447c4651605818287b9532d3d0bd435?s=96&d=mm&r=g\",\"caption\":\"Lo viste en Los Pol\u00edticos\"},\"url\":\"https:\\\/\\\/lospoliticosveracruz.com\\\/?author=2\"}]}<\/script>\n<!-- \/ Yoast SEO plugin. -->","yoast_head_json":{"title":"EL PROFE LLAMA AL DI\u00c1LOGO EN TATAHUICAPAN! - Los pol\u00edticos Veracruz","robots":{"index":"index","follow":"follow","max-snippet":"max-snippet:-1","max-image-preview":"max-image-preview:large","max-video-preview":"max-video-preview:-1"},"canonical":"https:\/\/lospoliticosveracruz.com\/?p=170042","og_locale":"es_ES","og_type":"article","og_title":"EL PROFE LLAMA AL DI\u00c1LOGO EN TATAHUICAPAN! - Los pol\u00edticos Veracruz","og_description":"Coatzacoalcos: El diputado local Esteban Bautista Hern\u00e1ndez exhort\u00f3 al Comisariado Ejidal, a los gobiernos de Tatahuicapan y Soteapan a dirimir sus conflictos por medio del di\u00e1logo pac\u00edfico por el bien de la poblaci\u00f3n de la zona sur de la entidad. Durante una conferencia de prensa, en la que fij\u00f3 su postura en torno a la [&hellip;]","og_url":"https:\/\/lospoliticosveracruz.com\/?p=170042","og_site_name":"Los pol\u00edticos Veracruz","article_publisher":"https:\/\/www.facebook.com\/people\/Notimemes-de-los-Polticos\/61565672886568\/","article_published_time":"2026-04-28T23:35:45+00:00","article_modified_time":"2026-04-28T23:35:46+00:00","og_image":[{"width":600,"height":320,"url":"https:\/\/lospoliticosveracruz.com\/wp-content\/uploads\/2026\/04\/Esteban-2.jpg","type":"image\/jpeg"}],"author":"Lo viste en Los Pol\u00edticos","twitter_card":"summary_large_image","twitter_creator":"@LosPoliticosVer","twitter_site":"@LosPoliticosVer","twitter_misc":{"Escrito por":"Lo viste en Los Pol\u00edticos","Tiempo de lectura":"2 minutos"},"schema":{"@context":"https:\/\/schema.org","@graph":[{"@type":"Article","@id":"https:\/\/lospoliticosveracruz.com\/?p=170042#article","isPartOf":{"@id":"https:\/\/lospoliticosveracruz.com\/?p=170042"},"author":{"name":"Lo viste en Los Pol\u00edticos","@id":"https:\/\/lospoliticosveracruz.com\/#\/schema\/person\/b8702bb0e538456e6efd07080bf2a4a2"},"headline":"EL PROFE LLAMA AL DI\u00c1LOGO EN TATAHUICAPAN!","datePublished":"2026-04-28T23:35:45+00:00","dateModified":"2026-04-28T23:35:46+00:00","mainEntityOfPage":{"@id":"https:\/\/lospoliticosveracruz.com\/?p=170042"},"wordCount":422,"publisher":{"@id":"https:\/\/lospoliticosveracruz.com\/#organization"},"image":{"@id":"https:\/\/lospoliticosveracruz.com\/?p=170042#primaryimage"},"thumbnailUrl":"https:\/\/lospoliticosveracruz.com\/wp-content\/uploads\/2026\/04\/Esteban-2.jpg","keywords":["Acueducto Yuribia inversiones Veracruz","Alcalde Vladimir Tatahuicapan cr\u00edticas","Conflicto Tatahuicapan Soteapan basura","Di\u00e1logo ejidatarios sur de Veracruz","Esteban Bautista Hern\u00e1ndez Jucopo 2026","Reparaci\u00f3n de caminos Sierra de Soteapan"],"articleSection":["EL PALACIO DE ENCANTO"],"inLanguage":"es"},{"@type":"WebPage","@id":"https:\/\/lospoliticosveracruz.com\/?p=170042","url":"https:\/\/lospoliticosveracruz.com\/?p=170042","name":"EL PROFE LLAMA AL DI\u00c1LOGO EN TATAHUICAPAN! - Los pol\u00edticos Veracruz","isPartOf":{"@id":"https:\/\/lospoliticosveracruz.com\/#website"},"primaryImageOfPage":{"@id":"https:\/\/lospoliticosveracruz.com\/?p=170042#primaryimage"},"image":{"@id":"https:\/\/lospoliticosveracruz.com\/?p=170042#primaryimage"},"thumbnailUrl":"https:\/\/lospoliticosveracruz.com\/wp-content\/uploads\/2026\/04\/Esteban-2.jpg","datePublished":"2026-04-28T23:35:45+00:00","dateModified":"2026-04-28T23:35:46+00:00","breadcrumb":{"@id":"https:\/\/lospoliticosveracruz.com\/?p=170042#breadcrumb"},"inLanguage":"es","potentialAction":[{"@type":"ReadAction","target":["https:\/\/lospoliticosveracruz.com\/?p=170042"]}]},{"@type":"ImageObject","inLanguage":"es","@id":"https:\/\/lospoliticosveracruz.com\/?p=170042#primaryimage","url":"https:\/\/lospoliticosveracruz.com\/wp-content\/uploads\/2026\/04\/Esteban-2.jpg","contentUrl":"https:\/\/lospoliticosveracruz.com\/wp-content\/uploads\/2026\/04\/Esteban-2.jpg","width":600,"height":320},{"@type":"BreadcrumbList","@id":"https:\/\/lospoliticosveracruz.com\/?p=170042#breadcrumb","itemListElement":[{"@type":"ListItem","position":1,"name":"Portada","item":"https:\/\/lospoliticosveracruz.com\/"},{"@type":"ListItem","position":2,"name":"EL PROFE LLAMA AL DI\u00c1LOGO EN TATAHUICAPAN!"}]},{"@type":"WebSite","@id":"https:\/\/lospoliticosveracruz.com\/#website","url":"https:\/\/lospoliticosveracruz.com\/","name":"Los pol\u00edticos Veracruz","description":"","publisher":{"@id":"https:\/\/lospoliticosveracruz.com\/#organization"},"potentialAction":[{"@type":"SearchAction","target":{"@type":"EntryPoint","urlTemplate":"https:\/\/lospoliticosveracruz.com\/?s={search_term_string}"},"query-input":{"@type":"PropertyValueSpecification","valueRequired":true,"valueName":"search_term_string"}}],"inLanguage":"es"},{"@type":"Organization","@id":"https:\/\/lospoliticosveracruz.com\/#organization","name":"Los pol\u00edticos Veracruz","url":"https:\/\/lospoliticosveracruz.com\/","logo":{"@type":"ImageObject","inLanguage":"es","@id":"https:\/\/lospoliticosveracruz.com\/#\/schema\/logo\/image\/","url":"https:\/\/lospoliticosveracruz.com\/wp-content\/uploads\/2025\/12\/Logo-Nuevo-LOS-POLITICOS-1.jpg","contentUrl":"https:\/\/lospoliticosveracruz.com\/wp-content\/uploads\/2025\/12\/Logo-Nuevo-LOS-POLITICOS-1.jpg","width":260,"height":70,"caption":"Los pol\u00edticos Veracruz"},"image":{"@id":"https:\/\/lospoliticosveracruz.com\/#\/schema\/logo\/image\/"},"sameAs":["https:\/\/www.facebook.com\/people\/Notimemes-de-los-Polticos\/61565672886568\/","https:\/\/x.com\/LosPoliticosVer"]},{"@type":"Person","@id":"https:\/\/lospoliticosveracruz.com\/#\/schema\/person\/b8702bb0e538456e6efd07080bf2a4a2","name":"Lo viste en Los Pol\u00edticos","image":{"@type":"ImageObject","inLanguage":"es","@id":"https:\/\/secure.gravatar.com\/avatar\/3a8de04a2656d44082be478bd6c086daa447c4651605818287b9532d3d0bd435?s=96&d=mm&r=g","url":"https:\/\/secure.gravatar.com\/avatar\/3a8de04a2656d44082be478bd6c086daa447c4651605818287b9532d3d0bd435?s=96&d=mm&r=g","contentUrl":"https:\/\/secure.gravatar.com\/avatar\/3a8de04a2656d44082be478bd6c086daa447c4651605818287b9532d3d0bd435?s=96&d=mm&r=g","caption":"Lo viste en Los Pol\u00edticos"},"url":"https:\/\/lospoliticosveracruz.com\/?author=2"}]}},"_links":{"self":[{"href":"https:\/\/lospoliticosveracruz.com\/index.php?rest_route=\/wp\/v2\/posts\/170042","targetHints":{"allow":["GET"]}}],"collection":[{"href":"https:\/\/lospoliticosveracruz.com\/index.php?rest_route=\/wp\/v2\/posts"}],"about":[{"href":"https:\/\/lospoliticosveracruz.com\/index.php?rest_route=\/wp\/v2\/types\/post"}],"author":[{"embeddable":true,"href":"https:\/\/lospoliticosveracruz.com\/index.php?rest_route=\/wp\/v2\/users\/2"}],"replies":[{"embeddable":true,"href":"https:\/\/lospoliticosveracruz.com\/index.php?rest_route=%2Fwp%2Fv2%2Fcomments&post=170042"}],"version-history":[{"count":1,"href":"https:\/\/lospoliticosveracruz.com\/index.php?rest_route=\/wp\/v2\/posts\/170042\/revisions"}],"predecessor-version":[{"id":170044,"href":"https:\/\/lospoliticosveracruz.com\/index.php?rest_route=\/wp\/v2\/posts\/170042\/revisions\/170044"}],"wp:featuredmedia":[{"embeddable":true,"href":"https:\/\/lospoliticosveracruz.com\/index.php?rest_route=\/wp\/v2\/media\/170043"}],"wp:attachment":[{"href":"https:\/\/lospoliticosveracruz.com\/index.php?rest_route=%2Fwp%2Fv2%2Fmedia&parent=170042"}],"wp:term":[{"taxonomy":"category","embeddable":true,"href":"https:\/\/lospoliticosveracruz.com\/index.php?rest_route=%2Fwp%2Fv2%2Fcategories&post=170042"},{"taxonomy":"post_tag","embeddable":true,"href":"https:\/\/lospoliticosveracruz.com\/index.php?rest_route=%2Fwp%2Fv2%2Ftags&post=170042"}],"curies":[{"name":"wp","href":"https:\/\/api.w.org\/{rel}","templated":true}]}}