{"id":170045,"date":"2026-04-28T21:30:00","date_gmt":"2026-04-29T03:30:00","guid":{"rendered":"https:\/\/lospoliticosveracruz.com\/?p=170045"},"modified":"2026-04-28T17:40:18","modified_gmt":"2026-04-28T23:40:18","slug":"caaaalor","status":"publish","type":"post","link":"https:\/\/lospoliticosveracruz.com\/?p=170045","title":{"rendered":"CAAAALOR"},"content":{"rendered":"\n<p><br><strong>Guadalupe H. Mar<br><\/strong><em>Mira Pol\u00edtica<\/em><\/p>\n\n\n\n<p><strong>DE CLASE MUNDIAL \u2026<\/strong> Deber\u00edan cambiar ese eslogan de que la Comisi\u00f3n Federal de Electricidad es una empresa de clase mundial, pues suena m\u00e1s a burla que a una frase para convencer y si no lo creen, pregunten a los usuarios de CFE de los municipios de Veracruz, Boca del R\u00edo, Medell\u00edn de Bravo, Soledad de Doblado y Manlio Fabio Altamirano, quienes desde el lunes se quedaron sin energ\u00eda el\u00e9ctrica, disque al \u201cbotarse\u201d una l\u00ednea, seg\u00fan el argumento de la compa\u00f1\u00eda.<br>El \u201cmega apag\u00f3n\u201d como le llaman en algunos medios de comunicaci\u00f3n a la repentina suspensi\u00f3n del abasto de energ\u00eda el\u00e9ctrica, se agrav\u00f3 porque en otras zonas habitacionales, sobre todo de la ciudad de Veracruz, se \u201cvolaron, tronaron\u201d o se incendiaron varios transformadores, complicando m\u00e1s la situaci\u00f3n.<br>Lo grave, es que los apagones que se han suscitado sobre todo durante las noches en zonas habitacionales de esos cinco municipios, se registran precisamente en esta semana que una onda de calor impera en la regi\u00f3n.<br>Esta sofocante onda de calor se dejar\u00e1 sentir hasta el pr\u00f3ximo s\u00e1bado en que un \u201cnorte\u201d, el tradicional, \u00faltimo de la temporada, refrescar\u00e1 un poco el ambiente. Un poco.<br>Pero volviendo al tema de la disque empresa de clase mundial y su cuestionable eficiencia, quienes radicamos en el estado de Veracruz, sobre todo en la franja costera, debemos ir prepar\u00e1ndonos para sobrevivir a los calores, sin contar con el adecuado abasto de energ\u00eda el\u00e9ctrica.<br>Vean por qu\u00e9 amables lectoras y lectores. Los especialistas advierten que los meses m\u00e1s calurosos del a\u00f1o en la costa veracruzana, son los comprendidos de abril a septiembre, peeero, junio es el mes con las temperaturas m\u00e1s altas y una alta humedad de hasta el 80 por ciento que eleva la sensaci\u00f3n t\u00e9rmica.<br>Los meses pico de calor son junio, julio y agosto por lo que estamos a tiempo de prepararnos para soportar las altas temperaturas agravadas por la humedad, tomando en cuenta que los apagones de la CFE se est\u00e1n incrementando cuando apenas inicia la \u00e9poca calurosa.<br>Claro, habr\u00e1 amables lectoras y lectores que consideren una exageraci\u00f3n esta advertencia, a la cual solo har\u00edamos dos preguntas \u00bfhan visto ustedes al personal de la CFE realizar labores de mantenimiento a las l\u00edneas de conducci\u00f3n de energ\u00eda por las zonas donde ustedes radican?<br>\u00bfHan visto a los trabajadores de la CFE lavar las l\u00edneas de alta tensi\u00f3n que se han sulfatado por la arena y humedad del ambiente en la costa veracruzana?<br>Si sus respuestas son afirmativas, las y los felicitamos porque dif\u00edcilmente sufrir\u00e1n por los apagones, pero si respondieron que no, ya vayan prepar\u00e1ndose para la \u00e9poca de calor de este a\u00f1o en la que, por cierto, se dar\u00e1 la transici\u00f3n de los fen\u00f3menos del ni\u00f1o y la ni\u00f1a, tema del que ha venido advirtiendo el maestro Federico Acevedo Rosas, de la Secretar\u00eda estatal de Protecci\u00f3n Civil.<br>De lo \u00fanico que no debemos preocuparnos es de que lleguen a nuestros domicilios los recibos de la Comisi\u00f3n Federal de Electricidad. Esos siempre llegan a tiempo.<br><strong>EL PUEBLO SE CANSA \u2026 <\/strong>Recontraporcierto, tambi\u00e9n el lunes, habitante del ejido Libertad, del municipio de Las Choapas, retuvieron a un par de trabajadores de la Comisi\u00f3n Federal de Electricidad que hab\u00edan llegado a tomar datos para facturaci\u00f3n domiciliaria, como medida de presi\u00f3n para que la CFE instale un nuevo transformador que se comprometi\u00f3 la empresa llevar desde enero pasado.<br>Literalmente los habitantes del ejido Libertad invitaron a comer a los empleados de la CFE en tanto se apersonaban los funcionarios que hab\u00edan prometido llevar el transformador para que los vecinos de esa comunidad tengan la suficiente y adecuada energ\u00eda el\u00e9ctrica.<br>Caray, el sabio pueblo se cansa.<br><strong>EN CASA DEL HERRERO \u2026<\/strong> Usuarios de las albercas de la Unidad Deportiva y Centro Acu\u00e1tico Leyes de Reforma en el municipio de Boca del R\u00edo, reportan que desde hace quince d\u00edas no hay agua en las regaderas donde los nadadores se enjuagan antes de zambullirse en alguna alberca y as\u00ed evitar llevar desde sudor hasta productos qu\u00edmicos usados en el cuidado personal.<br>Los usuarios de Leyes de Reforma ya han reportado esta situaci\u00f3n a los administradores, pero han sido ignorados ol\u00edmpicamente.<br>D\u00cdGALO SIN MIEDO \u2026 Al correo electr\u00f3nico guadalupehmar@gmail.com<\/p>\n","protected":false},"excerpt":{"rendered":"<p>Guadalupe H. MarMira Pol\u00edtica DE CLASE MUNDIAL \u2026 Deber\u00edan cambiar ese eslogan de que la Comisi\u00f3n Federal de Electricidad es una empresa de clase mundial, pues suena m\u00e1s a burla que a una frase para convencer y si no lo creen, pregunten a los usuarios de CFE de los municipios de Veracruz, Boca del R\u00edo, [&hellip;]<\/p>\n","protected":false},"author":2,"featured_media":141398,"comment_status":"closed","ping_status":"closed","sticky":false,"template":"","format":"standard","meta":{"tdm_status":"","tdm_grid_status":"","footnotes":""},"categories":[70],"tags":[62615,62616,50647,62617,62619,62618],"class_list":{"0":"post-170045","1":"post","2":"type-post","3":"status-publish","4":"format-standard","5":"has-post-thumbnail","7":"category-de-opinion","8":"tag-apagon-cfe-veracruz-abril-2026","9":"tag-ejido-libertad-las-choapas-cfe-trabajadores","10":"tag-guadalupe-h-mar-mira-politica-columna","11":"tag-leyes-de-reforma-boca-del-rio-falta-agua","12":"tag-mantenimiento-preventivo-cfe-salitre-costa","13":"tag-ola-de-calor-veracruz-pronostico-junio"},"yoast_head":"<!-- This site is optimized with the Yoast SEO plugin v27.4 - https:\/\/yoast.com\/product\/yoast-seo-wordpress\/ -->\n<title>CAAAALOR - Los pol\u00edticos Veracruz<\/title>\n<meta name=\"robots\" content=\"index, follow, max-snippet:-1, max-image-preview:large, max-video-preview:-1\" \/>\n<link rel=\"canonical\" href=\"https:\/\/lospoliticosveracruz.com\/?p=170045\" \/>\n<meta property=\"og:locale\" content=\"es_ES\" \/>\n<meta property=\"og:type\" content=\"article\" \/>\n<meta property=\"og:title\" content=\"CAAAALOR - Los pol\u00edticos Veracruz\" \/>\n<meta property=\"og:description\" content=\"Guadalupe H. MarMira Pol\u00edtica DE CLASE MUNDIAL \u2026 Deber\u00edan cambiar ese eslogan de que la Comisi\u00f3n Federal de Electricidad es una empresa de clase mundial, pues suena m\u00e1s a burla que a una frase para convencer y si no lo creen, pregunten a los usuarios de CFE de los municipios de Veracruz, Boca del R\u00edo, [&hellip;]\" \/>\n<meta property=\"og:url\" content=\"https:\/\/lospoliticosveracruz.com\/?p=170045\" \/>\n<meta property=\"og:site_name\" content=\"Los pol\u00edticos Veracruz\" \/>\n<meta property=\"article:publisher\" content=\"https:\/\/www.facebook.com\/people\/Notimemes-de-los-Polticos\/61565672886568\/\" \/>\n<meta property=\"article:published_time\" content=\"2026-04-29T03:30:00+00:00\" \/>\n<meta property=\"og:image\" content=\"https:\/\/lospoliticosveracruz.com\/wp-content\/uploads\/2025\/04\/Lupita-H-Mar.jpg\" \/>\n\t<meta property=\"og:image:width\" content=\"1250\" \/>\n\t<meta property=\"og:image:height\" content=\"667\" \/>\n\t<meta property=\"og:image:type\" content=\"image\/jpeg\" \/>\n<meta name=\"author\" content=\"Lo viste en Los Pol\u00edticos\" \/>\n<meta name=\"twitter:card\" content=\"summary_large_image\" \/>\n<meta name=\"twitter:creator\" content=\"@LosPoliticosVer\" \/>\n<meta name=\"twitter:site\" content=\"@LosPoliticosVer\" \/>\n<meta name=\"twitter:label1\" content=\"Escrito por\" \/>\n\t<meta name=\"twitter:data1\" content=\"Lo viste en Los Pol\u00edticos\" \/>\n\t<meta name=\"twitter:label2\" content=\"Tiempo de lectura\" \/>\n\t<meta name=\"twitter:data2\" content=\"4 minutos\" \/>\n<script type=\"application\/ld+json\" class=\"yoast-schema-graph\">{\"@context\":\"https:\\\/\\\/schema.org\",\"@graph\":[{\"@type\":\"Article\",\"@id\":\"https:\\\/\\\/lospoliticosveracruz.com\\\/?p=170045#article\",\"isPartOf\":{\"@id\":\"https:\\\/\\\/lospoliticosveracruz.com\\\/?p=170045\"},\"author\":{\"name\":\"Lo viste en Los Pol\u00edticos\",\"@id\":\"https:\\\/\\\/lospoliticosveracruz.com\\\/#\\\/schema\\\/person\\\/b8702bb0e538456e6efd07080bf2a4a2\"},\"headline\":\"CAAAALOR\",\"datePublished\":\"2026-04-29T03:30:00+00:00\",\"mainEntityOfPage\":{\"@id\":\"https:\\\/\\\/lospoliticosveracruz.com\\\/?p=170045\"},\"wordCount\":766,\"publisher\":{\"@id\":\"https:\\\/\\\/lospoliticosveracruz.com\\\/#organization\"},\"image\":{\"@id\":\"https:\\\/\\\/lospoliticosveracruz.com\\\/?p=170045#primaryimage\"},\"thumbnailUrl\":\"https:\\\/\\\/lospoliticosveracruz.com\\\/wp-content\\\/uploads\\\/2025\\\/04\\\/Lupita-H-Mar.jpg\",\"keywords\":[\"Apag\u00f3n CFE Veracruz abril 2026\",\"Ejido Libertad Las Choapas CFE trabajadores\",\"Guadalupe H. Mar Mira Pol\u00edtica columna\",\"Leyes de Reforma Boca del R\u00edo falta agua\",\"Mantenimiento preventivo CFE salitre costa\",\"Ola de calor Veracruz pron\u00f3stico junio\"],\"articleSection\":[\"De Opini\u00f3n\"],\"inLanguage\":\"es\"},{\"@type\":\"WebPage\",\"@id\":\"https:\\\/\\\/lospoliticosveracruz.com\\\/?p=170045\",\"url\":\"https:\\\/\\\/lospoliticosveracruz.com\\\/?p=170045\",\"name\":\"CAAAALOR - Los pol\u00edticos Veracruz\",\"isPartOf\":{\"@id\":\"https:\\\/\\\/lospoliticosveracruz.com\\\/#website\"},\"primaryImageOfPage\":{\"@id\":\"https:\\\/\\\/lospoliticosveracruz.com\\\/?p=170045#primaryimage\"},\"image\":{\"@id\":\"https:\\\/\\\/lospoliticosveracruz.com\\\/?p=170045#primaryimage\"},\"thumbnailUrl\":\"https:\\\/\\\/lospoliticosveracruz.com\\\/wp-content\\\/uploads\\\/2025\\\/04\\\/Lupita-H-Mar.jpg\",\"datePublished\":\"2026-04-29T03:30:00+00:00\",\"breadcrumb\":{\"@id\":\"https:\\\/\\\/lospoliticosveracruz.com\\\/?p=170045#breadcrumb\"},\"inLanguage\":\"es\",\"potentialAction\":[{\"@type\":\"ReadAction\",\"target\":[\"https:\\\/\\\/lospoliticosveracruz.com\\\/?p=170045\"]}]},{\"@type\":\"ImageObject\",\"inLanguage\":\"es\",\"@id\":\"https:\\\/\\\/lospoliticosveracruz.com\\\/?p=170045#primaryimage\",\"url\":\"https:\\\/\\\/lospoliticosveracruz.com\\\/wp-content\\\/uploads\\\/2025\\\/04\\\/Lupita-H-Mar.jpg\",\"contentUrl\":\"https:\\\/\\\/lospoliticosveracruz.com\\\/wp-content\\\/uploads\\\/2025\\\/04\\\/Lupita-H-Mar.jpg\",\"width\":1250,\"height\":667},{\"@type\":\"BreadcrumbList\",\"@id\":\"https:\\\/\\\/lospoliticosveracruz.com\\\/?p=170045#breadcrumb\",\"itemListElement\":[{\"@type\":\"ListItem\",\"position\":1,\"name\":\"Portada\",\"item\":\"https:\\\/\\\/lospoliticosveracruz.com\\\/\"},{\"@type\":\"ListItem\",\"position\":2,\"name\":\"CAAAALOR\"}]},{\"@type\":\"WebSite\",\"@id\":\"https:\\\/\\\/lospoliticosveracruz.com\\\/#website\",\"url\":\"https:\\\/\\\/lospoliticosveracruz.com\\\/\",\"name\":\"Los pol\u00edticos Veracruz\",\"description\":\"\",\"publisher\":{\"@id\":\"https:\\\/\\\/lospoliticosveracruz.com\\\/#organization\"},\"potentialAction\":[{\"@type\":\"SearchAction\",\"target\":{\"@type\":\"EntryPoint\",\"urlTemplate\":\"https:\\\/\\\/lospoliticosveracruz.com\\\/?s={search_term_string}\"},\"query-input\":{\"@type\":\"PropertyValueSpecification\",\"valueRequired\":true,\"valueName\":\"search_term_string\"}}],\"inLanguage\":\"es\"},{\"@type\":\"Organization\",\"@id\":\"https:\\\/\\\/lospoliticosveracruz.com\\\/#organization\",\"name\":\"Los pol\u00edticos Veracruz\",\"url\":\"https:\\\/\\\/lospoliticosveracruz.com\\\/\",\"logo\":{\"@type\":\"ImageObject\",\"inLanguage\":\"es\",\"@id\":\"https:\\\/\\\/lospoliticosveracruz.com\\\/#\\\/schema\\\/logo\\\/image\\\/\",\"url\":\"https:\\\/\\\/lospoliticosveracruz.com\\\/wp-content\\\/uploads\\\/2025\\\/12\\\/Logo-Nuevo-LOS-POLITICOS-1.jpg\",\"contentUrl\":\"https:\\\/\\\/lospoliticosveracruz.com\\\/wp-content\\\/uploads\\\/2025\\\/12\\\/Logo-Nuevo-LOS-POLITICOS-1.jpg\",\"width\":260,\"height\":70,\"caption\":\"Los pol\u00edticos Veracruz\"},\"image\":{\"@id\":\"https:\\\/\\\/lospoliticosveracruz.com\\\/#\\\/schema\\\/logo\\\/image\\\/\"},\"sameAs\":[\"https:\\\/\\\/www.facebook.com\\\/people\\\/Notimemes-de-los-Polticos\\\/61565672886568\\\/\",\"https:\\\/\\\/x.com\\\/LosPoliticosVer\"]},{\"@type\":\"Person\",\"@id\":\"https:\\\/\\\/lospoliticosveracruz.com\\\/#\\\/schema\\\/person\\\/b8702bb0e538456e6efd07080bf2a4a2\",\"name\":\"Lo viste en Los Pol\u00edticos\",\"image\":{\"@type\":\"ImageObject\",\"inLanguage\":\"es\",\"@id\":\"https:\\\/\\\/secure.gravatar.com\\\/avatar\\\/3a8de04a2656d44082be478bd6c086daa447c4651605818287b9532d3d0bd435?s=96&d=mm&r=g\",\"url\":\"https:\\\/\\\/secure.gravatar.com\\\/avatar\\\/3a8de04a2656d44082be478bd6c086daa447c4651605818287b9532d3d0bd435?s=96&d=mm&r=g\",\"contentUrl\":\"https:\\\/\\\/secure.gravatar.com\\\/avatar\\\/3a8de04a2656d44082be478bd6c086daa447c4651605818287b9532d3d0bd435?s=96&d=mm&r=g\",\"caption\":\"Lo viste en Los Pol\u00edticos\"},\"url\":\"https:\\\/\\\/lospoliticosveracruz.com\\\/?author=2\"}]}<\/script>\n<!-- \/ Yoast SEO plugin. -->","yoast_head_json":{"title":"CAAAALOR - Los pol\u00edticos Veracruz","robots":{"index":"index","follow":"follow","max-snippet":"max-snippet:-1","max-image-preview":"max-image-preview:large","max-video-preview":"max-video-preview:-1"},"canonical":"https:\/\/lospoliticosveracruz.com\/?p=170045","og_locale":"es_ES","og_type":"article","og_title":"CAAAALOR - Los pol\u00edticos Veracruz","og_description":"Guadalupe H. MarMira Pol\u00edtica DE CLASE MUNDIAL \u2026 Deber\u00edan cambiar ese eslogan de que la Comisi\u00f3n Federal de Electricidad es una empresa de clase mundial, pues suena m\u00e1s a burla que a una frase para convencer y si no lo creen, pregunten a los usuarios de CFE de los municipios de Veracruz, Boca del R\u00edo, [&hellip;]","og_url":"https:\/\/lospoliticosveracruz.com\/?p=170045","og_site_name":"Los pol\u00edticos Veracruz","article_publisher":"https:\/\/www.facebook.com\/people\/Notimemes-de-los-Polticos\/61565672886568\/","article_published_time":"2026-04-29T03:30:00+00:00","og_image":[{"width":1250,"height":667,"url":"https:\/\/lospoliticosveracruz.com\/wp-content\/uploads\/2025\/04\/Lupita-H-Mar.jpg","type":"image\/jpeg"}],"author":"Lo viste en Los Pol\u00edticos","twitter_card":"summary_large_image","twitter_creator":"@LosPoliticosVer","twitter_site":"@LosPoliticosVer","twitter_misc":{"Escrito por":"Lo viste en Los Pol\u00edticos","Tiempo de lectura":"4 minutos"},"schema":{"@context":"https:\/\/schema.org","@graph":[{"@type":"Article","@id":"https:\/\/lospoliticosveracruz.com\/?p=170045#article","isPartOf":{"@id":"https:\/\/lospoliticosveracruz.com\/?p=170045"},"author":{"name":"Lo viste en Los Pol\u00edticos","@id":"https:\/\/lospoliticosveracruz.com\/#\/schema\/person\/b8702bb0e538456e6efd07080bf2a4a2"},"headline":"CAAAALOR","datePublished":"2026-04-29T03:30:00+00:00","mainEntityOfPage":{"@id":"https:\/\/lospoliticosveracruz.com\/?p=170045"},"wordCount":766,"publisher":{"@id":"https:\/\/lospoliticosveracruz.com\/#organization"},"image":{"@id":"https:\/\/lospoliticosveracruz.com\/?p=170045#primaryimage"},"thumbnailUrl":"https:\/\/lospoliticosveracruz.com\/wp-content\/uploads\/2025\/04\/Lupita-H-Mar.jpg","keywords":["Apag\u00f3n CFE Veracruz abril 2026","Ejido Libertad Las Choapas CFE trabajadores","Guadalupe H. Mar Mira Pol\u00edtica columna","Leyes de Reforma Boca del R\u00edo falta agua","Mantenimiento preventivo CFE salitre costa","Ola de calor Veracruz pron\u00f3stico junio"],"articleSection":["De Opini\u00f3n"],"inLanguage":"es"},{"@type":"WebPage","@id":"https:\/\/lospoliticosveracruz.com\/?p=170045","url":"https:\/\/lospoliticosveracruz.com\/?p=170045","name":"CAAAALOR - Los pol\u00edticos Veracruz","isPartOf":{"@id":"https:\/\/lospoliticosveracruz.com\/#website"},"primaryImageOfPage":{"@id":"https:\/\/lospoliticosveracruz.com\/?p=170045#primaryimage"},"image":{"@id":"https:\/\/lospoliticosveracruz.com\/?p=170045#primaryimage"},"thumbnailUrl":"https:\/\/lospoliticosveracruz.com\/wp-content\/uploads\/2025\/04\/Lupita-H-Mar.jpg","datePublished":"2026-04-29T03:30:00+00:00","breadcrumb":{"@id":"https:\/\/lospoliticosveracruz.com\/?p=170045#breadcrumb"},"inLanguage":"es","potentialAction":[{"@type":"ReadAction","target":["https:\/\/lospoliticosveracruz.com\/?p=170045"]}]},{"@type":"ImageObject","inLanguage":"es","@id":"https:\/\/lospoliticosveracruz.com\/?p=170045#primaryimage","url":"https:\/\/lospoliticosveracruz.com\/wp-content\/uploads\/2025\/04\/Lupita-H-Mar.jpg","contentUrl":"https:\/\/lospoliticosveracruz.com\/wp-content\/uploads\/2025\/04\/Lupita-H-Mar.jpg","width":1250,"height":667},{"@type":"BreadcrumbList","@id":"https:\/\/lospoliticosveracruz.com\/?p=170045#breadcrumb","itemListElement":[{"@type":"ListItem","position":1,"name":"Portada","item":"https:\/\/lospoliticosveracruz.com\/"},{"@type":"ListItem","position":2,"name":"CAAAALOR"}]},{"@type":"WebSite","@id":"https:\/\/lospoliticosveracruz.com\/#website","url":"https:\/\/lospoliticosveracruz.com\/","name":"Los pol\u00edticos Veracruz","description":"","publisher":{"@id":"https:\/\/lospoliticosveracruz.com\/#organization"},"potentialAction":[{"@type":"SearchAction","target":{"@type":"EntryPoint","urlTemplate":"https:\/\/lospoliticosveracruz.com\/?s={search_term_string}"},"query-input":{"@type":"PropertyValueSpecification","valueRequired":true,"valueName":"search_term_string"}}],"inLanguage":"es"},{"@type":"Organization","@id":"https:\/\/lospoliticosveracruz.com\/#organization","name":"Los pol\u00edticos Veracruz","url":"https:\/\/lospoliticosveracruz.com\/","logo":{"@type":"ImageObject","inLanguage":"es","@id":"https:\/\/lospoliticosveracruz.com\/#\/schema\/logo\/image\/","url":"https:\/\/lospoliticosveracruz.com\/wp-content\/uploads\/2025\/12\/Logo-Nuevo-LOS-POLITICOS-1.jpg","contentUrl":"https:\/\/lospoliticosveracruz.com\/wp-content\/uploads\/2025\/12\/Logo-Nuevo-LOS-POLITICOS-1.jpg","width":260,"height":70,"caption":"Los pol\u00edticos Veracruz"},"image":{"@id":"https:\/\/lospoliticosveracruz.com\/#\/schema\/logo\/image\/"},"sameAs":["https:\/\/www.facebook.com\/people\/Notimemes-de-los-Polticos\/61565672886568\/","https:\/\/x.com\/LosPoliticosVer"]},{"@type":"Person","@id":"https:\/\/lospoliticosveracruz.com\/#\/schema\/person\/b8702bb0e538456e6efd07080bf2a4a2","name":"Lo viste en Los Pol\u00edticos","image":{"@type":"ImageObject","inLanguage":"es","@id":"https:\/\/secure.gravatar.com\/avatar\/3a8de04a2656d44082be478bd6c086daa447c4651605818287b9532d3d0bd435?s=96&d=mm&r=g","url":"https:\/\/secure.gravatar.com\/avatar\/3a8de04a2656d44082be478bd6c086daa447c4651605818287b9532d3d0bd435?s=96&d=mm&r=g","contentUrl":"https:\/\/secure.gravatar.com\/avatar\/3a8de04a2656d44082be478bd6c086daa447c4651605818287b9532d3d0bd435?s=96&d=mm&r=g","caption":"Lo viste en Los Pol\u00edticos"},"url":"https:\/\/lospoliticosveracruz.com\/?author=2"}]}},"_links":{"self":[{"href":"https:\/\/lospoliticosveracruz.com\/index.php?rest_route=\/wp\/v2\/posts\/170045","targetHints":{"allow":["GET"]}}],"collection":[{"href":"https:\/\/lospoliticosveracruz.com\/index.php?rest_route=\/wp\/v2\/posts"}],"about":[{"href":"https:\/\/lospoliticosveracruz.com\/index.php?rest_route=\/wp\/v2\/types\/post"}],"author":[{"embeddable":true,"href":"https:\/\/lospoliticosveracruz.com\/index.php?rest_route=\/wp\/v2\/users\/2"}],"replies":[{"embeddable":true,"href":"https:\/\/lospoliticosveracruz.com\/index.php?rest_route=%2Fwp%2Fv2%2Fcomments&post=170045"}],"version-history":[{"count":1,"href":"https:\/\/lospoliticosveracruz.com\/index.php?rest_route=\/wp\/v2\/posts\/170045\/revisions"}],"predecessor-version":[{"id":170046,"href":"https:\/\/lospoliticosveracruz.com\/index.php?rest_route=\/wp\/v2\/posts\/170045\/revisions\/170046"}],"wp:featuredmedia":[{"embeddable":true,"href":"https:\/\/lospoliticosveracruz.com\/index.php?rest_route=\/wp\/v2\/media\/141398"}],"wp:attachment":[{"href":"https:\/\/lospoliticosveracruz.com\/index.php?rest_route=%2Fwp%2Fv2%2Fmedia&parent=170045"}],"wp:term":[{"taxonomy":"category","embeddable":true,"href":"https:\/\/lospoliticosveracruz.com\/index.php?rest_route=%2Fwp%2Fv2%2Fcategories&post=170045"},{"taxonomy":"post_tag","embeddable":true,"href":"https:\/\/lospoliticosveracruz.com\/index.php?rest_route=%2Fwp%2Fv2%2Ftags&post=170045"}],"curies":[{"name":"wp","href":"https:\/\/api.w.org\/{rel}","templated":true}]}}