{"id":170047,"date":"2026-04-28T20:07:19","date_gmt":"2026-04-29T02:07:19","guid":{"rendered":"https:\/\/lospoliticosveracruz.com\/?p=170047"},"modified":"2026-04-28T20:07:20","modified_gmt":"2026-04-29T02:07:20","slug":"satanasio","status":"publish","type":"post","link":"https:\/\/lospoliticosveracruz.com\/?p=170047","title":{"rendered":"SATANASIO!"},"content":{"rendered":"\n<p><strong>Salvador Mu\u00f1oz<br><\/strong><em>Los Pol\u00edticos<br><\/em>En qu\u00e9 brete mete Tatanacho a Morena de Veracruz con sus palabras\u2026<br>Porque una cosa es que la oposici\u00f3n cuestione, critique, se\u00f1ale, truene los dedos o saque pancartas; eso, en Palacio, lo pueden meter en el caj\u00f3n de \u201clos conservadores\u201d, \u201clos adversarios\u201d, \u201clos de antes\u201d, \u201clos que no quieren la transformaci\u00f3n\u201d y dem\u00e1s frases de manual ma\u00f1anero.<br>Pero otra cosa muy distinta es que salga Atanasio Garc\u00eda Dur\u00e1n, padre del exgobernador Cuitl\u00e1huac Garc\u00eda Jim\u00e9nez, y le ponga jiribilla al asunto desde adentro de la propia casa morenista. Y ah\u00ed ya no estamos ante una cr\u00edtica azul, roja o naranja. Estamos ante un ruido guinda. Y cuando el ruido viene de adentro, no se arregla con bolet\u00edn, ni con selfie, ni con slogan.<br>Porque eso fue precisamente parte del mensaje: que a Veracruz no le basta un slogan para mejorar sus condiciones; que hace falta visi\u00f3n, conocimiento del estado y, de paso, no perder de vista que Veracruz no se gobierna desde una frase bonita ni desde una lona bien impresa. \u00a1Me est\u00e1s oyendo, Nahle!, parec\u00eda gritar Atanasio quien no s\u00f3lo sali\u00f3 a defender a su hijo Cuitl\u00e1huac. Tambi\u00e9n exigi\u00f3 que se pruebe que fue el peor gobernador que ha tenido Veracruz. Y ah\u00ed est\u00e1 otro punto fino: la etiqueta del \u201cpeor gobernador\u201d no naci\u00f3 ayer. En noviembre de 2024, durante la \u00faltima comparecencia de Cuitl\u00e1huac ante el Congreso local, legisladores de oposici\u00f3n lo confrontaron duramente; incluso le entregaron un reconocimiento simb\u00f3lico como \u201cel peor gobernador de la historia\u201d.<br>El problema para Morena es que ahora la defensa del cuitlahuismo no viene desde el Congreso ni desde la oposici\u00f3n: viene del padre del exgobernador. Y no s\u00f3lo defiende al hijo; de paso, exhibe que hay un sector morenista que no est\u00e1 c\u00f3modo con la nueva conducci\u00f3n del estado.<br>\u00bfEstamos en la antesala de una \u201cguerra civil\u201d en Morena Veracruz?<br>Puede sonar exagerado\u2026 pero en Morena los pleitos internos suelen empezar como \u201cdiferencias normales\u201d, luego pasan a \u201ccomentarios sacados de contexto\u201d, despu\u00e9s a \u201ccampa\u00f1as de desprestigio\u201d y terminan con todos diciendo que hay unidad mientras se pisan debajo de la mesa.<br>El asunto se pondr\u00eda m\u00e1s sabroso si alguien le pregunta a Manuel Huerta Ladr\u00f3n de Guevara qu\u00e9 opina de las palabras del Maestro Garc\u00eda Dur\u00e1n. Porque Huerta, que trae kilometraje pol\u00edtico, estructura propia y lengua sin freno de mano, bien podr\u00eda no s\u00f3lo darle la raz\u00f3n a Tatanacho, sino agregarle de su cosecha\u2026 y con intereses.<br>Entonces la pregunta no es s\u00f3lo qu\u00e9 dijo Atanasio. La pregunta es cu\u00e1ntos m\u00e1s piensan lo mismo y nom\u00e1s estaban esperando que alguien rompiera el silencio.<br>Porque hay morenos que, aunque sonr\u00edan en los eventos, no necesariamente est\u00e1n encantados con el nahle\u00edsmo. Hay quienes vienen del obradorismo de territorio, otros del cuitlahuismo, otros del huertismo, otros del oportunismo \u2013\u00e9se nunca falta, es como el cilantro en la pol\u00edtica veracruzana\u2013 y otros que apenas est\u00e1n viendo d\u00f3nde se acomoda mejor la silla.<br>Y ah\u00ed es donde el comentario del padre de Cuitl\u00e1huac pega m\u00e1s fuerte: no s\u00f3lo critica la falta de visi\u00f3n; tambi\u00e9n toca el nervio del origen, la pertenencia, el conocimiento de Veracruz. En pocas palabras: vuelve a poner sobre la mesa aquello que sus adversarios le han querido cobrar a Nahle desde campa\u00f1a: que no naci\u00f3 en Veracruz.<br>Lo curioso es que ese argumento, usado tantas veces por la oposici\u00f3n, ahora aparece respirando dentro de Morena.<br>Bonito incendio para apagar con cubeta de discurso.<br>\u00bfC\u00f3mo responder\u00e1 Roc\u00edo Nahle?<br>Tiene varias rutas.<br>La primera: ignorar. Hacer como que no oy\u00f3. Sonre\u00edr, seguir agenda, cortar listones, hablar de obra p\u00fablica, repetir que Veracruz va bien y dejar que el comentario se enfr\u00ede solo. El riesgo es que el silencio parezca acuse de recibo.<br>La segunda: contestar fuerte. Recordar que ella gan\u00f3, que tiene legitimidad, que est\u00e1 gobernando y que no se va a distraer con declaraciones. El problema es que si responde con rudeza al padre de Cuitl\u00e1huac, puede convertir un comentario inc\u00f3modo en pleito abierto entre dos familias pol\u00edticas de Morena.<br>La tercera: mandar a alguien a responder. Un diputado, un dirigente, un funcionario con ganas de hacer m\u00e9ritos, un columnista. De \u00e9sos que salen a defender con tanto entusiasmo que terminan echando m\u00e1s gasolina que agua. Porque en Morena Veracruz sobran bomberos pir\u00f3manos.<br>La cuarta, quiz\u00e1 la m\u00e1s fina: operar en silencio. Buscar al cuitlahuismo, contener al huertismo, revisar qui\u00e9n se est\u00e1 moviendo, qui\u00e9n est\u00e1 molesto, qui\u00e9n se siente desplazado y qui\u00e9n ya anda midiendo el 2027 o el 2030. Porque este pleito no es s\u00f3lo por una frase; es por el control pol\u00edtico de Veracruz.<br>Y ah\u00ed est\u00e1 el punto: Atanasio no habl\u00f3 como padre nada m\u00e1s. Habl\u00f3 como s\u00edntoma.<br>S\u00edntoma de que el relevo entre Cuitl\u00e1huac y Nahle no fue necesariamente terso en las bases. S\u00edntoma de que algunos no quieren que el sexenio anterior sea tratado como \u201ccacharro\u201d, \u201clastre\u201d o expediente inc\u00f3modo. S\u00edntoma de que hay quienes sienten que la nueva administraci\u00f3n quiere tomar distancia de Cuitl\u00e1huac sin decirlo de frente.<br>Porque si el padre sale a defender al hijo, es porque algo oli\u00f3.<br>Tampoco hay que perder de vista algo: en Morena, los adversarios internos se vuelven demonios con una facilidad admirable. Hoy puede ser Atanasio; ma\u00f1ana, si se les pasa la mano, ser\u00e1 \u201cSatanasio\u201d.<br>Por eso este episodio no es menor.<br>No estamos ante una cr\u00edtica cualquiera. Estamos ante el padre del antecesor de Nahle dici\u00e9ndole, en los hechos, que Veracruz requiere m\u00e1s que propaganda; y de paso, defendiendo el legado de su hijo en un momento en que muchos dentro de Morena parecen m\u00e1s interesados en pasar la p\u00e1gina que en cargar el libro completo.<br>La duda es si esto quedar\u00e1 como una declaraci\u00f3n inc\u00f3moda de sobremesa o si ser\u00e1 el primer jal\u00f3n visible de una madeja pol\u00edtica m\u00e1s enredada.<br>Porque Morena Veracruz tiene varias tribus, varios agravios, varios proyectos y varios suspirantes. Lo \u00fanico que no tiene, por ahora, es una forma elegante de esconder que el frente a frente ya empez\u00f3.<br>Y como en toda familia pol\u00edtica, el pleito no se arma cuando se gritan. El pleito se arma cuando alguien dice en voz alta lo que varios ven\u00edan murmurando en corto.<br>Atanasio ya lo dijo.<br>Ahora falta ver si Nahle responde con tejido fino\u2026 o si acaba esto en madeja.<\/p>\n","protected":false},"excerpt":{"rendered":"<p>Salvador Mu\u00f1ozLos Pol\u00edticosEn qu\u00e9 brete mete Tatanacho a Morena de Veracruz con sus palabras\u2026Porque una cosa es que la oposici\u00f3n cuestione, critique, se\u00f1ale, truene los dedos o saque pancartas; eso, en Palacio, lo pueden meter en el caj\u00f3n de \u201clos conservadores\u201d, \u201clos adversarios\u201d, \u201clos de antes\u201d, \u201clos que no quieren la transformaci\u00f3n\u201d y dem\u00e1s frases [&hellip;]<\/p>\n","protected":false},"author":2,"featured_media":141805,"comment_status":"closed","ping_status":"closed","sticky":false,"template":"","format":"standard","meta":{"tdm_status":"","tdm_grid_status":"","footnotes":""},"categories":[70],"tags":[62620,62622,62621,62624,62623,45833],"class_list":{"0":"post-170047","1":"post","2":"type-post","3":"status-publish","4":"format-standard","5":"has-post-thumbnail","7":"category-de-opinion","8":"tag-atanasio-garcia-duran-morena-veracruz","9":"tag-criticas-rocio-nahle-abril-2026","10":"tag-cuitlahuac-garcia-peor-gobernador-etiqueta","11":"tag-friccion-interna-morena-veracruz-2027","12":"tag-manuel-huerta-ladron-de-guevara-morena","13":"tag-salvador-munoz-los-politicos-columna"},"yoast_head":"<!-- This site is optimized with the Yoast SEO plugin v27.4 - https:\/\/yoast.com\/product\/yoast-seo-wordpress\/ -->\n<title>SATANASIO! - Los pol\u00edticos Veracruz<\/title>\n<meta name=\"robots\" content=\"index, follow, max-snippet:-1, max-image-preview:large, max-video-preview:-1\" \/>\n<link rel=\"canonical\" href=\"https:\/\/lospoliticosveracruz.com\/?p=170047\" \/>\n<meta property=\"og:locale\" content=\"es_ES\" \/>\n<meta property=\"og:type\" content=\"article\" \/>\n<meta property=\"og:title\" content=\"SATANASIO! - Los pol\u00edticos Veracruz\" \/>\n<meta property=\"og:description\" content=\"Salvador Mu\u00f1ozLos Pol\u00edticosEn qu\u00e9 brete mete Tatanacho a Morena de Veracruz con sus palabras\u2026Porque una cosa es que la oposici\u00f3n cuestione, critique, se\u00f1ale, truene los dedos o saque pancartas; eso, en Palacio, lo pueden meter en el caj\u00f3n de \u201clos conservadores\u201d, \u201clos adversarios\u201d, \u201clos de antes\u201d, \u201clos que no quieren la transformaci\u00f3n\u201d y dem\u00e1s frases [&hellip;]\" \/>\n<meta property=\"og:url\" content=\"https:\/\/lospoliticosveracruz.com\/?p=170047\" \/>\n<meta property=\"og:site_name\" content=\"Los pol\u00edticos Veracruz\" \/>\n<meta property=\"article:publisher\" content=\"https:\/\/www.facebook.com\/people\/Notimemes-de-los-Polticos\/61565672886568\/\" \/>\n<meta property=\"article:published_time\" content=\"2026-04-29T02:07:19+00:00\" \/>\n<meta property=\"article:modified_time\" content=\"2026-04-29T02:07:20+00:00\" \/>\n<meta property=\"og:image\" content=\"https:\/\/lospoliticosveracruz.com\/wp-content\/uploads\/2025\/04\/Chava-Munoz-1.jpg\" \/>\n\t<meta property=\"og:image:width\" content=\"1250\" \/>\n\t<meta property=\"og:image:height\" content=\"667\" \/>\n\t<meta property=\"og:image:type\" content=\"image\/jpeg\" \/>\n<meta name=\"author\" content=\"Lo viste en Los Pol\u00edticos\" \/>\n<meta name=\"twitter:card\" content=\"summary_large_image\" \/>\n<meta name=\"twitter:creator\" content=\"@LosPoliticosVer\" \/>\n<meta name=\"twitter:site\" content=\"@LosPoliticosVer\" \/>\n<meta name=\"twitter:label1\" content=\"Escrito por\" \/>\n\t<meta name=\"twitter:data1\" content=\"Lo viste en Los Pol\u00edticos\" \/>\n\t<meta name=\"twitter:label2\" content=\"Tiempo de lectura\" \/>\n\t<meta name=\"twitter:data2\" content=\"6 minutos\" \/>\n<script type=\"application\/ld+json\" class=\"yoast-schema-graph\">{\"@context\":\"https:\\\/\\\/schema.org\",\"@graph\":[{\"@type\":\"Article\",\"@id\":\"https:\\\/\\\/lospoliticosveracruz.com\\\/?p=170047#article\",\"isPartOf\":{\"@id\":\"https:\\\/\\\/lospoliticosveracruz.com\\\/?p=170047\"},\"author\":{\"name\":\"Lo viste en Los Pol\u00edticos\",\"@id\":\"https:\\\/\\\/lospoliticosveracruz.com\\\/#\\\/schema\\\/person\\\/b8702bb0e538456e6efd07080bf2a4a2\"},\"headline\":\"SATANASIO!\",\"datePublished\":\"2026-04-29T02:07:19+00:00\",\"dateModified\":\"2026-04-29T02:07:20+00:00\",\"mainEntityOfPage\":{\"@id\":\"https:\\\/\\\/lospoliticosveracruz.com\\\/?p=170047\"},\"wordCount\":1143,\"publisher\":{\"@id\":\"https:\\\/\\\/lospoliticosveracruz.com\\\/#organization\"},\"image\":{\"@id\":\"https:\\\/\\\/lospoliticosveracruz.com\\\/?p=170047#primaryimage\"},\"thumbnailUrl\":\"https:\\\/\\\/lospoliticosveracruz.com\\\/wp-content\\\/uploads\\\/2025\\\/04\\\/Chava-Munoz-1.jpg\",\"keywords\":[\"Atanasio Garc\u00eda Dur\u00e1n Morena Veracruz\",\"Cr\u00edticas Roc\u00edo Nahle abril 2026\",\"Cuitl\u00e1huac Garc\u00eda peor gobernador etiqueta\",\"Fricci\u00f3n interna Morena Veracruz 2027\",\"Manuel Huerta Ladr\u00f3n de Guevara Morena\",\"Salvador Mu\u00f1oz Los Pol\u00edticos columna\"],\"articleSection\":[\"De Opini\u00f3n\"],\"inLanguage\":\"es\"},{\"@type\":\"WebPage\",\"@id\":\"https:\\\/\\\/lospoliticosveracruz.com\\\/?p=170047\",\"url\":\"https:\\\/\\\/lospoliticosveracruz.com\\\/?p=170047\",\"name\":\"SATANASIO! - Los pol\u00edticos Veracruz\",\"isPartOf\":{\"@id\":\"https:\\\/\\\/lospoliticosveracruz.com\\\/#website\"},\"primaryImageOfPage\":{\"@id\":\"https:\\\/\\\/lospoliticosveracruz.com\\\/?p=170047#primaryimage\"},\"image\":{\"@id\":\"https:\\\/\\\/lospoliticosveracruz.com\\\/?p=170047#primaryimage\"},\"thumbnailUrl\":\"https:\\\/\\\/lospoliticosveracruz.com\\\/wp-content\\\/uploads\\\/2025\\\/04\\\/Chava-Munoz-1.jpg\",\"datePublished\":\"2026-04-29T02:07:19+00:00\",\"dateModified\":\"2026-04-29T02:07:20+00:00\",\"breadcrumb\":{\"@id\":\"https:\\\/\\\/lospoliticosveracruz.com\\\/?p=170047#breadcrumb\"},\"inLanguage\":\"es\",\"potentialAction\":[{\"@type\":\"ReadAction\",\"target\":[\"https:\\\/\\\/lospoliticosveracruz.com\\\/?p=170047\"]}]},{\"@type\":\"ImageObject\",\"inLanguage\":\"es\",\"@id\":\"https:\\\/\\\/lospoliticosveracruz.com\\\/?p=170047#primaryimage\",\"url\":\"https:\\\/\\\/lospoliticosveracruz.com\\\/wp-content\\\/uploads\\\/2025\\\/04\\\/Chava-Munoz-1.jpg\",\"contentUrl\":\"https:\\\/\\\/lospoliticosveracruz.com\\\/wp-content\\\/uploads\\\/2025\\\/04\\\/Chava-Munoz-1.jpg\",\"width\":1250,\"height\":667},{\"@type\":\"BreadcrumbList\",\"@id\":\"https:\\\/\\\/lospoliticosveracruz.com\\\/?p=170047#breadcrumb\",\"itemListElement\":[{\"@type\":\"ListItem\",\"position\":1,\"name\":\"Portada\",\"item\":\"https:\\\/\\\/lospoliticosveracruz.com\\\/\"},{\"@type\":\"ListItem\",\"position\":2,\"name\":\"SATANASIO!\"}]},{\"@type\":\"WebSite\",\"@id\":\"https:\\\/\\\/lospoliticosveracruz.com\\\/#website\",\"url\":\"https:\\\/\\\/lospoliticosveracruz.com\\\/\",\"name\":\"Los pol\u00edticos Veracruz\",\"description\":\"\",\"publisher\":{\"@id\":\"https:\\\/\\\/lospoliticosveracruz.com\\\/#organization\"},\"potentialAction\":[{\"@type\":\"SearchAction\",\"target\":{\"@type\":\"EntryPoint\",\"urlTemplate\":\"https:\\\/\\\/lospoliticosveracruz.com\\\/?s={search_term_string}\"},\"query-input\":{\"@type\":\"PropertyValueSpecification\",\"valueRequired\":true,\"valueName\":\"search_term_string\"}}],\"inLanguage\":\"es\"},{\"@type\":\"Organization\",\"@id\":\"https:\\\/\\\/lospoliticosveracruz.com\\\/#organization\",\"name\":\"Los pol\u00edticos Veracruz\",\"url\":\"https:\\\/\\\/lospoliticosveracruz.com\\\/\",\"logo\":{\"@type\":\"ImageObject\",\"inLanguage\":\"es\",\"@id\":\"https:\\\/\\\/lospoliticosveracruz.com\\\/#\\\/schema\\\/logo\\\/image\\\/\",\"url\":\"https:\\\/\\\/lospoliticosveracruz.com\\\/wp-content\\\/uploads\\\/2025\\\/12\\\/Logo-Nuevo-LOS-POLITICOS-1.jpg\",\"contentUrl\":\"https:\\\/\\\/lospoliticosveracruz.com\\\/wp-content\\\/uploads\\\/2025\\\/12\\\/Logo-Nuevo-LOS-POLITICOS-1.jpg\",\"width\":260,\"height\":70,\"caption\":\"Los pol\u00edticos Veracruz\"},\"image\":{\"@id\":\"https:\\\/\\\/lospoliticosveracruz.com\\\/#\\\/schema\\\/logo\\\/image\\\/\"},\"sameAs\":[\"https:\\\/\\\/www.facebook.com\\\/people\\\/Notimemes-de-los-Polticos\\\/61565672886568\\\/\",\"https:\\\/\\\/x.com\\\/LosPoliticosVer\"]},{\"@type\":\"Person\",\"@id\":\"https:\\\/\\\/lospoliticosveracruz.com\\\/#\\\/schema\\\/person\\\/b8702bb0e538456e6efd07080bf2a4a2\",\"name\":\"Lo viste en Los Pol\u00edticos\",\"image\":{\"@type\":\"ImageObject\",\"inLanguage\":\"es\",\"@id\":\"https:\\\/\\\/secure.gravatar.com\\\/avatar\\\/3a8de04a2656d44082be478bd6c086daa447c4651605818287b9532d3d0bd435?s=96&d=mm&r=g\",\"url\":\"https:\\\/\\\/secure.gravatar.com\\\/avatar\\\/3a8de04a2656d44082be478bd6c086daa447c4651605818287b9532d3d0bd435?s=96&d=mm&r=g\",\"contentUrl\":\"https:\\\/\\\/secure.gravatar.com\\\/avatar\\\/3a8de04a2656d44082be478bd6c086daa447c4651605818287b9532d3d0bd435?s=96&d=mm&r=g\",\"caption\":\"Lo viste en Los Pol\u00edticos\"},\"url\":\"https:\\\/\\\/lospoliticosveracruz.com\\\/?author=2\"}]}<\/script>\n<!-- \/ Yoast SEO plugin. -->","yoast_head_json":{"title":"SATANASIO! - Los pol\u00edticos Veracruz","robots":{"index":"index","follow":"follow","max-snippet":"max-snippet:-1","max-image-preview":"max-image-preview:large","max-video-preview":"max-video-preview:-1"},"canonical":"https:\/\/lospoliticosveracruz.com\/?p=170047","og_locale":"es_ES","og_type":"article","og_title":"SATANASIO! - Los pol\u00edticos Veracruz","og_description":"Salvador Mu\u00f1ozLos Pol\u00edticosEn qu\u00e9 brete mete Tatanacho a Morena de Veracruz con sus palabras\u2026Porque una cosa es que la oposici\u00f3n cuestione, critique, se\u00f1ale, truene los dedos o saque pancartas; eso, en Palacio, lo pueden meter en el caj\u00f3n de \u201clos conservadores\u201d, \u201clos adversarios\u201d, \u201clos de antes\u201d, \u201clos que no quieren la transformaci\u00f3n\u201d y dem\u00e1s frases [&hellip;]","og_url":"https:\/\/lospoliticosveracruz.com\/?p=170047","og_site_name":"Los pol\u00edticos Veracruz","article_publisher":"https:\/\/www.facebook.com\/people\/Notimemes-de-los-Polticos\/61565672886568\/","article_published_time":"2026-04-29T02:07:19+00:00","article_modified_time":"2026-04-29T02:07:20+00:00","og_image":[{"width":1250,"height":667,"url":"https:\/\/lospoliticosveracruz.com\/wp-content\/uploads\/2025\/04\/Chava-Munoz-1.jpg","type":"image\/jpeg"}],"author":"Lo viste en Los Pol\u00edticos","twitter_card":"summary_large_image","twitter_creator":"@LosPoliticosVer","twitter_site":"@LosPoliticosVer","twitter_misc":{"Escrito por":"Lo viste en Los Pol\u00edticos","Tiempo de lectura":"6 minutos"},"schema":{"@context":"https:\/\/schema.org","@graph":[{"@type":"Article","@id":"https:\/\/lospoliticosveracruz.com\/?p=170047#article","isPartOf":{"@id":"https:\/\/lospoliticosveracruz.com\/?p=170047"},"author":{"name":"Lo viste en Los Pol\u00edticos","@id":"https:\/\/lospoliticosveracruz.com\/#\/schema\/person\/b8702bb0e538456e6efd07080bf2a4a2"},"headline":"SATANASIO!","datePublished":"2026-04-29T02:07:19+00:00","dateModified":"2026-04-29T02:07:20+00:00","mainEntityOfPage":{"@id":"https:\/\/lospoliticosveracruz.com\/?p=170047"},"wordCount":1143,"publisher":{"@id":"https:\/\/lospoliticosveracruz.com\/#organization"},"image":{"@id":"https:\/\/lospoliticosveracruz.com\/?p=170047#primaryimage"},"thumbnailUrl":"https:\/\/lospoliticosveracruz.com\/wp-content\/uploads\/2025\/04\/Chava-Munoz-1.jpg","keywords":["Atanasio Garc\u00eda Dur\u00e1n Morena Veracruz","Cr\u00edticas Roc\u00edo Nahle abril 2026","Cuitl\u00e1huac Garc\u00eda peor gobernador etiqueta","Fricci\u00f3n interna Morena Veracruz 2027","Manuel Huerta Ladr\u00f3n de Guevara Morena","Salvador Mu\u00f1oz Los Pol\u00edticos columna"],"articleSection":["De Opini\u00f3n"],"inLanguage":"es"},{"@type":"WebPage","@id":"https:\/\/lospoliticosveracruz.com\/?p=170047","url":"https:\/\/lospoliticosveracruz.com\/?p=170047","name":"SATANASIO! - Los pol\u00edticos Veracruz","isPartOf":{"@id":"https:\/\/lospoliticosveracruz.com\/#website"},"primaryImageOfPage":{"@id":"https:\/\/lospoliticosveracruz.com\/?p=170047#primaryimage"},"image":{"@id":"https:\/\/lospoliticosveracruz.com\/?p=170047#primaryimage"},"thumbnailUrl":"https:\/\/lospoliticosveracruz.com\/wp-content\/uploads\/2025\/04\/Chava-Munoz-1.jpg","datePublished":"2026-04-29T02:07:19+00:00","dateModified":"2026-04-29T02:07:20+00:00","breadcrumb":{"@id":"https:\/\/lospoliticosveracruz.com\/?p=170047#breadcrumb"},"inLanguage":"es","potentialAction":[{"@type":"ReadAction","target":["https:\/\/lospoliticosveracruz.com\/?p=170047"]}]},{"@type":"ImageObject","inLanguage":"es","@id":"https:\/\/lospoliticosveracruz.com\/?p=170047#primaryimage","url":"https:\/\/lospoliticosveracruz.com\/wp-content\/uploads\/2025\/04\/Chava-Munoz-1.jpg","contentUrl":"https:\/\/lospoliticosveracruz.com\/wp-content\/uploads\/2025\/04\/Chava-Munoz-1.jpg","width":1250,"height":667},{"@type":"BreadcrumbList","@id":"https:\/\/lospoliticosveracruz.com\/?p=170047#breadcrumb","itemListElement":[{"@type":"ListItem","position":1,"name":"Portada","item":"https:\/\/lospoliticosveracruz.com\/"},{"@type":"ListItem","position":2,"name":"SATANASIO!"}]},{"@type":"WebSite","@id":"https:\/\/lospoliticosveracruz.com\/#website","url":"https:\/\/lospoliticosveracruz.com\/","name":"Los pol\u00edticos Veracruz","description":"","publisher":{"@id":"https:\/\/lospoliticosveracruz.com\/#organization"},"potentialAction":[{"@type":"SearchAction","target":{"@type":"EntryPoint","urlTemplate":"https:\/\/lospoliticosveracruz.com\/?s={search_term_string}"},"query-input":{"@type":"PropertyValueSpecification","valueRequired":true,"valueName":"search_term_string"}}],"inLanguage":"es"},{"@type":"Organization","@id":"https:\/\/lospoliticosveracruz.com\/#organization","name":"Los pol\u00edticos Veracruz","url":"https:\/\/lospoliticosveracruz.com\/","logo":{"@type":"ImageObject","inLanguage":"es","@id":"https:\/\/lospoliticosveracruz.com\/#\/schema\/logo\/image\/","url":"https:\/\/lospoliticosveracruz.com\/wp-content\/uploads\/2025\/12\/Logo-Nuevo-LOS-POLITICOS-1.jpg","contentUrl":"https:\/\/lospoliticosveracruz.com\/wp-content\/uploads\/2025\/12\/Logo-Nuevo-LOS-POLITICOS-1.jpg","width":260,"height":70,"caption":"Los pol\u00edticos Veracruz"},"image":{"@id":"https:\/\/lospoliticosveracruz.com\/#\/schema\/logo\/image\/"},"sameAs":["https:\/\/www.facebook.com\/people\/Notimemes-de-los-Polticos\/61565672886568\/","https:\/\/x.com\/LosPoliticosVer"]},{"@type":"Person","@id":"https:\/\/lospoliticosveracruz.com\/#\/schema\/person\/b8702bb0e538456e6efd07080bf2a4a2","name":"Lo viste en Los Pol\u00edticos","image":{"@type":"ImageObject","inLanguage":"es","@id":"https:\/\/secure.gravatar.com\/avatar\/3a8de04a2656d44082be478bd6c086daa447c4651605818287b9532d3d0bd435?s=96&d=mm&r=g","url":"https:\/\/secure.gravatar.com\/avatar\/3a8de04a2656d44082be478bd6c086daa447c4651605818287b9532d3d0bd435?s=96&d=mm&r=g","contentUrl":"https:\/\/secure.gravatar.com\/avatar\/3a8de04a2656d44082be478bd6c086daa447c4651605818287b9532d3d0bd435?s=96&d=mm&r=g","caption":"Lo viste en Los Pol\u00edticos"},"url":"https:\/\/lospoliticosveracruz.com\/?author=2"}]}},"_links":{"self":[{"href":"https:\/\/lospoliticosveracruz.com\/index.php?rest_route=\/wp\/v2\/posts\/170047","targetHints":{"allow":["GET"]}}],"collection":[{"href":"https:\/\/lospoliticosveracruz.com\/index.php?rest_route=\/wp\/v2\/posts"}],"about":[{"href":"https:\/\/lospoliticosveracruz.com\/index.php?rest_route=\/wp\/v2\/types\/post"}],"author":[{"embeddable":true,"href":"https:\/\/lospoliticosveracruz.com\/index.php?rest_route=\/wp\/v2\/users\/2"}],"replies":[{"embeddable":true,"href":"https:\/\/lospoliticosveracruz.com\/index.php?rest_route=%2Fwp%2Fv2%2Fcomments&post=170047"}],"version-history":[{"count":1,"href":"https:\/\/lospoliticosveracruz.com\/index.php?rest_route=\/wp\/v2\/posts\/170047\/revisions"}],"predecessor-version":[{"id":170048,"href":"https:\/\/lospoliticosveracruz.com\/index.php?rest_route=\/wp\/v2\/posts\/170047\/revisions\/170048"}],"wp:featuredmedia":[{"embeddable":true,"href":"https:\/\/lospoliticosveracruz.com\/index.php?rest_route=\/wp\/v2\/media\/141805"}],"wp:attachment":[{"href":"https:\/\/lospoliticosveracruz.com\/index.php?rest_route=%2Fwp%2Fv2%2Fmedia&parent=170047"}],"wp:term":[{"taxonomy":"category","embeddable":true,"href":"https:\/\/lospoliticosveracruz.com\/index.php?rest_route=%2Fwp%2Fv2%2Fcategories&post=170047"},{"taxonomy":"post_tag","embeddable":true,"href":"https:\/\/lospoliticosveracruz.com\/index.php?rest_route=%2Fwp%2Fv2%2Ftags&post=170047"}],"curies":[{"name":"wp","href":"https:\/\/api.w.org\/{rel}","templated":true}]}}