{"id":170049,"date":"2026-04-28T18:05:48","date_gmt":"2026-04-29T00:05:48","guid":{"rendered":"https:\/\/lospoliticosveracruz.com\/?p=170049"},"modified":"2026-04-28T18:06:04","modified_gmt":"2026-04-29T00:06:04","slug":"atanasio-sin-autoridad-moral","status":"publish","type":"post","link":"https:\/\/lospoliticosveracruz.com\/?p=170049","title":{"rendered":"ATANASIO, SIN AUTORIDAD MORAL!"},"content":{"rendered":"\n<p><\/p>\n\n\n\n<p><strong>Enrique Romero Aquino<br><\/strong>En 2004 contra viento y marea sostuvimos la candidatura de Atanasio Garc\u00eda a la diputaci\u00f3n local.<br>Y qu\u00e9 hizo?<br>Ponerse al servicio del gobierno de Fidel Herrera. NI M\u00c1S NI MENOS: UNO MAS DE LA FIDELIDAD<br>Probablemente Roc\u00edo Nalhe no conoce\u2026 NO CONOCE pero Alemania a donde mandaste a cambio de tu voto y tu servicio a tu hijo.<br>Los que conocemos y vivimos la historia pol\u00edtica de Veracruz sabemos que la presidencia del congreso que tanto nos cost\u00f3 se dio como moneda de cambio por una estancia europea.<br>Qu\u00e9 pena que te pongas a criticar a una dama que por supuesto que conoce desde hace d\u00e9cadas el territorio veracruzano.<br>En 2006 en d\u00f3nde estaba tu hijo?<br>En d\u00f3nde estabas t\u00fa?<br>En 2012 fui candidato al Senado de la Rep\u00fablica y ni t\u00fa ni tu hijo estuvieron apoyando a AMLO.<br>Fue una coyuntura que hizo posible que el becario Fidelista fuera gobernador.<br>Atanasio, la Xenofobia es una pr\u00e1ctica de la derecha que se intent\u00f3 aplicar en la CDMX en contra del ingeniero C\u00e1rdenas y despu\u00e9s contra el licenciado L\u00f3pez Obrador.<br>En Veracruz, Roc\u00edo Nahle ha sido la \u00fanica que visit\u00f3 los 212 municipios en Campa\u00f1a.<br>P\u00f3rtate como caballero y como izquierdista. Tus se\u00f1alamientos no ayudan al proyecto y muchos los calificamos como violencia pol\u00edtica de g\u00e9nero.<br>Los que vivimos la historia de la izquierda en Veracruz y en particular tu historia, te invitamos a ser m\u00e1s responsable con tus opiniones.<br>P\u00e9sele a quien le pese, VERACRUZ EST\u00e1 DE MODA!<\/p>\n","protected":false},"excerpt":{"rendered":"<p>Enrique Romero AquinoEn 2004 contra viento y marea sostuvimos la candidatura de Atanasio Garc\u00eda a la diputaci\u00f3n local.Y qu\u00e9 hizo?Ponerse al servicio del gobierno de Fidel Herrera. NI M\u00c1S NI MENOS: UNO MAS DE LA FIDELIDADProbablemente Roc\u00edo Nalhe no conoce\u2026 NO CONOCE pero Alemania a donde mandaste a cambio de tu voto y tu servicio [&hellip;]<\/p>\n","protected":false},"author":2,"featured_media":141924,"comment_status":"closed","ping_status":"closed","sticky":false,"template":"","format":"standard","meta":{"tdm_status":"","tdm_grid_status":"","footnotes":""},"categories":[74],"tags":[62626,62625,62628,62629,62627],"class_list":{"0":"post-170049","1":"post","2":"type-post","3":"status-publish","4":"format-standard","5":"has-post-thumbnail","7":"category-lavadero","8":"tag-cuitlahuac-garcia-becario-fidel-herrera","9":"tag-enrique-romero-aquino-critica-atanasio-garcia","10":"tag-historia-de-la-izquierda-en-veracruz","11":"tag-morena-veracruz-pugna-interna-2026","12":"tag-rocio-nahle-violencia-politica-de-genero"},"yoast_head":"<!-- This site is optimized with the Yoast SEO plugin v27.4 - https:\/\/yoast.com\/product\/yoast-seo-wordpress\/ -->\n<title>ATANASIO, SIN AUTORIDAD MORAL! - Los pol\u00edticos Veracruz<\/title>\n<meta name=\"robots\" content=\"index, follow, max-snippet:-1, max-image-preview:large, max-video-preview:-1\" \/>\n<link rel=\"canonical\" href=\"https:\/\/lospoliticosveracruz.com\/?p=170049\" \/>\n<meta property=\"og:locale\" content=\"es_ES\" \/>\n<meta property=\"og:type\" content=\"article\" \/>\n<meta property=\"og:title\" content=\"ATANASIO, SIN AUTORIDAD MORAL! - Los pol\u00edticos Veracruz\" \/>\n<meta property=\"og:description\" content=\"Enrique Romero AquinoEn 2004 contra viento y marea sostuvimos la candidatura de Atanasio Garc\u00eda a la diputaci\u00f3n local.Y qu\u00e9 hizo?Ponerse al servicio del gobierno de Fidel Herrera. NI M\u00c1S NI MENOS: UNO MAS DE LA FIDELIDADProbablemente Roc\u00edo Nalhe no conoce\u2026 NO CONOCE pero Alemania a donde mandaste a cambio de tu voto y tu servicio [&hellip;]\" \/>\n<meta property=\"og:url\" content=\"https:\/\/lospoliticosveracruz.com\/?p=170049\" \/>\n<meta property=\"og:site_name\" content=\"Los pol\u00edticos Veracruz\" \/>\n<meta property=\"article:publisher\" content=\"https:\/\/www.facebook.com\/people\/Notimemes-de-los-Polticos\/61565672886568\/\" \/>\n<meta property=\"article:published_time\" content=\"2026-04-29T00:05:48+00:00\" \/>\n<meta property=\"article:modified_time\" content=\"2026-04-29T00:06:04+00:00\" \/>\n<meta property=\"og:image\" content=\"https:\/\/lospoliticosveracruz.com\/wp-content\/uploads\/2025\/04\/Lavadero.jpg\" \/>\n\t<meta property=\"og:image:width\" content=\"600\" \/>\n\t<meta property=\"og:image:height\" content=\"320\" \/>\n\t<meta property=\"og:image:type\" content=\"image\/jpeg\" \/>\n<meta name=\"author\" content=\"Lo viste en Los Pol\u00edticos\" \/>\n<meta name=\"twitter:card\" content=\"summary_large_image\" \/>\n<meta name=\"twitter:creator\" content=\"@LosPoliticosVer\" \/>\n<meta name=\"twitter:site\" content=\"@LosPoliticosVer\" \/>\n<meta name=\"twitter:label1\" content=\"Escrito por\" \/>\n\t<meta name=\"twitter:data1\" content=\"Lo viste en Los Pol\u00edticos\" \/>\n\t<meta name=\"twitter:label2\" content=\"Tiempo de lectura\" \/>\n\t<meta name=\"twitter:data2\" content=\"2 minutos\" \/>\n<script type=\"application\/ld+json\" class=\"yoast-schema-graph\">{\"@context\":\"https:\\\/\\\/schema.org\",\"@graph\":[{\"@type\":\"Article\",\"@id\":\"https:\\\/\\\/lospoliticosveracruz.com\\\/?p=170049#article\",\"isPartOf\":{\"@id\":\"https:\\\/\\\/lospoliticosveracruz.com\\\/?p=170049\"},\"author\":{\"name\":\"Lo viste en Los Pol\u00edticos\",\"@id\":\"https:\\\/\\\/lospoliticosveracruz.com\\\/#\\\/schema\\\/person\\\/b8702bb0e538456e6efd07080bf2a4a2\"},\"headline\":\"ATANASIO, SIN AUTORIDAD MORAL!\",\"datePublished\":\"2026-04-29T00:05:48+00:00\",\"dateModified\":\"2026-04-29T00:06:04+00:00\",\"mainEntityOfPage\":{\"@id\":\"https:\\\/\\\/lospoliticosveracruz.com\\\/?p=170049\"},\"wordCount\":272,\"publisher\":{\"@id\":\"https:\\\/\\\/lospoliticosveracruz.com\\\/#organization\"},\"image\":{\"@id\":\"https:\\\/\\\/lospoliticosveracruz.com\\\/?p=170049#primaryimage\"},\"thumbnailUrl\":\"https:\\\/\\\/lospoliticosveracruz.com\\\/wp-content\\\/uploads\\\/2025\\\/04\\\/Lavadero.jpg\",\"keywords\":[\"Cuitl\u00e1huac Garc\u00eda becario Fidel Herrera\",\"Enrique Romero Aquino cr\u00edtica Atanasio Garc\u00eda\",\"Historia de la izquierda en Veracruz\",\"Morena Veracruz pugna interna 2026\",\"Roc\u00edo Nahle violencia pol\u00edtica de g\u00e9nero\"],\"articleSection\":[\"Lavadero\"],\"inLanguage\":\"es\"},{\"@type\":\"WebPage\",\"@id\":\"https:\\\/\\\/lospoliticosveracruz.com\\\/?p=170049\",\"url\":\"https:\\\/\\\/lospoliticosveracruz.com\\\/?p=170049\",\"name\":\"ATANASIO, SIN AUTORIDAD MORAL! - Los pol\u00edticos Veracruz\",\"isPartOf\":{\"@id\":\"https:\\\/\\\/lospoliticosveracruz.com\\\/#website\"},\"primaryImageOfPage\":{\"@id\":\"https:\\\/\\\/lospoliticosveracruz.com\\\/?p=170049#primaryimage\"},\"image\":{\"@id\":\"https:\\\/\\\/lospoliticosveracruz.com\\\/?p=170049#primaryimage\"},\"thumbnailUrl\":\"https:\\\/\\\/lospoliticosveracruz.com\\\/wp-content\\\/uploads\\\/2025\\\/04\\\/Lavadero.jpg\",\"datePublished\":\"2026-04-29T00:05:48+00:00\",\"dateModified\":\"2026-04-29T00:06:04+00:00\",\"breadcrumb\":{\"@id\":\"https:\\\/\\\/lospoliticosveracruz.com\\\/?p=170049#breadcrumb\"},\"inLanguage\":\"es\",\"potentialAction\":[{\"@type\":\"ReadAction\",\"target\":[\"https:\\\/\\\/lospoliticosveracruz.com\\\/?p=170049\"]}]},{\"@type\":\"ImageObject\",\"inLanguage\":\"es\",\"@id\":\"https:\\\/\\\/lospoliticosveracruz.com\\\/?p=170049#primaryimage\",\"url\":\"https:\\\/\\\/lospoliticosveracruz.com\\\/wp-content\\\/uploads\\\/2025\\\/04\\\/Lavadero.jpg\",\"contentUrl\":\"https:\\\/\\\/lospoliticosveracruz.com\\\/wp-content\\\/uploads\\\/2025\\\/04\\\/Lavadero.jpg\",\"width\":600,\"height\":320},{\"@type\":\"BreadcrumbList\",\"@id\":\"https:\\\/\\\/lospoliticosveracruz.com\\\/?p=170049#breadcrumb\",\"itemListElement\":[{\"@type\":\"ListItem\",\"position\":1,\"name\":\"Portada\",\"item\":\"https:\\\/\\\/lospoliticosveracruz.com\\\/\"},{\"@type\":\"ListItem\",\"position\":2,\"name\":\"ATANASIO, SIN AUTORIDAD MORAL!\"}]},{\"@type\":\"WebSite\",\"@id\":\"https:\\\/\\\/lospoliticosveracruz.com\\\/#website\",\"url\":\"https:\\\/\\\/lospoliticosveracruz.com\\\/\",\"name\":\"Los pol\u00edticos Veracruz\",\"description\":\"\",\"publisher\":{\"@id\":\"https:\\\/\\\/lospoliticosveracruz.com\\\/#organization\"},\"potentialAction\":[{\"@type\":\"SearchAction\",\"target\":{\"@type\":\"EntryPoint\",\"urlTemplate\":\"https:\\\/\\\/lospoliticosveracruz.com\\\/?s={search_term_string}\"},\"query-input\":{\"@type\":\"PropertyValueSpecification\",\"valueRequired\":true,\"valueName\":\"search_term_string\"}}],\"inLanguage\":\"es\"},{\"@type\":\"Organization\",\"@id\":\"https:\\\/\\\/lospoliticosveracruz.com\\\/#organization\",\"name\":\"Los pol\u00edticos Veracruz\",\"url\":\"https:\\\/\\\/lospoliticosveracruz.com\\\/\",\"logo\":{\"@type\":\"ImageObject\",\"inLanguage\":\"es\",\"@id\":\"https:\\\/\\\/lospoliticosveracruz.com\\\/#\\\/schema\\\/logo\\\/image\\\/\",\"url\":\"https:\\\/\\\/lospoliticosveracruz.com\\\/wp-content\\\/uploads\\\/2025\\\/12\\\/Logo-Nuevo-LOS-POLITICOS-1.jpg\",\"contentUrl\":\"https:\\\/\\\/lospoliticosveracruz.com\\\/wp-content\\\/uploads\\\/2025\\\/12\\\/Logo-Nuevo-LOS-POLITICOS-1.jpg\",\"width\":260,\"height\":70,\"caption\":\"Los pol\u00edticos Veracruz\"},\"image\":{\"@id\":\"https:\\\/\\\/lospoliticosveracruz.com\\\/#\\\/schema\\\/logo\\\/image\\\/\"},\"sameAs\":[\"https:\\\/\\\/www.facebook.com\\\/people\\\/Notimemes-de-los-Polticos\\\/61565672886568\\\/\",\"https:\\\/\\\/x.com\\\/LosPoliticosVer\"]},{\"@type\":\"Person\",\"@id\":\"https:\\\/\\\/lospoliticosveracruz.com\\\/#\\\/schema\\\/person\\\/b8702bb0e538456e6efd07080bf2a4a2\",\"name\":\"Lo viste en Los Pol\u00edticos\",\"image\":{\"@type\":\"ImageObject\",\"inLanguage\":\"es\",\"@id\":\"https:\\\/\\\/secure.gravatar.com\\\/avatar\\\/3a8de04a2656d44082be478bd6c086daa447c4651605818287b9532d3d0bd435?s=96&d=mm&r=g\",\"url\":\"https:\\\/\\\/secure.gravatar.com\\\/avatar\\\/3a8de04a2656d44082be478bd6c086daa447c4651605818287b9532d3d0bd435?s=96&d=mm&r=g\",\"contentUrl\":\"https:\\\/\\\/secure.gravatar.com\\\/avatar\\\/3a8de04a2656d44082be478bd6c086daa447c4651605818287b9532d3d0bd435?s=96&d=mm&r=g\",\"caption\":\"Lo viste en Los Pol\u00edticos\"},\"url\":\"https:\\\/\\\/lospoliticosveracruz.com\\\/?author=2\"}]}<\/script>\n<!-- \/ Yoast SEO plugin. -->","yoast_head_json":{"title":"ATANASIO, SIN AUTORIDAD MORAL! - Los pol\u00edticos Veracruz","robots":{"index":"index","follow":"follow","max-snippet":"max-snippet:-1","max-image-preview":"max-image-preview:large","max-video-preview":"max-video-preview:-1"},"canonical":"https:\/\/lospoliticosveracruz.com\/?p=170049","og_locale":"es_ES","og_type":"article","og_title":"ATANASIO, SIN AUTORIDAD MORAL! - Los pol\u00edticos Veracruz","og_description":"Enrique Romero AquinoEn 2004 contra viento y marea sostuvimos la candidatura de Atanasio Garc\u00eda a la diputaci\u00f3n local.Y qu\u00e9 hizo?Ponerse al servicio del gobierno de Fidel Herrera. NI M\u00c1S NI MENOS: UNO MAS DE LA FIDELIDADProbablemente Roc\u00edo Nalhe no conoce\u2026 NO CONOCE pero Alemania a donde mandaste a cambio de tu voto y tu servicio [&hellip;]","og_url":"https:\/\/lospoliticosveracruz.com\/?p=170049","og_site_name":"Los pol\u00edticos Veracruz","article_publisher":"https:\/\/www.facebook.com\/people\/Notimemes-de-los-Polticos\/61565672886568\/","article_published_time":"2026-04-29T00:05:48+00:00","article_modified_time":"2026-04-29T00:06:04+00:00","og_image":[{"width":600,"height":320,"url":"https:\/\/lospoliticosveracruz.com\/wp-content\/uploads\/2025\/04\/Lavadero.jpg","type":"image\/jpeg"}],"author":"Lo viste en Los Pol\u00edticos","twitter_card":"summary_large_image","twitter_creator":"@LosPoliticosVer","twitter_site":"@LosPoliticosVer","twitter_misc":{"Escrito por":"Lo viste en Los Pol\u00edticos","Tiempo de lectura":"2 minutos"},"schema":{"@context":"https:\/\/schema.org","@graph":[{"@type":"Article","@id":"https:\/\/lospoliticosveracruz.com\/?p=170049#article","isPartOf":{"@id":"https:\/\/lospoliticosveracruz.com\/?p=170049"},"author":{"name":"Lo viste en Los Pol\u00edticos","@id":"https:\/\/lospoliticosveracruz.com\/#\/schema\/person\/b8702bb0e538456e6efd07080bf2a4a2"},"headline":"ATANASIO, SIN AUTORIDAD MORAL!","datePublished":"2026-04-29T00:05:48+00:00","dateModified":"2026-04-29T00:06:04+00:00","mainEntityOfPage":{"@id":"https:\/\/lospoliticosveracruz.com\/?p=170049"},"wordCount":272,"publisher":{"@id":"https:\/\/lospoliticosveracruz.com\/#organization"},"image":{"@id":"https:\/\/lospoliticosveracruz.com\/?p=170049#primaryimage"},"thumbnailUrl":"https:\/\/lospoliticosveracruz.com\/wp-content\/uploads\/2025\/04\/Lavadero.jpg","keywords":["Cuitl\u00e1huac Garc\u00eda becario Fidel Herrera","Enrique Romero Aquino cr\u00edtica Atanasio Garc\u00eda","Historia de la izquierda en Veracruz","Morena Veracruz pugna interna 2026","Roc\u00edo Nahle violencia pol\u00edtica de g\u00e9nero"],"articleSection":["Lavadero"],"inLanguage":"es"},{"@type":"WebPage","@id":"https:\/\/lospoliticosveracruz.com\/?p=170049","url":"https:\/\/lospoliticosveracruz.com\/?p=170049","name":"ATANASIO, SIN AUTORIDAD MORAL! - Los pol\u00edticos Veracruz","isPartOf":{"@id":"https:\/\/lospoliticosveracruz.com\/#website"},"primaryImageOfPage":{"@id":"https:\/\/lospoliticosveracruz.com\/?p=170049#primaryimage"},"image":{"@id":"https:\/\/lospoliticosveracruz.com\/?p=170049#primaryimage"},"thumbnailUrl":"https:\/\/lospoliticosveracruz.com\/wp-content\/uploads\/2025\/04\/Lavadero.jpg","datePublished":"2026-04-29T00:05:48+00:00","dateModified":"2026-04-29T00:06:04+00:00","breadcrumb":{"@id":"https:\/\/lospoliticosveracruz.com\/?p=170049#breadcrumb"},"inLanguage":"es","potentialAction":[{"@type":"ReadAction","target":["https:\/\/lospoliticosveracruz.com\/?p=170049"]}]},{"@type":"ImageObject","inLanguage":"es","@id":"https:\/\/lospoliticosveracruz.com\/?p=170049#primaryimage","url":"https:\/\/lospoliticosveracruz.com\/wp-content\/uploads\/2025\/04\/Lavadero.jpg","contentUrl":"https:\/\/lospoliticosveracruz.com\/wp-content\/uploads\/2025\/04\/Lavadero.jpg","width":600,"height":320},{"@type":"BreadcrumbList","@id":"https:\/\/lospoliticosveracruz.com\/?p=170049#breadcrumb","itemListElement":[{"@type":"ListItem","position":1,"name":"Portada","item":"https:\/\/lospoliticosveracruz.com\/"},{"@type":"ListItem","position":2,"name":"ATANASIO, SIN AUTORIDAD MORAL!"}]},{"@type":"WebSite","@id":"https:\/\/lospoliticosveracruz.com\/#website","url":"https:\/\/lospoliticosveracruz.com\/","name":"Los pol\u00edticos Veracruz","description":"","publisher":{"@id":"https:\/\/lospoliticosveracruz.com\/#organization"},"potentialAction":[{"@type":"SearchAction","target":{"@type":"EntryPoint","urlTemplate":"https:\/\/lospoliticosveracruz.com\/?s={search_term_string}"},"query-input":{"@type":"PropertyValueSpecification","valueRequired":true,"valueName":"search_term_string"}}],"inLanguage":"es"},{"@type":"Organization","@id":"https:\/\/lospoliticosveracruz.com\/#organization","name":"Los pol\u00edticos Veracruz","url":"https:\/\/lospoliticosveracruz.com\/","logo":{"@type":"ImageObject","inLanguage":"es","@id":"https:\/\/lospoliticosveracruz.com\/#\/schema\/logo\/image\/","url":"https:\/\/lospoliticosveracruz.com\/wp-content\/uploads\/2025\/12\/Logo-Nuevo-LOS-POLITICOS-1.jpg","contentUrl":"https:\/\/lospoliticosveracruz.com\/wp-content\/uploads\/2025\/12\/Logo-Nuevo-LOS-POLITICOS-1.jpg","width":260,"height":70,"caption":"Los pol\u00edticos Veracruz"},"image":{"@id":"https:\/\/lospoliticosveracruz.com\/#\/schema\/logo\/image\/"},"sameAs":["https:\/\/www.facebook.com\/people\/Notimemes-de-los-Polticos\/61565672886568\/","https:\/\/x.com\/LosPoliticosVer"]},{"@type":"Person","@id":"https:\/\/lospoliticosveracruz.com\/#\/schema\/person\/b8702bb0e538456e6efd07080bf2a4a2","name":"Lo viste en Los Pol\u00edticos","image":{"@type":"ImageObject","inLanguage":"es","@id":"https:\/\/secure.gravatar.com\/avatar\/3a8de04a2656d44082be478bd6c086daa447c4651605818287b9532d3d0bd435?s=96&d=mm&r=g","url":"https:\/\/secure.gravatar.com\/avatar\/3a8de04a2656d44082be478bd6c086daa447c4651605818287b9532d3d0bd435?s=96&d=mm&r=g","contentUrl":"https:\/\/secure.gravatar.com\/avatar\/3a8de04a2656d44082be478bd6c086daa447c4651605818287b9532d3d0bd435?s=96&d=mm&r=g","caption":"Lo viste en Los Pol\u00edticos"},"url":"https:\/\/lospoliticosveracruz.com\/?author=2"}]}},"_links":{"self":[{"href":"https:\/\/lospoliticosveracruz.com\/index.php?rest_route=\/wp\/v2\/posts\/170049","targetHints":{"allow":["GET"]}}],"collection":[{"href":"https:\/\/lospoliticosveracruz.com\/index.php?rest_route=\/wp\/v2\/posts"}],"about":[{"href":"https:\/\/lospoliticosveracruz.com\/index.php?rest_route=\/wp\/v2\/types\/post"}],"author":[{"embeddable":true,"href":"https:\/\/lospoliticosveracruz.com\/index.php?rest_route=\/wp\/v2\/users\/2"}],"replies":[{"embeddable":true,"href":"https:\/\/lospoliticosveracruz.com\/index.php?rest_route=%2Fwp%2Fv2%2Fcomments&post=170049"}],"version-history":[{"count":1,"href":"https:\/\/lospoliticosveracruz.com\/index.php?rest_route=\/wp\/v2\/posts\/170049\/revisions"}],"predecessor-version":[{"id":170050,"href":"https:\/\/lospoliticosveracruz.com\/index.php?rest_route=\/wp\/v2\/posts\/170049\/revisions\/170050"}],"wp:featuredmedia":[{"embeddable":true,"href":"https:\/\/lospoliticosveracruz.com\/index.php?rest_route=\/wp\/v2\/media\/141924"}],"wp:attachment":[{"href":"https:\/\/lospoliticosveracruz.com\/index.php?rest_route=%2Fwp%2Fv2%2Fmedia&parent=170049"}],"wp:term":[{"taxonomy":"category","embeddable":true,"href":"https:\/\/lospoliticosveracruz.com\/index.php?rest_route=%2Fwp%2Fv2%2Fcategories&post=170049"},{"taxonomy":"post_tag","embeddable":true,"href":"https:\/\/lospoliticosveracruz.com\/index.php?rest_route=%2Fwp%2Fv2%2Ftags&post=170049"}],"curies":[{"name":"wp","href":"https:\/\/api.w.org\/{rel}","templated":true}]}}