{"id":170065,"date":"2026-04-28T19:44:07","date_gmt":"2026-04-29T01:44:07","guid":{"rendered":"https:\/\/lospoliticosveracruz.com\/?p=170065"},"modified":"2026-04-28T19:44:10","modified_gmt":"2026-04-29T01:44:10","slug":"nahle-responde-a-la-confianza-de-los-veracruzanos","status":"publish","type":"post","link":"https:\/\/lospoliticosveracruz.com\/?p=170065","title":{"rendered":"NAHLE RESPONDE\u2026 A LA CONFIANZA DE LOS VERACRUZANOS"},"content":{"rendered":"\n<p>El presidente de la Junta de Coordinaci\u00f3n Pol\u00edtica (Jucopo) del Congreso de Veracruz, Esteban Bautista Hern\u00e1ndez, rechaz\u00f3 las declaraciones hechas por el ex legislador Atanasio Garc\u00eda Dur\u00e1n, respecto a la gesti\u00f3n de la gobernadora Roc\u00edo Nahle Garc\u00eda.<\/p>\n\n\n\n<p>Ante los dichos del padre del ex gobernador Cuitl\u00e1huac Garc\u00eda Jim\u00e9nez, el l\u00edder pol\u00edtico de la Legislatura del Estado respald\u00f3 a la titular del Poder Ejecutivo, pues resalt\u00f3 que su administraci\u00f3n se ha caracterizado por resultados contundentes a poco m\u00e1s de un a\u00f1o en el cargo, en los que ha sido fundamental la coordinaci\u00f3n con el Poder Legislativo.<\/p>\n\n\n\n<p>\u201cLa gobernadora Roc\u00edo Nahle ha respondido a la confianza y el respaldo de las y los veracruzanos con trabajo diario, acciones contundentes y resultados.&nbsp;<\/p>\n\n\n\n<p>En su primer a\u00f1o, redujo la deuda hist\u00f3rica heredada por sexenios anteriores, meti\u00f3 orden en las finanzas de Veracruz, est\u00e1 haciendo obras en todo el estado, mejor\u00f3 los servicios y no le tiembla la mano para tomar decisiones clave en momentos importantes. As\u00ed lo ha demostrado y los cambios est\u00e1n a la vista\u201d, expres\u00f3.<\/p>\n\n\n\n<p>Bautista Hern\u00e1ndez reprob\u00f3 los se\u00f1alamientos de Atanasio Garc\u00eda Dur\u00e1n, pues record\u00f3 que la titular del Poder Ejecutivo ha dado muestra de su visi\u00f3n y conocimiento del Estado, as\u00ed como de su sensibilidad y solidaridad con el pueblo veracruzano en situaciones graves, como las inundaciones en la zona norte y el reciente derrame de hidrocarburo.<\/p>\n\n\n\n<p>Agreg\u00f3 que Roc\u00edo Nahle se ha posicionado como una de las mejores gobernadoras de Morena en el pa\u00eds pese a los constantes ataques de la oposici\u00f3n y puntualiz\u00f3 que jam\u00e1s se convertir\u00eda \u201cen un lastre para Veracruz, para Morena\u201d, como ocurri\u00f3 con actores pol\u00edticos del pasado.<\/p>\n","protected":false},"excerpt":{"rendered":"<p>El presidente de la Junta de Coordinaci\u00f3n Pol\u00edtica (Jucopo) del Congreso de Veracruz, Esteban Bautista Hern\u00e1ndez, rechaz\u00f3 las declaraciones hechas por el ex legislador Atanasio Garc\u00eda Dur\u00e1n, respecto a la gesti\u00f3n de la gobernadora Roc\u00edo Nahle Garc\u00eda. Ante los dichos del padre del ex gobernador Cuitl\u00e1huac Garc\u00eda Jim\u00e9nez, el l\u00edder pol\u00edtico de la Legislatura del [&hellip;]<\/p>\n","protected":false},"author":2,"featured_media":169606,"comment_status":"closed","ping_status":"closed","sticky":false,"template":"","format":"standard","meta":{"tdm_status":"","tdm_grid_status":"","footnotes":""},"categories":[43718],"tags":[62655,62654,58963,62653,62656],"class_list":{"0":"post-170065","1":"post","2":"type-post","3":"status-publish","4":"format-standard","5":"has-post-thumbnail","7":"category-elpalaciodeencanto","8":"tag-crisis-interna-morena-veracruz-analisis","9":"tag-deuda-publica-veracruz-reduccion-2026","10":"tag-esteban-bautista-hernandez-jucopo-2026","11":"tag-obras-publicas-veracruz-rocio-nahle","12":"tag-rocio-nahle-defensa-atanasio-garcia"},"yoast_head":"<!-- This site is optimized with the Yoast SEO plugin v27.4 - https:\/\/yoast.com\/product\/yoast-seo-wordpress\/ -->\n<title>NAHLE RESPONDE\u2026 A LA CONFIANZA DE LOS VERACRUZANOS - Los pol\u00edticos Veracruz<\/title>\n<meta name=\"robots\" content=\"index, follow, max-snippet:-1, max-image-preview:large, max-video-preview:-1\" \/>\n<link rel=\"canonical\" href=\"https:\/\/lospoliticosveracruz.com\/?p=170065\" \/>\n<meta property=\"og:locale\" content=\"es_ES\" \/>\n<meta property=\"og:type\" content=\"article\" \/>\n<meta property=\"og:title\" content=\"NAHLE RESPONDE\u2026 A LA CONFIANZA DE LOS VERACRUZANOS - Los pol\u00edticos Veracruz\" \/>\n<meta property=\"og:description\" content=\"El presidente de la Junta de Coordinaci\u00f3n Pol\u00edtica (Jucopo) del Congreso de Veracruz, Esteban Bautista Hern\u00e1ndez, rechaz\u00f3 las declaraciones hechas por el ex legislador Atanasio Garc\u00eda Dur\u00e1n, respecto a la gesti\u00f3n de la gobernadora Roc\u00edo Nahle Garc\u00eda. Ante los dichos del padre del ex gobernador Cuitl\u00e1huac Garc\u00eda Jim\u00e9nez, el l\u00edder pol\u00edtico de la Legislatura del [&hellip;]\" \/>\n<meta property=\"og:url\" content=\"https:\/\/lospoliticosveracruz.com\/?p=170065\" \/>\n<meta property=\"og:site_name\" content=\"Los pol\u00edticos Veracruz\" \/>\n<meta property=\"article:publisher\" content=\"https:\/\/www.facebook.com\/people\/Notimemes-de-los-Polticos\/61565672886568\/\" \/>\n<meta property=\"article:published_time\" content=\"2026-04-29T01:44:07+00:00\" \/>\n<meta property=\"article:modified_time\" content=\"2026-04-29T01:44:10+00:00\" \/>\n<meta property=\"og:image\" content=\"https:\/\/lospoliticosveracruz.com\/wp-content\/uploads\/2026\/04\/Esteban-1.jpg\" \/>\n\t<meta property=\"og:image:width\" content=\"600\" \/>\n\t<meta property=\"og:image:height\" content=\"320\" \/>\n\t<meta property=\"og:image:type\" content=\"image\/jpeg\" \/>\n<meta name=\"author\" content=\"Lo viste en Los Pol\u00edticos\" \/>\n<meta name=\"twitter:card\" content=\"summary_large_image\" \/>\n<meta name=\"twitter:creator\" content=\"@LosPoliticosVer\" \/>\n<meta name=\"twitter:site\" content=\"@LosPoliticosVer\" \/>\n<meta name=\"twitter:label1\" content=\"Escrito por\" \/>\n\t<meta name=\"twitter:data1\" content=\"Lo viste en Los Pol\u00edticos\" \/>\n\t<meta name=\"twitter:label2\" content=\"Tiempo de lectura\" \/>\n\t<meta name=\"twitter:data2\" content=\"2 minutos\" \/>\n<script type=\"application\/ld+json\" class=\"yoast-schema-graph\">{\"@context\":\"https:\\\/\\\/schema.org\",\"@graph\":[{\"@type\":\"Article\",\"@id\":\"https:\\\/\\\/lospoliticosveracruz.com\\\/?p=170065#article\",\"isPartOf\":{\"@id\":\"https:\\\/\\\/lospoliticosveracruz.com\\\/?p=170065\"},\"author\":{\"name\":\"Lo viste en Los Pol\u00edticos\",\"@id\":\"https:\\\/\\\/lospoliticosveracruz.com\\\/#\\\/schema\\\/person\\\/b8702bb0e538456e6efd07080bf2a4a2\"},\"headline\":\"NAHLE RESPONDE\u2026 A LA CONFIANZA DE LOS VERACRUZANOS\",\"datePublished\":\"2026-04-29T01:44:07+00:00\",\"dateModified\":\"2026-04-29T01:44:10+00:00\",\"mainEntityOfPage\":{\"@id\":\"https:\\\/\\\/lospoliticosveracruz.com\\\/?p=170065\"},\"wordCount\":314,\"publisher\":{\"@id\":\"https:\\\/\\\/lospoliticosveracruz.com\\\/#organization\"},\"image\":{\"@id\":\"https:\\\/\\\/lospoliticosveracruz.com\\\/?p=170065#primaryimage\"},\"thumbnailUrl\":\"https:\\\/\\\/lospoliticosveracruz.com\\\/wp-content\\\/uploads\\\/2026\\\/04\\\/Esteban-1.jpg\",\"keywords\":[\"Crisis interna Morena Veracruz an\u00e1lisis\",\"Deuda p\u00fablica Veracruz reducci\u00f3n 2026\",\"Esteban Bautista Hern\u00e1ndez Jucopo 2026\",\"Obras p\u00fablicas Veracruz Roc\u00edo Nahle\",\"Roc\u00edo Nahle defensa Atanasio Garc\u00eda\"],\"articleSection\":[\"EL PALACIO DE ENCANTO\"],\"inLanguage\":\"es\"},{\"@type\":\"WebPage\",\"@id\":\"https:\\\/\\\/lospoliticosveracruz.com\\\/?p=170065\",\"url\":\"https:\\\/\\\/lospoliticosveracruz.com\\\/?p=170065\",\"name\":\"NAHLE RESPONDE\u2026 A LA CONFIANZA DE LOS VERACRUZANOS - Los pol\u00edticos Veracruz\",\"isPartOf\":{\"@id\":\"https:\\\/\\\/lospoliticosveracruz.com\\\/#website\"},\"primaryImageOfPage\":{\"@id\":\"https:\\\/\\\/lospoliticosveracruz.com\\\/?p=170065#primaryimage\"},\"image\":{\"@id\":\"https:\\\/\\\/lospoliticosveracruz.com\\\/?p=170065#primaryimage\"},\"thumbnailUrl\":\"https:\\\/\\\/lospoliticosveracruz.com\\\/wp-content\\\/uploads\\\/2026\\\/04\\\/Esteban-1.jpg\",\"datePublished\":\"2026-04-29T01:44:07+00:00\",\"dateModified\":\"2026-04-29T01:44:10+00:00\",\"breadcrumb\":{\"@id\":\"https:\\\/\\\/lospoliticosveracruz.com\\\/?p=170065#breadcrumb\"},\"inLanguage\":\"es\",\"potentialAction\":[{\"@type\":\"ReadAction\",\"target\":[\"https:\\\/\\\/lospoliticosveracruz.com\\\/?p=170065\"]}]},{\"@type\":\"ImageObject\",\"inLanguage\":\"es\",\"@id\":\"https:\\\/\\\/lospoliticosveracruz.com\\\/?p=170065#primaryimage\",\"url\":\"https:\\\/\\\/lospoliticosveracruz.com\\\/wp-content\\\/uploads\\\/2026\\\/04\\\/Esteban-1.jpg\",\"contentUrl\":\"https:\\\/\\\/lospoliticosveracruz.com\\\/wp-content\\\/uploads\\\/2026\\\/04\\\/Esteban-1.jpg\",\"width\":600,\"height\":320},{\"@type\":\"BreadcrumbList\",\"@id\":\"https:\\\/\\\/lospoliticosveracruz.com\\\/?p=170065#breadcrumb\",\"itemListElement\":[{\"@type\":\"ListItem\",\"position\":1,\"name\":\"Portada\",\"item\":\"https:\\\/\\\/lospoliticosveracruz.com\\\/\"},{\"@type\":\"ListItem\",\"position\":2,\"name\":\"NAHLE RESPONDE\u2026 A LA CONFIANZA DE LOS VERACRUZANOS\"}]},{\"@type\":\"WebSite\",\"@id\":\"https:\\\/\\\/lospoliticosveracruz.com\\\/#website\",\"url\":\"https:\\\/\\\/lospoliticosveracruz.com\\\/\",\"name\":\"Los pol\u00edticos Veracruz\",\"description\":\"\",\"publisher\":{\"@id\":\"https:\\\/\\\/lospoliticosveracruz.com\\\/#organization\"},\"potentialAction\":[{\"@type\":\"SearchAction\",\"target\":{\"@type\":\"EntryPoint\",\"urlTemplate\":\"https:\\\/\\\/lospoliticosveracruz.com\\\/?s={search_term_string}\"},\"query-input\":{\"@type\":\"PropertyValueSpecification\",\"valueRequired\":true,\"valueName\":\"search_term_string\"}}],\"inLanguage\":\"es\"},{\"@type\":\"Organization\",\"@id\":\"https:\\\/\\\/lospoliticosveracruz.com\\\/#organization\",\"name\":\"Los pol\u00edticos Veracruz\",\"url\":\"https:\\\/\\\/lospoliticosveracruz.com\\\/\",\"logo\":{\"@type\":\"ImageObject\",\"inLanguage\":\"es\",\"@id\":\"https:\\\/\\\/lospoliticosveracruz.com\\\/#\\\/schema\\\/logo\\\/image\\\/\",\"url\":\"https:\\\/\\\/lospoliticosveracruz.com\\\/wp-content\\\/uploads\\\/2025\\\/12\\\/Logo-Nuevo-LOS-POLITICOS-1.jpg\",\"contentUrl\":\"https:\\\/\\\/lospoliticosveracruz.com\\\/wp-content\\\/uploads\\\/2025\\\/12\\\/Logo-Nuevo-LOS-POLITICOS-1.jpg\",\"width\":260,\"height\":70,\"caption\":\"Los pol\u00edticos Veracruz\"},\"image\":{\"@id\":\"https:\\\/\\\/lospoliticosveracruz.com\\\/#\\\/schema\\\/logo\\\/image\\\/\"},\"sameAs\":[\"https:\\\/\\\/www.facebook.com\\\/people\\\/Notimemes-de-los-Polticos\\\/61565672886568\\\/\",\"https:\\\/\\\/x.com\\\/LosPoliticosVer\"]},{\"@type\":\"Person\",\"@id\":\"https:\\\/\\\/lospoliticosveracruz.com\\\/#\\\/schema\\\/person\\\/b8702bb0e538456e6efd07080bf2a4a2\",\"name\":\"Lo viste en Los Pol\u00edticos\",\"image\":{\"@type\":\"ImageObject\",\"inLanguage\":\"es\",\"@id\":\"https:\\\/\\\/secure.gravatar.com\\\/avatar\\\/3a8de04a2656d44082be478bd6c086daa447c4651605818287b9532d3d0bd435?s=96&d=mm&r=g\",\"url\":\"https:\\\/\\\/secure.gravatar.com\\\/avatar\\\/3a8de04a2656d44082be478bd6c086daa447c4651605818287b9532d3d0bd435?s=96&d=mm&r=g\",\"contentUrl\":\"https:\\\/\\\/secure.gravatar.com\\\/avatar\\\/3a8de04a2656d44082be478bd6c086daa447c4651605818287b9532d3d0bd435?s=96&d=mm&r=g\",\"caption\":\"Lo viste en Los Pol\u00edticos\"},\"url\":\"https:\\\/\\\/lospoliticosveracruz.com\\\/?author=2\"}]}<\/script>\n<!-- \/ Yoast SEO plugin. -->","yoast_head_json":{"title":"NAHLE RESPONDE\u2026 A LA CONFIANZA DE LOS VERACRUZANOS - Los pol\u00edticos Veracruz","robots":{"index":"index","follow":"follow","max-snippet":"max-snippet:-1","max-image-preview":"max-image-preview:large","max-video-preview":"max-video-preview:-1"},"canonical":"https:\/\/lospoliticosveracruz.com\/?p=170065","og_locale":"es_ES","og_type":"article","og_title":"NAHLE RESPONDE\u2026 A LA CONFIANZA DE LOS VERACRUZANOS - Los pol\u00edticos Veracruz","og_description":"El presidente de la Junta de Coordinaci\u00f3n Pol\u00edtica (Jucopo) del Congreso de Veracruz, Esteban Bautista Hern\u00e1ndez, rechaz\u00f3 las declaraciones hechas por el ex legislador Atanasio Garc\u00eda Dur\u00e1n, respecto a la gesti\u00f3n de la gobernadora Roc\u00edo Nahle Garc\u00eda. Ante los dichos del padre del ex gobernador Cuitl\u00e1huac Garc\u00eda Jim\u00e9nez, el l\u00edder pol\u00edtico de la Legislatura del [&hellip;]","og_url":"https:\/\/lospoliticosveracruz.com\/?p=170065","og_site_name":"Los pol\u00edticos Veracruz","article_publisher":"https:\/\/www.facebook.com\/people\/Notimemes-de-los-Polticos\/61565672886568\/","article_published_time":"2026-04-29T01:44:07+00:00","article_modified_time":"2026-04-29T01:44:10+00:00","og_image":[{"width":600,"height":320,"url":"https:\/\/lospoliticosveracruz.com\/wp-content\/uploads\/2026\/04\/Esteban-1.jpg","type":"image\/jpeg"}],"author":"Lo viste en Los Pol\u00edticos","twitter_card":"summary_large_image","twitter_creator":"@LosPoliticosVer","twitter_site":"@LosPoliticosVer","twitter_misc":{"Escrito por":"Lo viste en Los Pol\u00edticos","Tiempo de lectura":"2 minutos"},"schema":{"@context":"https:\/\/schema.org","@graph":[{"@type":"Article","@id":"https:\/\/lospoliticosveracruz.com\/?p=170065#article","isPartOf":{"@id":"https:\/\/lospoliticosveracruz.com\/?p=170065"},"author":{"name":"Lo viste en Los Pol\u00edticos","@id":"https:\/\/lospoliticosveracruz.com\/#\/schema\/person\/b8702bb0e538456e6efd07080bf2a4a2"},"headline":"NAHLE RESPONDE\u2026 A LA CONFIANZA DE LOS VERACRUZANOS","datePublished":"2026-04-29T01:44:07+00:00","dateModified":"2026-04-29T01:44:10+00:00","mainEntityOfPage":{"@id":"https:\/\/lospoliticosveracruz.com\/?p=170065"},"wordCount":314,"publisher":{"@id":"https:\/\/lospoliticosveracruz.com\/#organization"},"image":{"@id":"https:\/\/lospoliticosveracruz.com\/?p=170065#primaryimage"},"thumbnailUrl":"https:\/\/lospoliticosveracruz.com\/wp-content\/uploads\/2026\/04\/Esteban-1.jpg","keywords":["Crisis interna Morena Veracruz an\u00e1lisis","Deuda p\u00fablica Veracruz reducci\u00f3n 2026","Esteban Bautista Hern\u00e1ndez Jucopo 2026","Obras p\u00fablicas Veracruz Roc\u00edo Nahle","Roc\u00edo Nahle defensa Atanasio Garc\u00eda"],"articleSection":["EL PALACIO DE ENCANTO"],"inLanguage":"es"},{"@type":"WebPage","@id":"https:\/\/lospoliticosveracruz.com\/?p=170065","url":"https:\/\/lospoliticosveracruz.com\/?p=170065","name":"NAHLE RESPONDE\u2026 A LA CONFIANZA DE LOS VERACRUZANOS - Los pol\u00edticos Veracruz","isPartOf":{"@id":"https:\/\/lospoliticosveracruz.com\/#website"},"primaryImageOfPage":{"@id":"https:\/\/lospoliticosveracruz.com\/?p=170065#primaryimage"},"image":{"@id":"https:\/\/lospoliticosveracruz.com\/?p=170065#primaryimage"},"thumbnailUrl":"https:\/\/lospoliticosveracruz.com\/wp-content\/uploads\/2026\/04\/Esteban-1.jpg","datePublished":"2026-04-29T01:44:07+00:00","dateModified":"2026-04-29T01:44:10+00:00","breadcrumb":{"@id":"https:\/\/lospoliticosveracruz.com\/?p=170065#breadcrumb"},"inLanguage":"es","potentialAction":[{"@type":"ReadAction","target":["https:\/\/lospoliticosveracruz.com\/?p=170065"]}]},{"@type":"ImageObject","inLanguage":"es","@id":"https:\/\/lospoliticosveracruz.com\/?p=170065#primaryimage","url":"https:\/\/lospoliticosveracruz.com\/wp-content\/uploads\/2026\/04\/Esteban-1.jpg","contentUrl":"https:\/\/lospoliticosveracruz.com\/wp-content\/uploads\/2026\/04\/Esteban-1.jpg","width":600,"height":320},{"@type":"BreadcrumbList","@id":"https:\/\/lospoliticosveracruz.com\/?p=170065#breadcrumb","itemListElement":[{"@type":"ListItem","position":1,"name":"Portada","item":"https:\/\/lospoliticosveracruz.com\/"},{"@type":"ListItem","position":2,"name":"NAHLE RESPONDE\u2026 A LA CONFIANZA DE LOS VERACRUZANOS"}]},{"@type":"WebSite","@id":"https:\/\/lospoliticosveracruz.com\/#website","url":"https:\/\/lospoliticosveracruz.com\/","name":"Los pol\u00edticos Veracruz","description":"","publisher":{"@id":"https:\/\/lospoliticosveracruz.com\/#organization"},"potentialAction":[{"@type":"SearchAction","target":{"@type":"EntryPoint","urlTemplate":"https:\/\/lospoliticosveracruz.com\/?s={search_term_string}"},"query-input":{"@type":"PropertyValueSpecification","valueRequired":true,"valueName":"search_term_string"}}],"inLanguage":"es"},{"@type":"Organization","@id":"https:\/\/lospoliticosveracruz.com\/#organization","name":"Los pol\u00edticos Veracruz","url":"https:\/\/lospoliticosveracruz.com\/","logo":{"@type":"ImageObject","inLanguage":"es","@id":"https:\/\/lospoliticosveracruz.com\/#\/schema\/logo\/image\/","url":"https:\/\/lospoliticosveracruz.com\/wp-content\/uploads\/2025\/12\/Logo-Nuevo-LOS-POLITICOS-1.jpg","contentUrl":"https:\/\/lospoliticosveracruz.com\/wp-content\/uploads\/2025\/12\/Logo-Nuevo-LOS-POLITICOS-1.jpg","width":260,"height":70,"caption":"Los pol\u00edticos Veracruz"},"image":{"@id":"https:\/\/lospoliticosveracruz.com\/#\/schema\/logo\/image\/"},"sameAs":["https:\/\/www.facebook.com\/people\/Notimemes-de-los-Polticos\/61565672886568\/","https:\/\/x.com\/LosPoliticosVer"]},{"@type":"Person","@id":"https:\/\/lospoliticosveracruz.com\/#\/schema\/person\/b8702bb0e538456e6efd07080bf2a4a2","name":"Lo viste en Los Pol\u00edticos","image":{"@type":"ImageObject","inLanguage":"es","@id":"https:\/\/secure.gravatar.com\/avatar\/3a8de04a2656d44082be478bd6c086daa447c4651605818287b9532d3d0bd435?s=96&d=mm&r=g","url":"https:\/\/secure.gravatar.com\/avatar\/3a8de04a2656d44082be478bd6c086daa447c4651605818287b9532d3d0bd435?s=96&d=mm&r=g","contentUrl":"https:\/\/secure.gravatar.com\/avatar\/3a8de04a2656d44082be478bd6c086daa447c4651605818287b9532d3d0bd435?s=96&d=mm&r=g","caption":"Lo viste en Los Pol\u00edticos"},"url":"https:\/\/lospoliticosveracruz.com\/?author=2"}]}},"_links":{"self":[{"href":"https:\/\/lospoliticosveracruz.com\/index.php?rest_route=\/wp\/v2\/posts\/170065","targetHints":{"allow":["GET"]}}],"collection":[{"href":"https:\/\/lospoliticosveracruz.com\/index.php?rest_route=\/wp\/v2\/posts"}],"about":[{"href":"https:\/\/lospoliticosveracruz.com\/index.php?rest_route=\/wp\/v2\/types\/post"}],"author":[{"embeddable":true,"href":"https:\/\/lospoliticosveracruz.com\/index.php?rest_route=\/wp\/v2\/users\/2"}],"replies":[{"embeddable":true,"href":"https:\/\/lospoliticosveracruz.com\/index.php?rest_route=%2Fwp%2Fv2%2Fcomments&post=170065"}],"version-history":[{"count":2,"href":"https:\/\/lospoliticosveracruz.com\/index.php?rest_route=\/wp\/v2\/posts\/170065\/revisions"}],"predecessor-version":[{"id":170067,"href":"https:\/\/lospoliticosveracruz.com\/index.php?rest_route=\/wp\/v2\/posts\/170065\/revisions\/170067"}],"wp:featuredmedia":[{"embeddable":true,"href":"https:\/\/lospoliticosveracruz.com\/index.php?rest_route=\/wp\/v2\/media\/169606"}],"wp:attachment":[{"href":"https:\/\/lospoliticosveracruz.com\/index.php?rest_route=%2Fwp%2Fv2%2Fmedia&parent=170065"}],"wp:term":[{"taxonomy":"category","embeddable":true,"href":"https:\/\/lospoliticosveracruz.com\/index.php?rest_route=%2Fwp%2Fv2%2Fcategories&post=170065"},{"taxonomy":"post_tag","embeddable":true,"href":"https:\/\/lospoliticosveracruz.com\/index.php?rest_route=%2Fwp%2Fv2%2Ftags&post=170065"}],"curies":[{"name":"wp","href":"https:\/\/api.w.org\/{rel}","templated":true}]}}