{"id":170068,"date":"2026-04-28T19:51:47","date_gmt":"2026-04-29T01:51:47","guid":{"rendered":"https:\/\/lospoliticosveracruz.com\/?p=170068"},"modified":"2026-04-28T19:51:49","modified_gmt":"2026-04-29T01:51:49","slug":"nahle-mujer-de-resultados-zepeta","status":"publish","type":"post","link":"https:\/\/lospoliticosveracruz.com\/?p=170068","title":{"rendered":"NAHLE, MUJER DE RESULTADOS: ZEPETA"},"content":{"rendered":"\n<p>Ante las inexactas y desafortunadas declaraciones realizadas en contra de la gobernadora de Veracruz, el dirigente estatal de Morena, Esteban Ram\u00edrez Zepeta, manifest\u00f3 su respaldo total al liderazgo y los resultados que la Gobernadora Roc\u00edo Nahle est\u00e1 entregando a las y los veracruzanos, destacando que su administraci\u00f3n ha logrado posicionar al estado en una ruta de crecimiento y orgullo que ya se nota en cada regi\u00f3n.<\/p>\n\n\n\n<p>Zepeta subray\u00f3 que el dinamismo de la mandataria ha inyectado una nueva energ\u00eda a la entidad. \u201cNuestra gobernadora es una mujer de palabra y de acci\u00f3n; hoy m\u00e1s que nunca podemos decir con orgullo que Veracruz est\u00e1 de moda. Su visi\u00f3n ha permitido que el estado recupere su brillo y que los proyectos de infraestructura y bienestar social avancen con un ritmo que no se ve\u00eda en d\u00e9cadas\u201d, afirm\u00f3 el dirigente.<\/p>\n\n\n\n<p>Asimismo, resalt\u00f3 que la gesti\u00f3n de Roc\u00edo Nahle se caracteriza por la responsabilidad y el compromiso con los sectores m\u00e1s vulnerables. Destac\u00f3 como logros fundamentales la inversi\u00f3n hist\u00f3rica en la rehabilitaci\u00f3n de carreteras, el fortalecimiento del sistema de salud en coordinaci\u00f3n con el Gobierno Federal y, de manera muy especial, el manejo honesto de las finanzas que ha permitido reducir la deuda p\u00fablica heredada, brindando mayor estabilidad al estado.<\/p>\n\n\n\n<p>\u201cTenemos a una Gobernadora que es una aut\u00e9ntica guerrera, que resiste con entereza cualquier desaf\u00edo y que siempre responde con resultados. Su capacidad de gesti\u00f3n y su conocimiento de las necesidades de nuestra tierra est\u00e1n logrando que Veracruz sea referente nacional de transformaci\u00f3n y buen gobierno\u201d, puntualiz\u00f3 Zepeta.<\/p>\n\n\n\n<p>Finalmente, el dirigente estatal hizo un llamado a cerrar filas en torno a la mandataria estatal para consolidar los proyectos en marcha. Asegur\u00f3 que la unidad del movimiento es la base para que la transformaci\u00f3n siga, recordando que los adversarios est\u00e1n en los partidos de oposici\u00f3n y no dentro del movimiento.<\/p>\n\n\n\n<p>Con el pueblo organizado y una administraci\u00f3n de resultados, la Transformaci\u00f3n en Veracruz avanza con paso firme.<\/p>\n\n\n\n<p><\/p>\n","protected":false},"excerpt":{"rendered":"<p>Ante las inexactas y desafortunadas declaraciones realizadas en contra de la gobernadora de Veracruz, el dirigente estatal de Morena, Esteban Ram\u00edrez Zepeta, manifest\u00f3 su respaldo total al liderazgo y los resultados que la Gobernadora Roc\u00edo Nahle est\u00e1 entregando a las y los veracruzanos, destacando que su administraci\u00f3n ha logrado posicionar al estado en una ruta [&hellip;]<\/p>\n","protected":false},"author":2,"featured_media":170069,"comment_status":"closed","ping_status":"closed","sticky":false,"template":"","format":"standard","meta":{"tdm_status":"","tdm_grid_status":"","footnotes":""},"categories":[73],"tags":[49176,62658,62661,62660,62659],"class_list":{"0":"post-170068","1":"post","2":"type-post","3":"status-publish","4":"format-standard","5":"has-post-thumbnail","7":"category-de-boleto","8":"tag-esteban-ramirez-zepeta-morena-veracruz","9":"tag-reduccion-deuda-publica-veracruz-nahle","10":"tag-rocio-nahle-resultados-gobierno-2026","11":"tag-unidad-morena-veracruz-elecciones-2027","12":"tag-veracruz-esta-de-moda-eslogan"},"yoast_head":"<!-- This site is optimized with the Yoast SEO plugin v27.4 - https:\/\/yoast.com\/product\/yoast-seo-wordpress\/ -->\n<title>NAHLE, MUJER DE RESULTADOS: ZEPETA - Los pol\u00edticos Veracruz<\/title>\n<meta name=\"robots\" content=\"index, follow, max-snippet:-1, max-image-preview:large, max-video-preview:-1\" \/>\n<link rel=\"canonical\" href=\"https:\/\/lospoliticosveracruz.com\/?p=170068\" \/>\n<meta property=\"og:locale\" content=\"es_ES\" \/>\n<meta property=\"og:type\" content=\"article\" \/>\n<meta property=\"og:title\" content=\"NAHLE, MUJER DE RESULTADOS: ZEPETA - Los pol\u00edticos Veracruz\" \/>\n<meta property=\"og:description\" content=\"Ante las inexactas y desafortunadas declaraciones realizadas en contra de la gobernadora de Veracruz, el dirigente estatal de Morena, Esteban Ram\u00edrez Zepeta, manifest\u00f3 su respaldo total al liderazgo y los resultados que la Gobernadora Roc\u00edo Nahle est\u00e1 entregando a las y los veracruzanos, destacando que su administraci\u00f3n ha logrado posicionar al estado en una ruta [&hellip;]\" \/>\n<meta property=\"og:url\" content=\"https:\/\/lospoliticosveracruz.com\/?p=170068\" \/>\n<meta property=\"og:site_name\" content=\"Los pol\u00edticos Veracruz\" \/>\n<meta property=\"article:publisher\" content=\"https:\/\/www.facebook.com\/people\/Notimemes-de-los-Polticos\/61565672886568\/\" \/>\n<meta property=\"article:published_time\" content=\"2026-04-29T01:51:47+00:00\" \/>\n<meta property=\"article:modified_time\" content=\"2026-04-29T01:51:49+00:00\" \/>\n<meta property=\"og:image\" content=\"https:\/\/lospoliticosveracruz.com\/wp-content\/uploads\/2026\/04\/Nahle-Zepeta.jpg\" \/>\n\t<meta property=\"og:image:width\" content=\"600\" \/>\n\t<meta property=\"og:image:height\" content=\"320\" \/>\n\t<meta property=\"og:image:type\" content=\"image\/jpeg\" \/>\n<meta name=\"author\" content=\"Lo viste en Los Pol\u00edticos\" \/>\n<meta name=\"twitter:card\" content=\"summary_large_image\" \/>\n<meta name=\"twitter:creator\" content=\"@LosPoliticosVer\" \/>\n<meta name=\"twitter:site\" content=\"@LosPoliticosVer\" \/>\n<meta name=\"twitter:label1\" content=\"Escrito por\" \/>\n\t<meta name=\"twitter:data1\" content=\"Lo viste en Los Pol\u00edticos\" \/>\n\t<meta name=\"twitter:label2\" content=\"Tiempo de lectura\" \/>\n\t<meta name=\"twitter:data2\" content=\"2 minutos\" \/>\n<script type=\"application\/ld+json\" class=\"yoast-schema-graph\">{\"@context\":\"https:\\\/\\\/schema.org\",\"@graph\":[{\"@type\":\"Article\",\"@id\":\"https:\\\/\\\/lospoliticosveracruz.com\\\/?p=170068#article\",\"isPartOf\":{\"@id\":\"https:\\\/\\\/lospoliticosveracruz.com\\\/?p=170068\"},\"author\":{\"name\":\"Lo viste en Los Pol\u00edticos\",\"@id\":\"https:\\\/\\\/lospoliticosveracruz.com\\\/#\\\/schema\\\/person\\\/b8702bb0e538456e6efd07080bf2a4a2\"},\"headline\":\"NAHLE, MUJER DE RESULTADOS: ZEPETA\",\"datePublished\":\"2026-04-29T01:51:47+00:00\",\"dateModified\":\"2026-04-29T01:51:49+00:00\",\"mainEntityOfPage\":{\"@id\":\"https:\\\/\\\/lospoliticosveracruz.com\\\/?p=170068\"},\"wordCount\":355,\"publisher\":{\"@id\":\"https:\\\/\\\/lospoliticosveracruz.com\\\/#organization\"},\"image\":{\"@id\":\"https:\\\/\\\/lospoliticosveracruz.com\\\/?p=170068#primaryimage\"},\"thumbnailUrl\":\"https:\\\/\\\/lospoliticosveracruz.com\\\/wp-content\\\/uploads\\\/2026\\\/04\\\/Nahle-Zepeta.jpg\",\"keywords\":[\"Esteban Ram\u00edrez Zepeta MORENA Veracruz\",\"Reducci\u00f3n deuda p\u00fablica Veracruz Nahle\",\"Roc\u00edo Nahle resultados gobierno 2026\",\"Unidad Morena Veracruz elecciones 2027\",\"Veracruz est\u00e1 de moda eslogan\"],\"articleSection\":[\"De Boleto\"],\"inLanguage\":\"es\"},{\"@type\":\"WebPage\",\"@id\":\"https:\\\/\\\/lospoliticosveracruz.com\\\/?p=170068\",\"url\":\"https:\\\/\\\/lospoliticosveracruz.com\\\/?p=170068\",\"name\":\"NAHLE, MUJER DE RESULTADOS: ZEPETA - Los pol\u00edticos Veracruz\",\"isPartOf\":{\"@id\":\"https:\\\/\\\/lospoliticosveracruz.com\\\/#website\"},\"primaryImageOfPage\":{\"@id\":\"https:\\\/\\\/lospoliticosveracruz.com\\\/?p=170068#primaryimage\"},\"image\":{\"@id\":\"https:\\\/\\\/lospoliticosveracruz.com\\\/?p=170068#primaryimage\"},\"thumbnailUrl\":\"https:\\\/\\\/lospoliticosveracruz.com\\\/wp-content\\\/uploads\\\/2026\\\/04\\\/Nahle-Zepeta.jpg\",\"datePublished\":\"2026-04-29T01:51:47+00:00\",\"dateModified\":\"2026-04-29T01:51:49+00:00\",\"breadcrumb\":{\"@id\":\"https:\\\/\\\/lospoliticosveracruz.com\\\/?p=170068#breadcrumb\"},\"inLanguage\":\"es\",\"potentialAction\":[{\"@type\":\"ReadAction\",\"target\":[\"https:\\\/\\\/lospoliticosveracruz.com\\\/?p=170068\"]}]},{\"@type\":\"ImageObject\",\"inLanguage\":\"es\",\"@id\":\"https:\\\/\\\/lospoliticosveracruz.com\\\/?p=170068#primaryimage\",\"url\":\"https:\\\/\\\/lospoliticosveracruz.com\\\/wp-content\\\/uploads\\\/2026\\\/04\\\/Nahle-Zepeta.jpg\",\"contentUrl\":\"https:\\\/\\\/lospoliticosveracruz.com\\\/wp-content\\\/uploads\\\/2026\\\/04\\\/Nahle-Zepeta.jpg\",\"width\":600,\"height\":320},{\"@type\":\"BreadcrumbList\",\"@id\":\"https:\\\/\\\/lospoliticosveracruz.com\\\/?p=170068#breadcrumb\",\"itemListElement\":[{\"@type\":\"ListItem\",\"position\":1,\"name\":\"Portada\",\"item\":\"https:\\\/\\\/lospoliticosveracruz.com\\\/\"},{\"@type\":\"ListItem\",\"position\":2,\"name\":\"NAHLE, MUJER DE RESULTADOS: ZEPETA\"}]},{\"@type\":\"WebSite\",\"@id\":\"https:\\\/\\\/lospoliticosveracruz.com\\\/#website\",\"url\":\"https:\\\/\\\/lospoliticosveracruz.com\\\/\",\"name\":\"Los pol\u00edticos Veracruz\",\"description\":\"\",\"publisher\":{\"@id\":\"https:\\\/\\\/lospoliticosveracruz.com\\\/#organization\"},\"potentialAction\":[{\"@type\":\"SearchAction\",\"target\":{\"@type\":\"EntryPoint\",\"urlTemplate\":\"https:\\\/\\\/lospoliticosveracruz.com\\\/?s={search_term_string}\"},\"query-input\":{\"@type\":\"PropertyValueSpecification\",\"valueRequired\":true,\"valueName\":\"search_term_string\"}}],\"inLanguage\":\"es\"},{\"@type\":\"Organization\",\"@id\":\"https:\\\/\\\/lospoliticosveracruz.com\\\/#organization\",\"name\":\"Los pol\u00edticos Veracruz\",\"url\":\"https:\\\/\\\/lospoliticosveracruz.com\\\/\",\"logo\":{\"@type\":\"ImageObject\",\"inLanguage\":\"es\",\"@id\":\"https:\\\/\\\/lospoliticosveracruz.com\\\/#\\\/schema\\\/logo\\\/image\\\/\",\"url\":\"https:\\\/\\\/lospoliticosveracruz.com\\\/wp-content\\\/uploads\\\/2025\\\/12\\\/Logo-Nuevo-LOS-POLITICOS-1.jpg\",\"contentUrl\":\"https:\\\/\\\/lospoliticosveracruz.com\\\/wp-content\\\/uploads\\\/2025\\\/12\\\/Logo-Nuevo-LOS-POLITICOS-1.jpg\",\"width\":260,\"height\":70,\"caption\":\"Los pol\u00edticos Veracruz\"},\"image\":{\"@id\":\"https:\\\/\\\/lospoliticosveracruz.com\\\/#\\\/schema\\\/logo\\\/image\\\/\"},\"sameAs\":[\"https:\\\/\\\/www.facebook.com\\\/people\\\/Notimemes-de-los-Polticos\\\/61565672886568\\\/\",\"https:\\\/\\\/x.com\\\/LosPoliticosVer\"]},{\"@type\":\"Person\",\"@id\":\"https:\\\/\\\/lospoliticosveracruz.com\\\/#\\\/schema\\\/person\\\/b8702bb0e538456e6efd07080bf2a4a2\",\"name\":\"Lo viste en Los Pol\u00edticos\",\"image\":{\"@type\":\"ImageObject\",\"inLanguage\":\"es\",\"@id\":\"https:\\\/\\\/secure.gravatar.com\\\/avatar\\\/3a8de04a2656d44082be478bd6c086daa447c4651605818287b9532d3d0bd435?s=96&d=mm&r=g\",\"url\":\"https:\\\/\\\/secure.gravatar.com\\\/avatar\\\/3a8de04a2656d44082be478bd6c086daa447c4651605818287b9532d3d0bd435?s=96&d=mm&r=g\",\"contentUrl\":\"https:\\\/\\\/secure.gravatar.com\\\/avatar\\\/3a8de04a2656d44082be478bd6c086daa447c4651605818287b9532d3d0bd435?s=96&d=mm&r=g\",\"caption\":\"Lo viste en Los Pol\u00edticos\"},\"url\":\"https:\\\/\\\/lospoliticosveracruz.com\\\/?author=2\"}]}<\/script>\n<!-- \/ Yoast SEO plugin. -->","yoast_head_json":{"title":"NAHLE, MUJER DE RESULTADOS: ZEPETA - Los pol\u00edticos Veracruz","robots":{"index":"index","follow":"follow","max-snippet":"max-snippet:-1","max-image-preview":"max-image-preview:large","max-video-preview":"max-video-preview:-1"},"canonical":"https:\/\/lospoliticosveracruz.com\/?p=170068","og_locale":"es_ES","og_type":"article","og_title":"NAHLE, MUJER DE RESULTADOS: ZEPETA - Los pol\u00edticos Veracruz","og_description":"Ante las inexactas y desafortunadas declaraciones realizadas en contra de la gobernadora de Veracruz, el dirigente estatal de Morena, Esteban Ram\u00edrez Zepeta, manifest\u00f3 su respaldo total al liderazgo y los resultados que la Gobernadora Roc\u00edo Nahle est\u00e1 entregando a las y los veracruzanos, destacando que su administraci\u00f3n ha logrado posicionar al estado en una ruta [&hellip;]","og_url":"https:\/\/lospoliticosveracruz.com\/?p=170068","og_site_name":"Los pol\u00edticos Veracruz","article_publisher":"https:\/\/www.facebook.com\/people\/Notimemes-de-los-Polticos\/61565672886568\/","article_published_time":"2026-04-29T01:51:47+00:00","article_modified_time":"2026-04-29T01:51:49+00:00","og_image":[{"width":600,"height":320,"url":"https:\/\/lospoliticosveracruz.com\/wp-content\/uploads\/2026\/04\/Nahle-Zepeta.jpg","type":"image\/jpeg"}],"author":"Lo viste en Los Pol\u00edticos","twitter_card":"summary_large_image","twitter_creator":"@LosPoliticosVer","twitter_site":"@LosPoliticosVer","twitter_misc":{"Escrito por":"Lo viste en Los Pol\u00edticos","Tiempo de lectura":"2 minutos"},"schema":{"@context":"https:\/\/schema.org","@graph":[{"@type":"Article","@id":"https:\/\/lospoliticosveracruz.com\/?p=170068#article","isPartOf":{"@id":"https:\/\/lospoliticosveracruz.com\/?p=170068"},"author":{"name":"Lo viste en Los Pol\u00edticos","@id":"https:\/\/lospoliticosveracruz.com\/#\/schema\/person\/b8702bb0e538456e6efd07080bf2a4a2"},"headline":"NAHLE, MUJER DE RESULTADOS: ZEPETA","datePublished":"2026-04-29T01:51:47+00:00","dateModified":"2026-04-29T01:51:49+00:00","mainEntityOfPage":{"@id":"https:\/\/lospoliticosveracruz.com\/?p=170068"},"wordCount":355,"publisher":{"@id":"https:\/\/lospoliticosveracruz.com\/#organization"},"image":{"@id":"https:\/\/lospoliticosveracruz.com\/?p=170068#primaryimage"},"thumbnailUrl":"https:\/\/lospoliticosveracruz.com\/wp-content\/uploads\/2026\/04\/Nahle-Zepeta.jpg","keywords":["Esteban Ram\u00edrez Zepeta MORENA Veracruz","Reducci\u00f3n deuda p\u00fablica Veracruz Nahle","Roc\u00edo Nahle resultados gobierno 2026","Unidad Morena Veracruz elecciones 2027","Veracruz est\u00e1 de moda eslogan"],"articleSection":["De Boleto"],"inLanguage":"es"},{"@type":"WebPage","@id":"https:\/\/lospoliticosveracruz.com\/?p=170068","url":"https:\/\/lospoliticosveracruz.com\/?p=170068","name":"NAHLE, MUJER DE RESULTADOS: ZEPETA - Los pol\u00edticos Veracruz","isPartOf":{"@id":"https:\/\/lospoliticosveracruz.com\/#website"},"primaryImageOfPage":{"@id":"https:\/\/lospoliticosveracruz.com\/?p=170068#primaryimage"},"image":{"@id":"https:\/\/lospoliticosveracruz.com\/?p=170068#primaryimage"},"thumbnailUrl":"https:\/\/lospoliticosveracruz.com\/wp-content\/uploads\/2026\/04\/Nahle-Zepeta.jpg","datePublished":"2026-04-29T01:51:47+00:00","dateModified":"2026-04-29T01:51:49+00:00","breadcrumb":{"@id":"https:\/\/lospoliticosveracruz.com\/?p=170068#breadcrumb"},"inLanguage":"es","potentialAction":[{"@type":"ReadAction","target":["https:\/\/lospoliticosveracruz.com\/?p=170068"]}]},{"@type":"ImageObject","inLanguage":"es","@id":"https:\/\/lospoliticosveracruz.com\/?p=170068#primaryimage","url":"https:\/\/lospoliticosveracruz.com\/wp-content\/uploads\/2026\/04\/Nahle-Zepeta.jpg","contentUrl":"https:\/\/lospoliticosveracruz.com\/wp-content\/uploads\/2026\/04\/Nahle-Zepeta.jpg","width":600,"height":320},{"@type":"BreadcrumbList","@id":"https:\/\/lospoliticosveracruz.com\/?p=170068#breadcrumb","itemListElement":[{"@type":"ListItem","position":1,"name":"Portada","item":"https:\/\/lospoliticosveracruz.com\/"},{"@type":"ListItem","position":2,"name":"NAHLE, MUJER DE RESULTADOS: ZEPETA"}]},{"@type":"WebSite","@id":"https:\/\/lospoliticosveracruz.com\/#website","url":"https:\/\/lospoliticosveracruz.com\/","name":"Los pol\u00edticos Veracruz","description":"","publisher":{"@id":"https:\/\/lospoliticosveracruz.com\/#organization"},"potentialAction":[{"@type":"SearchAction","target":{"@type":"EntryPoint","urlTemplate":"https:\/\/lospoliticosveracruz.com\/?s={search_term_string}"},"query-input":{"@type":"PropertyValueSpecification","valueRequired":true,"valueName":"search_term_string"}}],"inLanguage":"es"},{"@type":"Organization","@id":"https:\/\/lospoliticosveracruz.com\/#organization","name":"Los pol\u00edticos Veracruz","url":"https:\/\/lospoliticosveracruz.com\/","logo":{"@type":"ImageObject","inLanguage":"es","@id":"https:\/\/lospoliticosveracruz.com\/#\/schema\/logo\/image\/","url":"https:\/\/lospoliticosveracruz.com\/wp-content\/uploads\/2025\/12\/Logo-Nuevo-LOS-POLITICOS-1.jpg","contentUrl":"https:\/\/lospoliticosveracruz.com\/wp-content\/uploads\/2025\/12\/Logo-Nuevo-LOS-POLITICOS-1.jpg","width":260,"height":70,"caption":"Los pol\u00edticos Veracruz"},"image":{"@id":"https:\/\/lospoliticosveracruz.com\/#\/schema\/logo\/image\/"},"sameAs":["https:\/\/www.facebook.com\/people\/Notimemes-de-los-Polticos\/61565672886568\/","https:\/\/x.com\/LosPoliticosVer"]},{"@type":"Person","@id":"https:\/\/lospoliticosveracruz.com\/#\/schema\/person\/b8702bb0e538456e6efd07080bf2a4a2","name":"Lo viste en Los Pol\u00edticos","image":{"@type":"ImageObject","inLanguage":"es","@id":"https:\/\/secure.gravatar.com\/avatar\/3a8de04a2656d44082be478bd6c086daa447c4651605818287b9532d3d0bd435?s=96&d=mm&r=g","url":"https:\/\/secure.gravatar.com\/avatar\/3a8de04a2656d44082be478bd6c086daa447c4651605818287b9532d3d0bd435?s=96&d=mm&r=g","contentUrl":"https:\/\/secure.gravatar.com\/avatar\/3a8de04a2656d44082be478bd6c086daa447c4651605818287b9532d3d0bd435?s=96&d=mm&r=g","caption":"Lo viste en Los Pol\u00edticos"},"url":"https:\/\/lospoliticosveracruz.com\/?author=2"}]}},"_links":{"self":[{"href":"https:\/\/lospoliticosveracruz.com\/index.php?rest_route=\/wp\/v2\/posts\/170068","targetHints":{"allow":["GET"]}}],"collection":[{"href":"https:\/\/lospoliticosveracruz.com\/index.php?rest_route=\/wp\/v2\/posts"}],"about":[{"href":"https:\/\/lospoliticosveracruz.com\/index.php?rest_route=\/wp\/v2\/types\/post"}],"author":[{"embeddable":true,"href":"https:\/\/lospoliticosveracruz.com\/index.php?rest_route=\/wp\/v2\/users\/2"}],"replies":[{"embeddable":true,"href":"https:\/\/lospoliticosveracruz.com\/index.php?rest_route=%2Fwp%2Fv2%2Fcomments&post=170068"}],"version-history":[{"count":2,"href":"https:\/\/lospoliticosveracruz.com\/index.php?rest_route=\/wp\/v2\/posts\/170068\/revisions"}],"predecessor-version":[{"id":170071,"href":"https:\/\/lospoliticosveracruz.com\/index.php?rest_route=\/wp\/v2\/posts\/170068\/revisions\/170071"}],"wp:featuredmedia":[{"embeddable":true,"href":"https:\/\/lospoliticosveracruz.com\/index.php?rest_route=\/wp\/v2\/media\/170069"}],"wp:attachment":[{"href":"https:\/\/lospoliticosveracruz.com\/index.php?rest_route=%2Fwp%2Fv2%2Fmedia&parent=170068"}],"wp:term":[{"taxonomy":"category","embeddable":true,"href":"https:\/\/lospoliticosveracruz.com\/index.php?rest_route=%2Fwp%2Fv2%2Fcategories&post=170068"},{"taxonomy":"post_tag","embeddable":true,"href":"https:\/\/lospoliticosveracruz.com\/index.php?rest_route=%2Fwp%2Fv2%2Ftags&post=170068"}],"curies":[{"name":"wp","href":"https:\/\/api.w.org\/{rel}","templated":true}]}}