{"id":170072,"date":"2026-04-28T20:06:09","date_gmt":"2026-04-29T02:06:09","guid":{"rendered":"https:\/\/lospoliticosveracruz.com\/?p=170072"},"modified":"2026-04-28T20:06:10","modified_gmt":"2026-04-29T02:06:10","slug":"error-descalificar-desde-la-desmemoria","status":"publish","type":"post","link":"https:\/\/lospoliticosveracruz.com\/?p=170072","title":{"rendered":"ERROR DESCALIFICAR DESDE LA DESMEMORIA"},"content":{"rendered":"\n<p><strong>Karla M\u00e9ndez<\/strong><\/p>\n\n\n\n<p>&nbsp;El nuevo Veracruz se escribe con obras hist\u00f3ricas, finanzas sanas y justicia social en cada comunidad, de la mano de la gobernadora Roc\u00edo Nahle Garc\u00eda, la primer mujer gobernadora en el estado, as\u00ed lo asegur\u00f3 el titular de la Secretar\u00eda del Trabajo, Previsi\u00f3n Social y Productividad, Luis Arturo Santiago Mart\u00ednez.<\/p>\n\n\n\n<p>Mediante un video en redes sociales, el tambi\u00e9n morenista, puntualiz\u00f3 que Veracruz es un estado que se conoce caminando el territorio y entregando resultados, as\u00ed como lo ha hecho la ingeniera Roc\u00edo Nahle,&nbsp;&nbsp;desde hace muchos a\u00f1os que lo ha recorrido de norte a sur.<\/p>\n\n\n\n<p>\u00abEs un error pretender descalificar a la Gobernadora Roc\u00edo Nahle desde la desmemoria&nbsp;&nbsp;o desde el privilegio; Veracruz se conoce caminando el territorio y entregando resultados. Mientras algunos se estancan en debates est\u00e9riles y nostalgias familiares, la realidad se escribe con obras hist\u00f3ricas, finanzas sanas y justicia social en cada comunidad.\u00bb<\/p>\n\n\n\n<p>De igual manera, Luis Arturo Santiago, destac\u00f3 el trabajo de la primera mujer en ser gobernadora de Veracruz, donde m\u00e1s all\u00e1 de los discursos, son las acciones y su trabajo que en poco m\u00e1s de un a\u00f1o de gobierno ha hecho por el estado.<\/p>\n\n\n\n<p>\u00abLa transformaci\u00f3n del estado es irreversible y los hechos son la respuesta contundente a quienes prefieren el discurso sobre la acci\u00f3n.\u00bb<\/p>\n\n\n\n<p>Finalmente, el secretario del trabajo en el estado reiter\u00f3 que como militante de MORENA debe haber uni\u00f3n entre todos para que contin\u00fae la cuarta transformaci\u00f3n, por lo que reproch\u00f3 la declaraciones del profesor Atanasio Garc\u00eda sobre la gobernadora Roc\u00edo Nahle Garc\u00eda.<\/p>\n\n\n\n<p><\/p>\n","protected":false},"excerpt":{"rendered":"<p>Karla M\u00e9ndez &nbsp;El nuevo Veracruz se escribe con obras hist\u00f3ricas, finanzas sanas y justicia social en cada comunidad, de la mano de la gobernadora Roc\u00edo Nahle Garc\u00eda, la primer mujer gobernadora en el estado, as\u00ed lo asegur\u00f3 el titular de la Secretar\u00eda del Trabajo, Previsi\u00f3n Social y Productividad, Luis Arturo Santiago Mart\u00ednez. Mediante un video [&hellip;]<\/p>\n","protected":false},"author":2,"featured_media":166102,"comment_status":"closed","ping_status":"closed","sticky":false,"template":"","format":"standard","meta":{"tdm_status":"","tdm_grid_status":"","footnotes":""},"categories":[6446],"tags":[62666,62668,62667,62663,62664,62665],"class_list":{"0":"post-170072","1":"post","2":"type-post","3":"status-publish","4":"format-standard","5":"has-post-thumbnail","7":"category-la-nota","8":"tag-atanasio-garcia-duran-criticas-morena","9":"tag-desmemoria-politica-veracruz-debate","10":"tag-friccion-interna-morena-veracruz-analisis","11":"tag-luis-arturo-santiago-martinez-defensa-nahle","12":"tag-rocio-nahle-resultados-territorio-veracruz","13":"tag-secretaria-del-trabajo-veracruz-2026"},"yoast_head":"<!-- This site is optimized with the Yoast SEO plugin v27.4 - https:\/\/yoast.com\/product\/yoast-seo-wordpress\/ -->\n<title>ERROR DESCALIFICAR DESDE LA DESMEMORIA - Los pol\u00edticos Veracruz<\/title>\n<meta name=\"robots\" content=\"index, follow, max-snippet:-1, max-image-preview:large, max-video-preview:-1\" \/>\n<link rel=\"canonical\" href=\"https:\/\/lospoliticosveracruz.com\/?p=170072\" \/>\n<meta property=\"og:locale\" content=\"es_ES\" \/>\n<meta property=\"og:type\" content=\"article\" \/>\n<meta property=\"og:title\" content=\"ERROR DESCALIFICAR DESDE LA DESMEMORIA - Los pol\u00edticos Veracruz\" \/>\n<meta property=\"og:description\" content=\"Karla M\u00e9ndez &nbsp;El nuevo Veracruz se escribe con obras hist\u00f3ricas, finanzas sanas y justicia social en cada comunidad, de la mano de la gobernadora Roc\u00edo Nahle Garc\u00eda, la primer mujer gobernadora en el estado, as\u00ed lo asegur\u00f3 el titular de la Secretar\u00eda del Trabajo, Previsi\u00f3n Social y Productividad, Luis Arturo Santiago Mart\u00ednez. Mediante un video [&hellip;]\" \/>\n<meta property=\"og:url\" content=\"https:\/\/lospoliticosveracruz.com\/?p=170072\" \/>\n<meta property=\"og:site_name\" content=\"Los pol\u00edticos Veracruz\" \/>\n<meta property=\"article:publisher\" content=\"https:\/\/www.facebook.com\/people\/Notimemes-de-los-Polticos\/61565672886568\/\" \/>\n<meta property=\"article:published_time\" content=\"2026-04-29T02:06:09+00:00\" \/>\n<meta property=\"article:modified_time\" content=\"2026-04-29T02:06:10+00:00\" \/>\n<meta property=\"og:image\" content=\"https:\/\/lospoliticosveracruz.com\/wp-content\/uploads\/2026\/03\/Luis-Arturo-Santiago-Martinez.jpg\" \/>\n\t<meta property=\"og:image:width\" content=\"600\" \/>\n\t<meta property=\"og:image:height\" content=\"320\" \/>\n\t<meta property=\"og:image:type\" content=\"image\/jpeg\" \/>\n<meta name=\"author\" content=\"Lo viste en Los Pol\u00edticos\" \/>\n<meta name=\"twitter:card\" content=\"summary_large_image\" \/>\n<meta name=\"twitter:creator\" content=\"@LosPoliticosVer\" \/>\n<meta name=\"twitter:site\" content=\"@LosPoliticosVer\" \/>\n<meta name=\"twitter:label1\" content=\"Escrito por\" \/>\n\t<meta name=\"twitter:data1\" content=\"Lo viste en Los Pol\u00edticos\" \/>\n\t<meta name=\"twitter:label2\" content=\"Tiempo de lectura\" \/>\n\t<meta name=\"twitter:data2\" content=\"2 minutos\" \/>\n<script type=\"application\/ld+json\" class=\"yoast-schema-graph\">{\"@context\":\"https:\\\/\\\/schema.org\",\"@graph\":[{\"@type\":\"Article\",\"@id\":\"https:\\\/\\\/lospoliticosveracruz.com\\\/?p=170072#article\",\"isPartOf\":{\"@id\":\"https:\\\/\\\/lospoliticosveracruz.com\\\/?p=170072\"},\"author\":{\"name\":\"Lo viste en Los Pol\u00edticos\",\"@id\":\"https:\\\/\\\/lospoliticosveracruz.com\\\/#\\\/schema\\\/person\\\/b8702bb0e538456e6efd07080bf2a4a2\"},\"headline\":\"ERROR DESCALIFICAR DESDE LA DESMEMORIA\",\"datePublished\":\"2026-04-29T02:06:09+00:00\",\"dateModified\":\"2026-04-29T02:06:10+00:00\",\"mainEntityOfPage\":{\"@id\":\"https:\\\/\\\/lospoliticosveracruz.com\\\/?p=170072\"},\"wordCount\":288,\"publisher\":{\"@id\":\"https:\\\/\\\/lospoliticosveracruz.com\\\/#organization\"},\"image\":{\"@id\":\"https:\\\/\\\/lospoliticosveracruz.com\\\/?p=170072#primaryimage\"},\"thumbnailUrl\":\"https:\\\/\\\/lospoliticosveracruz.com\\\/wp-content\\\/uploads\\\/2026\\\/03\\\/Luis-Arturo-Santiago-Martinez.jpg\",\"keywords\":[\"Atanasio Garc\u00eda Dur\u00e1n cr\u00edticas Morena\",\"Desmemoria pol\u00edtica Veracruz debate\",\"Fricci\u00f3n interna Morena Veracruz an\u00e1lisis\",\"Luis Arturo Santiago Mart\u00ednez defensa Nahle\",\"Roc\u00edo Nahle resultados territorio Veracruz\",\"Secretar\u00eda del Trabajo Veracruz 2026\"],\"articleSection\":[\"La Nota\"],\"inLanguage\":\"es\"},{\"@type\":\"WebPage\",\"@id\":\"https:\\\/\\\/lospoliticosveracruz.com\\\/?p=170072\",\"url\":\"https:\\\/\\\/lospoliticosveracruz.com\\\/?p=170072\",\"name\":\"ERROR DESCALIFICAR DESDE LA DESMEMORIA - Los pol\u00edticos Veracruz\",\"isPartOf\":{\"@id\":\"https:\\\/\\\/lospoliticosveracruz.com\\\/#website\"},\"primaryImageOfPage\":{\"@id\":\"https:\\\/\\\/lospoliticosveracruz.com\\\/?p=170072#primaryimage\"},\"image\":{\"@id\":\"https:\\\/\\\/lospoliticosveracruz.com\\\/?p=170072#primaryimage\"},\"thumbnailUrl\":\"https:\\\/\\\/lospoliticosveracruz.com\\\/wp-content\\\/uploads\\\/2026\\\/03\\\/Luis-Arturo-Santiago-Martinez.jpg\",\"datePublished\":\"2026-04-29T02:06:09+00:00\",\"dateModified\":\"2026-04-29T02:06:10+00:00\",\"breadcrumb\":{\"@id\":\"https:\\\/\\\/lospoliticosveracruz.com\\\/?p=170072#breadcrumb\"},\"inLanguage\":\"es\",\"potentialAction\":[{\"@type\":\"ReadAction\",\"target\":[\"https:\\\/\\\/lospoliticosveracruz.com\\\/?p=170072\"]}]},{\"@type\":\"ImageObject\",\"inLanguage\":\"es\",\"@id\":\"https:\\\/\\\/lospoliticosveracruz.com\\\/?p=170072#primaryimage\",\"url\":\"https:\\\/\\\/lospoliticosveracruz.com\\\/wp-content\\\/uploads\\\/2026\\\/03\\\/Luis-Arturo-Santiago-Martinez.jpg\",\"contentUrl\":\"https:\\\/\\\/lospoliticosveracruz.com\\\/wp-content\\\/uploads\\\/2026\\\/03\\\/Luis-Arturo-Santiago-Martinez.jpg\",\"width\":600,\"height\":320},{\"@type\":\"BreadcrumbList\",\"@id\":\"https:\\\/\\\/lospoliticosveracruz.com\\\/?p=170072#breadcrumb\",\"itemListElement\":[{\"@type\":\"ListItem\",\"position\":1,\"name\":\"Portada\",\"item\":\"https:\\\/\\\/lospoliticosveracruz.com\\\/\"},{\"@type\":\"ListItem\",\"position\":2,\"name\":\"ERROR DESCALIFICAR DESDE LA DESMEMORIA\"}]},{\"@type\":\"WebSite\",\"@id\":\"https:\\\/\\\/lospoliticosveracruz.com\\\/#website\",\"url\":\"https:\\\/\\\/lospoliticosveracruz.com\\\/\",\"name\":\"Los pol\u00edticos Veracruz\",\"description\":\"\",\"publisher\":{\"@id\":\"https:\\\/\\\/lospoliticosveracruz.com\\\/#organization\"},\"potentialAction\":[{\"@type\":\"SearchAction\",\"target\":{\"@type\":\"EntryPoint\",\"urlTemplate\":\"https:\\\/\\\/lospoliticosveracruz.com\\\/?s={search_term_string}\"},\"query-input\":{\"@type\":\"PropertyValueSpecification\",\"valueRequired\":true,\"valueName\":\"search_term_string\"}}],\"inLanguage\":\"es\"},{\"@type\":\"Organization\",\"@id\":\"https:\\\/\\\/lospoliticosveracruz.com\\\/#organization\",\"name\":\"Los pol\u00edticos Veracruz\",\"url\":\"https:\\\/\\\/lospoliticosveracruz.com\\\/\",\"logo\":{\"@type\":\"ImageObject\",\"inLanguage\":\"es\",\"@id\":\"https:\\\/\\\/lospoliticosveracruz.com\\\/#\\\/schema\\\/logo\\\/image\\\/\",\"url\":\"https:\\\/\\\/lospoliticosveracruz.com\\\/wp-content\\\/uploads\\\/2025\\\/12\\\/Logo-Nuevo-LOS-POLITICOS-1.jpg\",\"contentUrl\":\"https:\\\/\\\/lospoliticosveracruz.com\\\/wp-content\\\/uploads\\\/2025\\\/12\\\/Logo-Nuevo-LOS-POLITICOS-1.jpg\",\"width\":260,\"height\":70,\"caption\":\"Los pol\u00edticos Veracruz\"},\"image\":{\"@id\":\"https:\\\/\\\/lospoliticosveracruz.com\\\/#\\\/schema\\\/logo\\\/image\\\/\"},\"sameAs\":[\"https:\\\/\\\/www.facebook.com\\\/people\\\/Notimemes-de-los-Polticos\\\/61565672886568\\\/\",\"https:\\\/\\\/x.com\\\/LosPoliticosVer\"]},{\"@type\":\"Person\",\"@id\":\"https:\\\/\\\/lospoliticosveracruz.com\\\/#\\\/schema\\\/person\\\/b8702bb0e538456e6efd07080bf2a4a2\",\"name\":\"Lo viste en Los Pol\u00edticos\",\"image\":{\"@type\":\"ImageObject\",\"inLanguage\":\"es\",\"@id\":\"https:\\\/\\\/secure.gravatar.com\\\/avatar\\\/3a8de04a2656d44082be478bd6c086daa447c4651605818287b9532d3d0bd435?s=96&d=mm&r=g\",\"url\":\"https:\\\/\\\/secure.gravatar.com\\\/avatar\\\/3a8de04a2656d44082be478bd6c086daa447c4651605818287b9532d3d0bd435?s=96&d=mm&r=g\",\"contentUrl\":\"https:\\\/\\\/secure.gravatar.com\\\/avatar\\\/3a8de04a2656d44082be478bd6c086daa447c4651605818287b9532d3d0bd435?s=96&d=mm&r=g\",\"caption\":\"Lo viste en Los Pol\u00edticos\"},\"url\":\"https:\\\/\\\/lospoliticosveracruz.com\\\/?author=2\"}]}<\/script>\n<!-- \/ Yoast SEO plugin. -->","yoast_head_json":{"title":"ERROR DESCALIFICAR DESDE LA DESMEMORIA - Los pol\u00edticos Veracruz","robots":{"index":"index","follow":"follow","max-snippet":"max-snippet:-1","max-image-preview":"max-image-preview:large","max-video-preview":"max-video-preview:-1"},"canonical":"https:\/\/lospoliticosveracruz.com\/?p=170072","og_locale":"es_ES","og_type":"article","og_title":"ERROR DESCALIFICAR DESDE LA DESMEMORIA - Los pol\u00edticos Veracruz","og_description":"Karla M\u00e9ndez &nbsp;El nuevo Veracruz se escribe con obras hist\u00f3ricas, finanzas sanas y justicia social en cada comunidad, de la mano de la gobernadora Roc\u00edo Nahle Garc\u00eda, la primer mujer gobernadora en el estado, as\u00ed lo asegur\u00f3 el titular de la Secretar\u00eda del Trabajo, Previsi\u00f3n Social y Productividad, Luis Arturo Santiago Mart\u00ednez. Mediante un video [&hellip;]","og_url":"https:\/\/lospoliticosveracruz.com\/?p=170072","og_site_name":"Los pol\u00edticos Veracruz","article_publisher":"https:\/\/www.facebook.com\/people\/Notimemes-de-los-Polticos\/61565672886568\/","article_published_time":"2026-04-29T02:06:09+00:00","article_modified_time":"2026-04-29T02:06:10+00:00","og_image":[{"width":600,"height":320,"url":"https:\/\/lospoliticosveracruz.com\/wp-content\/uploads\/2026\/03\/Luis-Arturo-Santiago-Martinez.jpg","type":"image\/jpeg"}],"author":"Lo viste en Los Pol\u00edticos","twitter_card":"summary_large_image","twitter_creator":"@LosPoliticosVer","twitter_site":"@LosPoliticosVer","twitter_misc":{"Escrito por":"Lo viste en Los Pol\u00edticos","Tiempo de lectura":"2 minutos"},"schema":{"@context":"https:\/\/schema.org","@graph":[{"@type":"Article","@id":"https:\/\/lospoliticosveracruz.com\/?p=170072#article","isPartOf":{"@id":"https:\/\/lospoliticosveracruz.com\/?p=170072"},"author":{"name":"Lo viste en Los Pol\u00edticos","@id":"https:\/\/lospoliticosveracruz.com\/#\/schema\/person\/b8702bb0e538456e6efd07080bf2a4a2"},"headline":"ERROR DESCALIFICAR DESDE LA DESMEMORIA","datePublished":"2026-04-29T02:06:09+00:00","dateModified":"2026-04-29T02:06:10+00:00","mainEntityOfPage":{"@id":"https:\/\/lospoliticosveracruz.com\/?p=170072"},"wordCount":288,"publisher":{"@id":"https:\/\/lospoliticosveracruz.com\/#organization"},"image":{"@id":"https:\/\/lospoliticosveracruz.com\/?p=170072#primaryimage"},"thumbnailUrl":"https:\/\/lospoliticosveracruz.com\/wp-content\/uploads\/2026\/03\/Luis-Arturo-Santiago-Martinez.jpg","keywords":["Atanasio Garc\u00eda Dur\u00e1n cr\u00edticas Morena","Desmemoria pol\u00edtica Veracruz debate","Fricci\u00f3n interna Morena Veracruz an\u00e1lisis","Luis Arturo Santiago Mart\u00ednez defensa Nahle","Roc\u00edo Nahle resultados territorio Veracruz","Secretar\u00eda del Trabajo Veracruz 2026"],"articleSection":["La Nota"],"inLanguage":"es"},{"@type":"WebPage","@id":"https:\/\/lospoliticosveracruz.com\/?p=170072","url":"https:\/\/lospoliticosveracruz.com\/?p=170072","name":"ERROR DESCALIFICAR DESDE LA DESMEMORIA - Los pol\u00edticos Veracruz","isPartOf":{"@id":"https:\/\/lospoliticosveracruz.com\/#website"},"primaryImageOfPage":{"@id":"https:\/\/lospoliticosveracruz.com\/?p=170072#primaryimage"},"image":{"@id":"https:\/\/lospoliticosveracruz.com\/?p=170072#primaryimage"},"thumbnailUrl":"https:\/\/lospoliticosveracruz.com\/wp-content\/uploads\/2026\/03\/Luis-Arturo-Santiago-Martinez.jpg","datePublished":"2026-04-29T02:06:09+00:00","dateModified":"2026-04-29T02:06:10+00:00","breadcrumb":{"@id":"https:\/\/lospoliticosveracruz.com\/?p=170072#breadcrumb"},"inLanguage":"es","potentialAction":[{"@type":"ReadAction","target":["https:\/\/lospoliticosveracruz.com\/?p=170072"]}]},{"@type":"ImageObject","inLanguage":"es","@id":"https:\/\/lospoliticosveracruz.com\/?p=170072#primaryimage","url":"https:\/\/lospoliticosveracruz.com\/wp-content\/uploads\/2026\/03\/Luis-Arturo-Santiago-Martinez.jpg","contentUrl":"https:\/\/lospoliticosveracruz.com\/wp-content\/uploads\/2026\/03\/Luis-Arturo-Santiago-Martinez.jpg","width":600,"height":320},{"@type":"BreadcrumbList","@id":"https:\/\/lospoliticosveracruz.com\/?p=170072#breadcrumb","itemListElement":[{"@type":"ListItem","position":1,"name":"Portada","item":"https:\/\/lospoliticosveracruz.com\/"},{"@type":"ListItem","position":2,"name":"ERROR DESCALIFICAR DESDE LA DESMEMORIA"}]},{"@type":"WebSite","@id":"https:\/\/lospoliticosveracruz.com\/#website","url":"https:\/\/lospoliticosveracruz.com\/","name":"Los pol\u00edticos Veracruz","description":"","publisher":{"@id":"https:\/\/lospoliticosveracruz.com\/#organization"},"potentialAction":[{"@type":"SearchAction","target":{"@type":"EntryPoint","urlTemplate":"https:\/\/lospoliticosveracruz.com\/?s={search_term_string}"},"query-input":{"@type":"PropertyValueSpecification","valueRequired":true,"valueName":"search_term_string"}}],"inLanguage":"es"},{"@type":"Organization","@id":"https:\/\/lospoliticosveracruz.com\/#organization","name":"Los pol\u00edticos Veracruz","url":"https:\/\/lospoliticosveracruz.com\/","logo":{"@type":"ImageObject","inLanguage":"es","@id":"https:\/\/lospoliticosveracruz.com\/#\/schema\/logo\/image\/","url":"https:\/\/lospoliticosveracruz.com\/wp-content\/uploads\/2025\/12\/Logo-Nuevo-LOS-POLITICOS-1.jpg","contentUrl":"https:\/\/lospoliticosveracruz.com\/wp-content\/uploads\/2025\/12\/Logo-Nuevo-LOS-POLITICOS-1.jpg","width":260,"height":70,"caption":"Los pol\u00edticos Veracruz"},"image":{"@id":"https:\/\/lospoliticosveracruz.com\/#\/schema\/logo\/image\/"},"sameAs":["https:\/\/www.facebook.com\/people\/Notimemes-de-los-Polticos\/61565672886568\/","https:\/\/x.com\/LosPoliticosVer"]},{"@type":"Person","@id":"https:\/\/lospoliticosveracruz.com\/#\/schema\/person\/b8702bb0e538456e6efd07080bf2a4a2","name":"Lo viste en Los Pol\u00edticos","image":{"@type":"ImageObject","inLanguage":"es","@id":"https:\/\/secure.gravatar.com\/avatar\/3a8de04a2656d44082be478bd6c086daa447c4651605818287b9532d3d0bd435?s=96&d=mm&r=g","url":"https:\/\/secure.gravatar.com\/avatar\/3a8de04a2656d44082be478bd6c086daa447c4651605818287b9532d3d0bd435?s=96&d=mm&r=g","contentUrl":"https:\/\/secure.gravatar.com\/avatar\/3a8de04a2656d44082be478bd6c086daa447c4651605818287b9532d3d0bd435?s=96&d=mm&r=g","caption":"Lo viste en Los Pol\u00edticos"},"url":"https:\/\/lospoliticosveracruz.com\/?author=2"}]}},"_links":{"self":[{"href":"https:\/\/lospoliticosveracruz.com\/index.php?rest_route=\/wp\/v2\/posts\/170072","targetHints":{"allow":["GET"]}}],"collection":[{"href":"https:\/\/lospoliticosveracruz.com\/index.php?rest_route=\/wp\/v2\/posts"}],"about":[{"href":"https:\/\/lospoliticosveracruz.com\/index.php?rest_route=\/wp\/v2\/types\/post"}],"author":[{"embeddable":true,"href":"https:\/\/lospoliticosveracruz.com\/index.php?rest_route=\/wp\/v2\/users\/2"}],"replies":[{"embeddable":true,"href":"https:\/\/lospoliticosveracruz.com\/index.php?rest_route=%2Fwp%2Fv2%2Fcomments&post=170072"}],"version-history":[{"count":1,"href":"https:\/\/lospoliticosveracruz.com\/index.php?rest_route=\/wp\/v2\/posts\/170072\/revisions"}],"predecessor-version":[{"id":170073,"href":"https:\/\/lospoliticosveracruz.com\/index.php?rest_route=\/wp\/v2\/posts\/170072\/revisions\/170073"}],"wp:featuredmedia":[{"embeddable":true,"href":"https:\/\/lospoliticosveracruz.com\/index.php?rest_route=\/wp\/v2\/media\/166102"}],"wp:attachment":[{"href":"https:\/\/lospoliticosveracruz.com\/index.php?rest_route=%2Fwp%2Fv2%2Fmedia&parent=170072"}],"wp:term":[{"taxonomy":"category","embeddable":true,"href":"https:\/\/lospoliticosveracruz.com\/index.php?rest_route=%2Fwp%2Fv2%2Fcategories&post=170072"},{"taxonomy":"post_tag","embeddable":true,"href":"https:\/\/lospoliticosveracruz.com\/index.php?rest_route=%2Fwp%2Fv2%2Ftags&post=170072"}],"curies":[{"name":"wp","href":"https:\/\/api.w.org\/{rel}","templated":true}]}}