{"id":170077,"date":"2026-04-28T20:42:13","date_gmt":"2026-04-29T02:42:13","guid":{"rendered":"https:\/\/lospoliticosveracruz.com\/?p=170077"},"modified":"2026-04-28T20:42:15","modified_gmt":"2026-04-29T02:42:15","slug":"industria-azucarera-en-problemas","status":"publish","type":"post","link":"https:\/\/lospoliticosveracruz.com\/?p=170077","title":{"rendered":"INDUSTRIA AZUCARERA EN PROBLEMAS"},"content":{"rendered":"\n<p><strong>Jos\u00e9 Luis Enr\u00edquez Ambell<\/strong><\/p>\n\n\n\n<p><em>Caf\u00e9 de Ma\u00f1ana<\/em><\/p>\n\n\n\n<p>La zafra por la molienda de la ca\u00f1a de az\u00facar 2025 &#8211; 2026 esta en su recta final, y casi los 18 ingenios ubicados en tierra Veracruzana, estar\u00e1n en unas semanas y d\u00edas cerrando la producci\u00f3n.<\/p>\n\n\n\n<p>Los Industriales, Productores y Obreros coinciden por al decir que este ciclo atraviesa por un regular status, pues el precio con el que ya est\u00e1n pagando pre &#8211; liquidaciones, va a quedar en $1,100.00 por tonelada &#8211; m\u00e1s o menos &#8211; ya hace 2 a\u00f1os estubieron a $ 1,200.00 y los precios de fertilizantes en esta ocasi\u00f3n aumentaron hasta 40% por efectos de guerra y hace incluso suponer que la actual molienda se prolongue quiz\u00e1 alrededor del 18 de mayo m\u00e1s o menos, porque hubo retrasos en la f\u00e1brica dado que la etapa de reparaci\u00f3n tuvo desfases por diversas razones.<\/p>\n\n\n\n<p>Aunque habr\u00e1 que reconocer que en lo general ha estado menos mal de como se dec\u00eda entre la recta final del 2025 e inicio del ejercicio actual.<\/p>\n\n\n\n<p>Algunas voces opinan con m\u00e1s cautela y preliminarmente nos advierten que el panorama final de la presente zafra no pinta muy bien, pues la producci\u00f3n y derrama econ\u00f3mica estar\u00eda muy por debajo a la molienda anterior, y que los precios del az\u00facar por lo consiguiente y el atraso en pagos sacrifica a los productores, y a obreros en los t\u00e9rminos de sus prestaciones.<\/p>\n\n\n\n<p>Y de ah\u00ed que ambos sectores de la producci\u00f3n &#8211; productores de la ca\u00f1a y obreros en fabricas &#8211; se pregunten: Y ahora \u00bf Qui\u00e9n podr\u00e1 sacarnos del atolladero ?<\/p>\n\n\n\n<p>Y es que por otro lado, la cada vez m\u00e1s creciente entrada de az\u00facar por la frontera sur del pa\u00eds, a un ritmo y nivel casi imparable, fragmenta mucho m\u00e1s la industria en su conjunto, pues esa az\u00facar de muy mala calidad es transportada en unos camiones a localidades de Veracruz en un precio a veces menor a $ 465.00 el saco de 25 kilos.<\/p>\n\n\n\n<p>Y es que los ingenios siguen con sus chimeneas humeando, se\u00f1al de que la molienda sigue y advierte que hay ca\u00f1a en el campo para continuar entrando a los molinos y extraer jugo y producir az\u00facar.<\/p>\n\n\n\n<p>Mientras las 18 factor\u00edas en las municipalidades veracruzanas sigan moliendo ca\u00f1a de az\u00facar, en periodo de zafra 2025\/2026 esas regiones generan flujo y econom\u00eda para miles de las familias a trav\u00e9s de la industria del endulzante entre los meses de noviembre y diciembre y hasta, abril y mayo, no sea, alrededor de seis meses en cada anualidad.<\/p>\n\n\n\n<p>Ahora bien, la pol\u00edtica p\u00fablica poco ben\u00e9fica del Gobierno de la Rep\u00fablica a trav\u00e9s de las dependencias como Sagarpa, Econ\u00f3mia, Semarnat, Shcp, y as\u00ed como del Gobierno en el Estado de Veracruz, sobre todo entre la Sedarpa y Desarrollo Econ\u00f3mico, para la gran familia ca\u00f1era y el universo azucarero, en la recta final de la presente zafra se sospecha que resulte disminuida en la producci\u00f3n, y ojal\u00e1 esa baja sea m\u00ednima, a como lo ven ahora los ca\u00f1eros, azucareros, industriales y el entorno comercial de la zonas donde producen y muelen la ca\u00f1a de az\u00facar.<\/p>\n\n\n\n<p>Ca\u00f1eros y Azucareros traen problemas con industriales por pagos y prestaciones, pero igual los ingenios enfrentan insolvencia y una carga por pasivos ante instancias del gobierno su conjunto. Y est\u00e1 situaci\u00f3n en sitios como en Veracruz &#8211; contamos con 18 factor\u00edas de las 49 que muelen en el Pa\u00eds &#8211; lleva a reconocer que la situaci\u00f3n atraviesa por un problema multicausal y multifactorial.<\/p>\n\n\n\n<p>De ah\u00ed que los retrasos en las fechas de inicio y tambi\u00e9n las discrepancias en todas las estimaciones de producci\u00f3n, y que representan desaf\u00edos significativos, arrojan que las zafras terminan antes de los seis meses y menor producci\u00f3n y con ello, otros desajustes.&nbsp;<\/p>\n\n\n\n<p>Aunque cabe decir que el aumento en ciertas calidades de az\u00facar indica una capacidad de adaptaci\u00f3n y potencial del crecimiento en el sector en Veracruz, aunque hace falta mucho por hacer.<\/p>\n\n\n\n<p>DE SOBREMESA<\/p>\n\n\n\n<p>Uno de los graves y severos da\u00f1os de la industria &#8211; poco atendido por todos los actores de la ca\u00f1a y el az\u00facar &#8211; y que&nbsp;<\/p>\n\n\n\n<p>viene creciendo en problemas del orden normativo es el de la contaminaci\u00f3n en el agua, por los productos de un elevado consumo energ\u00e9tico, descarga de agua con alta temperatura y gran contenido de materia org\u00e1nica (bagazo, cachaza y vinazas); elementos da\u00f1inos para el agua, la vida humana y animal en varias regiones de nuestra entidad, por si faltar\u00e1 algo.<\/p>\n\n\n\n<p>UN CAF\u00c9 LECHERO LIGHT&nbsp;<\/p>\n\n\n\n<p>Y ahora tambi\u00e9n en el sector de la ca\u00f1a de az\u00facar \u2013 una raya m\u00e1s al tigre&nbsp;&nbsp;\u2013 hay un factor igual de grave; la inseguridad en esas regiones.<\/p>\n\n\n\n<p>En tiempos de pago por corte y entrega de ca\u00f1a y molienda para producir az\u00facar, en las zonas de producci\u00f3n se ha venido incrementando en recientes a\u00f1os, hechos que hacen ver lamentables sucesos, temas que la ciudadan\u00eda comenta, percibe y siente en el ambiente del endulzante.<\/p>\n\n\n\n<p>UN CAF\u00c9 DE OLLA DE BARRO&nbsp;<\/p>\n\n\n\n<p>Somos una entidad (INEGI) con<\/p>\n\n\n\n<p>8.65 millones de habitantes, y en donde existen 18 ingenios azucareros en producci\u00f3n \u2013 llegamos a tener 22 hasta hace pocos a\u00f1os &#8211; y hoy 49 son los que muelen en el pa\u00eds, o sea,&nbsp;&nbsp;el 37 % de ellos, y que permiten a 1 mill\u00f3n 600 mil veracruzanos (el 19 % de la poblaci\u00f3n). Esto se traduce en que las tierras ca\u00f1eras y los ingenios sean parte de la espina dorsal en la econom\u00eda de todo Veracruz y para M\u00e9xico y el mundo.<\/p>\n\n\n\n<p>UN CAF\u00c9 CON PILONCILLO<\/p>\n\n\n\n<p>El cuidado de la ca\u00f1a de az\u00facar y la industrializaci\u00f3n es urgente que desde Veracruz se siembre con el mayor cuidado posible con pol\u00edticas p\u00fablicas mucho m\u00e1s integrales \u2013 en apoyo al campesino y el ca\u00f1ero, obreros en las f\u00e1bricas y a empresarios de la graminea \u2013 o se ir\u00e1 abandonando y secando el campo, y apagando chimeneas humeantes por la producci\u00f3n del az\u00facar.<\/p>\n\n\n\n<p>UN CAF\u00c9 CON DOBLE CARGA<\/p>\n\n\n\n<p>Don Atanasio Garc\u00eda Dur\u00e1n, habl\u00f3 como Padre m\u00e1s que como un actor pol\u00edtico y ex presidente de la mesa directiva del Congreso de Veracruz.<\/p>\n\n\n\n<p>En alguna ocasi\u00f3n Don Miguel Alem\u00e1n Velasco dijo siendo Gobernador; \u00abal gobernante se le respeta y si es una mujer, doblemente\u00bb.<\/p>\n\n\n\n<p>As\u00ed que la valiente, oportuna y clara posici\u00f3n del Secretario de Gobierno Ricardo Ahued, deja claro que hay gobernabilidad con gobernanza en Veracruz.<\/p>\n\n\n\n<p>En Pol\u00edtica debe tenerse muy presente que el Poder s\u00f3lo dura seis a\u00f1os en M\u00e9xico, me lo dec\u00eda mi Padre (qepd).<\/p>\n\n\n\n<p>Y a\u00f1ado; las declaraciones en el quehacer p\u00fablico suelen llevar a reacciones intensas, a veces a una confrontaci\u00f3n directa, pero innecesaria por el mal uso de la narrativa que causan lastimaduras.&nbsp;<\/p>\n\n\n\n<p>Y es que los ex servidores p\u00fablicos y funcionarios en activo deben conducirse con respeto, probidad y una postura sensata, pues en boca cerrada no entran moscas.<\/p>\n\n\n\n<p>\u00a1ES CUANTO!<\/p>\n\n\n\n<p>enriquezambell@gmail.com;<\/p>\n\n\n\n<p>enamjl62@gmail.com<\/p>\n","protected":false},"excerpt":{"rendered":"<p>Jos\u00e9 Luis Enr\u00edquez Ambell Caf\u00e9 de Ma\u00f1ana La zafra por la molienda de la ca\u00f1a de az\u00facar 2025 &#8211; 2026 esta en su recta final, y casi los 18 ingenios ubicados en tierra Veracruzana, estar\u00e1n en unas semanas y d\u00edas cerrando la producci\u00f3n. Los Industriales, Productores y Obreros coinciden por al decir que este ciclo [&hellip;]<\/p>\n","protected":false},"author":2,"featured_media":141435,"comment_status":"closed","ping_status":"closed","sticky":false,"template":"","format":"standard","meta":{"tdm_status":"","tdm_grid_status":"","footnotes":""},"categories":[70],"tags":[62676,62674,45838,62675,62673],"class_list":{"0":"post-170077","1":"post","2":"type-post","3":"status-publish","4":"format-standard","5":"has-post-thumbnail","7":"category-de-opinion","8":"tag-atanasio-garcia-duran-vs-ricardo-ahued","9":"tag-ingenios-azucareros-veracruz-contaminacion","10":"tag-jose-luis-enriquez-ambell-columna","11":"tag-precio-tonelada-cana-azucar-2026","12":"tag-zafra-veracruz-2025-2026-crisis"},"yoast_head":"<!-- This site is optimized with the Yoast SEO plugin v27.4 - https:\/\/yoast.com\/product\/yoast-seo-wordpress\/ -->\n<title>INDUSTRIA AZUCARERA EN PROBLEMAS - Los pol\u00edticos Veracruz<\/title>\n<meta name=\"robots\" content=\"index, follow, max-snippet:-1, max-image-preview:large, max-video-preview:-1\" \/>\n<link rel=\"canonical\" href=\"https:\/\/lospoliticosveracruz.com\/?p=170077\" \/>\n<meta property=\"og:locale\" content=\"es_ES\" \/>\n<meta property=\"og:type\" content=\"article\" \/>\n<meta property=\"og:title\" content=\"INDUSTRIA AZUCARERA EN PROBLEMAS - Los pol\u00edticos Veracruz\" \/>\n<meta property=\"og:description\" content=\"Jos\u00e9 Luis Enr\u00edquez Ambell Caf\u00e9 de Ma\u00f1ana La zafra por la molienda de la ca\u00f1a de az\u00facar 2025 &#8211; 2026 esta en su recta final, y casi los 18 ingenios ubicados en tierra Veracruzana, estar\u00e1n en unas semanas y d\u00edas cerrando la producci\u00f3n. Los Industriales, Productores y Obreros coinciden por al decir que este ciclo [&hellip;]\" \/>\n<meta property=\"og:url\" content=\"https:\/\/lospoliticosveracruz.com\/?p=170077\" \/>\n<meta property=\"og:site_name\" content=\"Los pol\u00edticos Veracruz\" \/>\n<meta property=\"article:publisher\" content=\"https:\/\/www.facebook.com\/people\/Notimemes-de-los-Polticos\/61565672886568\/\" \/>\n<meta property=\"article:published_time\" content=\"2026-04-29T02:42:13+00:00\" \/>\n<meta property=\"article:modified_time\" content=\"2026-04-29T02:42:15+00:00\" \/>\n<meta property=\"og:image\" content=\"https:\/\/lospoliticosveracruz.com\/wp-content\/uploads\/2025\/04\/Ambell.jpg\" \/>\n\t<meta property=\"og:image:width\" content=\"1250\" \/>\n\t<meta property=\"og:image:height\" content=\"667\" \/>\n\t<meta property=\"og:image:type\" content=\"image\/jpeg\" \/>\n<meta name=\"author\" content=\"Lo viste en Los Pol\u00edticos\" \/>\n<meta name=\"twitter:card\" content=\"summary_large_image\" \/>\n<meta name=\"twitter:creator\" content=\"@LosPoliticosVer\" \/>\n<meta name=\"twitter:site\" content=\"@LosPoliticosVer\" \/>\n<meta name=\"twitter:label1\" content=\"Escrito por\" \/>\n\t<meta name=\"twitter:data1\" content=\"Lo viste en Los Pol\u00edticos\" \/>\n\t<meta name=\"twitter:label2\" content=\"Tiempo de lectura\" \/>\n\t<meta name=\"twitter:data2\" content=\"6 minutos\" \/>\n<script type=\"application\/ld+json\" class=\"yoast-schema-graph\">{\"@context\":\"https:\\\/\\\/schema.org\",\"@graph\":[{\"@type\":\"Article\",\"@id\":\"https:\\\/\\\/lospoliticosveracruz.com\\\/?p=170077#article\",\"isPartOf\":{\"@id\":\"https:\\\/\\\/lospoliticosveracruz.com\\\/?p=170077\"},\"author\":{\"name\":\"Lo viste en Los Pol\u00edticos\",\"@id\":\"https:\\\/\\\/lospoliticosveracruz.com\\\/#\\\/schema\\\/person\\\/b8702bb0e538456e6efd07080bf2a4a2\"},\"headline\":\"INDUSTRIA AZUCARERA EN PROBLEMAS\",\"datePublished\":\"2026-04-29T02:42:13+00:00\",\"dateModified\":\"2026-04-29T02:42:15+00:00\",\"mainEntityOfPage\":{\"@id\":\"https:\\\/\\\/lospoliticosveracruz.com\\\/?p=170077\"},\"wordCount\":1232,\"publisher\":{\"@id\":\"https:\\\/\\\/lospoliticosveracruz.com\\\/#organization\"},\"image\":{\"@id\":\"https:\\\/\\\/lospoliticosveracruz.com\\\/?p=170077#primaryimage\"},\"thumbnailUrl\":\"https:\\\/\\\/lospoliticosveracruz.com\\\/wp-content\\\/uploads\\\/2025\\\/04\\\/Ambell.jpg\",\"keywords\":[\"Atanasio Garc\u00eda Dur\u00e1n vs Ricardo Ahued\",\"Ingenios azucareros Veracruz contaminaci\u00f3n\",\"Jos\u00e9 Luis Enr\u00edquez Ambell columna\",\"Precio tonelada ca\u00f1a az\u00facar 2026\",\"Zafra Veracruz 2025-2026 crisis\"],\"articleSection\":[\"De Opini\u00f3n\"],\"inLanguage\":\"es\"},{\"@type\":\"WebPage\",\"@id\":\"https:\\\/\\\/lospoliticosveracruz.com\\\/?p=170077\",\"url\":\"https:\\\/\\\/lospoliticosveracruz.com\\\/?p=170077\",\"name\":\"INDUSTRIA AZUCARERA EN PROBLEMAS - Los pol\u00edticos Veracruz\",\"isPartOf\":{\"@id\":\"https:\\\/\\\/lospoliticosveracruz.com\\\/#website\"},\"primaryImageOfPage\":{\"@id\":\"https:\\\/\\\/lospoliticosveracruz.com\\\/?p=170077#primaryimage\"},\"image\":{\"@id\":\"https:\\\/\\\/lospoliticosveracruz.com\\\/?p=170077#primaryimage\"},\"thumbnailUrl\":\"https:\\\/\\\/lospoliticosveracruz.com\\\/wp-content\\\/uploads\\\/2025\\\/04\\\/Ambell.jpg\",\"datePublished\":\"2026-04-29T02:42:13+00:00\",\"dateModified\":\"2026-04-29T02:42:15+00:00\",\"breadcrumb\":{\"@id\":\"https:\\\/\\\/lospoliticosveracruz.com\\\/?p=170077#breadcrumb\"},\"inLanguage\":\"es\",\"potentialAction\":[{\"@type\":\"ReadAction\",\"target\":[\"https:\\\/\\\/lospoliticosveracruz.com\\\/?p=170077\"]}]},{\"@type\":\"ImageObject\",\"inLanguage\":\"es\",\"@id\":\"https:\\\/\\\/lospoliticosveracruz.com\\\/?p=170077#primaryimage\",\"url\":\"https:\\\/\\\/lospoliticosveracruz.com\\\/wp-content\\\/uploads\\\/2025\\\/04\\\/Ambell.jpg\",\"contentUrl\":\"https:\\\/\\\/lospoliticosveracruz.com\\\/wp-content\\\/uploads\\\/2025\\\/04\\\/Ambell.jpg\",\"width\":1250,\"height\":667},{\"@type\":\"BreadcrumbList\",\"@id\":\"https:\\\/\\\/lospoliticosveracruz.com\\\/?p=170077#breadcrumb\",\"itemListElement\":[{\"@type\":\"ListItem\",\"position\":1,\"name\":\"Portada\",\"item\":\"https:\\\/\\\/lospoliticosveracruz.com\\\/\"},{\"@type\":\"ListItem\",\"position\":2,\"name\":\"INDUSTRIA AZUCARERA EN PROBLEMAS\"}]},{\"@type\":\"WebSite\",\"@id\":\"https:\\\/\\\/lospoliticosveracruz.com\\\/#website\",\"url\":\"https:\\\/\\\/lospoliticosveracruz.com\\\/\",\"name\":\"Los pol\u00edticos Veracruz\",\"description\":\"\",\"publisher\":{\"@id\":\"https:\\\/\\\/lospoliticosveracruz.com\\\/#organization\"},\"potentialAction\":[{\"@type\":\"SearchAction\",\"target\":{\"@type\":\"EntryPoint\",\"urlTemplate\":\"https:\\\/\\\/lospoliticosveracruz.com\\\/?s={search_term_string}\"},\"query-input\":{\"@type\":\"PropertyValueSpecification\",\"valueRequired\":true,\"valueName\":\"search_term_string\"}}],\"inLanguage\":\"es\"},{\"@type\":\"Organization\",\"@id\":\"https:\\\/\\\/lospoliticosveracruz.com\\\/#organization\",\"name\":\"Los pol\u00edticos Veracruz\",\"url\":\"https:\\\/\\\/lospoliticosveracruz.com\\\/\",\"logo\":{\"@type\":\"ImageObject\",\"inLanguage\":\"es\",\"@id\":\"https:\\\/\\\/lospoliticosveracruz.com\\\/#\\\/schema\\\/logo\\\/image\\\/\",\"url\":\"https:\\\/\\\/lospoliticosveracruz.com\\\/wp-content\\\/uploads\\\/2025\\\/12\\\/Logo-Nuevo-LOS-POLITICOS-1.jpg\",\"contentUrl\":\"https:\\\/\\\/lospoliticosveracruz.com\\\/wp-content\\\/uploads\\\/2025\\\/12\\\/Logo-Nuevo-LOS-POLITICOS-1.jpg\",\"width\":260,\"height\":70,\"caption\":\"Los pol\u00edticos Veracruz\"},\"image\":{\"@id\":\"https:\\\/\\\/lospoliticosveracruz.com\\\/#\\\/schema\\\/logo\\\/image\\\/\"},\"sameAs\":[\"https:\\\/\\\/www.facebook.com\\\/people\\\/Notimemes-de-los-Polticos\\\/61565672886568\\\/\",\"https:\\\/\\\/x.com\\\/LosPoliticosVer\"]},{\"@type\":\"Person\",\"@id\":\"https:\\\/\\\/lospoliticosveracruz.com\\\/#\\\/schema\\\/person\\\/b8702bb0e538456e6efd07080bf2a4a2\",\"name\":\"Lo viste en Los Pol\u00edticos\",\"image\":{\"@type\":\"ImageObject\",\"inLanguage\":\"es\",\"@id\":\"https:\\\/\\\/secure.gravatar.com\\\/avatar\\\/3a8de04a2656d44082be478bd6c086daa447c4651605818287b9532d3d0bd435?s=96&d=mm&r=g\",\"url\":\"https:\\\/\\\/secure.gravatar.com\\\/avatar\\\/3a8de04a2656d44082be478bd6c086daa447c4651605818287b9532d3d0bd435?s=96&d=mm&r=g\",\"contentUrl\":\"https:\\\/\\\/secure.gravatar.com\\\/avatar\\\/3a8de04a2656d44082be478bd6c086daa447c4651605818287b9532d3d0bd435?s=96&d=mm&r=g\",\"caption\":\"Lo viste en Los Pol\u00edticos\"},\"url\":\"https:\\\/\\\/lospoliticosveracruz.com\\\/?author=2\"}]}<\/script>\n<!-- \/ Yoast SEO plugin. -->","yoast_head_json":{"title":"INDUSTRIA AZUCARERA EN PROBLEMAS - Los pol\u00edticos Veracruz","robots":{"index":"index","follow":"follow","max-snippet":"max-snippet:-1","max-image-preview":"max-image-preview:large","max-video-preview":"max-video-preview:-1"},"canonical":"https:\/\/lospoliticosveracruz.com\/?p=170077","og_locale":"es_ES","og_type":"article","og_title":"INDUSTRIA AZUCARERA EN PROBLEMAS - Los pol\u00edticos Veracruz","og_description":"Jos\u00e9 Luis Enr\u00edquez Ambell Caf\u00e9 de Ma\u00f1ana La zafra por la molienda de la ca\u00f1a de az\u00facar 2025 &#8211; 2026 esta en su recta final, y casi los 18 ingenios ubicados en tierra Veracruzana, estar\u00e1n en unas semanas y d\u00edas cerrando la producci\u00f3n. Los Industriales, Productores y Obreros coinciden por al decir que este ciclo [&hellip;]","og_url":"https:\/\/lospoliticosveracruz.com\/?p=170077","og_site_name":"Los pol\u00edticos Veracruz","article_publisher":"https:\/\/www.facebook.com\/people\/Notimemes-de-los-Polticos\/61565672886568\/","article_published_time":"2026-04-29T02:42:13+00:00","article_modified_time":"2026-04-29T02:42:15+00:00","og_image":[{"width":1250,"height":667,"url":"https:\/\/lospoliticosveracruz.com\/wp-content\/uploads\/2025\/04\/Ambell.jpg","type":"image\/jpeg"}],"author":"Lo viste en Los Pol\u00edticos","twitter_card":"summary_large_image","twitter_creator":"@LosPoliticosVer","twitter_site":"@LosPoliticosVer","twitter_misc":{"Escrito por":"Lo viste en Los Pol\u00edticos","Tiempo de lectura":"6 minutos"},"schema":{"@context":"https:\/\/schema.org","@graph":[{"@type":"Article","@id":"https:\/\/lospoliticosveracruz.com\/?p=170077#article","isPartOf":{"@id":"https:\/\/lospoliticosveracruz.com\/?p=170077"},"author":{"name":"Lo viste en Los Pol\u00edticos","@id":"https:\/\/lospoliticosveracruz.com\/#\/schema\/person\/b8702bb0e538456e6efd07080bf2a4a2"},"headline":"INDUSTRIA AZUCARERA EN PROBLEMAS","datePublished":"2026-04-29T02:42:13+00:00","dateModified":"2026-04-29T02:42:15+00:00","mainEntityOfPage":{"@id":"https:\/\/lospoliticosveracruz.com\/?p=170077"},"wordCount":1232,"publisher":{"@id":"https:\/\/lospoliticosveracruz.com\/#organization"},"image":{"@id":"https:\/\/lospoliticosveracruz.com\/?p=170077#primaryimage"},"thumbnailUrl":"https:\/\/lospoliticosveracruz.com\/wp-content\/uploads\/2025\/04\/Ambell.jpg","keywords":["Atanasio Garc\u00eda Dur\u00e1n vs Ricardo Ahued","Ingenios azucareros Veracruz contaminaci\u00f3n","Jos\u00e9 Luis Enr\u00edquez Ambell columna","Precio tonelada ca\u00f1a az\u00facar 2026","Zafra Veracruz 2025-2026 crisis"],"articleSection":["De Opini\u00f3n"],"inLanguage":"es"},{"@type":"WebPage","@id":"https:\/\/lospoliticosveracruz.com\/?p=170077","url":"https:\/\/lospoliticosveracruz.com\/?p=170077","name":"INDUSTRIA AZUCARERA EN PROBLEMAS - Los pol\u00edticos Veracruz","isPartOf":{"@id":"https:\/\/lospoliticosveracruz.com\/#website"},"primaryImageOfPage":{"@id":"https:\/\/lospoliticosveracruz.com\/?p=170077#primaryimage"},"image":{"@id":"https:\/\/lospoliticosveracruz.com\/?p=170077#primaryimage"},"thumbnailUrl":"https:\/\/lospoliticosveracruz.com\/wp-content\/uploads\/2025\/04\/Ambell.jpg","datePublished":"2026-04-29T02:42:13+00:00","dateModified":"2026-04-29T02:42:15+00:00","breadcrumb":{"@id":"https:\/\/lospoliticosveracruz.com\/?p=170077#breadcrumb"},"inLanguage":"es","potentialAction":[{"@type":"ReadAction","target":["https:\/\/lospoliticosveracruz.com\/?p=170077"]}]},{"@type":"ImageObject","inLanguage":"es","@id":"https:\/\/lospoliticosveracruz.com\/?p=170077#primaryimage","url":"https:\/\/lospoliticosveracruz.com\/wp-content\/uploads\/2025\/04\/Ambell.jpg","contentUrl":"https:\/\/lospoliticosveracruz.com\/wp-content\/uploads\/2025\/04\/Ambell.jpg","width":1250,"height":667},{"@type":"BreadcrumbList","@id":"https:\/\/lospoliticosveracruz.com\/?p=170077#breadcrumb","itemListElement":[{"@type":"ListItem","position":1,"name":"Portada","item":"https:\/\/lospoliticosveracruz.com\/"},{"@type":"ListItem","position":2,"name":"INDUSTRIA AZUCARERA EN PROBLEMAS"}]},{"@type":"WebSite","@id":"https:\/\/lospoliticosveracruz.com\/#website","url":"https:\/\/lospoliticosveracruz.com\/","name":"Los pol\u00edticos Veracruz","description":"","publisher":{"@id":"https:\/\/lospoliticosveracruz.com\/#organization"},"potentialAction":[{"@type":"SearchAction","target":{"@type":"EntryPoint","urlTemplate":"https:\/\/lospoliticosveracruz.com\/?s={search_term_string}"},"query-input":{"@type":"PropertyValueSpecification","valueRequired":true,"valueName":"search_term_string"}}],"inLanguage":"es"},{"@type":"Organization","@id":"https:\/\/lospoliticosveracruz.com\/#organization","name":"Los pol\u00edticos Veracruz","url":"https:\/\/lospoliticosveracruz.com\/","logo":{"@type":"ImageObject","inLanguage":"es","@id":"https:\/\/lospoliticosveracruz.com\/#\/schema\/logo\/image\/","url":"https:\/\/lospoliticosveracruz.com\/wp-content\/uploads\/2025\/12\/Logo-Nuevo-LOS-POLITICOS-1.jpg","contentUrl":"https:\/\/lospoliticosveracruz.com\/wp-content\/uploads\/2025\/12\/Logo-Nuevo-LOS-POLITICOS-1.jpg","width":260,"height":70,"caption":"Los pol\u00edticos Veracruz"},"image":{"@id":"https:\/\/lospoliticosveracruz.com\/#\/schema\/logo\/image\/"},"sameAs":["https:\/\/www.facebook.com\/people\/Notimemes-de-los-Polticos\/61565672886568\/","https:\/\/x.com\/LosPoliticosVer"]},{"@type":"Person","@id":"https:\/\/lospoliticosveracruz.com\/#\/schema\/person\/b8702bb0e538456e6efd07080bf2a4a2","name":"Lo viste en Los Pol\u00edticos","image":{"@type":"ImageObject","inLanguage":"es","@id":"https:\/\/secure.gravatar.com\/avatar\/3a8de04a2656d44082be478bd6c086daa447c4651605818287b9532d3d0bd435?s=96&d=mm&r=g","url":"https:\/\/secure.gravatar.com\/avatar\/3a8de04a2656d44082be478bd6c086daa447c4651605818287b9532d3d0bd435?s=96&d=mm&r=g","contentUrl":"https:\/\/secure.gravatar.com\/avatar\/3a8de04a2656d44082be478bd6c086daa447c4651605818287b9532d3d0bd435?s=96&d=mm&r=g","caption":"Lo viste en Los Pol\u00edticos"},"url":"https:\/\/lospoliticosveracruz.com\/?author=2"}]}},"_links":{"self":[{"href":"https:\/\/lospoliticosveracruz.com\/index.php?rest_route=\/wp\/v2\/posts\/170077","targetHints":{"allow":["GET"]}}],"collection":[{"href":"https:\/\/lospoliticosveracruz.com\/index.php?rest_route=\/wp\/v2\/posts"}],"about":[{"href":"https:\/\/lospoliticosveracruz.com\/index.php?rest_route=\/wp\/v2\/types\/post"}],"author":[{"embeddable":true,"href":"https:\/\/lospoliticosveracruz.com\/index.php?rest_route=\/wp\/v2\/users\/2"}],"replies":[{"embeddable":true,"href":"https:\/\/lospoliticosveracruz.com\/index.php?rest_route=%2Fwp%2Fv2%2Fcomments&post=170077"}],"version-history":[{"count":2,"href":"https:\/\/lospoliticosveracruz.com\/index.php?rest_route=\/wp\/v2\/posts\/170077\/revisions"}],"predecessor-version":[{"id":170079,"href":"https:\/\/lospoliticosveracruz.com\/index.php?rest_route=\/wp\/v2\/posts\/170077\/revisions\/170079"}],"wp:featuredmedia":[{"embeddable":true,"href":"https:\/\/lospoliticosveracruz.com\/index.php?rest_route=\/wp\/v2\/media\/141435"}],"wp:attachment":[{"href":"https:\/\/lospoliticosveracruz.com\/index.php?rest_route=%2Fwp%2Fv2%2Fmedia&parent=170077"}],"wp:term":[{"taxonomy":"category","embeddable":true,"href":"https:\/\/lospoliticosveracruz.com\/index.php?rest_route=%2Fwp%2Fv2%2Fcategories&post=170077"},{"taxonomy":"post_tag","embeddable":true,"href":"https:\/\/lospoliticosveracruz.com\/index.php?rest_route=%2Fwp%2Fv2%2Ftags&post=170077"}],"curies":[{"name":"wp","href":"https:\/\/api.w.org\/{rel}","templated":true}]}}