{"id":170082,"date":"2026-04-28T21:25:01","date_gmt":"2026-04-29T03:25:01","guid":{"rendered":"https:\/\/lospoliticosveracruz.com\/?p=170082"},"modified":"2026-04-28T21:25:02","modified_gmt":"2026-04-29T03:25:02","slug":"morena-vientos-a-favor-y-en-contra","status":"publish","type":"post","link":"https:\/\/lospoliticosveracruz.com\/?p=170082","title":{"rendered":"MORENA, VIENTOS A FAVOR Y EN CONTRA"},"content":{"rendered":"\n<p><strong>Jorge Ram\u00f3n Rizzo*<br><\/strong><em>Focus Group<br><\/em><\/p>\n\n\n\n<p>Las encuestas hacia las elecciones de 2027 posicionan a Morena como el partido a vencer. De los 17 estados en disputa, Morena luce muy fuerte en seis, est\u00e1 peleando cinco y tendr\u00e1 dificultad en los otros seis.<\/p>\n\n\n\n<p>Bajo esa escenograf\u00eda, Morena llega a su&nbsp;VIII Congreso Nacional Extraordinario este fin de semana, enfocados principalmente en la renovaci\u00f3n urgente de su dirigencia nacional, ya que no hay 2027 sin la aduana de 2026.<\/p>\n\n\n\n<p>El objetivo principal es elegir a quien sustituya a Luisa Mar\u00eda Alcalde en la presidencia del Comit\u00e9 Ejecutivo Nacional (CEN), debido a que se integrar\u00e1 como Consejera Jur\u00eddica en el gabinete de la presidenta Claudia Sheinbaum; tambi\u00e9n se elegir\u00e1 una nueva titularidad para la Secretar\u00eda de Finanzas tras la salida de Iv\u00e1n Herrera Zazueta. Y tambi\u00e9n se asoma la posibilidad de que Andy L\u00f3pez Beltr\u00e1n deje la Secretar\u00eda de Organizaci\u00f3n y vaya al sureste mexicano \u00aba raz de suelo\u00bb a ganarse un espacio legislativo con el voto de los tabasque\u00f1os.<\/p>\n\n\n\n<p>Claudia Sheinbaum ha estado cabilando los cambios en Morena y Ariadna Montiel seguramente resultar\u00e1 ungida como nueva presidenta nacional de Morena y Carlos Castillo L\u00f3pez, titular de la cartera de Finanzas en el partido. Pero, no deja de quitarles el sue\u00f1o la posibilidad de perder la mayor\u00eda en la C\u00e1mara de Diputados y algunas gubernaturas que estar\u00e1n en juego el a\u00f1o pr\u00f3ximo, por lo que ya mandaron de \u00abavanzada\u00bb a Citlalli Hern\u00e1ndez a la Comisi\u00f3n Nacional de Elecciones del partido.<\/p>\n\n\n\n<p>Pero d\u00e9jeme hablarle de algunas encuestas publicadas por firmas como Demoscopia, CE Research y Rubrum, que&nbsp;reflejan una s\u00f3lida ventaja para Morena en la mayor parte del territorio, aunque con fuertes focos de resistencia opositora. Empezar\u00e9 citando los seis estados que tienen pr\u00e1cticamente perdidos:<br>1 Quer\u00e9taro:&nbsp;Aqu\u00ed el partido blanquiazul encabeza las encuestas y proyecta retener el estado con perfiles locales competitivos, casi casi sin despeinarse.<br>2 Aguascalientes:&nbsp;Tambi\u00e9n el PAN lidera las preferencias&nbsp;de forma consistente por encima de Morena y dudo mucho que cambie esa tendencia.<br>3 Chihuahua:&nbsp;Aunque los sucesos recientes acrecentan la disputa, todo apunta a que el PAN seguir\u00e1 siendo altamente competitivo y tiene posibilidades reales de mantenerse en el poder por un sexenio m\u00e1s.<br>4 Nuevo Le\u00f3n:&nbsp;Actualmente gobernado por Movimiento Ciudadano. Aqu\u00ed las encuestas apuntan hoy a favor de MC, pero depender\u00e1 de las alianzas locales para realmente amenazar a los naranjas.<br>5 San Luis Potos\u00ed:&nbsp;Gobernado actualmente por el Partido Verde (aliado de Morena). Las encuestas sugieren que la continuidad del Verde ser\u00eda un hecho y se ve muy d\u00e9bil Morena compitiendo s\u00f3lo por esa gubernatura.<br>6 Campeche: Es un estado donde a Morena su gobernadora le estar\u00eda saliendo \u00abmuy cara\u00bb. Porque la mandataria ha ejecutado a la perfecci\u00f3n el \u00abManual Para Perder un Elecci\u00f3n\u00bb.<\/p>\n\n\n\n<p>Hay otros 5 estados donde las encuestas lucen muy parejas y a 13 meses de la elecci\u00f3n se podr\u00eda decir que no hay nada para nadie:<br>1 Michoac\u00e1n: Un estado donde va ganando sin empezar la viuda de Carlos Manzo, la se\u00f1ora Grecia Quir\u00f3s, actual alcaldesa de Uruapan. Pero lo m\u00e1s loco es que no est\u00e1 con ning\u00fan partido grande; ir\u00eda de la mano del llamado \u00abMovimiento del Sombrero\u00bb. Ella solita tiene 40% de intenci\u00f3n del voto, y Morena tiene 39%. Muy pareja.<br>2 Zacatecas: Morena ven\u00eda en \u00abcaballo de hacienda\u00bb pero al tambalearse los Monreal, la oposici\u00f3n podr\u00eda colarse. Es un estado a\u00fan, de pron\u00f3stico reservado.<br>3 Sonora: La eventual candidatura de Colosio por MC, apretar\u00eda los m\u00e1rgenes en el escenario por la gubernatura. As\u00ed que \u00e9sta entidad tambi\u00e9n debe ponerse en escenario preventivo para Morena.<br>4 Sinaloa: El entorno pol\u00edtico-policiaco juega un papel que va m\u00e1s all\u00e1 de las encuestas y aunque Morena tiene una ventaja de 5 puntos sobre la oposici\u00f3n, puede darse una elecci\u00f3n en tercios y eso le complicar\u00e1 el triunfo a los obradoristas.<br>5 Baja California: La elecci\u00f3n ser\u00e1 cerrada u holgada dependiendo a qui\u00e9n saquen como candidata o candidato. En las filas del oficialismo, hay figuras como la senadora Julieta Ram\u00edrez y el alcalde de Tijuana Ismael Burgue\u00f1o, quienes lideran la intenci\u00f3n de voto interno, pero qui\u00e9n no resulte ungido se convertir\u00e1 pr\u00e1cticamente en adversario.<\/p>\n\n\n\n<p>Mientras que los seis estados donde le espera un d\u00eda de campo a Morena son: Baja California Sur, Colima, Guerrero, Nayarit, Quintana Roo y Tlaxcala. Realmente tendr\u00eda que suceder una hecatombe para que en alguna de \u00e9stas entidades el resultado les sea adverso.<\/p>\n\n\n\n<p>No perder de vista que al no existir todav\u00eda candidatos oficiales por ning\u00fan partido, las encuestas actuales miden \u00fanicamente la intenci\u00f3n de voto por \u00abmarca\u00bb partidista. Aspecto importante que ir\u00e1 evolucionando en los meses por venir.<\/p>\n\n\n\n<p>Porque al menos en Morena, su Consejo Nacional ha proyectado tener listos a sus 17 coordinadores estatales (futuros candidatos a gobernador) mediante encuestas internas hacia finales de junio, lo que permitir\u00e1 entonces hacer mediciones mucho m\u00e1s precisas.<\/p>\n\n\n\n<p>Para lograr sus metas, el partido oficialista deber\u00e1 sortear diversos obst\u00e1culos que la prensa y los analistas ya apuntan en el panorama, como mantener la cohesi\u00f3n con aliados, controlar las rupturas por candidaturas y evitar el desgaste por esc\u00e1ndalos.<\/p>\n\n\n\n<p>Morena empieza ya a vivir la elecci\u00f3n intermedia del sexenio de la presidenta Sheinbaum. Este proceso en el que se sumergen, ser\u00e1 la prueba de fuego para medir el desgaste natural del ejercicio del poder y determinar\u00e1 el rumbo de la segunda mitad de la administraci\u00f3n federal. Veremos \u00bfQu\u00e9 pasa?<\/p>\n\n\n\n<p>*Periodista\/Tlaxcala<\/p>\n","protected":false},"excerpt":{"rendered":"<p>Jorge Ram\u00f3n Rizzo*Focus Group Las encuestas hacia las elecciones de 2027 posicionan a Morena como el partido a vencer. De los 17 estados en disputa, Morena luce muy fuerte en seis, est\u00e1 peleando cinco y tendr\u00e1 dificultad en los otros seis. Bajo esa escenograf\u00eda, Morena llega a su&nbsp;VIII Congreso Nacional Extraordinario este fin de semana, [&hellip;]<\/p>\n","protected":false},"author":2,"featured_media":168621,"comment_status":"closed","ping_status":"closed","sticky":false,"template":"","format":"standard","meta":{"tdm_status":"","tdm_grid_status":"","footnotes":""},"categories":[70],"tags":[62686,62683,62682,9627,48505,62681,61245,17604,1026,62684,62685],"class_list":{"0":"post-170082","1":"post","2":"type-post","3":"status-publish","4":"format-standard","5":"has-post-thumbnail","7":"category-de-opinion","8":"tag-andy-lopez-beltran-elecciones","9":"tag-ariadna-montiel-morena","10":"tag-citlalli-hernandez-comision-de-elecciones","11":"tag-claudia-sheinbaum","12":"tag-elecciones-2027-mexico","13":"tag-focus-group","14":"tag-jorge-ramon-rizzo","15":"tag-luisa-maria-alcalde","16":"tag-morena","17":"tag-vientos-a-favor-y-en-contra","18":"tag-viii-congreso-nacional-extraordinario-morena"},"yoast_head":"<!-- This site is optimized with the Yoast SEO plugin v27.4 - https:\/\/yoast.com\/product\/yoast-seo-wordpress\/ -->\n<title>MORENA, VIENTOS A FAVOR Y EN CONTRA - Los pol\u00edticos Veracruz<\/title>\n<meta name=\"robots\" content=\"index, follow, max-snippet:-1, max-image-preview:large, max-video-preview:-1\" \/>\n<link rel=\"canonical\" href=\"https:\/\/lospoliticosveracruz.com\/?p=170082\" \/>\n<meta property=\"og:locale\" content=\"es_ES\" \/>\n<meta property=\"og:type\" content=\"article\" \/>\n<meta property=\"og:title\" content=\"MORENA, VIENTOS A FAVOR Y EN CONTRA - Los pol\u00edticos Veracruz\" \/>\n<meta property=\"og:description\" content=\"Jorge Ram\u00f3n Rizzo*Focus Group Las encuestas hacia las elecciones de 2027 posicionan a Morena como el partido a vencer. De los 17 estados en disputa, Morena luce muy fuerte en seis, est\u00e1 peleando cinco y tendr\u00e1 dificultad en los otros seis. Bajo esa escenograf\u00eda, Morena llega a su&nbsp;VIII Congreso Nacional Extraordinario este fin de semana, [&hellip;]\" \/>\n<meta property=\"og:url\" content=\"https:\/\/lospoliticosveracruz.com\/?p=170082\" \/>\n<meta property=\"og:site_name\" content=\"Los pol\u00edticos Veracruz\" \/>\n<meta property=\"article:publisher\" content=\"https:\/\/www.facebook.com\/people\/Notimemes-de-los-Polticos\/61565672886568\/\" \/>\n<meta property=\"article:published_time\" content=\"2026-04-29T03:25:01+00:00\" \/>\n<meta property=\"article:modified_time\" content=\"2026-04-29T03:25:02+00:00\" \/>\n<meta property=\"og:image\" content=\"https:\/\/lospoliticosveracruz.com\/wp-content\/uploads\/2026\/04\/Jorge-Ramn-Rizzo.jpg\" \/>\n\t<meta property=\"og:image:width\" content=\"1250\" \/>\n\t<meta property=\"og:image:height\" content=\"667\" \/>\n\t<meta property=\"og:image:type\" content=\"image\/jpeg\" \/>\n<meta name=\"author\" content=\"Lo viste en Los Pol\u00edticos\" \/>\n<meta name=\"twitter:card\" content=\"summary_large_image\" \/>\n<meta name=\"twitter:creator\" content=\"@LosPoliticosVer\" \/>\n<meta name=\"twitter:site\" content=\"@LosPoliticosVer\" \/>\n<meta name=\"twitter:label1\" content=\"Escrito por\" \/>\n\t<meta name=\"twitter:data1\" content=\"Lo viste en Los Pol\u00edticos\" \/>\n\t<meta name=\"twitter:label2\" content=\"Tiempo de lectura\" \/>\n\t<meta name=\"twitter:data2\" content=\"5 minutos\" \/>\n<script type=\"application\/ld+json\" class=\"yoast-schema-graph\">{\"@context\":\"https:\\\/\\\/schema.org\",\"@graph\":[{\"@type\":\"Article\",\"@id\":\"https:\\\/\\\/lospoliticosveracruz.com\\\/?p=170082#article\",\"isPartOf\":{\"@id\":\"https:\\\/\\\/lospoliticosveracruz.com\\\/?p=170082\"},\"author\":{\"name\":\"Lo viste en Los Pol\u00edticos\",\"@id\":\"https:\\\/\\\/lospoliticosveracruz.com\\\/#\\\/schema\\\/person\\\/b8702bb0e538456e6efd07080bf2a4a2\"},\"headline\":\"MORENA, VIENTOS A FAVOR Y EN CONTRA\",\"datePublished\":\"2026-04-29T03:25:01+00:00\",\"dateModified\":\"2026-04-29T03:25:02+00:00\",\"mainEntityOfPage\":{\"@id\":\"https:\\\/\\\/lospoliticosveracruz.com\\\/?p=170082\"},\"wordCount\":968,\"publisher\":{\"@id\":\"https:\\\/\\\/lospoliticosveracruz.com\\\/#organization\"},\"image\":{\"@id\":\"https:\\\/\\\/lospoliticosveracruz.com\\\/?p=170082#primaryimage\"},\"thumbnailUrl\":\"https:\\\/\\\/lospoliticosveracruz.com\\\/wp-content\\\/uploads\\\/2026\\\/04\\\/Jorge-Ramn-Rizzo.jpg\",\"keywords\":[\"Andy L\u00f3pez Beltr\u00e1n elecciones\",\"Ariadna Montiel Morena\",\"Citlalli Hern\u00e1ndez Comisi\u00f3n de Elecciones\",\"Claudia Sheinbaum\",\"Elecciones 2027 M\u00e9xico\",\"Focus Group\",\"Jorge Ram\u00f3n Rizzo\",\"Luisa Mar\u00eda Alcalde\",\"Morena\",\"vientos a favor y en contra\",\"VIII Congreso Nacional Extraordinario Morena\"],\"articleSection\":[\"De Opini\u00f3n\"],\"inLanguage\":\"es\"},{\"@type\":\"WebPage\",\"@id\":\"https:\\\/\\\/lospoliticosveracruz.com\\\/?p=170082\",\"url\":\"https:\\\/\\\/lospoliticosveracruz.com\\\/?p=170082\",\"name\":\"MORENA, VIENTOS A FAVOR Y EN CONTRA - Los pol\u00edticos Veracruz\",\"isPartOf\":{\"@id\":\"https:\\\/\\\/lospoliticosveracruz.com\\\/#website\"},\"primaryImageOfPage\":{\"@id\":\"https:\\\/\\\/lospoliticosveracruz.com\\\/?p=170082#primaryimage\"},\"image\":{\"@id\":\"https:\\\/\\\/lospoliticosveracruz.com\\\/?p=170082#primaryimage\"},\"thumbnailUrl\":\"https:\\\/\\\/lospoliticosveracruz.com\\\/wp-content\\\/uploads\\\/2026\\\/04\\\/Jorge-Ramn-Rizzo.jpg\",\"datePublished\":\"2026-04-29T03:25:01+00:00\",\"dateModified\":\"2026-04-29T03:25:02+00:00\",\"breadcrumb\":{\"@id\":\"https:\\\/\\\/lospoliticosveracruz.com\\\/?p=170082#breadcrumb\"},\"inLanguage\":\"es\",\"potentialAction\":[{\"@type\":\"ReadAction\",\"target\":[\"https:\\\/\\\/lospoliticosveracruz.com\\\/?p=170082\"]}]},{\"@type\":\"ImageObject\",\"inLanguage\":\"es\",\"@id\":\"https:\\\/\\\/lospoliticosveracruz.com\\\/?p=170082#primaryimage\",\"url\":\"https:\\\/\\\/lospoliticosveracruz.com\\\/wp-content\\\/uploads\\\/2026\\\/04\\\/Jorge-Ramn-Rizzo.jpg\",\"contentUrl\":\"https:\\\/\\\/lospoliticosveracruz.com\\\/wp-content\\\/uploads\\\/2026\\\/04\\\/Jorge-Ramn-Rizzo.jpg\",\"width\":1250,\"height\":667},{\"@type\":\"BreadcrumbList\",\"@id\":\"https:\\\/\\\/lospoliticosveracruz.com\\\/?p=170082#breadcrumb\",\"itemListElement\":[{\"@type\":\"ListItem\",\"position\":1,\"name\":\"Portada\",\"item\":\"https:\\\/\\\/lospoliticosveracruz.com\\\/\"},{\"@type\":\"ListItem\",\"position\":2,\"name\":\"MORENA, VIENTOS A FAVOR Y EN CONTRA\"}]},{\"@type\":\"WebSite\",\"@id\":\"https:\\\/\\\/lospoliticosveracruz.com\\\/#website\",\"url\":\"https:\\\/\\\/lospoliticosveracruz.com\\\/\",\"name\":\"Los pol\u00edticos Veracruz\",\"description\":\"\",\"publisher\":{\"@id\":\"https:\\\/\\\/lospoliticosveracruz.com\\\/#organization\"},\"potentialAction\":[{\"@type\":\"SearchAction\",\"target\":{\"@type\":\"EntryPoint\",\"urlTemplate\":\"https:\\\/\\\/lospoliticosveracruz.com\\\/?s={search_term_string}\"},\"query-input\":{\"@type\":\"PropertyValueSpecification\",\"valueRequired\":true,\"valueName\":\"search_term_string\"}}],\"inLanguage\":\"es\"},{\"@type\":\"Organization\",\"@id\":\"https:\\\/\\\/lospoliticosveracruz.com\\\/#organization\",\"name\":\"Los pol\u00edticos Veracruz\",\"url\":\"https:\\\/\\\/lospoliticosveracruz.com\\\/\",\"logo\":{\"@type\":\"ImageObject\",\"inLanguage\":\"es\",\"@id\":\"https:\\\/\\\/lospoliticosveracruz.com\\\/#\\\/schema\\\/logo\\\/image\\\/\",\"url\":\"https:\\\/\\\/lospoliticosveracruz.com\\\/wp-content\\\/uploads\\\/2025\\\/12\\\/Logo-Nuevo-LOS-POLITICOS-1.jpg\",\"contentUrl\":\"https:\\\/\\\/lospoliticosveracruz.com\\\/wp-content\\\/uploads\\\/2025\\\/12\\\/Logo-Nuevo-LOS-POLITICOS-1.jpg\",\"width\":260,\"height\":70,\"caption\":\"Los pol\u00edticos Veracruz\"},\"image\":{\"@id\":\"https:\\\/\\\/lospoliticosveracruz.com\\\/#\\\/schema\\\/logo\\\/image\\\/\"},\"sameAs\":[\"https:\\\/\\\/www.facebook.com\\\/people\\\/Notimemes-de-los-Polticos\\\/61565672886568\\\/\",\"https:\\\/\\\/x.com\\\/LosPoliticosVer\"]},{\"@type\":\"Person\",\"@id\":\"https:\\\/\\\/lospoliticosveracruz.com\\\/#\\\/schema\\\/person\\\/b8702bb0e538456e6efd07080bf2a4a2\",\"name\":\"Lo viste en Los Pol\u00edticos\",\"image\":{\"@type\":\"ImageObject\",\"inLanguage\":\"es\",\"@id\":\"https:\\\/\\\/secure.gravatar.com\\\/avatar\\\/3a8de04a2656d44082be478bd6c086daa447c4651605818287b9532d3d0bd435?s=96&d=mm&r=g\",\"url\":\"https:\\\/\\\/secure.gravatar.com\\\/avatar\\\/3a8de04a2656d44082be478bd6c086daa447c4651605818287b9532d3d0bd435?s=96&d=mm&r=g\",\"contentUrl\":\"https:\\\/\\\/secure.gravatar.com\\\/avatar\\\/3a8de04a2656d44082be478bd6c086daa447c4651605818287b9532d3d0bd435?s=96&d=mm&r=g\",\"caption\":\"Lo viste en Los Pol\u00edticos\"},\"url\":\"https:\\\/\\\/lospoliticosveracruz.com\\\/?author=2\"}]}<\/script>\n<!-- \/ Yoast SEO plugin. -->","yoast_head_json":{"title":"MORENA, VIENTOS A FAVOR Y EN CONTRA - Los pol\u00edticos Veracruz","robots":{"index":"index","follow":"follow","max-snippet":"max-snippet:-1","max-image-preview":"max-image-preview:large","max-video-preview":"max-video-preview:-1"},"canonical":"https:\/\/lospoliticosveracruz.com\/?p=170082","og_locale":"es_ES","og_type":"article","og_title":"MORENA, VIENTOS A FAVOR Y EN CONTRA - Los pol\u00edticos Veracruz","og_description":"Jorge Ram\u00f3n Rizzo*Focus Group Las encuestas hacia las elecciones de 2027 posicionan a Morena como el partido a vencer. De los 17 estados en disputa, Morena luce muy fuerte en seis, est\u00e1 peleando cinco y tendr\u00e1 dificultad en los otros seis. Bajo esa escenograf\u00eda, Morena llega a su&nbsp;VIII Congreso Nacional Extraordinario este fin de semana, [&hellip;]","og_url":"https:\/\/lospoliticosveracruz.com\/?p=170082","og_site_name":"Los pol\u00edticos Veracruz","article_publisher":"https:\/\/www.facebook.com\/people\/Notimemes-de-los-Polticos\/61565672886568\/","article_published_time":"2026-04-29T03:25:01+00:00","article_modified_time":"2026-04-29T03:25:02+00:00","og_image":[{"width":1250,"height":667,"url":"https:\/\/lospoliticosveracruz.com\/wp-content\/uploads\/2026\/04\/Jorge-Ramn-Rizzo.jpg","type":"image\/jpeg"}],"author":"Lo viste en Los Pol\u00edticos","twitter_card":"summary_large_image","twitter_creator":"@LosPoliticosVer","twitter_site":"@LosPoliticosVer","twitter_misc":{"Escrito por":"Lo viste en Los Pol\u00edticos","Tiempo de lectura":"5 minutos"},"schema":{"@context":"https:\/\/schema.org","@graph":[{"@type":"Article","@id":"https:\/\/lospoliticosveracruz.com\/?p=170082#article","isPartOf":{"@id":"https:\/\/lospoliticosveracruz.com\/?p=170082"},"author":{"name":"Lo viste en Los Pol\u00edticos","@id":"https:\/\/lospoliticosveracruz.com\/#\/schema\/person\/b8702bb0e538456e6efd07080bf2a4a2"},"headline":"MORENA, VIENTOS A FAVOR Y EN CONTRA","datePublished":"2026-04-29T03:25:01+00:00","dateModified":"2026-04-29T03:25:02+00:00","mainEntityOfPage":{"@id":"https:\/\/lospoliticosveracruz.com\/?p=170082"},"wordCount":968,"publisher":{"@id":"https:\/\/lospoliticosveracruz.com\/#organization"},"image":{"@id":"https:\/\/lospoliticosveracruz.com\/?p=170082#primaryimage"},"thumbnailUrl":"https:\/\/lospoliticosveracruz.com\/wp-content\/uploads\/2026\/04\/Jorge-Ramn-Rizzo.jpg","keywords":["Andy L\u00f3pez Beltr\u00e1n elecciones","Ariadna Montiel Morena","Citlalli Hern\u00e1ndez Comisi\u00f3n de Elecciones","Claudia Sheinbaum","Elecciones 2027 M\u00e9xico","Focus Group","Jorge Ram\u00f3n Rizzo","Luisa Mar\u00eda Alcalde","Morena","vientos a favor y en contra","VIII Congreso Nacional Extraordinario Morena"],"articleSection":["De Opini\u00f3n"],"inLanguage":"es"},{"@type":"WebPage","@id":"https:\/\/lospoliticosveracruz.com\/?p=170082","url":"https:\/\/lospoliticosveracruz.com\/?p=170082","name":"MORENA, VIENTOS A FAVOR Y EN CONTRA - Los pol\u00edticos Veracruz","isPartOf":{"@id":"https:\/\/lospoliticosveracruz.com\/#website"},"primaryImageOfPage":{"@id":"https:\/\/lospoliticosveracruz.com\/?p=170082#primaryimage"},"image":{"@id":"https:\/\/lospoliticosveracruz.com\/?p=170082#primaryimage"},"thumbnailUrl":"https:\/\/lospoliticosveracruz.com\/wp-content\/uploads\/2026\/04\/Jorge-Ramn-Rizzo.jpg","datePublished":"2026-04-29T03:25:01+00:00","dateModified":"2026-04-29T03:25:02+00:00","breadcrumb":{"@id":"https:\/\/lospoliticosveracruz.com\/?p=170082#breadcrumb"},"inLanguage":"es","potentialAction":[{"@type":"ReadAction","target":["https:\/\/lospoliticosveracruz.com\/?p=170082"]}]},{"@type":"ImageObject","inLanguage":"es","@id":"https:\/\/lospoliticosveracruz.com\/?p=170082#primaryimage","url":"https:\/\/lospoliticosveracruz.com\/wp-content\/uploads\/2026\/04\/Jorge-Ramn-Rizzo.jpg","contentUrl":"https:\/\/lospoliticosveracruz.com\/wp-content\/uploads\/2026\/04\/Jorge-Ramn-Rizzo.jpg","width":1250,"height":667},{"@type":"BreadcrumbList","@id":"https:\/\/lospoliticosveracruz.com\/?p=170082#breadcrumb","itemListElement":[{"@type":"ListItem","position":1,"name":"Portada","item":"https:\/\/lospoliticosveracruz.com\/"},{"@type":"ListItem","position":2,"name":"MORENA, VIENTOS A FAVOR Y EN CONTRA"}]},{"@type":"WebSite","@id":"https:\/\/lospoliticosveracruz.com\/#website","url":"https:\/\/lospoliticosveracruz.com\/","name":"Los pol\u00edticos Veracruz","description":"","publisher":{"@id":"https:\/\/lospoliticosveracruz.com\/#organization"},"potentialAction":[{"@type":"SearchAction","target":{"@type":"EntryPoint","urlTemplate":"https:\/\/lospoliticosveracruz.com\/?s={search_term_string}"},"query-input":{"@type":"PropertyValueSpecification","valueRequired":true,"valueName":"search_term_string"}}],"inLanguage":"es"},{"@type":"Organization","@id":"https:\/\/lospoliticosveracruz.com\/#organization","name":"Los pol\u00edticos Veracruz","url":"https:\/\/lospoliticosveracruz.com\/","logo":{"@type":"ImageObject","inLanguage":"es","@id":"https:\/\/lospoliticosveracruz.com\/#\/schema\/logo\/image\/","url":"https:\/\/lospoliticosveracruz.com\/wp-content\/uploads\/2025\/12\/Logo-Nuevo-LOS-POLITICOS-1.jpg","contentUrl":"https:\/\/lospoliticosveracruz.com\/wp-content\/uploads\/2025\/12\/Logo-Nuevo-LOS-POLITICOS-1.jpg","width":260,"height":70,"caption":"Los pol\u00edticos Veracruz"},"image":{"@id":"https:\/\/lospoliticosveracruz.com\/#\/schema\/logo\/image\/"},"sameAs":["https:\/\/www.facebook.com\/people\/Notimemes-de-los-Polticos\/61565672886568\/","https:\/\/x.com\/LosPoliticosVer"]},{"@type":"Person","@id":"https:\/\/lospoliticosveracruz.com\/#\/schema\/person\/b8702bb0e538456e6efd07080bf2a4a2","name":"Lo viste en Los Pol\u00edticos","image":{"@type":"ImageObject","inLanguage":"es","@id":"https:\/\/secure.gravatar.com\/avatar\/3a8de04a2656d44082be478bd6c086daa447c4651605818287b9532d3d0bd435?s=96&d=mm&r=g","url":"https:\/\/secure.gravatar.com\/avatar\/3a8de04a2656d44082be478bd6c086daa447c4651605818287b9532d3d0bd435?s=96&d=mm&r=g","contentUrl":"https:\/\/secure.gravatar.com\/avatar\/3a8de04a2656d44082be478bd6c086daa447c4651605818287b9532d3d0bd435?s=96&d=mm&r=g","caption":"Lo viste en Los Pol\u00edticos"},"url":"https:\/\/lospoliticosveracruz.com\/?author=2"}]}},"_links":{"self":[{"href":"https:\/\/lospoliticosveracruz.com\/index.php?rest_route=\/wp\/v2\/posts\/170082","targetHints":{"allow":["GET"]}}],"collection":[{"href":"https:\/\/lospoliticosveracruz.com\/index.php?rest_route=\/wp\/v2\/posts"}],"about":[{"href":"https:\/\/lospoliticosveracruz.com\/index.php?rest_route=\/wp\/v2\/types\/post"}],"author":[{"embeddable":true,"href":"https:\/\/lospoliticosveracruz.com\/index.php?rest_route=\/wp\/v2\/users\/2"}],"replies":[{"embeddable":true,"href":"https:\/\/lospoliticosveracruz.com\/index.php?rest_route=%2Fwp%2Fv2%2Fcomments&post=170082"}],"version-history":[{"count":1,"href":"https:\/\/lospoliticosveracruz.com\/index.php?rest_route=\/wp\/v2\/posts\/170082\/revisions"}],"predecessor-version":[{"id":170083,"href":"https:\/\/lospoliticosveracruz.com\/index.php?rest_route=\/wp\/v2\/posts\/170082\/revisions\/170083"}],"wp:featuredmedia":[{"embeddable":true,"href":"https:\/\/lospoliticosveracruz.com\/index.php?rest_route=\/wp\/v2\/media\/168621"}],"wp:attachment":[{"href":"https:\/\/lospoliticosveracruz.com\/index.php?rest_route=%2Fwp%2Fv2%2Fmedia&parent=170082"}],"wp:term":[{"taxonomy":"category","embeddable":true,"href":"https:\/\/lospoliticosveracruz.com\/index.php?rest_route=%2Fwp%2Fv2%2Fcategories&post=170082"},{"taxonomy":"post_tag","embeddable":true,"href":"https:\/\/lospoliticosveracruz.com\/index.php?rest_route=%2Fwp%2Fv2%2Ftags&post=170082"}],"curies":[{"name":"wp","href":"https:\/\/api.w.org\/{rel}","templated":true}]}}