{"id":170089,"date":"2026-04-28T22:34:57","date_gmt":"2026-04-29T04:34:57","guid":{"rendered":"https:\/\/lospoliticosveracruz.com\/?p=170089"},"modified":"2026-04-28T22:34:58","modified_gmt":"2026-04-29T04:34:58","slug":"relevo-en-bienestar","status":"publish","type":"post","link":"https:\/\/lospoliticosveracruz.com\/?p=170089","title":{"rendered":"RELEVO EN BIENESTAR"},"content":{"rendered":"\n<p><strong>NdelaR<\/strong><em> <\/em><\/p>\n\n\n\n<p>La pol\u00edtica, cuando se ejerce con convicci\u00f3n, no es m\u00e1s que una carrera de relevos donde la meta siempre es el pueblo. Ma\u00f1ana mi\u00e9rcoles 29 de abril, la Secretar\u00eda de Bienestar inicia una nueva etapa bajo la conducci\u00f3n de Leticia Ram\u00edrez Amaya, una figura cuya trayectoria como luchadora social de izquierda y dem\u00f3crata precede cualquier presentaci\u00f3n. Su llegada no es obra del azar, sino la consecuencia natural de una vida dedicada a la b\u00fasqueda de igualdad y la mejora de las condiciones de vida de los grupos m\u00e1s vulnerables.<\/p>\n\n\n\n<p>Leticia no es ajena a los grandes desaf\u00edos. Apenas en el sexenio anterior, la profesora y sindicalista asumi\u00f3 las riendas de la Secretar\u00eda de Educaci\u00f3n P\u00fablica bajo el mandato de Andr\u00e9s Manuel L\u00f3pez Obrador. En esa trinchera, logr\u00f3 lo que pocos: construir consensos internos y fortalecer la instituci\u00f3n desde sus bases, coronando d\u00e9cadas de esfuerzo con resultados tangibles.<\/p>\n\n\n\n<p>Hoy, ese curr\u00edculum de hierro le permite ocupar el espacio que deja la arquitecta Ariadna Montiel. Tras m\u00e1s de cuatro a\u00f1os de una gesti\u00f3n marcada por el respeto institucional, Montiel se despide para avanzar en \u00abotras tareas del movimiento\u00bb, dejando un legado imborrable: la transformaci\u00f3n de los programas sociales convertidos en derechos constitucionales y un esquema ascendente de recursos bimestrales para los adultos mayores. No es sorpresa que la presidenta Claudia Sheinbaum la reconozca como un instrumento humano invaluable para las masas.<\/p>\n\n\n\n<p><strong>Presencia Jarocha en Palacio Nacional<\/strong><\/p>\n\n\n\n<p>En el coraz\u00f3n de este anuncio de renovaci\u00f3n, un detalle no pas\u00f3 desapercibido para los analistas pol\u00edticos, pues en palacio nacional, como invitado especial y muy cerca de la presidenta Sheinbaum, se encontraba el delegado de Veracruz Juan Javier G\u00f3mez Cazar\u00edn.<\/p>\n\n\n\n<p>Su presencia en un evento de tal magnitud no es solo un gesto de cortes\u00eda; es una validaci\u00f3n del estatus que representa como coordinador y un mensaje claro sobre su peso espec\u00edfico en la estructura federal. La presidenta conoce a fondo el desempe\u00f1o de G\u00f3mez Cazar\u00edn en la entidad veracruzana, donde ha logrado imprimir una fortaleza inusual al servicio p\u00fablico.<\/p>\n\n\n\n<p>G\u00f3mez Cazar\u00edn se ha consolidado como un funcionario ejemplar que garantiza resultados, manteniendo esa conexi\u00f3n vital con la tierra que lo vio nacer. Al ser ratificado como los \u00abojos y o\u00eddos\u00bb de la presidenta en territorio jarocho, se confirma que en Veracruz la transformaci\u00f3n tiene un guardi\u00e1n de absoluta confianza. El relevo en Bienestar y la solidez de sus cuadros operativos auguran que el bienestar social seguir\u00e1 siendo el eje central de este gobierno.<\/p>\n","protected":false},"excerpt":{"rendered":"<p>NdelaR La pol\u00edtica, cuando se ejerce con convicci\u00f3n, no es m\u00e1s que una carrera de relevos donde la meta siempre es el pueblo. Ma\u00f1ana mi\u00e9rcoles 29 de abril, la Secretar\u00eda de Bienestar inicia una nueva etapa bajo la conducci\u00f3n de Leticia Ram\u00edrez Amaya, una figura cuya trayectoria como luchadora social de izquierda y dem\u00f3crata precede [&hellip;]<\/p>\n","protected":false},"author":2,"featured_media":170090,"comment_status":"closed","ping_status":"closed","sticky":false,"template":"","format":"standard","meta":{"tdm_status":"","tdm_grid_status":"","footnotes":""},"categories":[72],"tags":[618,17020,12695,34612,1026,195],"class_list":{"0":"post-170089","1":"post","2":"type-post","3":"status-publish","4":"format-standard","5":"has-post-thumbnail","7":"category-palomazos","8":"tag-andres-manuel-lopez-obrador","9":"tag-bienestar","10":"tag-juan-javier-gomez-cazarin","11":"tag-leticia-ramirez-amaya","12":"tag-morena","13":"tag-veracruz"},"yoast_head":"<!-- This site is optimized with the Yoast SEO plugin v27.4 - https:\/\/yoast.com\/product\/yoast-seo-wordpress\/ -->\n<title>RELEVO EN BIENESTAR - Los pol\u00edticos Veracruz<\/title>\n<meta name=\"robots\" content=\"index, follow, max-snippet:-1, max-image-preview:large, max-video-preview:-1\" \/>\n<link rel=\"canonical\" href=\"https:\/\/lospoliticosveracruz.com\/?p=170089\" \/>\n<meta property=\"og:locale\" content=\"es_ES\" \/>\n<meta property=\"og:type\" content=\"article\" \/>\n<meta property=\"og:title\" content=\"RELEVO EN BIENESTAR - Los pol\u00edticos Veracruz\" \/>\n<meta property=\"og:description\" content=\"NdelaR La pol\u00edtica, cuando se ejerce con convicci\u00f3n, no es m\u00e1s que una carrera de relevos donde la meta siempre es el pueblo. Ma\u00f1ana mi\u00e9rcoles 29 de abril, la Secretar\u00eda de Bienestar inicia una nueva etapa bajo la conducci\u00f3n de Leticia Ram\u00edrez Amaya, una figura cuya trayectoria como luchadora social de izquierda y dem\u00f3crata precede [&hellip;]\" \/>\n<meta property=\"og:url\" content=\"https:\/\/lospoliticosveracruz.com\/?p=170089\" \/>\n<meta property=\"og:site_name\" content=\"Los pol\u00edticos Veracruz\" \/>\n<meta property=\"article:publisher\" content=\"https:\/\/www.facebook.com\/people\/Notimemes-de-los-Polticos\/61565672886568\/\" \/>\n<meta property=\"article:published_time\" content=\"2026-04-29T04:34:57+00:00\" \/>\n<meta property=\"article:modified_time\" content=\"2026-04-29T04:34:58+00:00\" \/>\n<meta property=\"og:image\" content=\"https:\/\/lospoliticosveracruz.com\/wp-content\/uploads\/2026\/04\/21c4beb4-13a6-401d-bc6a-f9c6cec72dce-e1777436968898.jpeg\" \/>\n\t<meta property=\"og:image:width\" content=\"600\" \/>\n\t<meta property=\"og:image:height\" content=\"372\" \/>\n\t<meta property=\"og:image:type\" content=\"image\/jpeg\" \/>\n<meta name=\"author\" content=\"Lo viste en Los Pol\u00edticos\" \/>\n<meta name=\"twitter:card\" content=\"summary_large_image\" \/>\n<meta name=\"twitter:creator\" content=\"@LosPoliticosVer\" \/>\n<meta name=\"twitter:site\" content=\"@LosPoliticosVer\" \/>\n<meta name=\"twitter:label1\" content=\"Escrito por\" \/>\n\t<meta name=\"twitter:data1\" content=\"Lo viste en Los Pol\u00edticos\" \/>\n\t<meta name=\"twitter:label2\" content=\"Tiempo de lectura\" \/>\n\t<meta name=\"twitter:data2\" content=\"3 minutos\" \/>\n<script type=\"application\/ld+json\" class=\"yoast-schema-graph\">{\"@context\":\"https:\\\/\\\/schema.org\",\"@graph\":[{\"@type\":\"Article\",\"@id\":\"https:\\\/\\\/lospoliticosveracruz.com\\\/?p=170089#article\",\"isPartOf\":{\"@id\":\"https:\\\/\\\/lospoliticosveracruz.com\\\/?p=170089\"},\"author\":{\"name\":\"Lo viste en Los Pol\u00edticos\",\"@id\":\"https:\\\/\\\/lospoliticosveracruz.com\\\/#\\\/schema\\\/person\\\/b8702bb0e538456e6efd07080bf2a4a2\"},\"headline\":\"RELEVO EN BIENESTAR\",\"datePublished\":\"2026-04-29T04:34:57+00:00\",\"dateModified\":\"2026-04-29T04:34:58+00:00\",\"mainEntityOfPage\":{\"@id\":\"https:\\\/\\\/lospoliticosveracruz.com\\\/?p=170089\"},\"wordCount\":455,\"publisher\":{\"@id\":\"https:\\\/\\\/lospoliticosveracruz.com\\\/#organization\"},\"image\":{\"@id\":\"https:\\\/\\\/lospoliticosveracruz.com\\\/?p=170089#primaryimage\"},\"thumbnailUrl\":\"https:\\\/\\\/lospoliticosveracruz.com\\\/wp-content\\\/uploads\\\/2026\\\/04\\\/21c4beb4-13a6-401d-bc6a-f9c6cec72dce-e1777436968898.jpeg\",\"keywords\":[\"Andr\u00e9s Manuel L\u00f3pez Obrador\",\"Bienestar\",\"Juan Javier G\u00f3mez Cazar\u00edn\",\"Leticia Ram\u00edrez Amaya\",\"Morena\",\"Veracruz\"],\"articleSection\":[\"Palomazos\"],\"inLanguage\":\"es\"},{\"@type\":\"WebPage\",\"@id\":\"https:\\\/\\\/lospoliticosveracruz.com\\\/?p=170089\",\"url\":\"https:\\\/\\\/lospoliticosveracruz.com\\\/?p=170089\",\"name\":\"RELEVO EN BIENESTAR - Los pol\u00edticos Veracruz\",\"isPartOf\":{\"@id\":\"https:\\\/\\\/lospoliticosveracruz.com\\\/#website\"},\"primaryImageOfPage\":{\"@id\":\"https:\\\/\\\/lospoliticosveracruz.com\\\/?p=170089#primaryimage\"},\"image\":{\"@id\":\"https:\\\/\\\/lospoliticosveracruz.com\\\/?p=170089#primaryimage\"},\"thumbnailUrl\":\"https:\\\/\\\/lospoliticosveracruz.com\\\/wp-content\\\/uploads\\\/2026\\\/04\\\/21c4beb4-13a6-401d-bc6a-f9c6cec72dce-e1777436968898.jpeg\",\"datePublished\":\"2026-04-29T04:34:57+00:00\",\"dateModified\":\"2026-04-29T04:34:58+00:00\",\"breadcrumb\":{\"@id\":\"https:\\\/\\\/lospoliticosveracruz.com\\\/?p=170089#breadcrumb\"},\"inLanguage\":\"es\",\"potentialAction\":[{\"@type\":\"ReadAction\",\"target\":[\"https:\\\/\\\/lospoliticosveracruz.com\\\/?p=170089\"]}]},{\"@type\":\"ImageObject\",\"inLanguage\":\"es\",\"@id\":\"https:\\\/\\\/lospoliticosveracruz.com\\\/?p=170089#primaryimage\",\"url\":\"https:\\\/\\\/lospoliticosveracruz.com\\\/wp-content\\\/uploads\\\/2026\\\/04\\\/21c4beb4-13a6-401d-bc6a-f9c6cec72dce-e1777436968898.jpeg\",\"contentUrl\":\"https:\\\/\\\/lospoliticosveracruz.com\\\/wp-content\\\/uploads\\\/2026\\\/04\\\/21c4beb4-13a6-401d-bc6a-f9c6cec72dce-e1777436968898.jpeg\",\"width\":600,\"height\":372},{\"@type\":\"BreadcrumbList\",\"@id\":\"https:\\\/\\\/lospoliticosveracruz.com\\\/?p=170089#breadcrumb\",\"itemListElement\":[{\"@type\":\"ListItem\",\"position\":1,\"name\":\"Portada\",\"item\":\"https:\\\/\\\/lospoliticosveracruz.com\\\/\"},{\"@type\":\"ListItem\",\"position\":2,\"name\":\"RELEVO EN BIENESTAR\"}]},{\"@type\":\"WebSite\",\"@id\":\"https:\\\/\\\/lospoliticosveracruz.com\\\/#website\",\"url\":\"https:\\\/\\\/lospoliticosveracruz.com\\\/\",\"name\":\"Los pol\u00edticos Veracruz\",\"description\":\"\",\"publisher\":{\"@id\":\"https:\\\/\\\/lospoliticosveracruz.com\\\/#organization\"},\"potentialAction\":[{\"@type\":\"SearchAction\",\"target\":{\"@type\":\"EntryPoint\",\"urlTemplate\":\"https:\\\/\\\/lospoliticosveracruz.com\\\/?s={search_term_string}\"},\"query-input\":{\"@type\":\"PropertyValueSpecification\",\"valueRequired\":true,\"valueName\":\"search_term_string\"}}],\"inLanguage\":\"es\"},{\"@type\":\"Organization\",\"@id\":\"https:\\\/\\\/lospoliticosveracruz.com\\\/#organization\",\"name\":\"Los pol\u00edticos Veracruz\",\"url\":\"https:\\\/\\\/lospoliticosveracruz.com\\\/\",\"logo\":{\"@type\":\"ImageObject\",\"inLanguage\":\"es\",\"@id\":\"https:\\\/\\\/lospoliticosveracruz.com\\\/#\\\/schema\\\/logo\\\/image\\\/\",\"url\":\"https:\\\/\\\/lospoliticosveracruz.com\\\/wp-content\\\/uploads\\\/2025\\\/12\\\/Logo-Nuevo-LOS-POLITICOS-1.jpg\",\"contentUrl\":\"https:\\\/\\\/lospoliticosveracruz.com\\\/wp-content\\\/uploads\\\/2025\\\/12\\\/Logo-Nuevo-LOS-POLITICOS-1.jpg\",\"width\":260,\"height\":70,\"caption\":\"Los pol\u00edticos Veracruz\"},\"image\":{\"@id\":\"https:\\\/\\\/lospoliticosveracruz.com\\\/#\\\/schema\\\/logo\\\/image\\\/\"},\"sameAs\":[\"https:\\\/\\\/www.facebook.com\\\/people\\\/Notimemes-de-los-Polticos\\\/61565672886568\\\/\",\"https:\\\/\\\/x.com\\\/LosPoliticosVer\"]},{\"@type\":\"Person\",\"@id\":\"https:\\\/\\\/lospoliticosveracruz.com\\\/#\\\/schema\\\/person\\\/b8702bb0e538456e6efd07080bf2a4a2\",\"name\":\"Lo viste en Los Pol\u00edticos\",\"image\":{\"@type\":\"ImageObject\",\"inLanguage\":\"es\",\"@id\":\"https:\\\/\\\/secure.gravatar.com\\\/avatar\\\/3a8de04a2656d44082be478bd6c086daa447c4651605818287b9532d3d0bd435?s=96&d=mm&r=g\",\"url\":\"https:\\\/\\\/secure.gravatar.com\\\/avatar\\\/3a8de04a2656d44082be478bd6c086daa447c4651605818287b9532d3d0bd435?s=96&d=mm&r=g\",\"contentUrl\":\"https:\\\/\\\/secure.gravatar.com\\\/avatar\\\/3a8de04a2656d44082be478bd6c086daa447c4651605818287b9532d3d0bd435?s=96&d=mm&r=g\",\"caption\":\"Lo viste en Los Pol\u00edticos\"},\"url\":\"https:\\\/\\\/lospoliticosveracruz.com\\\/?author=2\"}]}<\/script>\n<!-- \/ Yoast SEO plugin. -->","yoast_head_json":{"title":"RELEVO EN BIENESTAR - Los pol\u00edticos Veracruz","robots":{"index":"index","follow":"follow","max-snippet":"max-snippet:-1","max-image-preview":"max-image-preview:large","max-video-preview":"max-video-preview:-1"},"canonical":"https:\/\/lospoliticosveracruz.com\/?p=170089","og_locale":"es_ES","og_type":"article","og_title":"RELEVO EN BIENESTAR - Los pol\u00edticos Veracruz","og_description":"NdelaR La pol\u00edtica, cuando se ejerce con convicci\u00f3n, no es m\u00e1s que una carrera de relevos donde la meta siempre es el pueblo. Ma\u00f1ana mi\u00e9rcoles 29 de abril, la Secretar\u00eda de Bienestar inicia una nueva etapa bajo la conducci\u00f3n de Leticia Ram\u00edrez Amaya, una figura cuya trayectoria como luchadora social de izquierda y dem\u00f3crata precede [&hellip;]","og_url":"https:\/\/lospoliticosveracruz.com\/?p=170089","og_site_name":"Los pol\u00edticos Veracruz","article_publisher":"https:\/\/www.facebook.com\/people\/Notimemes-de-los-Polticos\/61565672886568\/","article_published_time":"2026-04-29T04:34:57+00:00","article_modified_time":"2026-04-29T04:34:58+00:00","og_image":[{"width":600,"height":372,"url":"https:\/\/lospoliticosveracruz.com\/wp-content\/uploads\/2026\/04\/21c4beb4-13a6-401d-bc6a-f9c6cec72dce-e1777436968898.jpeg","type":"image\/jpeg"}],"author":"Lo viste en Los Pol\u00edticos","twitter_card":"summary_large_image","twitter_creator":"@LosPoliticosVer","twitter_site":"@LosPoliticosVer","twitter_misc":{"Escrito por":"Lo viste en Los Pol\u00edticos","Tiempo de lectura":"3 minutos"},"schema":{"@context":"https:\/\/schema.org","@graph":[{"@type":"Article","@id":"https:\/\/lospoliticosveracruz.com\/?p=170089#article","isPartOf":{"@id":"https:\/\/lospoliticosveracruz.com\/?p=170089"},"author":{"name":"Lo viste en Los Pol\u00edticos","@id":"https:\/\/lospoliticosveracruz.com\/#\/schema\/person\/b8702bb0e538456e6efd07080bf2a4a2"},"headline":"RELEVO EN BIENESTAR","datePublished":"2026-04-29T04:34:57+00:00","dateModified":"2026-04-29T04:34:58+00:00","mainEntityOfPage":{"@id":"https:\/\/lospoliticosveracruz.com\/?p=170089"},"wordCount":455,"publisher":{"@id":"https:\/\/lospoliticosveracruz.com\/#organization"},"image":{"@id":"https:\/\/lospoliticosveracruz.com\/?p=170089#primaryimage"},"thumbnailUrl":"https:\/\/lospoliticosveracruz.com\/wp-content\/uploads\/2026\/04\/21c4beb4-13a6-401d-bc6a-f9c6cec72dce-e1777436968898.jpeg","keywords":["Andr\u00e9s Manuel L\u00f3pez Obrador","Bienestar","Juan Javier G\u00f3mez Cazar\u00edn","Leticia Ram\u00edrez Amaya","Morena","Veracruz"],"articleSection":["Palomazos"],"inLanguage":"es"},{"@type":"WebPage","@id":"https:\/\/lospoliticosveracruz.com\/?p=170089","url":"https:\/\/lospoliticosveracruz.com\/?p=170089","name":"RELEVO EN BIENESTAR - Los pol\u00edticos Veracruz","isPartOf":{"@id":"https:\/\/lospoliticosveracruz.com\/#website"},"primaryImageOfPage":{"@id":"https:\/\/lospoliticosveracruz.com\/?p=170089#primaryimage"},"image":{"@id":"https:\/\/lospoliticosveracruz.com\/?p=170089#primaryimage"},"thumbnailUrl":"https:\/\/lospoliticosveracruz.com\/wp-content\/uploads\/2026\/04\/21c4beb4-13a6-401d-bc6a-f9c6cec72dce-e1777436968898.jpeg","datePublished":"2026-04-29T04:34:57+00:00","dateModified":"2026-04-29T04:34:58+00:00","breadcrumb":{"@id":"https:\/\/lospoliticosveracruz.com\/?p=170089#breadcrumb"},"inLanguage":"es","potentialAction":[{"@type":"ReadAction","target":["https:\/\/lospoliticosveracruz.com\/?p=170089"]}]},{"@type":"ImageObject","inLanguage":"es","@id":"https:\/\/lospoliticosveracruz.com\/?p=170089#primaryimage","url":"https:\/\/lospoliticosveracruz.com\/wp-content\/uploads\/2026\/04\/21c4beb4-13a6-401d-bc6a-f9c6cec72dce-e1777436968898.jpeg","contentUrl":"https:\/\/lospoliticosveracruz.com\/wp-content\/uploads\/2026\/04\/21c4beb4-13a6-401d-bc6a-f9c6cec72dce-e1777436968898.jpeg","width":600,"height":372},{"@type":"BreadcrumbList","@id":"https:\/\/lospoliticosveracruz.com\/?p=170089#breadcrumb","itemListElement":[{"@type":"ListItem","position":1,"name":"Portada","item":"https:\/\/lospoliticosveracruz.com\/"},{"@type":"ListItem","position":2,"name":"RELEVO EN BIENESTAR"}]},{"@type":"WebSite","@id":"https:\/\/lospoliticosveracruz.com\/#website","url":"https:\/\/lospoliticosveracruz.com\/","name":"Los pol\u00edticos Veracruz","description":"","publisher":{"@id":"https:\/\/lospoliticosveracruz.com\/#organization"},"potentialAction":[{"@type":"SearchAction","target":{"@type":"EntryPoint","urlTemplate":"https:\/\/lospoliticosveracruz.com\/?s={search_term_string}"},"query-input":{"@type":"PropertyValueSpecification","valueRequired":true,"valueName":"search_term_string"}}],"inLanguage":"es"},{"@type":"Organization","@id":"https:\/\/lospoliticosveracruz.com\/#organization","name":"Los pol\u00edticos Veracruz","url":"https:\/\/lospoliticosveracruz.com\/","logo":{"@type":"ImageObject","inLanguage":"es","@id":"https:\/\/lospoliticosveracruz.com\/#\/schema\/logo\/image\/","url":"https:\/\/lospoliticosveracruz.com\/wp-content\/uploads\/2025\/12\/Logo-Nuevo-LOS-POLITICOS-1.jpg","contentUrl":"https:\/\/lospoliticosveracruz.com\/wp-content\/uploads\/2025\/12\/Logo-Nuevo-LOS-POLITICOS-1.jpg","width":260,"height":70,"caption":"Los pol\u00edticos Veracruz"},"image":{"@id":"https:\/\/lospoliticosveracruz.com\/#\/schema\/logo\/image\/"},"sameAs":["https:\/\/www.facebook.com\/people\/Notimemes-de-los-Polticos\/61565672886568\/","https:\/\/x.com\/LosPoliticosVer"]},{"@type":"Person","@id":"https:\/\/lospoliticosveracruz.com\/#\/schema\/person\/b8702bb0e538456e6efd07080bf2a4a2","name":"Lo viste en Los Pol\u00edticos","image":{"@type":"ImageObject","inLanguage":"es","@id":"https:\/\/secure.gravatar.com\/avatar\/3a8de04a2656d44082be478bd6c086daa447c4651605818287b9532d3d0bd435?s=96&d=mm&r=g","url":"https:\/\/secure.gravatar.com\/avatar\/3a8de04a2656d44082be478bd6c086daa447c4651605818287b9532d3d0bd435?s=96&d=mm&r=g","contentUrl":"https:\/\/secure.gravatar.com\/avatar\/3a8de04a2656d44082be478bd6c086daa447c4651605818287b9532d3d0bd435?s=96&d=mm&r=g","caption":"Lo viste en Los Pol\u00edticos"},"url":"https:\/\/lospoliticosveracruz.com\/?author=2"}]}},"_links":{"self":[{"href":"https:\/\/lospoliticosveracruz.com\/index.php?rest_route=\/wp\/v2\/posts\/170089","targetHints":{"allow":["GET"]}}],"collection":[{"href":"https:\/\/lospoliticosveracruz.com\/index.php?rest_route=\/wp\/v2\/posts"}],"about":[{"href":"https:\/\/lospoliticosveracruz.com\/index.php?rest_route=\/wp\/v2\/types\/post"}],"author":[{"embeddable":true,"href":"https:\/\/lospoliticosveracruz.com\/index.php?rest_route=\/wp\/v2\/users\/2"}],"replies":[{"embeddable":true,"href":"https:\/\/lospoliticosveracruz.com\/index.php?rest_route=%2Fwp%2Fv2%2Fcomments&post=170089"}],"version-history":[{"count":1,"href":"https:\/\/lospoliticosveracruz.com\/index.php?rest_route=\/wp\/v2\/posts\/170089\/revisions"}],"predecessor-version":[{"id":170091,"href":"https:\/\/lospoliticosveracruz.com\/index.php?rest_route=\/wp\/v2\/posts\/170089\/revisions\/170091"}],"wp:featuredmedia":[{"embeddable":true,"href":"https:\/\/lospoliticosveracruz.com\/index.php?rest_route=\/wp\/v2\/media\/170090"}],"wp:attachment":[{"href":"https:\/\/lospoliticosveracruz.com\/index.php?rest_route=%2Fwp%2Fv2%2Fmedia&parent=170089"}],"wp:term":[{"taxonomy":"category","embeddable":true,"href":"https:\/\/lospoliticosveracruz.com\/index.php?rest_route=%2Fwp%2Fv2%2Fcategories&post=170089"},{"taxonomy":"post_tag","embeddable":true,"href":"https:\/\/lospoliticosveracruz.com\/index.php?rest_route=%2Fwp%2Fv2%2Ftags&post=170089"}],"curies":[{"name":"wp","href":"https:\/\/api.w.org\/{rel}","templated":true}]}}