{"id":170092,"date":"2026-04-29T05:46:38","date_gmt":"2026-04-29T11:46:38","guid":{"rendered":"https:\/\/lospoliticosveracruz.com\/?p=170092"},"modified":"2026-04-29T05:46:38","modified_gmt":"2026-04-29T11:46:38","slug":"cuitlahuistas-vs-nahle-pleito-en-morena","status":"publish","type":"post","link":"https:\/\/lospoliticosveracruz.com\/?p=170092","title":{"rendered":"CUITLAHUISTAS vs NAHLE, PLEITO EN MORENA"},"content":{"rendered":"\n<p><strong>Ricardo Chua<\/strong><br><em>Sale y Vale<\/em><\/p>\n\n\n\n<p>Vaya conflicto en que meti\u00f3 al partido MORENA en Veracruz.. Las declaraciones de Atanasio Garc\u00eda Dur\u00e1n, ex diputado local y padre del ex gobernador, Cuitl\u00e1huac Garcia Jim\u00e9nez, al se\u00f1alar que el actual gobierno estatal y su titular, Roc\u00edo Nahle Garc\u00eda.. No tienen rumbo y eso har\u00e1 que su organismo pol\u00edtico tenga problemas en la elecci\u00f3n local del 2027.. En pocas palabras, critic\u00f3 de manera poco usual a la que es sucesora de su v\u00e1stago en Palacio de Gobierno.. Una cuesti\u00f3n delicada porque tanto Cuitl\u00e1huac como Roc\u00edo en el estado, son del mismo proyecto pol\u00edtico, ese que naci\u00f3 con Andr\u00e9s Manuel L\u00f3pez Obrador..<\/p>\n\n\n\n<p>Este desencuentro, que, sin duda, es m\u00e1s medi\u00e1tico.. Deja mal parado al proyecto de la 4T.. Ya que si antes se ufanaba que hab\u00eda unidad en el partido.. Con lo dicho por Atanasio Garc\u00eda al descalificar a la gobernadora, pues, deja claro que eso no es as\u00ed.. Y que ahora si hay un contraataque pol\u00edtico en contra del ex legislador local, entonces, se ataca a una parte de MORENA, que a\u00fan tiene el control del partido en el Estado.. En pocas palabras, por las declaraciones de \u00abTataNacho\u00bb se metieron en un problema m\u00e1s, que en este momento era innecesario.. Lo \u00fanico bueno para la 4T es que en Veracruz, la oposici\u00f3n no existe..<\/p>\n\n\n\n<p>\u00abGarganta Profunda\u00bb expresa sobre este \u00abpleito\u00bb, que dentro de MORENA, hay una \u00abfractura\u00bb porque la gente es allegada a Cuitl\u00e1huac y al propio Atanasio.. No han entendido, que ya les toc\u00f3 a ellos el poder por 6 a\u00f1os.. Y ahora son otros los que tomar\u00e1n el control del partido y de la elecci\u00f3n del 2027.. Por lo que muchos de ellos no tienen cabida.. Y todo eso, sumado a los ataques en contra de Cuitl\u00e1huac Garc\u00eda por parte de pol\u00edticos \u00abMorenistas\u00bb hacen que su padre explote y se vaya contra el \u00abdue\u00f1o de la casa\u00bb, no en contra de los \u00abgatos\u00bb.. Y sucede lo que sucedi\u00f3 ayer en el Congreso del Estado..<\/p>\n\n\n\n<p>Al parecer, dice \u00abGarganta Profunda\u00bb, que eso es lo que le enoja tanto a Atanasio Garc\u00eda.. Los ataques sistem\u00e1ticos y de \u00abnado sincronizado\u00bb en contra de Cuitl\u00e1huac Garc\u00eda.. Y que por eso, respondi\u00f3 de esa manera en contra de la gobernadora.. De quien dice que Roc\u00edo Nahle, ha sido muy \u00abconsiderada\u00bb con Cuitl\u00e1huac y su administraci\u00f3n estatal.. Pero lo que no entiende \u00abTataNacho\u00bb es que \u00e9l piensa que hicieron todo bien, cuando el que gobern\u00f3 el estado, no fue Cuitl\u00e1huac, sino Eric Cisneros Burgos.. Y que el \u00abPrimo\u00bb Eleazar Guerrero P\u00e9rez hizo lo que quiso con las finanzas de Veracruz desde SEFIPLAN.. Ese es el dilema..<\/p>\n\n\n\n<p>Por ello, es que \u00abGarganta Profunda\u00bb cercano a ambos personajes (Nahle y Cuitl\u00e1huac) piensa que todo lo iniciado por Atanasio Garc\u00eda, es un \u00abpleito callejero\u00bb que no va a pasar nada o s\u00f3lo habr\u00e1 llamada de atenci\u00f3n.. Y en donde el pap\u00e1 del ex gobernador, debe observar bien quienes son los que atacan a su hijo.. Y que si eso, le \u00abprende\u00bb, que se les vaya encima a ellos.. No en contra de la gobernadora porque ha sido m\u00e1s que \u00abconsiderada\u00bb con Cuitl\u00e1huac.. Y que si hubo alg\u00fan distanciamientos eso se ver\u00e1 con el tema de las candidaturas a diputados en 2027 y con las auditor\u00edas al gobierno estatal anterior que est\u00e1n pendientes<\/p>\n\n\n\n<p>Sin embargo, para otros personajes cercanos a Roc\u00edo Nahle y en su momento a altos funcionarios de Cuitl\u00e1huac.. Sostienen la teor\u00eda que esto es un pleito \u00abcantado\u00bb porque hay una \u00ablectura\u00bb directa de parte de la actual administraci\u00f3n estatal con el anterior gobierno de MORENA que gobern\u00f3 Veracruz.. Y esta es, una muy simple: Todo aquello y aquel que \u00abhuela\u00bb a Cuitl\u00e1huac Garc\u00eda, no va a ser tomado en cuenta por MORENA Veracruz en 2027.. Ni para las elecciones locales y habr\u00e1 \u00abveto\u00bb el proceso federal.. Todos se van o dejar\u00e1n sus cargos.. Por ello, es que se habla de cambios dentro del partido MORENA..<\/p>\n\n\n\n<p>Motivo por el cual, aprovechando este conflicto.. Dejar\u00e1n en claro que dentro de MORENA estatal, la que manda y gobierna es Roc\u00edo Nahle, no Cuitl\u00e1huac o sus allegados.. Se abri\u00f3 entonces \u00abLa Caja de Pandora\u00bb en la 4T.. Ya que despu\u00e9s de los ataques en contra de Nahle.. Empezaron a circular las versiones, de que el \u00abgolpeteo\u00bb en contra de la gobernadora, es financiado por ex funcionarios estatales.. Algunos de ellos inmersos en el Congreso de la Uni\u00f3n como diputados federales.. Sobre todo se\u00f1alan a un ex subsecretario de ser el principal \u00abmecenas\u00bb para patrocinar esos ataques pol\u00edticos y medi\u00e1ticos.. Al menos, eso se dice en Veracruz<\/p>\n\n\n\n<p>REFLEXI\u00d3N.. El caso es que este pleito caus\u00f3 mucho revuelo en la clase pol\u00edtica de Veracruz.. Tanto as\u00ed que hasta Ricardo Ahued, secretario de Gobierno, que se destaca por no pelearse con nadie, sali\u00f3 a defender a la gobernadora, que finalmente es su jefa.. Hasta una cuenta en redes sociales, que el imaginario colectivo se lo atribuye al ex gobernador Javier Duarte tambi\u00e9n lo hizo.. Ahora despu\u00e9s de toda esta pol\u00e9mica, s\u00f3lo habr\u00e1 que esperar el \u00abrecuento de los da\u00f1os\u00bb en MORENA y sus grupos pol\u00edticos.. Y sobre todo ver, si esto no s\u00f3lo fue una \u00abcortina de humo\u00bb.. AMEN Y EL QUE ENTENDI\u00d3, LO ENTENDI\u00d3..<\/p>\n\n\n\n<p>SE VAN LOS \u00abCOYOTES\u00bb DE LA ASF..<\/p>\n\n\n\n<p>En donde se ve que se est\u00e1n poniendo las \u00abpilas\u00bb.. Es con las nuevas autoridades de la Auditor\u00eda Superior de la Federaci\u00f3n, bajo el mando de Aureliano Hern\u00e1ndez Palacios, como su auditor Superior.. Ya que en este organismo se anuncia que toda gesti\u00f3n fuera de canales oficiales ser\u00e1 inv\u00e1lida y podr\u00eda sancionarse.. Por eso, se refuerza el blindaje contra tr\u00e1fico de influencias y por ello es que se ha marcado endurecimiento en su pol\u00edtica anticorrupci\u00f3n.. Al cerrar la participaci\u00f3n de \u00abintermediarios\u00bb en los procesos de fiscalizaci\u00f3n.. Es decir, fuera \u00abcoyotes\u00bb..<\/p>\n\n\n\n<p>As\u00ed que toda aquel ente auditado debe saber que su proceso, se llevar\u00e1 exclusivamente a trav\u00e9s de enlaces oficiales designados, con registro documental obligatorio, eliminando de facto cualquier margen para la operaci\u00f3n de gestores, despachos privados o consultores externos que pretendan incidir en auditor\u00edas.. Y que no habr\u00e1 v\u00ednculo alguno con terceros que busquen representar o influir en procesos de fiscalizaci\u00f3n.. Bajo esta l\u00f3gica, cualquier documentaci\u00f3n o comunicaci\u00f3n proveniente de actores no acreditados ser\u00e1 autom\u00e1ticamente desestimada.. As\u00ed que \u00abaguas\u00bb para que los auditados, ni gasten, ni se desgasten.. No habr\u00e1 de otra, todo ser\u00e1 directo con el organismo.. AMEN..<\/p>\n\n\n\n<p><\/p>\n","protected":false},"excerpt":{"rendered":"<p>Ricardo ChuaSale y Vale Vaya conflicto en que meti\u00f3 al partido MORENA en Veracruz.. Las declaraciones de Atanasio Garc\u00eda Dur\u00e1n, ex diputado local y padre del ex gobernador, Cuitl\u00e1huac Garcia Jim\u00e9nez, al se\u00f1alar que el actual gobierno estatal y su titular, Roc\u00edo Nahle Garc\u00eda.. No tienen rumbo y eso har\u00e1 que su organismo pol\u00edtico tenga [&hellip;]<\/p>\n","protected":false},"author":2,"featured_media":162484,"comment_status":"closed","ping_status":"closed","sticky":false,"template":"","format":"standard","meta":{"tdm_status":"","tdm_grid_status":"","footnotes":""},"categories":[70],"tags":[62679,1563,1026,3578,195],"class_list":{"0":"post-170092","1":"post","2":"type-post","3":"status-publish","4":"format-standard","5":"has-post-thumbnail","7":"category-de-opinion","8":"tag-atanasio-garcia-duran","9":"tag-cuitlahuac-garcia-jimenez","10":"tag-morena","11":"tag-rocio-nahle","12":"tag-veracruz"},"yoast_head":"<!-- This site is optimized with the Yoast SEO plugin v27.4 - https:\/\/yoast.com\/product\/yoast-seo-wordpress\/ -->\n<title>CUITLAHUISTAS vs NAHLE, PLEITO EN MORENA - Los pol\u00edticos Veracruz<\/title>\n<meta name=\"robots\" content=\"index, follow, max-snippet:-1, max-image-preview:large, max-video-preview:-1\" \/>\n<link rel=\"canonical\" href=\"https:\/\/lospoliticosveracruz.com\/?p=170092\" \/>\n<meta property=\"og:locale\" content=\"es_ES\" \/>\n<meta property=\"og:type\" content=\"article\" \/>\n<meta property=\"og:title\" content=\"CUITLAHUISTAS vs NAHLE, PLEITO EN MORENA - Los pol\u00edticos Veracruz\" \/>\n<meta property=\"og:description\" content=\"Ricardo ChuaSale y Vale Vaya conflicto en que meti\u00f3 al partido MORENA en Veracruz.. Las declaraciones de Atanasio Garc\u00eda Dur\u00e1n, ex diputado local y padre del ex gobernador, Cuitl\u00e1huac Garcia Jim\u00e9nez, al se\u00f1alar que el actual gobierno estatal y su titular, Roc\u00edo Nahle Garc\u00eda.. No tienen rumbo y eso har\u00e1 que su organismo pol\u00edtico tenga [&hellip;]\" \/>\n<meta property=\"og:url\" content=\"https:\/\/lospoliticosveracruz.com\/?p=170092\" \/>\n<meta property=\"og:site_name\" content=\"Los pol\u00edticos Veracruz\" \/>\n<meta property=\"article:publisher\" content=\"https:\/\/www.facebook.com\/people\/Notimemes-de-los-Polticos\/61565672886568\/\" \/>\n<meta property=\"article:published_time\" content=\"2026-04-29T11:46:38+00:00\" \/>\n<meta property=\"og:image\" content=\"https:\/\/lospoliticosveracruz.com\/wp-content\/uploads\/2026\/02\/Chua-e1775852093240.jpg\" \/>\n\t<meta property=\"og:image:width\" content=\"600\" \/>\n\t<meta property=\"og:image:height\" content=\"320\" \/>\n\t<meta property=\"og:image:type\" content=\"image\/jpeg\" \/>\n<meta name=\"author\" content=\"Lo viste en Los Pol\u00edticos\" \/>\n<meta name=\"twitter:card\" content=\"summary_large_image\" \/>\n<meta name=\"twitter:creator\" content=\"@LosPoliticosVer\" \/>\n<meta name=\"twitter:site\" content=\"@LosPoliticosVer\" \/>\n<meta name=\"twitter:label1\" content=\"Escrito por\" \/>\n\t<meta name=\"twitter:data1\" content=\"Lo viste en Los Pol\u00edticos\" \/>\n\t<meta name=\"twitter:label2\" content=\"Tiempo de lectura\" \/>\n\t<meta name=\"twitter:data2\" content=\"6 minutos\" \/>\n<script type=\"application\/ld+json\" class=\"yoast-schema-graph\">{\"@context\":\"https:\\\/\\\/schema.org\",\"@graph\":[{\"@type\":\"Article\",\"@id\":\"https:\\\/\\\/lospoliticosveracruz.com\\\/?p=170092#article\",\"isPartOf\":{\"@id\":\"https:\\\/\\\/lospoliticosveracruz.com\\\/?p=170092\"},\"author\":{\"name\":\"Lo viste en Los Pol\u00edticos\",\"@id\":\"https:\\\/\\\/lospoliticosveracruz.com\\\/#\\\/schema\\\/person\\\/b8702bb0e538456e6efd07080bf2a4a2\"},\"headline\":\"CUITLAHUISTAS vs NAHLE, PLEITO EN MORENA\",\"datePublished\":\"2026-04-29T11:46:38+00:00\",\"mainEntityOfPage\":{\"@id\":\"https:\\\/\\\/lospoliticosveracruz.com\\\/?p=170092\"},\"wordCount\":1161,\"publisher\":{\"@id\":\"https:\\\/\\\/lospoliticosveracruz.com\\\/#organization\"},\"image\":{\"@id\":\"https:\\\/\\\/lospoliticosveracruz.com\\\/?p=170092#primaryimage\"},\"thumbnailUrl\":\"https:\\\/\\\/lospoliticosveracruz.com\\\/wp-content\\\/uploads\\\/2026\\\/02\\\/Chua-e1775852093240.jpg\",\"keywords\":[\"Atanasio Garc\u00eda Dur\u00e1n\",\"Cuitl\u00e1huac Garc\u00eda Jim\u00e9nez\",\"Morena\",\"Roc\u00edo Nahle\",\"Veracruz\"],\"articleSection\":[\"De Opini\u00f3n\"],\"inLanguage\":\"es\"},{\"@type\":\"WebPage\",\"@id\":\"https:\\\/\\\/lospoliticosveracruz.com\\\/?p=170092\",\"url\":\"https:\\\/\\\/lospoliticosveracruz.com\\\/?p=170092\",\"name\":\"CUITLAHUISTAS vs NAHLE, PLEITO EN MORENA - Los pol\u00edticos Veracruz\",\"isPartOf\":{\"@id\":\"https:\\\/\\\/lospoliticosveracruz.com\\\/#website\"},\"primaryImageOfPage\":{\"@id\":\"https:\\\/\\\/lospoliticosveracruz.com\\\/?p=170092#primaryimage\"},\"image\":{\"@id\":\"https:\\\/\\\/lospoliticosveracruz.com\\\/?p=170092#primaryimage\"},\"thumbnailUrl\":\"https:\\\/\\\/lospoliticosveracruz.com\\\/wp-content\\\/uploads\\\/2026\\\/02\\\/Chua-e1775852093240.jpg\",\"datePublished\":\"2026-04-29T11:46:38+00:00\",\"breadcrumb\":{\"@id\":\"https:\\\/\\\/lospoliticosveracruz.com\\\/?p=170092#breadcrumb\"},\"inLanguage\":\"es\",\"potentialAction\":[{\"@type\":\"ReadAction\",\"target\":[\"https:\\\/\\\/lospoliticosveracruz.com\\\/?p=170092\"]}]},{\"@type\":\"ImageObject\",\"inLanguage\":\"es\",\"@id\":\"https:\\\/\\\/lospoliticosveracruz.com\\\/?p=170092#primaryimage\",\"url\":\"https:\\\/\\\/lospoliticosveracruz.com\\\/wp-content\\\/uploads\\\/2026\\\/02\\\/Chua-e1775852093240.jpg\",\"contentUrl\":\"https:\\\/\\\/lospoliticosveracruz.com\\\/wp-content\\\/uploads\\\/2026\\\/02\\\/Chua-e1775852093240.jpg\",\"width\":600,\"height\":320},{\"@type\":\"BreadcrumbList\",\"@id\":\"https:\\\/\\\/lospoliticosveracruz.com\\\/?p=170092#breadcrumb\",\"itemListElement\":[{\"@type\":\"ListItem\",\"position\":1,\"name\":\"Portada\",\"item\":\"https:\\\/\\\/lospoliticosveracruz.com\\\/\"},{\"@type\":\"ListItem\",\"position\":2,\"name\":\"CUITLAHUISTAS vs NAHLE, PLEITO EN MORENA\"}]},{\"@type\":\"WebSite\",\"@id\":\"https:\\\/\\\/lospoliticosveracruz.com\\\/#website\",\"url\":\"https:\\\/\\\/lospoliticosveracruz.com\\\/\",\"name\":\"Los pol\u00edticos Veracruz\",\"description\":\"\",\"publisher\":{\"@id\":\"https:\\\/\\\/lospoliticosveracruz.com\\\/#organization\"},\"potentialAction\":[{\"@type\":\"SearchAction\",\"target\":{\"@type\":\"EntryPoint\",\"urlTemplate\":\"https:\\\/\\\/lospoliticosveracruz.com\\\/?s={search_term_string}\"},\"query-input\":{\"@type\":\"PropertyValueSpecification\",\"valueRequired\":true,\"valueName\":\"search_term_string\"}}],\"inLanguage\":\"es\"},{\"@type\":\"Organization\",\"@id\":\"https:\\\/\\\/lospoliticosveracruz.com\\\/#organization\",\"name\":\"Los pol\u00edticos Veracruz\",\"url\":\"https:\\\/\\\/lospoliticosveracruz.com\\\/\",\"logo\":{\"@type\":\"ImageObject\",\"inLanguage\":\"es\",\"@id\":\"https:\\\/\\\/lospoliticosveracruz.com\\\/#\\\/schema\\\/logo\\\/image\\\/\",\"url\":\"https:\\\/\\\/lospoliticosveracruz.com\\\/wp-content\\\/uploads\\\/2025\\\/12\\\/Logo-Nuevo-LOS-POLITICOS-1.jpg\",\"contentUrl\":\"https:\\\/\\\/lospoliticosveracruz.com\\\/wp-content\\\/uploads\\\/2025\\\/12\\\/Logo-Nuevo-LOS-POLITICOS-1.jpg\",\"width\":260,\"height\":70,\"caption\":\"Los pol\u00edticos Veracruz\"},\"image\":{\"@id\":\"https:\\\/\\\/lospoliticosveracruz.com\\\/#\\\/schema\\\/logo\\\/image\\\/\"},\"sameAs\":[\"https:\\\/\\\/www.facebook.com\\\/people\\\/Notimemes-de-los-Polticos\\\/61565672886568\\\/\",\"https:\\\/\\\/x.com\\\/LosPoliticosVer\"]},{\"@type\":\"Person\",\"@id\":\"https:\\\/\\\/lospoliticosveracruz.com\\\/#\\\/schema\\\/person\\\/b8702bb0e538456e6efd07080bf2a4a2\",\"name\":\"Lo viste en Los Pol\u00edticos\",\"image\":{\"@type\":\"ImageObject\",\"inLanguage\":\"es\",\"@id\":\"https:\\\/\\\/secure.gravatar.com\\\/avatar\\\/3a8de04a2656d44082be478bd6c086daa447c4651605818287b9532d3d0bd435?s=96&d=mm&r=g\",\"url\":\"https:\\\/\\\/secure.gravatar.com\\\/avatar\\\/3a8de04a2656d44082be478bd6c086daa447c4651605818287b9532d3d0bd435?s=96&d=mm&r=g\",\"contentUrl\":\"https:\\\/\\\/secure.gravatar.com\\\/avatar\\\/3a8de04a2656d44082be478bd6c086daa447c4651605818287b9532d3d0bd435?s=96&d=mm&r=g\",\"caption\":\"Lo viste en Los Pol\u00edticos\"},\"url\":\"https:\\\/\\\/lospoliticosveracruz.com\\\/?author=2\"}]}<\/script>\n<!-- \/ Yoast SEO plugin. -->","yoast_head_json":{"title":"CUITLAHUISTAS vs NAHLE, PLEITO EN MORENA - Los pol\u00edticos Veracruz","robots":{"index":"index","follow":"follow","max-snippet":"max-snippet:-1","max-image-preview":"max-image-preview:large","max-video-preview":"max-video-preview:-1"},"canonical":"https:\/\/lospoliticosveracruz.com\/?p=170092","og_locale":"es_ES","og_type":"article","og_title":"CUITLAHUISTAS vs NAHLE, PLEITO EN MORENA - Los pol\u00edticos Veracruz","og_description":"Ricardo ChuaSale y Vale Vaya conflicto en que meti\u00f3 al partido MORENA en Veracruz.. Las declaraciones de Atanasio Garc\u00eda Dur\u00e1n, ex diputado local y padre del ex gobernador, Cuitl\u00e1huac Garcia Jim\u00e9nez, al se\u00f1alar que el actual gobierno estatal y su titular, Roc\u00edo Nahle Garc\u00eda.. No tienen rumbo y eso har\u00e1 que su organismo pol\u00edtico tenga [&hellip;]","og_url":"https:\/\/lospoliticosveracruz.com\/?p=170092","og_site_name":"Los pol\u00edticos Veracruz","article_publisher":"https:\/\/www.facebook.com\/people\/Notimemes-de-los-Polticos\/61565672886568\/","article_published_time":"2026-04-29T11:46:38+00:00","og_image":[{"width":600,"height":320,"url":"https:\/\/lospoliticosveracruz.com\/wp-content\/uploads\/2026\/02\/Chua-e1775852093240.jpg","type":"image\/jpeg"}],"author":"Lo viste en Los Pol\u00edticos","twitter_card":"summary_large_image","twitter_creator":"@LosPoliticosVer","twitter_site":"@LosPoliticosVer","twitter_misc":{"Escrito por":"Lo viste en Los Pol\u00edticos","Tiempo de lectura":"6 minutos"},"schema":{"@context":"https:\/\/schema.org","@graph":[{"@type":"Article","@id":"https:\/\/lospoliticosveracruz.com\/?p=170092#article","isPartOf":{"@id":"https:\/\/lospoliticosveracruz.com\/?p=170092"},"author":{"name":"Lo viste en Los Pol\u00edticos","@id":"https:\/\/lospoliticosveracruz.com\/#\/schema\/person\/b8702bb0e538456e6efd07080bf2a4a2"},"headline":"CUITLAHUISTAS vs NAHLE, PLEITO EN MORENA","datePublished":"2026-04-29T11:46:38+00:00","mainEntityOfPage":{"@id":"https:\/\/lospoliticosveracruz.com\/?p=170092"},"wordCount":1161,"publisher":{"@id":"https:\/\/lospoliticosveracruz.com\/#organization"},"image":{"@id":"https:\/\/lospoliticosveracruz.com\/?p=170092#primaryimage"},"thumbnailUrl":"https:\/\/lospoliticosveracruz.com\/wp-content\/uploads\/2026\/02\/Chua-e1775852093240.jpg","keywords":["Atanasio Garc\u00eda Dur\u00e1n","Cuitl\u00e1huac Garc\u00eda Jim\u00e9nez","Morena","Roc\u00edo Nahle","Veracruz"],"articleSection":["De Opini\u00f3n"],"inLanguage":"es"},{"@type":"WebPage","@id":"https:\/\/lospoliticosveracruz.com\/?p=170092","url":"https:\/\/lospoliticosveracruz.com\/?p=170092","name":"CUITLAHUISTAS vs NAHLE, PLEITO EN MORENA - Los pol\u00edticos Veracruz","isPartOf":{"@id":"https:\/\/lospoliticosveracruz.com\/#website"},"primaryImageOfPage":{"@id":"https:\/\/lospoliticosveracruz.com\/?p=170092#primaryimage"},"image":{"@id":"https:\/\/lospoliticosveracruz.com\/?p=170092#primaryimage"},"thumbnailUrl":"https:\/\/lospoliticosveracruz.com\/wp-content\/uploads\/2026\/02\/Chua-e1775852093240.jpg","datePublished":"2026-04-29T11:46:38+00:00","breadcrumb":{"@id":"https:\/\/lospoliticosveracruz.com\/?p=170092#breadcrumb"},"inLanguage":"es","potentialAction":[{"@type":"ReadAction","target":["https:\/\/lospoliticosveracruz.com\/?p=170092"]}]},{"@type":"ImageObject","inLanguage":"es","@id":"https:\/\/lospoliticosveracruz.com\/?p=170092#primaryimage","url":"https:\/\/lospoliticosveracruz.com\/wp-content\/uploads\/2026\/02\/Chua-e1775852093240.jpg","contentUrl":"https:\/\/lospoliticosveracruz.com\/wp-content\/uploads\/2026\/02\/Chua-e1775852093240.jpg","width":600,"height":320},{"@type":"BreadcrumbList","@id":"https:\/\/lospoliticosveracruz.com\/?p=170092#breadcrumb","itemListElement":[{"@type":"ListItem","position":1,"name":"Portada","item":"https:\/\/lospoliticosveracruz.com\/"},{"@type":"ListItem","position":2,"name":"CUITLAHUISTAS vs NAHLE, PLEITO EN MORENA"}]},{"@type":"WebSite","@id":"https:\/\/lospoliticosveracruz.com\/#website","url":"https:\/\/lospoliticosveracruz.com\/","name":"Los pol\u00edticos Veracruz","description":"","publisher":{"@id":"https:\/\/lospoliticosveracruz.com\/#organization"},"potentialAction":[{"@type":"SearchAction","target":{"@type":"EntryPoint","urlTemplate":"https:\/\/lospoliticosveracruz.com\/?s={search_term_string}"},"query-input":{"@type":"PropertyValueSpecification","valueRequired":true,"valueName":"search_term_string"}}],"inLanguage":"es"},{"@type":"Organization","@id":"https:\/\/lospoliticosveracruz.com\/#organization","name":"Los pol\u00edticos Veracruz","url":"https:\/\/lospoliticosveracruz.com\/","logo":{"@type":"ImageObject","inLanguage":"es","@id":"https:\/\/lospoliticosveracruz.com\/#\/schema\/logo\/image\/","url":"https:\/\/lospoliticosveracruz.com\/wp-content\/uploads\/2025\/12\/Logo-Nuevo-LOS-POLITICOS-1.jpg","contentUrl":"https:\/\/lospoliticosveracruz.com\/wp-content\/uploads\/2025\/12\/Logo-Nuevo-LOS-POLITICOS-1.jpg","width":260,"height":70,"caption":"Los pol\u00edticos Veracruz"},"image":{"@id":"https:\/\/lospoliticosveracruz.com\/#\/schema\/logo\/image\/"},"sameAs":["https:\/\/www.facebook.com\/people\/Notimemes-de-los-Polticos\/61565672886568\/","https:\/\/x.com\/LosPoliticosVer"]},{"@type":"Person","@id":"https:\/\/lospoliticosveracruz.com\/#\/schema\/person\/b8702bb0e538456e6efd07080bf2a4a2","name":"Lo viste en Los Pol\u00edticos","image":{"@type":"ImageObject","inLanguage":"es","@id":"https:\/\/secure.gravatar.com\/avatar\/3a8de04a2656d44082be478bd6c086daa447c4651605818287b9532d3d0bd435?s=96&d=mm&r=g","url":"https:\/\/secure.gravatar.com\/avatar\/3a8de04a2656d44082be478bd6c086daa447c4651605818287b9532d3d0bd435?s=96&d=mm&r=g","contentUrl":"https:\/\/secure.gravatar.com\/avatar\/3a8de04a2656d44082be478bd6c086daa447c4651605818287b9532d3d0bd435?s=96&d=mm&r=g","caption":"Lo viste en Los Pol\u00edticos"},"url":"https:\/\/lospoliticosveracruz.com\/?author=2"}]}},"_links":{"self":[{"href":"https:\/\/lospoliticosveracruz.com\/index.php?rest_route=\/wp\/v2\/posts\/170092","targetHints":{"allow":["GET"]}}],"collection":[{"href":"https:\/\/lospoliticosveracruz.com\/index.php?rest_route=\/wp\/v2\/posts"}],"about":[{"href":"https:\/\/lospoliticosveracruz.com\/index.php?rest_route=\/wp\/v2\/types\/post"}],"author":[{"embeddable":true,"href":"https:\/\/lospoliticosveracruz.com\/index.php?rest_route=\/wp\/v2\/users\/2"}],"replies":[{"embeddable":true,"href":"https:\/\/lospoliticosveracruz.com\/index.php?rest_route=%2Fwp%2Fv2%2Fcomments&post=170092"}],"version-history":[{"count":1,"href":"https:\/\/lospoliticosveracruz.com\/index.php?rest_route=\/wp\/v2\/posts\/170092\/revisions"}],"predecessor-version":[{"id":170093,"href":"https:\/\/lospoliticosveracruz.com\/index.php?rest_route=\/wp\/v2\/posts\/170092\/revisions\/170093"}],"wp:featuredmedia":[{"embeddable":true,"href":"https:\/\/lospoliticosveracruz.com\/index.php?rest_route=\/wp\/v2\/media\/162484"}],"wp:attachment":[{"href":"https:\/\/lospoliticosveracruz.com\/index.php?rest_route=%2Fwp%2Fv2%2Fmedia&parent=170092"}],"wp:term":[{"taxonomy":"category","embeddable":true,"href":"https:\/\/lospoliticosveracruz.com\/index.php?rest_route=%2Fwp%2Fv2%2Fcategories&post=170092"},{"taxonomy":"post_tag","embeddable":true,"href":"https:\/\/lospoliticosveracruz.com\/index.php?rest_route=%2Fwp%2Fv2%2Ftags&post=170092"}],"curies":[{"name":"wp","href":"https:\/\/api.w.org\/{rel}","templated":true}]}}